{"id":9889,"date":"2012-01-20T10:00:44","date_gmt":"2012-01-20T09:00:44","guid":{"rendered":"https:\/\/ub-blog.meduniwien.ac.at\/blog\/?p=9889"},"modified":"2013-01-04T09:27:15","modified_gmt":"2013-01-04T08:27:15","slug":"9889","status":"publish","type":"post","link":"https:\/\/ub.meduniwien.ac.at\/blog\/?p=9889","title":{"rendered":"Fort- und Weiterbildung von MitarbeiterInnen der UB Med Uni Wien 2011"},"content":{"rendered":"<p><strong>Aktivit\u00e4ten der Fort- und Weiterbildung sowie nationaler und internationaler Kooperation in den Monaten J\u00e4nner &#8211; Dezember 2011<\/strong><\/p>\n<p><strong>J\u00e4nner 2011<\/strong><\/p>\n<ol>20. J\u00e4nner 2011<br \/>\nSitzung der AG Strategische Planung im \u00d6sterreichischen Bibliothekenverbund, <a href=\"http:\/\/www.obvsg.at\/\">OBVSG<\/a><\/p>\n<p>26. J\u00e4nner 2011<br \/>\nSwets Kundentag, UB der MedUni Wien [9]<\/p>\n<p>26. J\u00e4nner 2011<br \/>\n&#8222;Power-Point&#8220;, Stabsstelle Personalentwicklung, Med Uni Wien<\/ol>\n<p><!--more--><br \/>\n<strong>Februar 2011<\/strong><\/p>\n<ol>21. Februar 2011<br \/>\n&#8222;Erste Hilfe Grundkurs&#8220;, Stabsstelle Personalentwicklung, Med Uni Wien<\/p>\n<p>22. Februar 2011<br \/>\nWorkshop &#8222;<a href=\"http:\/\/bibliothek.univie.ac.at\/events\/006300.html\">Wissenschaftliche Bibliotheken im Umbruch 1938\/45<\/a>&#8222;, Universit\u00e4tsbibliothek der Universit\u00e4t Wien<\/p>\n<p>22. bzw. 24. Februar, 1. M\u00e4rz 2011<br \/>\n&#8222;CMS-basierte Websites mit Typo3&#8220;, WIFI Wien<\/p>\n<p>23. Februar 2011<br \/>\n&#8222;MitarbeiterInnengespr\u00e4ch&#8220;, Stabsstelle Personalentwicklung, Med Uni Wien <\/p>\n<p>24. Februar 2011<br \/>\n&#8222;Burnout-Pr\u00e4vention f\u00fcr MitarbeiterInnen&#8220;, Stabsstelle Personalentwicklung, Med Uni Wien <\/ol>\n<p><strong>M\u00e4rz 2011<\/strong><\/p>\n<ol>2.\/3. M\u00e4rz 2011<br \/>\nSitzung des <a href=\"http:\/\/www.ubifo.at\/\">Forums Universit\u00e4tsbibliotheken \u00d6sterreichs (ubifo)<\/a>, UB der Technischen Universit\u00e4t Wien<\/p>\n<p>7.-9. M\u00e4rz 2011<br \/>\n<a href=\"http:\/\/www.onb.ac.at\/brainpool\/\">Brain Pool<\/a> &#8222;Bibliothekarisches Einsteigerwissen&#8220;, \u00d6sterreichische Nationalbibliothek<\/p>\n<p>16. M\u00e4rz 2011<br \/>\nPRIMO Kick-Off-Meeting, <a href=\"http:\/\/www.obvsg.at\/\">OBVSG [4]<\/a> <\/p>\n<p>17.\/18. M\u00e4rz 2011<br \/>\nWorkshop der <a href=\"http:\/\/www.univie.ac.at\/voeb\/\">Vereinigung \u00d6sterreichischer Bibliothekarinnen und Bibliothekare (V\u00d6B)<\/a> in Anthering \/ Salzburg<\/p>\n<p>24. M\u00e4rz 2011<br \/>\nSitzung der <a href=\"https:\/\/www.konsortien.at\/\">Kooperation E-Medien \u00d6sterreich<\/a> an der UB Technische Universit\u00e4t Wien [3]<\/p>\n<p>29. M\u00e4rz 2011<br \/>\nTreffen von ZID- bzw. BibliotheksleiterInnen \u00f6sterr. Universit\u00e4ten, Universit\u00e4t Wien<\/p>\n<p>30. M\u00e4rz 2011<br \/>\nSitzung des Vorstands des <a href=\"http:\/\/www.ubifo.at\/\">Forums Universit\u00e4tsbibliotheken \u00d6sterreichs (ubifo)<\/a><\/ol>\n<p><strong>April 2011<\/strong><\/p>\n<ol>11. &#8211; 13. April 2011<br \/>\nTreffen der SystembibliothekarInnen, UB Salzburg<\/p>\n<p>14. April 2011<br \/>\nAG &#8222;Verteilte Archivierung&#8220; des <a href=\"http:\/\/www.ubifo.at\/\">Forums Universit\u00e4tsbibliotheken \u00d6sterreichs (ubifo)<\/a>, Med Uni Graz <\/p>\n<p>27. April 2011<br \/>\nSitzung der AG Strategische Planung im \u00d6sterreichischen Bibliothekenverbund, UB Graz<\/p>\n<p>28. April 2011<br \/>\nPr\u00e4sentation von PRIMO, UB Graz [4]<\/ol>\n<p><strong>Mai 2011<\/strong><\/p>\n<ol>2. Mai 2011<br \/>\n6. Treffen \u00d6sterreichischer MedizinbibliothekarInnen, UB der MedUni Wien [5]<\/p>\n<p>9.-12. Mai 2011<br \/>\n<a href=\"http:\/\/www.google.at\/url?sa=t&#038;rct=j&#038;q=hannover%20provenienzforschung&#038;source=web&#038;cd=3&#038;ved=0CCwQFjAC&#038;url=http%3A%2F%2Fwww.uni-goettingen.de%2Fde%2F188508.html&#038;ei=tV4ZT6WJCsrBswbHuLxK&#038;usg=AFQjCNF1tA-wFmPs4YIS0BMowQ_WCBEg7w&#038;sig2=IcYvIbmTYIzYEshdS4d1qg&#038;cad=rja\">4. Hannoveraner Symposium zur Provenienzforschung und Restitution<\/a>, Hannover [2]<\/p>\n<p>9.\/10. Mai 2011<br \/>\n<a href=\"http:\/\/www.onb.ac.at\/brainpool\/\">Brain Pool<\/a> &#8222;Bestandsmanagement und Nutzungskonzepte&#8220;, \u00d6sterreichische Nationalbibliothek [3]<\/p>\n<p>10., 17., 19., 23., 31. Mai 2011<br \/>\n&#8222;10-Finger-System f\u00fcr Anf\u00e4ngerInnen&#8220;, Stabsstelle Personalentwicklung, MedUni Wien<\/p>\n<p>11. Mai 2011<br \/>\nhttp:\/\/www.obvsg.at\/uploads\/media\/vbt11_agenda.pdfVerbundtag 2011 des \u00d6sterreichischen Bibliothekenverbundes<\/a>, Campus Altes AKH, Universit\u00e4t Wien [5]<\/p>\n<p>12. Mai 2011<br \/>\nVollversammlung des \u00d6sterreichischen Bibliothekenverbundes, Campus Altes AKH, Universit\u00e4t Wien<\/p>\n<p>16. Mai 2011<br \/>\n<a href=\"http:\/\/www.onb.ac.at\/brainpool\/\">Brain Pool<\/a> &#8222;Ahnenforschung und Erbensuche&#8220;, \u00d6sterreichische Nationalbibliothek<\/p>\n<p>18. Mai 2011<br \/>\n<a href=\"http:\/\/www.onb.ac.at\/brainpool\/\">Brain Pool<\/a> &#8222;Daten sch\u00fctzen, speichern, n\u00fctzen&#8220;, \u00d6sterreichische Nationalbibliothek [2]<\/p>\n<p>18. Mai 2011<br \/>\nSitzung der <a href=\"https:\/\/www.konsortien.at\/\">Kooperation E-Medien \u00d6sterreich<\/a> an der UB Technische Universit\u00e4t Wien [3]<\/p>\n<p>23. Mai 2011<br \/>\n&#8222;Excel II&#8220;, Med Uni Wien Stabsstelle Personalentwicklung <\/p>\n<p>24. Mai 2011<br \/>\n&#8222;Power-Point&#8220;, Stabsstelle Personalentwicklung, Med Uni Wien <\/p>\n<p>25.-27. Mai 2011<br \/>\nSeminar des <a href=\"http:\/\/www.ubifo.at\/\">Forums Universit\u00e4tsbibliotheken \u00d6sterreichs (ubifo)<\/a>, Baden<\/p>\n<p>30. Mai 2011<br \/>\nPr\u00e4sentation der Fa. ExLibris, UB Veterin\u00e4rmedizinische Universit\u00e4t Wien [2]<\/ol>\n<p><strong>Juni 2011<\/strong><\/p>\n<ol>7.-10. Juni 2011<br \/>\n<a href=\"http:\/\/www.bibliothekartag2011.de\/\">100. Deutscher Bibliothekartag<\/a>, Motto: &#8222;Bibliotheken f\u00fcr die Zukunft &#8211; Zukunft f\u00fcr die Bibliotheken&#8220;, Berlin [3]<\/p>\n<p>15. Juni 2011<br \/>\n&#8222;Multitasking im Job&#8220;, Stabsstelle Personalentwicklung, Med Uni Wien <\/p>\n<p>30. Juni 2011<br \/>\nSitzung der AG BAM (Bibliotheken Archive Museen), \u00d6sterreichisches Staatsarchiv<\/p>\n<p>30. Juni &#8211; 1. Juli 2011<br \/>\nPRIMO Schulung [4]<\/ol>\n<p><strong>Juli 2011<\/strong><\/p>\n<ol>6. Juli &#8211; 2. August 2011<br \/>\nPraktikum an der Bibliothek des <a href=\"http:\/\/www.lbi.org\/\">Leo Baeck Instituts<\/a>, New York<\/ol>\n<p><strong>August 2011<\/strong><\/p>\n<ol>3.\/4. August 2011<br \/>\nSFX-Schulung, <a href=\"http:\/\/www.obvsg.at\/\">OBVSG<\/a>, Wien [4]<\/ol>\n<p><strong>September 2011<\/strong><\/p>\n<ol>10. &#8211; 17. September 2011<br \/>\n<a href=\"http:\/\/igelu.org\/conferences\/haifa-2011\">IGeLU Conference<\/a> und ExLibris Seminar in Haifa, Israel<\/p>\n<p>19.-21. September 2011<br \/>\n<a href=\"http:\/\/www.agmb.de\">Jahrestagung der Arbeitsgemeinschaft f\u00fcr Medizinisches Bibliothekswesen<\/a>, Motto &#8222;Innovativ denken, strategisch planen, praktisch umsetzen&#8220;, K\u00f6ln<\/p>\n<p>27. September 2011<br \/>\nSitzung der AG BAM (Bibliotheken Archive Museen), \u00d6sterreichisches Staatsarchiv<\/p>\n<p>29. September 2011<br \/>\nSitzung der AG Strategische Planung im \u00d6sterreichischen Bibliothekenverbund, <a href=\"http:\/\/www.obvsg.at\/\">OBVSG<\/a><\/ol>\n<p><strong>Oktober 2011<\/strong><\/p>\n<ol>4.\/5. Oktober 2011<br \/>\n<a href=\"http:\/\/open-access.net\/at_de\/aktivitaeten\/open_access_tage\/archiv\/open_access_tage_2011\/\">Open Access Tage<\/a>, UB Regensburg<\/p>\n<p>4.\/5. Oktober 2011<br \/>\n&#8222;<a href=\"http:\/\/www.europeanaconnect.eu\/europeanatech\/\">Europeana Tech Conference<\/a>&#8222;, \u00d6sterreichische Nationalbibliothek<\/p>\n<p>10.-14. Oktober 2011<br \/>\n<a href=\"http:\/\/www.onb.ac.at\/brainpool\/\">Brain Pool<\/a> &#8222;Einf\u00fchrung in die Formalerschlie\u00dfung&#8220;, \u00d6sterreichische Nationalbibliothek [2]<\/p>\n<p>11. Oktober 2011<br \/>\nInformationsveranstaltung \u00fcber &#8222;URN&#8220;, <a href=\"http:\/\/www.obvsg.at\/\">OBVSG<\/a><\/p>\n<p>17. Oktober 2011<br \/>\nVeranstaltung \u00fcber <a href=\"http:\/\/www.landesbibliothek.at\/news-details.html?tx_ttnews[tt_news]=345&#038;cHash=1b5508c08bb8894a705df48b55e59303\">Digitalisierung im Rahmen von &#8222;\u00d6sterreich liest&#8220;<\/a> , Ober\u00f6sterreichische Landesbibliothek<\/p>\n<p>18.-21. Oktober 2011<br \/>\n<a href=\"http:\/\/www.uibk.ac.at\/ulb\/bibliothekartag_11\/\">31. \u00d6sterreichischer Bibliothekartag<\/a>, Motto: &#8222;Die neue Bibliothek &#8211; Anspruch und Wirklichkeit&#8220;, Innsbruck [5]<\/p>\n<p>18. Oktober 2011<br \/>\nSitzung des <a href=\"http:\/\/www.ubifo.at\/\">Forums Universit\u00e4tsbibliotheken \u00d6sterreichs (ubifo)<\/a>, ULB Tirol, Innsbruck<\/p>\n<p>18. Oktober 2011<br \/>\nSitzung der <a href=\"https:\/\/www.konsortien.at\/\">Kooperation E-Medien \u00d6sterreich<\/a>, UB Technische Universit\u00e4t Wien [2]<\/p>\n<p>24. Oktober 2011<br \/>\nPRIMO Frontend-Schulung [4]<\/ol>\n<p><strong>November 2011<\/strong><\/p>\n<ol>8. November 2011<br \/>\nBuchpr\u00e4sentation &#8222;<a href=\"http:\/\/www.akbild.ac.at\/Portal\/einrichtungen\/universitatsbibliothek\/veranstaltungen\/2011\/akbild_event.2011-11-02.4304926677\">NS-Provenienzforschung an \u00f6sterreichischen Bibliotheken<\/a>&#8222;, UB Akademie der K\u00fcnste [2]<\/p>\n<p>10. November 2011<br \/>\n&#8222;E-Books im Verbund&#8220;, <a href=\"http:\/\/www.obvsg.at\/\">OBVSG<\/a> [2]<\/p>\n<p>17. November 2011<br \/>\n19. Mitgliederversammlung des Vereins <a href=\"http:\/\/www.subito-doc.de\/index.php?\">subito. Dokumente aus Bibliotheken<\/a>, TIB Hannover<\/p>\n<p>21.\/22. November 2011<br \/>\n&#8222;Work-Life-Balance&#8220;, Stabsstelle Personalentwicklung, Med Uni Wien <\/p>\n<p>22. November 2011<br \/>\n&#8222;Kataloganreicherung im Verbund&#8220;, <a href=\"http:\/\/www.obvsg.at\/\">OBVSG<\/a> [2]<\/p>\n<p>23. November 2011<br \/>\n<a href=\"http:\/\/www.onb.ac.at\/brainpool\/\">Brain Pool<\/a> &#8222;Formalerschlie\u00dfung alter B\u00fccher&#8220;, \u00d6sterreichische Nationalbibliothek<\/p>\n<p>23. November 2011<br \/>\n&#8222;Workshop Verbundarbeit&#8220;, <a href=\"http:\/\/www.obvsg.at\/\">OBVSG<\/a><\/p>\n<p>24.\/25. November 2011<br \/>\nKonferenz &#8222;<a href=\"http:\/\/www.icar-us.eu\/index.php?option=com_content&#038;view=article&#038;id=208%3Aconference-digitale-bibliothek-metadaten-und-vokabularien-graz-at-24-25112011-&#038;catid=33%3Anews&#038;Itemid=1&#038;lang=en\">Digitale Bibliothek &#8211; Metadaten und Vokabularien<\/a>&#8222;, CSC Austria \/ Universit\u00e4tszentrum Wall, Graz<\/p>\n<p>30. November 2011<br \/>\nInformationsveranstaltung \u00fcber &#8222;URN f\u00fcr die wissenschaftlichen Bibliotheken in \u00d6sterreich&#8220;, UB Wirtschaftsuniversit\u00e4t Wien [2]<\/p>\n<p>30. November 2011<br \/>\nSitzung des <a href=\"http:\/\/www.ubifo.at\/\">Forums Universit\u00e4tsbibliotheken \u00d6sterreichs (ubifo)<\/a>, UB Wirtschaftsuniversit\u00e4t Wien<\/ol>\n<p><strong>Dezember 2011<\/strong><\/p>\n<ol>1. Dezember 2011<br \/>\nKlausur des Rektorates der Med Uni Wien<\/p>\n<p>7. Dezember 2011<br \/>\nSitzung der <a href=\"https:\/\/www.konsortien.at\/\">Kooperation E-Medien \u00d6sterreich<\/a>, UB Technische Universit\u00e4t Wien [2]<\/p>\n<p>19. Dezember 2011<br \/>\nBesprechung der AG &#8222;Open Access in \u00d6sterreich&#8220;, FWF<\/ol>\n<p>******************************************************************<br \/>\nHarald Albrecht und Mag. Lukas Zach, die seit Oktober 2010 am <a href=\"http:\/\/www.onb.ac.at\/ausbildung\/universitaetslehrgang.htm\">Universit\u00e4tslehrgang Library and Information Sciences<\/a> \/ Grundlehrgang teilgenommen haben, konnten diesen im Oktober 2011 erfolgreich abschlie\u00dfen.<\/p>\n<p>******************************************************************<\/p>\n<p><em>Fort- und Weiterbildung der Mitarbeiterinnen und Mitarbeiter sowie die aktive Beteiligung in nationalen und internationalen Fachgremien sind wesentliche Kritierien f\u00fcr die positive Weiterentwicklung von Bibliotheken. Um transparent zu machen, wie die Universit\u00e4tsbibliothek der Med Uni Wien diesem Anspruch gerecht zu werden versucht, werden die entsprechenden Ma\u00dfnahmen quartalsweise im Weblog ver\u00f6ffentlicht.<\/p>\n<ol><a href=\"https:\/\/ub-blog.meduniwien.ac.at\/blog\/?p=159\">Fort- und Weiterbildung von MitarbeiterInnen der Ub Med Uni Wien 2007<\/a> (8. Mai 2007)<\/ol>\n<ol><a href=\"https:\/\/ub-blog.meduniwien.ac.at\/blog\/?p=214\">Fort- und Weiterbildung von MitarbeiterInnen der Ub Med Uni Wien II\/2007<\/a> (5. Juli 2007)<\/ol>\n<ol><a href=\"https:\/\/ub-blog.meduniwien.ac.at\/blog\/?p=358\">Fort- und Weiterbildung von MitarbeiterInnen der Ub Med Uni Wien III\/2007<\/a> (1. Oktober 2007)<\/ol>\n<ol><a href=\"https:\/\/ub-blog.meduniwien.ac.at\/blog\/?p=516\">Fort- und Weiterbildung von MitarbeiterInnen der Ub Med Uni Wien IV\/2007<\/a> (2. Januar 2008)<\/ol>\n<ol><a href=\"https:\/\/ub-blog.meduniwien.ac.at\/blog\/?p=871\">Fort- und Weiterbildung von MitarbeiterInnen der Ub Med Uni Wien I\/2008<\/a> (1. April 2008)<\/ol>\n<ol><a href=\"https:\/\/ub-blog.meduniwien.ac.at\/blog\/?p=1013\">Fort- und Weiterbildung von MitarbeiterInnen der Ub Med Uni Wien II\/2008<\/a> (4. Juli 2008)<\/ol>\n<ol><a href=\"https:\/\/ub-blog.meduniwien.ac.at\/blog\/?p=1168\">Fort- und Weiterbildung von MitarbeiterInnen der Ub Med Uni Wien III\/2008<\/a> (1. Oktober 2008)<\/ol>\n<ol><a href=\"https:\/\/ub-blog.meduniwien.ac.at\/blog\/?p=1364\">Fort- und Weiterbildung von MitarbeiterInnen der Ub Med Uni Wien IV\/2008<\/a> (4. Januar 2009)<\/ol>\n<ol><a href=\"https:\/\/ub-blog.meduniwien.ac.at\/blog\/?p=1489\">Fort- und Weiterbildung von MitarbeiterInnen der Ub Med Uni Wien I\/2009<\/a> (7. April 2009)<\/ol>\n<ol><a href=\"https:\/\/ub-blog.meduniwien.ac.at\/blog\/?p=1760\">Fort- und Weiterbildung von MitarbeiterInnen der Ub Med Uni Wien II\/2009<\/a> (1. Juli 2009)<\/ol>\n<ol><a href=\"https:\/\/ub-blog.meduniwien.ac.at\/blog\/?p=2557\">Fort- und Weiterbildung von MitarbeiterInnen der Ub Med Uni Wien III\/2009<\/a> (5. Oktober 2009)<\/ol>\n<ol><a href=\"https:\/\/ub-blog.meduniwien.ac.at\/blog\/?p=3435\">Fort- und Weiterbildung von MitarbeiterInnen der Ub Med Uni Wien IV\/2010<\/a> (7. Januar 2010)<\/ol>\n<ol><a href=\"https:\/\/ub-blog.meduniwien.ac.at\/blog\/?p=4494\">Fort- und Weiterbildung von MitarbeiterInnen der Ub Med Uni Wien I\/2010<\/a> (1. April 2010)<\/ol>\n<ol><a href=\"https:\/\/ub-blog.meduniwien.ac.at\/blog\/?p=5913\">Fort- und Weiterbildung von MitarbeiterInnen der Ub Med Uni Wien II\/2010<\/a> (1. Juli 2010)<\/ol>\n<ol><a href=\"https:\/\/ub-blog.meduniwien.ac.at\/blog\/?p=6604\">Fort- und Weiterbildung von MitarbeiterInnen der UB Med Uni Wien III\/2010<\/a> (5. Oktober 2010)<\/ol>\n<ol><a href=\"https:\/\/ub-blog.meduniwien.ac.at\/blog\/?p=7581\">Fort- und Weiterbildung von MitarbeiterInnen der UB Med Uni Wien IV\/2010<\/a> (3. Januar 2011)<\/ol>\n<p><\/em><\/p>\n<p><img src='https:\/\/ub-blog.meduniwien.ac.at\/blog\/wp-content\/uploads\/2007\/09\/swieten1d.jpg' alt='swieten1d.jpg' \/><br \/>\nBitte zitieren als<br \/>\nVAN SWIETEN BLOG: Informationen der Universit\u00e4tsbibliothek der Med Uni Wien,<br \/>\nNr. 9889 [20. J\u00e4nner 2011].<br \/>\nOnline unter der URL: https:\/\/ub-blog.meduniwien.ac.at\/blog\/?p=9889<\/p>\n","protected":false},"excerpt":{"rendered":"<p>Aktivit\u00e4ten der Fort- und Weiterbildung sowie nationaler und internationaler Kooperation in den Monaten J\u00e4nner &#8211; Dezember 2011 J\u00e4nner 2011 20. J\u00e4nner 2011 Sitzung der AG Strategische Planung im \u00d6sterreichischen Bibliothekenverbund, OBVSG 26. J\u00e4nner 2011 Swets Kundentag, UB der MedUni Wien [9] 26. J\u00e4nner 2011 &#8222;Power-Point&#8220;, Stabsstelle Personalentwicklung, Med Uni Wien<\/p>\n","protected":false},"author":2,"featured_media":0,"comment_status":"open","ping_status":"open","sticky":false,"template":"","format":"standard","meta":{"ngg_post_thumbnail":0,"footnotes":""},"categories":[1,2,16,42],"tags":[161,419,416,417,418,162],"class_list":["post-9889","post","type-post","status-publish","format-standard","hentry","category-allgemeines","category-news","category-news1","category-ub-med-uni-wien-intern","tag-fortbildung","tag-konferenzen","tag-kurse","tag-schulungen","tag-tagungen","tag-weiterbildung"],"views":48152,"_links":{"self":[{"href":"https:\/\/ub.meduniwien.ac.at\/blog\/index.php?rest_route=\/wp\/v2\/posts\/9889","targetHints":{"allow":["GET"]}}],"collection":[{"href":"https:\/\/ub.meduniwien.ac.at\/blog\/index.php?rest_route=\/wp\/v2\/posts"}],"about":[{"href":"https:\/\/ub.meduniwien.ac.at\/blog\/index.php?rest_route=\/wp\/v2\/types\/post"}],"author":[{"embeddable":true,"href":"https:\/\/ub.meduniwien.ac.at\/blog\/index.php?rest_route=\/wp\/v2\/users\/2"}],"replies":[{"embeddable":true,"href":"https:\/\/ub.meduniwien.ac.at\/blog\/index.php?rest_route=%2Fwp%2Fv2%2Fcomments&post=9889"}],"version-history":[{"count":25,"href":"https:\/\/ub.meduniwien.ac.at\/blog\/index.php?rest_route=\/wp\/v2\/posts\/9889\/revisions"}],"predecessor-version":[{"id":14211,"href":"https:\/\/ub.meduniwien.ac.at\/blog\/index.php?rest_route=\/wp\/v2\/posts\/9889\/revisions\/14211"}],"wp:attachment":[{"href":"https:\/\/ub.meduniwien.ac.at\/blog\/index.php?rest_route=%2Fwp%2Fv2%2Fmedia&parent=9889"}],"wp:term":[{"taxonomy":"category","embeddable":true,"href":"https:\/\/ub.meduniwien.ac.at\/blog\/index.php?rest_route=%2Fwp%2Fv2%2Fcategories&post=9889"},{"taxonomy":"post_tag","embeddable":true,"href":"https:\/\/ub.meduniwien.ac.at\/blog\/index.php?rest_route=%2Fwp%2Fv2%2Ftags&post=9889"}],"curies":[{"name":"wp","href":"https:\/\/api.w.org\/{rel}","templated":true}]}}