{"id":968,"date":"2008-05-26T13:00:12","date_gmt":"2008-05-26T12:00:12","guid":{"rendered":"https:\/\/ub-blog.meduniwien.ac.at\/blog\/?p=968"},"modified":"2014-06-17T16:55:52","modified_gmt":"2014-06-17T15:55:52","slug":"carina-buttner-praktikum-an-der-ub-med-uni-wien","status":"publish","type":"post","link":"https:\/\/ub.meduniwien.ac.at\/blog\/?p=968","title":{"rendered":"Carina B\u00fcttner: Praktikum an der Ub Med Uni Wien 2008"},"content":{"rendered":"<p>Frau <strong>Carina B\u00fcttner<\/strong>, <a href=\"http:\/\/de.wikipedia.org\/wiki\/Fachangestellter_f%C3%BCr_Medien_und_Informationsdienste\">Auszubildende zur Fachangestellten f\u00fcr Medien- und Informationsdienste<\/a> in der Fachrichtung Bibliothek im zweiten Lehrjahr aus Berlin, hat vom 26. M\u00e4rz bis 16. Mai 2008 ein Praktikum an der Universit\u00e4tsbibliothek der Medizinischen Universit\u00e4t Wien. <\/p>\n<blockquote><p>\n<a href='https:\/\/ub-blog.meduniwien.ac.at\/blog\/wp-content\/uploads\/2008\/05\/carina-buttner2.jpg' title='carina-buttner2.jpg'><img src='https:\/\/ub-blog.meduniwien.ac.at\/blog\/wp-content\/uploads\/2008\/05\/carina-buttner2.thumbnail.jpg' alt='carina-buttner2.jpg' \/><\/a><br \/>\n<strong>Carina B\u00fcttner \u00fcber ihr Auslandspraktikum<\/strong>:<\/p>\n<p>Mein achtw\u00f6chiges Auslandspraktikum in der Ub MedUni war sehr abwechslungsreich und eindrucksvoll. Ich hatte die Gelegenheit, in jede Abteilung \u201ehereinzuschnuppern\u201c, meine zahlreichen Fragen zu stellen und eine Menge interessante Antworten zu bekommen.<\/p>\n<p>Meine Arbeit umfasste zu Beginn die Bearbeitung von Bestellungen im Dokumentenlieferdienst, die Nominalerfassung von Dissertationen und E-Books, aber auch die Arbeit an einem Projekt, bei dem ich historische Zeitschriften einscannte und die Nominalaufnahme im Bibliothekssystem Aleph machte. Sp\u00e4ter wurden sie online im PDF-Format Benutzern zur Verf\u00fcgung gestellt. Somit konnte ich die Funktionen und den Aufbau eines institutionellen Repositoriums kennenlernen.<\/p>\n<p>Ich lernte viele interessante Dinge \u00fcber das \u00f6sterreichische Bibliothekswesen, schaute mir w\u00e4hrend der Praktikumzeit die <a href=\"https:\/\/ub.meduniwien.ac.at\/content\/773_josefin.php?ID_ort=5a2a1a1&#038;ID_seite=773\">Josephinische Bibliothek<\/a>, die <a href=\"http:\/\/www.buechereien.wien.at\/\">Hauptb\u00fccherei der Wiener B\u00fcchereien<\/a> und die <a href=\"http:\/\/www.adk.de\/de\/archiv\/bibliothek\/\">Bibliothek der Akademie der Bildenden K\u00fcnste Wien<\/a> an. <\/p>\n<p>Ich genoss die aufschlussreichen Unterhaltungen mit meinen Kollegen und Kolleginnen und mir gefiel die selbstst\u00e4ndige Arbeit. Das Praktikum in der Universit\u00e4tsbibliothek brachte mir viele Erfahrungen, eine Menge Eindr\u00fccke und eine sehr sch\u00f6ne Zeit die ich gern hier verbrachte.\n<\/p><\/blockquote>\n<p><em>Die duale Ausbildung zum\/zur Fachangestellten f\u00fcr Medien- und Informationsdienste in der Fachrichtung Bibliothek gibt es seit 1998 und stellt eine deutschlandweit einheitliche Ausbildung f\u00fcr Bibliothekspersonal (Aufgabenbereich des mittleren Dienstes) dar. Die Ausbildung gibt es auch in den Fachrichtungen Archiv, Bildagentur, Information und Dokumentation und medizinische Dokumentation. Ausgebildet wird die Fachrichtung Bibliothek an fast allen Universit\u00e4tsbibliotheken, \u00d6ffentlichen Bibliotheken und Spezialbibliotheken und in der \u00f6rtlichen Berufsschule. In Berlin und Brandenburg ist das Oberstufenzentrum f\u00fcr B\u00fcrowirtschaft und Verwaltung f\u00fcr die theoretische Ausbildung zust\u00e4ndig.<br \/>\nZum <a href=\"http:\/\/www.fami-portal.de\/index.php\">FaMI-Portal.de &#8211; Archiv|Bib|Bildagentur|IuD|MedDok<\/a><\/em><br \/>\n<!--more--><br \/>\n<strong>Weiterer Bericht \u00fcber ein Praktikum an der UB Med Uni Wien im Van Swieten Blog:<\/strong><\/p>\n<ul>\n<li><a href=\"https:\/\/ub-blog.meduniwien.ac.at\/blog\/?p=814\">Mag. Ingeborg Leitner: Praktikum an der Ub Med Uni Wien<\/a><br \/>\n(Van Swieten Blog 814 vom 17. M\u00e4rz 2008)<\/li>\n<\/ul>\n","protected":false},"excerpt":{"rendered":"<p>Frau Carina B\u00fcttner, Auszubildende zur Fachangestellten f\u00fcr Medien- und Informationsdienste in der Fachrichtung Bibliothek im zweiten Lehrjahr aus Berlin, hat vom 26. M\u00e4rz bis 16. Mai 2008 ein Praktikum an der Universit\u00e4tsbibliothek der Medizinischen Universit\u00e4t Wien. Carina B\u00fcttner \u00fcber ihr Auslandspraktikum: Mein achtw\u00f6chiges Auslandspraktikum in der Ub MedUni war sehr abwechslungsreich und eindrucksvoll. Ich hatte &hellip; <a href=\"https:\/\/ub.meduniwien.ac.at\/blog\/?p=968\" class=\"more-link\"><span class=\"screen-reader-text\">Carina B\u00fcttner: Praktikum an der Ub Med Uni Wien 2008<\/span> weiterlesen <span class=\"meta-nav\">&rarr;<\/span><\/a><\/p>\n","protected":false},"author":2,"featured_media":0,"comment_status":"open","ping_status":"open","sticky":false,"template":"","format":"standard","meta":{"ngg_post_thumbnail":0,"footnotes":""},"categories":[33,46],"tags":[1150,1144,1139],"class_list":["post-968","post","type-post","status-publish","format-standard","hentry","category-gastbeitrage","category-praktikum","tag-fachangestellte-fur-medien-und-informationsdienste","tag-praktikum-an-der-ub-meduni-wien","tag-praktikumsbericht"],"views":63453,"_links":{"self":[{"href":"https:\/\/ub.meduniwien.ac.at\/blog\/index.php?rest_route=\/wp\/v2\/posts\/968","targetHints":{"allow":["GET"]}}],"collection":[{"href":"https:\/\/ub.meduniwien.ac.at\/blog\/index.php?rest_route=\/wp\/v2\/posts"}],"about":[{"href":"https:\/\/ub.meduniwien.ac.at\/blog\/index.php?rest_route=\/wp\/v2\/types\/post"}],"author":[{"embeddable":true,"href":"https:\/\/ub.meduniwien.ac.at\/blog\/index.php?rest_route=\/wp\/v2\/users\/2"}],"replies":[{"embeddable":true,"href":"https:\/\/ub.meduniwien.ac.at\/blog\/index.php?rest_route=%2Fwp%2Fv2%2Fcomments&post=968"}],"version-history":[{"count":5,"href":"https:\/\/ub.meduniwien.ac.at\/blog\/index.php?rest_route=\/wp\/v2\/posts\/968\/revisions"}],"predecessor-version":[{"id":19351,"href":"https:\/\/ub.meduniwien.ac.at\/blog\/index.php?rest_route=\/wp\/v2\/posts\/968\/revisions\/19351"}],"wp:attachment":[{"href":"https:\/\/ub.meduniwien.ac.at\/blog\/index.php?rest_route=%2Fwp%2Fv2%2Fmedia&parent=968"}],"wp:term":[{"taxonomy":"category","embeddable":true,"href":"https:\/\/ub.meduniwien.ac.at\/blog\/index.php?rest_route=%2Fwp%2Fv2%2Fcategories&post=968"},{"taxonomy":"post_tag","embeddable":true,"href":"https:\/\/ub.meduniwien.ac.at\/blog\/index.php?rest_route=%2Fwp%2Fv2%2Ftags&post=968"}],"curies":[{"name":"wp","href":"https:\/\/api.w.org\/{rel}","templated":true}]}}