{"id":859,"date":"2008-03-31T14:42:39","date_gmt":"2008-03-31T13:42:39","guid":{"rendered":"https:\/\/ub-blog.meduniwien.ac.at\/blog\/?p=859"},"modified":"2011-02-08T14:55:44","modified_gmt":"2011-02-08T13:55:44","slug":"mr-dr-peter-prochaska-ein-osterreichischer-spatexpressionist","status":"publish","type":"post","link":"https:\/\/ub.meduniwien.ac.at\/blog\/?p=859","title":{"rendered":"MR Dr. Peter PROCHASKA &#8211; ein \u00f6sterreichischer Sp\u00e4texpressionist"},"content":{"rendered":"<p><strong>Die zur Zeit in der Galerie im AKH stattfindende Ausstellung &#8222;Malerei und Grafik&#8220; von MR Dr. Peter PROCHASKA wurde bis 02.05.08 verl\u00e4ngert!<\/strong><\/p>\n<p><strong>Liebe LeserInnen unseres<\/strong> <\/p>\n<p><img src='https:\/\/ub-blog.meduniwien.ac.at\/blog\/wp-content\/uploads\/2007\/09\/swieten1d.jpg' alt='Van Swieten-Blog Logo Margrit Hartl' \/>s!<\/p>\n<p><strong>Wir freuen uns, Ihnen als n\u00e4chsten Arzt und K\u00fcnstler,<\/strong><br \/>\n<strong>MR Dr. Peter PROCHASKA vorstellen zu d\u00fcrfen:<\/strong><\/p>\n<blockquote><p><img src='https:\/\/ub-blog.meduniwien.ac.at\/blog\/wp-content\/uploads\/2008\/03\/portrait.jpg' alt='Prohaska' \/><\/p>\n<p>PETER PROCHASKA, <\/p>\n<p>geboren 1930 in Br\u00fcnn, <\/p>\n<p>Medizinstudium in Wien -( Facharzt f\u00fcr Gyn\u00e4kologie)- <\/p>\n<p>und gleichzeitig externer Sch\u00fcler der Graphischen Lehr &#8211; und Versuchsanstalt Wien <\/p>\n<p>in den F\u00e4chern Kupferstich (Hans Ranzoni d.J.) und Lithographie (Josef Qittan).<\/p>\n<p>Erster Malunterricht 1947 bei Karl Hoffmann, sp\u00e4ter bei Matejka &#8211; Felden und Wilhelm Kaufmann und vor allem im Abendakt an der Akademie bei Herbert Boeckl.<\/p>\n<p>Expressionistische Malweise in Tempera, \u00d6l und Acryl, vorwiegend figurale Darstellungen, Akte und Landschaften. Charakteristisch ist ein oft durchscheinendes graphisches Strukturieren des Bildes aus der Tiefe heraus. Ebenso ein reichhaltiges Oeuvre von Radierungen, z.B. 1999 die Aquatintaserie &#8222;Apokalyptische Symphonie&#8220;.<\/p>\n<p>&#8222;Peter PROCHASKA, ein \u00f6sterreichischer Sp\u00e4texpressionist,(der) eine eigenst\u00e4ndige, an Beharrung und Tradition orientierte Qualit\u00e4t in die Szene malender \u00c4rzte und \u00c4rztinnen einbringt.&#8220; (zit. Dr. Dieter Schrage: Peter Prochaska: Malende \u00c4rzte \u00d6sterreichs).<\/p>\n<p>Peter PROCHASKA, erste Einzelausstellung 1958 in der Kleinen Galerie Neudeggergasse,Wien.<\/p>\n<p>Seit 1980 repr\u00e4sentiert durch United Art Gallery 1020 Wien, Leopoldgasse 9. (Katalog &#8222;Peter PROCHASKA 1995&#8220;).<br \/>\n<a href=\"http:\/\/www.aerztekunstverein.at\/peter.prochaska\/default.asp\">http:\/\/www.aerztekunstverein.at\/peter.prochaska<\/a><br \/>\n<img src='https:\/\/ub-blog.meduniwien.ac.at\/blog\/wp-content\/uploads\/2008\/03\/prochaska3.jpg' alt='Prochaska' \/><br \/>\n<img src='https:\/\/ub-blog.meduniwien.ac.at\/blog\/wp-content\/uploads\/2008\/03\/prochaska.jpg' alt='Prochaska' \/><br \/>\n<img src='https:\/\/ub-blog.meduniwien.ac.at\/blog\/wp-content\/uploads\/2008\/03\/prochaska1.jpg' alt='Prochaska' \/><\/p>\n<p>Weitere Beitr\u00e4ge:<\/p>\n<p><a href=\"https:\/\/ub-blog.meduniwien.ac.at\/blog\/?p=763\">Dr. Uta Maria Langer: K\u00f6rperlandschaft &#8211; Landschaftsk\u00f6rper<\/a><br \/>\n<a href=\"https:\/\/ub-blog.meduniwien.ac.at\/blog\/?p=570\"><br \/>\nDr. Werner Horvath: Bilder &#8211; Figuren &#8211; Portr\u00e4ts<\/a><br \/>\n<a href=\"https:\/\/ub-blog.meduniwien.ac.at\/blog\/?p=251\"><br \/>\nGast-Contributor: Dr. Piero Lercher <\/a><\/p>\n","protected":false},"excerpt":{"rendered":"<p>Die zur Zeit in der Galerie im AKH stattfindende Ausstellung &#8222;Malerei und Grafik&#8220; von MR Dr. Peter PROCHASKA wurde bis 02.05.08 verl\u00e4ngert! Liebe LeserInnen unseres s! Wir freuen uns, Ihnen als n\u00e4chsten Arzt und K\u00fcnstler, MR Dr. Peter PROCHASKA vorstellen zu d\u00fcrfen: PETER PROCHASKA, geboren 1930 in Br\u00fcnn, Medizinstudium in Wien -( Facharzt f\u00fcr Gyn\u00e4kologie)- &hellip; <a href=\"https:\/\/ub.meduniwien.ac.at\/blog\/?p=859\" class=\"more-link\"><span class=\"screen-reader-text\">MR Dr. Peter PROCHASKA &#8211; ein \u00f6sterreichischer Sp\u00e4texpressionist<\/span> weiterlesen <span class=\"meta-nav\">&rarr;<\/span><\/a><\/p>\n","protected":false},"author":2,"featured_media":0,"comment_status":"open","ping_status":"open","sticky":false,"template":"","format":"standard","meta":{"ngg_post_thumbnail":0,"footnotes":""},"categories":[2,16,13],"tags":[202,347],"class_list":["post-859","post","type-post","status-publish","format-standard","hentry","category-news","category-news1","category-veranstaltungen","tag-arzt","tag-kunstler"],"views":57106,"_links":{"self":[{"href":"https:\/\/ub.meduniwien.ac.at\/blog\/index.php?rest_route=\/wp\/v2\/posts\/859","targetHints":{"allow":["GET"]}}],"collection":[{"href":"https:\/\/ub.meduniwien.ac.at\/blog\/index.php?rest_route=\/wp\/v2\/posts"}],"about":[{"href":"https:\/\/ub.meduniwien.ac.at\/blog\/index.php?rest_route=\/wp\/v2\/types\/post"}],"author":[{"embeddable":true,"href":"https:\/\/ub.meduniwien.ac.at\/blog\/index.php?rest_route=\/wp\/v2\/users\/2"}],"replies":[{"embeddable":true,"href":"https:\/\/ub.meduniwien.ac.at\/blog\/index.php?rest_route=%2Fwp%2Fv2%2Fcomments&post=859"}],"version-history":[{"count":1,"href":"https:\/\/ub.meduniwien.ac.at\/blog\/index.php?rest_route=\/wp\/v2\/posts\/859\/revisions"}],"predecessor-version":[{"id":8131,"href":"https:\/\/ub.meduniwien.ac.at\/blog\/index.php?rest_route=\/wp\/v2\/posts\/859\/revisions\/8131"}],"wp:attachment":[{"href":"https:\/\/ub.meduniwien.ac.at\/blog\/index.php?rest_route=%2Fwp%2Fv2%2Fmedia&parent=859"}],"wp:term":[{"taxonomy":"category","embeddable":true,"href":"https:\/\/ub.meduniwien.ac.at\/blog\/index.php?rest_route=%2Fwp%2Fv2%2Fcategories&post=859"},{"taxonomy":"post_tag","embeddable":true,"href":"https:\/\/ub.meduniwien.ac.at\/blog\/index.php?rest_route=%2Fwp%2Fv2%2Ftags&post=859"}],"curies":[{"name":"wp","href":"https:\/\/api.w.org\/{rel}","templated":true}]}}