{"id":817,"date":"2008-03-18T09:15:55","date_gmt":"2008-03-18T08:15:55","guid":{"rendered":"https:\/\/ub-blog.meduniwien.ac.at\/blog\/?p=817"},"modified":"2009-01-05T18:00:54","modified_gmt":"2009-01-05T17:00:54","slug":"berichte-uber-das-provenienzforschungsprojekt-der-ub-med-uni-wien","status":"publish","type":"post","link":"https:\/\/ub.meduniwien.ac.at\/blog\/?p=817","title":{"rendered":"Berichte \u00fcber das Provenienzforschungsprojekt der Ub Med Uni Wien"},"content":{"rendered":"<p>\u00dcber das <a href=\"https:\/\/ub.meduniwien.ac.at\/content\/pro_info.php?ID_ort=6a1a1a1&#038;ID_seite=812\">Provenienzforschungsprojekt der Ub Med Uni Wien<\/a>  wurde zuletzt mehrfach berichtet:<\/p>\n<ul>\n<li><strong>Stumme Zeitzeugen. Seit Mai 2007 l\u00e4uft an der MUW ein Projekt zur Provenienzforschung um B\u00fccher, die zwischen 1938 und 1945 geraubt worden sind, systematisch zu erfassen und an die rechtm\u00e4\u00dfigen Eigent\u00fcmer oder Rechtsnachfolger zu restituieren<\/strong>. &#8211; In: MUW-ments. Newsletter der Medizinischen Universit\u00e4t Wien, Ausgabe 02\/2008, S. 1 (Titelgeschichte).<\/li>\n<\/ul>\n<ul>\n<li><strong><a href=\"http:\/\/www.meduniwien.ac.at\/homepage\/news-und-topstories\/?tx_ttnews%5Btt_news%5D=141&#038;tx_ttnews%5BbackPid%5D=471&#038;cHash=0efe275972\">Stumme Zeitzeugen<\/a><\/strong>. &#8211; In: Homepage der Med Uni Wien &#8211; Top Stories, 13.03.2008.<\/li>\n<\/ul>\n<ul>\n<li>Walter Mentzel, Harald Albrecht, Reinhard Mundsch\u00fctz und Bruno Bauer: <strong><a href=\"http:\/\/www.univie.ac.at\/voeb\/php\/downloads\/vm6120081.pdf\">Provenienzforschung an der Universit\u00e4tsbibliothek der Medizinischen Universit\u00e4t Wien<\/strong>.<\/a> &#8211; In: Mitteilungen der Vereinigung \u00d6sterreichischer Bibliothekarinnen und Bibliothekare 61 (2008), H. 1, S. 7-14.<\/li>\n<\/ul>\n<p>Auch im Rahmen der kommende Woche in Wien stattfindenden internationalen  <a href=\"http:\/\/www.ub.univie.ac.at\/provenienzforschung\/tagung_2008.html\">Tagung \u00fcber &#8222;Bibliotheken in der NS-Zeit &#8211; Provenienzforschung und Bibliotheksgeschichte&#8220;<\/a> wird das Provenienzforschungsprojekt an der gr\u00f6\u00dften medizinischen Bibliothek \u00d6sterreichs vorgestellt:<\/p>\n<ul>\n<li>Bruno Bauer und Walter Mentzel: Das Provenienforschungsprojekt der Universit\u00e4tsbibliothek der Medizinischen Universit\u00e4t Wien. <a href=\"http:\/\/www.ub.univie.ac.at\/provenienzforschung\/files\/Bauer_Mentzel_Abstract.pdf\">Abstract<\/a><\/li>\n<\/ul>\n<p><img src='https:\/\/ub-blog.meduniwien.ac.at\/blog\/wp-content\/uploads\/2008\/02\/muster1_blau.jpg' alt='Provenienz' \/><\/p>\n<blockquote><p>\n<strong>Weitere Weblogeintr\u00e4ge zur Provenienzforschung<\/strong>:<\/p>\n<ul>\n<li><a href=\"https:\/\/ub-blog.meduniwien.ac.at\/blog\/?p=174\">Start des Projektes zur Provenienzforschung an der UB MedUniWien<\/a> (21. Mai 2007)<\/li>\n<\/ul>\n<ul>\n<li><a href=\"https:\/\/ub-blog.meduniwien.ac.at\/blog\/?p=578\">25.\/26. M\u00e4rz 2008: Tagung \u00fcber \u201cBibliotheken in der NS-Zeit &#8211; Provenienzforschung und Bibliotheksgeschichte\u201d<\/a> (8. Februar 2008)<\/li>\n<\/ul>\n<ul>\n<li>Sonderblog-Serie <a href=\"https:\/\/ub-blog.meduniwien.ac.at\/blog\/?ID_ort=9a10&#038;ID_seite=666&#038;p=772\">Vertrieben 1938 &#8211; Biographien entlassener Professoren und Dozenten der Medizinischen Fakult\u00e4t der Universit\u00e4t Wien<\/a> (3. M\u00e4rz 2008)<\/li>\n<\/ul>\n<\/blockquote>\n<p><img src='https:\/\/ub-blog.meduniwien.ac.at\/blog\/wp-content\/uploads\/2007\/09\/swieten1d.jpg' alt='swieten1d.jpg' \/><br \/>\nBitte zitieren als<br \/>\nVAN SWIETEN BLOG: Informationen der Universit\u00e4tsbibliothek der Med Uni Wien,<br \/>\nNr. 817 [18. M\u00e4rz 2008].<br \/>\nOnline unter der URL: https:\/\/ub-blog.meduniwien.ac.at\/blog\/?p=817<\/p>\n","protected":false},"excerpt":{"rendered":"<p>\u00dcber das Provenienzforschungsprojekt der Ub Med Uni Wien wurde zuletzt mehrfach berichtet: Stumme Zeitzeugen. Seit Mai 2007 l\u00e4uft an der MUW ein Projekt zur Provenienzforschung um B\u00fccher, die zwischen 1938 und 1945 geraubt worden sind, systematisch zu erfassen und an die rechtm\u00e4\u00dfigen Eigent\u00fcmer oder Rechtsnachfolger zu restituieren. &#8211; In: MUW-ments. Newsletter der Medizinischen Universit\u00e4t Wien, &hellip; <a href=\"https:\/\/ub.meduniwien.ac.at\/blog\/?p=817\" class=\"more-link\"><span class=\"screen-reader-text\">Berichte \u00fcber das Provenienzforschungsprojekt der Ub Med Uni Wien<\/span> weiterlesen <span class=\"meta-nav\">&rarr;<\/span><\/a><\/p>\n","protected":false},"author":2,"featured_media":0,"comment_status":"open","ping_status":"open","sticky":false,"template":"","format":"standard","meta":{"ngg_post_thumbnail":0,"footnotes":""},"categories":[1,2,23,16,32],"tags":[],"class_list":["post-817","post","type-post","status-publish","format-standard","hentry","category-allgemeines","category-news","category-news-8","category-news1","category-provenienzforschung"],"views":34199,"_links":{"self":[{"href":"https:\/\/ub.meduniwien.ac.at\/blog\/index.php?rest_route=\/wp\/v2\/posts\/817","targetHints":{"allow":["GET"]}}],"collection":[{"href":"https:\/\/ub.meduniwien.ac.at\/blog\/index.php?rest_route=\/wp\/v2\/posts"}],"about":[{"href":"https:\/\/ub.meduniwien.ac.at\/blog\/index.php?rest_route=\/wp\/v2\/types\/post"}],"author":[{"embeddable":true,"href":"https:\/\/ub.meduniwien.ac.at\/blog\/index.php?rest_route=\/wp\/v2\/users\/2"}],"replies":[{"embeddable":true,"href":"https:\/\/ub.meduniwien.ac.at\/blog\/index.php?rest_route=%2Fwp%2Fv2%2Fcomments&post=817"}],"version-history":[{"count":0,"href":"https:\/\/ub.meduniwien.ac.at\/blog\/index.php?rest_route=\/wp\/v2\/posts\/817\/revisions"}],"wp:attachment":[{"href":"https:\/\/ub.meduniwien.ac.at\/blog\/index.php?rest_route=%2Fwp%2Fv2%2Fmedia&parent=817"}],"wp:term":[{"taxonomy":"category","embeddable":true,"href":"https:\/\/ub.meduniwien.ac.at\/blog\/index.php?rest_route=%2Fwp%2Fv2%2Fcategories&post=817"},{"taxonomy":"post_tag","embeddable":true,"href":"https:\/\/ub.meduniwien.ac.at\/blog\/index.php?rest_route=%2Fwp%2Fv2%2Ftags&post=817"}],"curies":[{"name":"wp","href":"https:\/\/api.w.org\/{rel}","templated":true}]}}