{"id":763,"date":"2008-02-25T06:00:22","date_gmt":"2008-02-25T05:00:22","guid":{"rendered":"https:\/\/ub-blog.meduniwien.ac.at\/blog\/?p=763"},"modified":"2011-02-08T14:48:50","modified_gmt":"2011-02-08T13:48:50","slug":"dr-uta-maria-langer-korperlandschaft-landschaftskorper","status":"publish","type":"post","link":"https:\/\/ub.meduniwien.ac.at\/blog\/?p=763","title":{"rendered":"Dr. Uta Maria Langer: K\u00f6rperlandschaft &#8211; Landschaftsk\u00f6rper"},"content":{"rendered":"<p><strong>Liebe LeserInnen unseres<\/strong> <\/p>\n<p><img src='https:\/\/ub-blog.meduniwien.ac.at\/blog\/wp-content\/uploads\/2007\/09\/swieten1d.jpg' alt='Van Swieten-Blogs Logo Margrit Hartl' \/>s, <\/p>\n<p>dem Weblog der Universit\u00e4tsbibliothek der MedUni Wien!<\/p>\n<p><strong>Wir freuen uns, Ihnen als n\u00e4chste K\u00fcnstlerin <\/p>\n<p><strong>Frau Uta Maria Langer, die \u00c4rztin <\/strong><\/p>\n<p><strong>f\u00fcr Allgemeinmedizin ist, vorstellen zu d\u00fcrfen.<\/strong><\/strong><\/p>\n<p><img src='https:\/\/ub-blog.meduniwien.ac.at\/blog\/wp-content\/uploads\/2008\/02\/portraitfoto.jpg' alt='Langer' \/><\/p>\n<p>In Wien geboren. W\u00e4hrend des Medizinstudiums Ausbildung an der Kunstschule Wien. <\/p>\n<p>Mehrj\u00e4hrige Auslandsaufenthalte in Portugal, England und der Schweiz.<br \/>\nDanach zehnj\u00e4hrige Ausbildung in Aktmalerei und Aktzeichnen bei Alfred Kornberger.<br \/>\nZahlreiche Kunstseminare, unter anderem bei: Peter Bischof, Karl Korab, Peter Sengl, Gerhard Almbauer usw. <\/p>\n<p>Uta Maria Langer ist \u00c4rztin f\u00fcr Allgemeinmedizin in Wien und Gr\u00fcndungsmitglied des \u00d6sterreichischen \u00c4rztekunstvereines. <\/p>\n<p>Dr. Uta Maria Langer: &#8222;\u00dcber die Grundlage der gegenst\u00e4ndlichen Akt- und Landschaftsmalerei hinaus habe ich mich in den letzten Jahren haupts\u00e4chlich mit abstrakter Malerei besch\u00e4ftigt, immer den Menschen und sein Umfeld, die Elemente, die uns umgeben, vor Augen. Es entstanden Bildzyklen \u00fcber Landschaften (Ausstellung: \u201eLandschaftsk\u00f6rper, K\u00f6rperlandschaften\u201c) B\u00e4ume (Ausstellung: \u201eB\u00e4uminnen und B\u00e4ume\u201c) und immer wieder Wasserbilder. <a href=\"http:\/\/www.utamarialanger.at\">&#8211;>LINK zur Website<\/a><br \/>\nWenn mich ein Thema besch\u00e4ftigt, entstehen nicht nur farbige Bilder in meinem Kopf, es bilden sich dazupassende Wortmelodien und Texte, oft gereimt, die ihrerseits wieder neue Farbkompositionen entstehen lassen; so kann eine Einheit entstehen.&#8220;<\/p>\n<blockquote><p><strong>im rhythmus der felder<br \/>\ntanzt der tag<br \/>\nlachend auf h\u00f6hen<br \/>\nstolpernd im tal<br \/>\nh\u00fcpfend am bach<br \/>\nich sehe uns  <\/strong><\/p><\/blockquote>\n<p><img src='https:\/\/ub-blog.meduniwien.ac.at\/blog\/wp-content\/uploads\/2008\/02\/langer4.jpg' alt='Langer' \/><\/p>\n<p>&#8212;&#8212;&#8212;&#8212;&#8212;&#8212;&#8212;&#8212;&#8212;&#8212;&#8212;&#8212;&#8212;&#8212;&#8212;&#8212;&#8212;&#8212;&#8212;&#8212;&#8212;&#8212;&#8212;&#8212;&#8212;&#8211;<\/p>\n<p><img src='https:\/\/ub-blog.meduniwien.ac.at\/blog\/wp-content\/uploads\/2008\/02\/unbenannt-2.jpg' alt='Langer' \/><\/p>\n<p>&#8212;&#8212;&#8212;&#8212;&#8212;&#8212;&#8212;&#8212;&#8212;&#8212;&#8212;&#8212;&#8212;&#8212;&#8212;&#8212;&#8212;&#8212;&#8212;&#8212;&#8212;&#8212;&#8212;&#8212;&#8212;&#8211;<\/p>\n<p><img src='https:\/\/ub-blog.meduniwien.ac.at\/blog\/wp-content\/uploads\/2008\/02\/unbenannt-4.jpg' alt='Langer' \/><\/p>\n<p>Weitere Beitr\u00e4ge:<br \/>\n<a href=\"https:\/\/ub-blog.meduniwien.ac.at\/blog\/?p=570\"><br \/>\nDr. Werner Horvath: Bilder &#8211; Figuren &#8211; Portr\u00e4ts<\/a><br \/>\n<a href=\"https:\/\/ub-blog.meduniwien.ac.at\/blog\/?p=251\"><br \/>\nGast-Contributor: Dr. Piero Lercher <\/a><\/p>\n","protected":false},"excerpt":{"rendered":"<p>Liebe LeserInnen unseres s, dem Weblog der Universit\u00e4tsbibliothek der MedUni Wien! Wir freuen uns, Ihnen als n\u00e4chste K\u00fcnstlerin Frau Uta Maria Langer, die \u00c4rztin f\u00fcr Allgemeinmedizin ist, vorstellen zu d\u00fcrfen. In Wien geboren. W\u00e4hrend des Medizinstudiums Ausbildung an der Kunstschule Wien. Mehrj\u00e4hrige Auslandsaufenthalte in Portugal, England und der Schweiz. Danach zehnj\u00e4hrige Ausbildung in Aktmalerei und &hellip; <a href=\"https:\/\/ub.meduniwien.ac.at\/blog\/?p=763\" class=\"more-link\"><span class=\"screen-reader-text\">Dr. Uta Maria Langer: K\u00f6rperlandschaft &#8211; Landschaftsk\u00f6rper<\/span> weiterlesen <span class=\"meta-nav\">&rarr;<\/span><\/a><\/p>\n","protected":false},"author":2,"featured_media":0,"comment_status":"open","ping_status":"open","sticky":false,"template":"","format":"standard","meta":{"ngg_post_thumbnail":0,"footnotes":""},"categories":[1,2,16],"tags":[154,346],"class_list":["post-763","post","type-post","status-publish","format-standard","hentry","category-allgemeines","category-news","category-news1","tag-arztin","tag-kunstlerin"],"views":67706,"_links":{"self":[{"href":"https:\/\/ub.meduniwien.ac.at\/blog\/index.php?rest_route=\/wp\/v2\/posts\/763","targetHints":{"allow":["GET"]}}],"collection":[{"href":"https:\/\/ub.meduniwien.ac.at\/blog\/index.php?rest_route=\/wp\/v2\/posts"}],"about":[{"href":"https:\/\/ub.meduniwien.ac.at\/blog\/index.php?rest_route=\/wp\/v2\/types\/post"}],"author":[{"embeddable":true,"href":"https:\/\/ub.meduniwien.ac.at\/blog\/index.php?rest_route=\/wp\/v2\/users\/2"}],"replies":[{"embeddable":true,"href":"https:\/\/ub.meduniwien.ac.at\/blog\/index.php?rest_route=%2Fwp%2Fv2%2Fcomments&post=763"}],"version-history":[{"count":4,"href":"https:\/\/ub.meduniwien.ac.at\/blog\/index.php?rest_route=\/wp\/v2\/posts\/763\/revisions"}],"predecessor-version":[{"id":8126,"href":"https:\/\/ub.meduniwien.ac.at\/blog\/index.php?rest_route=\/wp\/v2\/posts\/763\/revisions\/8126"}],"wp:attachment":[{"href":"https:\/\/ub.meduniwien.ac.at\/blog\/index.php?rest_route=%2Fwp%2Fv2%2Fmedia&parent=763"}],"wp:term":[{"taxonomy":"category","embeddable":true,"href":"https:\/\/ub.meduniwien.ac.at\/blog\/index.php?rest_route=%2Fwp%2Fv2%2Fcategories&post=763"},{"taxonomy":"post_tag","embeddable":true,"href":"https:\/\/ub.meduniwien.ac.at\/blog\/index.php?rest_route=%2Fwp%2Fv2%2Ftags&post=763"}],"curies":[{"name":"wp","href":"https:\/\/api.w.org\/{rel}","templated":true}]}}