{"id":7581,"date":"2011-01-03T13:37:57","date_gmt":"2011-01-03T12:37:57","guid":{"rendered":"https:\/\/ub-blog.meduniwien.ac.at\/blog\/?p=7581"},"modified":"2013-01-04T09:27:58","modified_gmt":"2013-01-04T08:27:58","slug":"fort-und-weiterbildung-der-ub-med-uni-wien-iv2010-oktober-dezember-2010","status":"publish","type":"post","link":"https:\/\/ub.meduniwien.ac.at\/blog\/?p=7581","title":{"rendered":"Fort- und Weiterbildung der UB Med Uni Wien IV\/2010 (Oktober &#8211; Dezember 2010)"},"content":{"rendered":"<p><strong>Aktivit\u00e4ten der Fort- und Weiterbildung sowie nationaler und internationaler Kooperation in den Monaten Oktober &#8211; Dezember 2010:<\/strong><\/p>\n<p><strong>OKTOBER 2010<\/strong><\/p>\n<ol>4. Oktober 2010<br \/>\nPr\u00e4sentation der Projekte der Teilnehmerinnen und Teilnehmer des Universit\u00e4tslehrgangs &#8211; Grundlehrgang <a href=\"http:\/\/www.onb.ac.at\/ausbildung\/universitaetslehrgang.htm\">Library and Information Studies<\/a> an der Universit\u00e4tsbibliothek Wien<\/ol>\n<ol>13.-14. Oktober 2010<br \/>\nTeilnahme am <em><a href=\"http:\/\/rzblx1.uni-regensburg.de\/ezeit\/\">EZB<\/a>-Anwendertreffen<\/em> in Regensburg<\/ol>\n<ol>19 Oktober 2010<br \/>\nTeilnahme am <a href=\"http:\/\/www.b-i-t-online.de\/neues\/810\">Elsevier Bibliothekars-Forum 2010<\/a> im Palais Auersperg [3]<\/ol>\n<p><!--more--><\/p>\n<ol>20.-21. Oktober 2010<br \/>\nTeilnahme am AbteilungsleiterInnen-Seminar dern Med Uni Wien<\/ol>\n<ol>27. Oktober 2010<br \/>\nTeilnahme am Seminar <em>&#8222;Sitzungsmanagement und Protokollf\u00fchrung&#8220;<\/em> (Stabsstelle Personalentwicklung der Med Uni Wien)<\/ol>\n<ol>28. Oktober 2010<br \/>\nTeilnahme am Seminar <em>&#8222;Photoshop I&#8220;<\/em> (Stabsstelle Personalentwicklung der Med Uni Wien)<\/ol>\n<p><strong>NOVEMBER 2010<\/strong><\/p>\n<ol>8.-10. November 2010<br \/>\nTeilnahme an der Konferenz <a href=\"http:\/\/www.fz-juelich.de\/zb\/wisskom2010\">WissKom 2010 &#8222;eLlibrary &#8211; den Wandel gestalten&#8220;<\/a>, 5. Konferenz der Zentralbibliothek im Forschungszentrum J\u00fclich<\/ol>\n<ol>11. November 2010<br \/>\nTeilnahme am <a href=\"http:\/\/www.onb.ac.at\/ausbildung\/brainpool_seminare.htm\">Brain Pool-Seminar zum Thema &#8222;HTML 5&#8220;<\/a><\/ol>\n<ol>17.-18. November 2010<br \/>\nTeilnahme an der Sitzung der <a href=\"http:\/\/www.uibk.ac.at\/voeb\/arge-dir\/\">Arbeitsgemeinschaft der Bibliotheksdirektorinnen und Bibliotheksdirektoren<\/a> an der Universit\u00e4tsbibliothek der Technischen Universit\u00e4t Wien bzw. an der Universit\u00e4tsbibliothek Wien<\/ol>\n<ol>19. November 2010<br \/>\nTeilnahme an der 6. Mitgliederversammlung der <a href=\"https:\/\/www.konsortien.at\/ssl\/\">Kooperation e-Medien \u00d6sterreich<\/a> an der UB der Technischen Universit\u00e4t Wien [3]<\/ol>\n<ol>19. November 2010<br \/>\nTeilnahme an der Tagung <a href=\"http:\/\/conference.ait.co.at\/digbib\/index.php\/digbib\/index\/schedConfs\/archive\">&#8222;Graz: Europeana &#8211; Zugang zum kulturellen und wissenschaftlichen Erbe Europas&#8220;<\/a> in Graz<\/ol>\n<ol>24. November 2010<br \/>\nMitarbeit in der von der  <a href=\"http:\/\/www.uibk.ac.at\/voeb\/arge-dir\/\">Arbeitsgemeinschaft der Bibliotheksdirektorinnen und Bibliotheksdirektoren<\/a> eingesetzten Projektgruppe<em> &#8222;Gemeinsame Archvierung&#8220; (AG ACS bzw. AG Vertragsgestaltung)<\/em> an der Universit\u00e4tsbibliothek Wien<\/ol>\n<ol>29. November 2010<br \/>\nTeilnahme an einer Sitzung der <a href=http:\/\/www.univie.ac.at\/voeb\/kommissionen\/ag-ns-provenienzforschung\/\">&#8222;AG NS-Provenienzforschung der Vereinigung \u00d6sterreichischer Bibliothekarinnen und Bibliothekare (V\u00d6B)<\/a> an der UB Wien<\/ol>\n<p><strong>DEZEMBER 2010<\/strong><\/p>\n<ol>2. Dezember 2010<br \/>\nTeilnahme am Seminar <em>&#8222;Die andere Seite &#8211; Ein Erfahrungs-Workshop im Rollstuhl&#8220;<\/em> (Stabsstelle Personalentwicklung der Med Uni Wien)<\/ol>\n<ol>13.-14. Dezember 2010<br \/>\nTeilnahme an der <a href=\"http:\/\/www.oaod2010.de\/\">Expert Conference on Open Access &#038; Open Data&#8220;<\/a> in K\u00f6ln<\/ol>\n<ol>15. Dezember 2010<br \/>\nTeilnahme am Seminar <em>&#8222;Mobbing-Pr\u00e4vention f\u00fcr MitarbeiterInnen&#8220;<\/em> (Stabsstelle Personalentwicklung der Med Uni Wien)<\/ol>\n<p>******************************************************************<\/p>\n<p>Seit Oktober 2010 nehmen Harald Albrecht und Mag. Lukas Zach am <a href=\"http:\/\/www.onb.ac.at\/ausbildung\/universitaetslehrgang.htm\">Universit\u00e4tslehrgang Library and Information Sciences<\/a> \/ Grundlehrgang bzw. Mag. Marian Miehl am Aufbaulehrgang an der \u00d6sterreichischen Nationalbibliothek teil.<\/p>\n<p>******************************************************************<\/p>\n<p><em>Fort- und Weiterbildung der Mitarbeiterinnen und Mitarbeiter sowie die aktive Beteiligung in nationalen und internationalen Fachgremien sind wesentliche Kritierien f\u00fcr die positive Weiterentwicklung von Bibliotheken. Um transparent zu machen, wie die Universit\u00e4tsbibliothek der Med Uni Wien diesem Anspruch gerecht zu werden versucht, werden die entsprechenden Ma\u00dfnahmen quartalsweise im Weblog ver\u00f6ffentlicht.<\/p>\n<ol><a href=\"https:\/\/ub-blog.meduniwien.ac.at\/blog\/?p=159\">Fort- und Weiterbildung von MitarbeiterInnen der Ub Med Uni Wien 2007<\/a> (8. Mai 2007)<\/ol>\n<ol><a href=\"https:\/\/ub-blog.meduniwien.ac.at\/blog\/?p=214\">Fort- und Weiterbildung von MitarbeiterInnen der Ub Med Uni Wien II\/2007<\/a> (5. Juli 2007)<\/ol>\n<ol><a href=\"https:\/\/ub-blog.meduniwien.ac.at\/blog\/?p=358\">Fort- und Weiterbildung von MitarbeiterInnen der Ub Med Uni Wien III\/2007<\/a> (1. Oktober 2007)<\/ol>\n<ol><a href=\"https:\/\/ub-blog.meduniwien.ac.at\/blog\/?p=516\">Fort- und Weiterbildung von MitarbeiterInnen der Ub Med Uni Wien IV\/2007<\/a> (2. Januar 2008)<\/ol>\n<ol><a href=\"https:\/\/ub-blog.meduniwien.ac.at\/blog\/?p=871\">Fort- und Weiterbildung von MitarbeiterInnen der Ub Med Uni Wien I\/2008<\/a> (1. April 2008)<\/ol>\n<ol><a href=\"https:\/\/ub-blog.meduniwien.ac.at\/blog\/?p=1013\">Fort- und Weiterbildung von MitarbeiterInnen der Ub Med Uni Wien II\/2008<\/a> (4. Juli 2008)<\/ol>\n<ol><a href=\"https:\/\/ub-blog.meduniwien.ac.at\/blog\/?p=1168\">Fort- und Weiterbildung von MitarbeiterInnen der Ub Med Uni Wien III\/2008<\/a> (1. Oktober 2008)<\/ol>\n<ol><a href=\"https:\/\/ub-blog.meduniwien.ac.at\/blog\/?p=1364\">Fort- und Weiterbildung von MitarbeiterInnen der Ub Med Uni Wien IV\/2008<\/a> (4. Januar 2009)<\/ol>\n<ol><a href=\"https:\/\/ub-blog.meduniwien.ac.at\/blog\/?p=1489\">Fort- und Weiterbildung von MitarbeiterInnen der Ub Med Uni Wien I\/2009<\/a> (7. April 2009)<\/ol>\n<ol><a href=\"https:\/\/ub-blog.meduniwien.ac.at\/blog\/?p=1760\">Fort- und Weiterbildung von MitarbeiterInnen der Ub Med Uni Wien II\/2009<\/a> (1. Juli 2009)<\/ol>\n<ol><a href=\"https:\/\/ub-blog.meduniwien.ac.at\/blog\/?p=2557\">Fort- und Weiterbildung von MitarbeiterInnen der Ub Med Uni Wien III\/2009<\/a> (5. Oktober 2009)<\/ol>\n<ol><a href=\"https:\/\/ub-blog.meduniwien.ac.at\/blog\/?p=3435\">Fort- und Weiterbildung von MitarbeiterInnen der Ub Med Uni Wien IV\/2010<\/a> (7. Januar 2010)<\/ol>\n<ol><a href=\"https:\/\/ub-blog.meduniwien.ac.at\/blog\/?p=4494\">Fort- und Weiterbildung von MitarbeiterInnen der Ub Med Uni Wien I\/2010<\/a> (1. April 2010)<\/ol>\n<ol><a href=\"https:\/\/ub-blog.meduniwien.ac.at\/blog\/?p=5913\">Fort- und Weiterbildung von MitarbeiterInnen der Ub Med Uni Wien II\/2010<\/a> (1. Juli 2010)<\/ol>\n<ol><a href=\"https:\/\/ub-blog.meduniwien.ac.at\/blog\/?p=6604\">Fort- und Weiterbildung von MitarbeiterInnen der UB Med Uni Wien III\/2010<\/a> (5. Oktober 2010)<\/a><br \/>\n<\/em><\/p>\n<p><img src='https:\/\/ub-blog.meduniwien.ac.at\/blog\/wp-content\/uploads\/2007\/09\/swieten1d.jpg' alt='swieten1d.jpg' \/><br \/>\nBitte zitieren als<br \/>\nVAN SWIETEN BLOG: Informationen der Universit\u00e4tsbibliothek der Med Uni Wien,<br \/>\nNr. 7581 [3. J\u00e4nner 2010].<br \/>\nOnline unter der URL: https:\/\/ub-blog.meduniwien.ac.at\/blog\/?p=7581<\/p>\n","protected":false},"excerpt":{"rendered":"<p>Aktivit\u00e4ten der Fort- und Weiterbildung sowie nationaler und internationaler Kooperation in den Monaten Oktober &#8211; Dezember 2010: OKTOBER 2010 4. Oktober 2010 Pr\u00e4sentation der Projekte der Teilnehmerinnen und Teilnehmer des Universit\u00e4tslehrgangs &#8211; Grundlehrgang Library and Information Studies an der Universit\u00e4tsbibliothek Wien 13.-14. Oktober 2010 Teilnahme am EZB-Anwendertreffen in Regensburg 19 Oktober 2010 Teilnahme am Elsevier &hellip; <a href=\"https:\/\/ub.meduniwien.ac.at\/blog\/?p=7581\" class=\"more-link\"><span class=\"screen-reader-text\">Fort- und Weiterbildung der UB Med Uni Wien IV\/2010 (Oktober &#8211; Dezember 2010)<\/span> weiterlesen <span class=\"meta-nav\">&rarr;<\/span><\/a><\/p>\n","protected":false},"author":2,"featured_media":0,"comment_status":"open","ping_status":"open","sticky":false,"template":"","format":"standard","meta":{"ngg_post_thumbnail":0,"footnotes":""},"categories":[1,2,16,42],"tags":[161,162],"class_list":["post-7581","post","type-post","status-publish","format-standard","hentry","category-allgemeines","category-news","category-news1","category-ub-med-uni-wien-intern","tag-fortbildung","tag-weiterbildung"],"views":47442,"_links":{"self":[{"href":"https:\/\/ub.meduniwien.ac.at\/blog\/index.php?rest_route=\/wp\/v2\/posts\/7581","targetHints":{"allow":["GET"]}}],"collection":[{"href":"https:\/\/ub.meduniwien.ac.at\/blog\/index.php?rest_route=\/wp\/v2\/posts"}],"about":[{"href":"https:\/\/ub.meduniwien.ac.at\/blog\/index.php?rest_route=\/wp\/v2\/types\/post"}],"author":[{"embeddable":true,"href":"https:\/\/ub.meduniwien.ac.at\/blog\/index.php?rest_route=\/wp\/v2\/users\/2"}],"replies":[{"embeddable":true,"href":"https:\/\/ub.meduniwien.ac.at\/blog\/index.php?rest_route=%2Fwp%2Fv2%2Fcomments&post=7581"}],"version-history":[{"count":13,"href":"https:\/\/ub.meduniwien.ac.at\/blog\/index.php?rest_route=\/wp\/v2\/posts\/7581\/revisions"}],"predecessor-version":[{"id":7606,"href":"https:\/\/ub.meduniwien.ac.at\/blog\/index.php?rest_route=\/wp\/v2\/posts\/7581\/revisions\/7606"}],"wp:attachment":[{"href":"https:\/\/ub.meduniwien.ac.at\/blog\/index.php?rest_route=%2Fwp%2Fv2%2Fmedia&parent=7581"}],"wp:term":[{"taxonomy":"category","embeddable":true,"href":"https:\/\/ub.meduniwien.ac.at\/blog\/index.php?rest_route=%2Fwp%2Fv2%2Fcategories&post=7581"},{"taxonomy":"post_tag","embeddable":true,"href":"https:\/\/ub.meduniwien.ac.at\/blog\/index.php?rest_route=%2Fwp%2Fv2%2Ftags&post=7581"}],"curies":[{"name":"wp","href":"https:\/\/api.w.org\/{rel}","templated":true}]}}