{"id":7040,"date":"2010-11-24T09:17:45","date_gmt":"2010-11-24T08:17:45","guid":{"rendered":"https:\/\/ub-blog.meduniwien.ac.at\/blog\/?p=7040"},"modified":"2010-11-16T14:49:28","modified_gmt":"2010-11-16T13:49:28","slug":"neue-elektronische-volltexte-hochschulschriften-der-medizinischen-der-medizinischen-universitat-wien-juli-dezember-2010","status":"publish","type":"post","link":"https:\/\/ub.meduniwien.ac.at\/blog\/?p=7040","title":{"rendered":"Elektronische Volltexte: Hochschulschriften der Medizinischen Universit\u00e4t Wien 2010"},"content":{"rendered":"<p><img loading=\"lazy\" decoding=\"async\" class=\"alignleft size-full wp-image-3623\" title=\"vanswieten_repository_edoc\" src=\"https:\/\/ub-blog.meduniwien.ac.at\/blog\/wp-content\/uploads\/2010\/01\/vanswieten_repository_edoc.jpg\" alt=\"vanswieten_repository_edoc\" width=\"450\" height=\"50\" srcset=\"https:\/\/ub.meduniwien.ac.at\/blog\/wp-content\/uploads\/2010\/01\/vanswieten_repository_edoc.jpg 450w, https:\/\/ub.meduniwien.ac.at\/blog\/wp-content\/uploads\/2010\/01\/vanswieten_repository_edoc-300x33.jpg 300w\" sizes=\"auto, (max-width: 450px) 100vw, 450px\" \/><\/p>\n<p><strong>Das Van Swieten Repository der Universit\u00e4tsbibliothek enth\u00e4lt u. a. Hochschulschriften der Medizinischen Universit\u00e4t Wien im elektronischen Volltext, die von AbsolventInnen der MedUni Wien auf freiwilliger Basis \u00fcber die Studienabteilung hochgeladen worden sind. AbsolventInnen haben die M\u00f6glichkeit, ihre Diplomarbeiten, Dissertationen oder Master-Thesen zu ver\u00f6ffentlichen, sofern dadurch keine rechtl. bzw. gesetzl. Bestimmungen tangiert werden.<\/strong><\/p>\n<table border=\"0\" cellspacing=\"0\" cellpadding=\"0\" width=\"80%\" align=\"center\">\n<tbody>\n<tr>\n<td class=\"oddthumb\">1<\/td>\n<td class=\"odd\" align=\"left\"><!-- Untersuchungen zur entz\u00fcndlichen Beteiligung des Sinus maxillaris bei parodontalem interradikul\u00e4rem Knochenverlust der Oberkiefermolaren - eine retrospektive Untersuchung computertomographischer Aufnahmen  [Volltext extern, pdf \/ 1.2 MBytes]--><a class=\"bold\" href=\"http:\/\/media.obvsg.at\/AC07806981\">Untersuchungen zur entz\u00fcndlichen Beteiligung des Sinus maxillaris bei parodontalem interradikul\u00e4rem Knochenverlust der Oberkiefermolaren &#8211; eine retrospektive Untersuchung computertomographischer Aufnahmen <\/a><br \/>\nRexhepi, Lundrim<br \/>\nMedizinische Universit\u00e4t Wien, Universit\u00e4tsklinik f\u00fcr Zahn-, Mund- und Kieferheilkunde<br \/>\n2010 \u00a0\u00a0\u00a0\u00a0 <img decoding=\"async\" src=\"http:\/\/media.obvsg.at\/verbund.gif\" border=\"0\" alt=\"verbundicon\" \/> <a class=\"edoc\" href=\"http:\/\/aleph20-prod-acc.obvsg.at\/F?func=find-b&amp;find_code=IDN&amp;local_base=acc01&amp;request=AC07806981\" target=\"_blank\">zum Katalog<\/a><br \/>\n<!-- type:  Volltext extern--><!-- project:  --><!-- size:   1.2 MBytes--><!-- format:  pdf--><a class=\"edoc\" href=\"http:\/\/media.obvsg.at\/display_object-id=438447\"><!--img border=\"0\" src=\"pdf.jpg\" alt=\"Volltext extern\" width=\"15px\" \/--><img decoding=\"async\" src=\"http:\/\/media.obvsg.at\/pdf.jpg\" border=\"0\" alt=\"\" width=\"15\" \/> [Volltext extern ( 1.2 MBytes) ]<\/a><br \/>\n&#8212;&#8212;&#8212;&#8212;&#8212;&#8212;&#8212;&#8212;&#8212;&#8212;&#8212;&#8212;&#8212;&#8212;&#8212;&#8212;&#8212;&#8212;&#8212;&#8212;&#8212;&#8212;&#8212;&#8212;&#8212;&#8212;&#8212;&#8212;&#8212;&#8212;&#8212;&#8212;<\/td>\n<\/tr>\n<tr>\n<td class=\"eventhumb\">2<\/td>\n<td class=\"even\" align=\"left\"><!-- THP and its homologue GP2: Characterization of their binding to scavenger receptors  [Volltext extern, pdf \/ 4.5 MBytes]--><a class=\"bold\" href=\"http:\/\/media.obvsg.at\/AC07808722\">THP and its homologue GP2: Characterization of their binding to scavenger receptors <\/a><br \/>\nH\u00f6lzl, Markus Abraham<br \/>\nMedizinische Universit\u00e4t Wien, Zentrum f\u00fcr Physiologie und Pathophysiologie<br \/>\n2010 \u00a0\u00a0\u00a0\u00a0 <img decoding=\"async\" src=\"http:\/\/media.obvsg.at\/verbund.gif\" border=\"0\" alt=\"verbundicon\" \/> <a class=\"edoc\" href=\"http:\/\/aleph20-prod-acc.obvsg.at\/F?func=find-b&amp;find_code=IDN&amp;local_base=acc01&amp;request=AC07808722\" target=\"_blank\">zum Katalog<\/a><br \/>\n<!-- type:  Volltext extern--><!-- project:  --><!-- size:   4.5 MBytes--><!-- format:  pdf--><a class=\"edoc\" href=\"http:\/\/media.obvsg.at\/display_object-id=479196\"><!--img border=\"0\" src=\"pdf.jpg\" alt=\"Volltext extern\" width=\"15px\" \/--><img decoding=\"async\" src=\"http:\/\/media.obvsg.at\/pdf.jpg\" border=\"0\" alt=\"\" width=\"15\" \/> [Volltext extern ( 4.5 MBytes) ]<\/a><br \/>\n&#8212;&#8212;&#8212;&#8212;&#8212;&#8212;&#8212;&#8212;&#8212;&#8212;&#8212;&#8212;&#8212;&#8212;&#8212;&#8212;&#8212;&#8212;&#8212;&#8212;&#8212;&#8212;&#8212;&#8212;&#8212;&#8212;&#8212;&#8212;&#8212;&#8212;&#8212;&#8212;<\/td>\n<\/tr>\n<tr>\n<td class=\"oddthumb\">3<\/td>\n<td class=\"odd\" align=\"left\"><!-- The role of signal transducer and activator of transcription 5 in liver fibrosis  [Volltext extern, pdf \/ 6.1 MBytes]--><a class=\"bold\" href=\"http:\/\/media.obvsg.at\/AC07808144\">The role of signal transducer and activator of transcription 5 in liver fibrosis <\/a><br \/>\nBlaas, Leander<br \/>\nMedizinische Universit\u00e4t Wien, Ludwig Boltzmann Institut f\u00fcr Krebsforschung<br \/>\n2010 \u00a0\u00a0\u00a0\u00a0 <img decoding=\"async\" src=\"http:\/\/media.obvsg.at\/verbund.gif\" border=\"0\" alt=\"verbundicon\" \/> <a class=\"edoc\" href=\"http:\/\/aleph20-prod-acc.obvsg.at\/F?func=find-b&amp;find_code=IDN&amp;local_base=acc01&amp;request=AC07808144\" target=\"_blank\">zum Katalog<\/a><br \/>\n<!-- type:  Volltext extern--><!-- project:  --><!-- size:   6.1 MBytes--><!-- format:  pdf--><a class=\"edoc\" href=\"http:\/\/media.obvsg.at\/display_object-id=479186\"><!--img border=\"0\" src=\"pdf.jpg\" alt=\"Volltext extern\" width=\"15px\" \/--><img decoding=\"async\" src=\"http:\/\/media.obvsg.at\/pdf.jpg\" border=\"0\" alt=\"\" width=\"15\" \/> [Volltext extern ( 6.1 MBytes) ]<\/a><br \/>\n&#8212;&#8212;&#8212;&#8212;&#8212;&#8212;&#8212;&#8212;&#8212;&#8212;&#8212;&#8212;&#8212;&#8212;&#8212;&#8212;&#8212;&#8212;&#8212;&#8212;&#8212;&#8212;&#8212;&#8212;&#8212;&#8212;&#8212;&#8212;&#8212;&#8212;&#8212;&#8212;<\/td>\n<\/tr>\n<tr>\n<td class=\"eventhumb\">4<\/td>\n<td class=\"even\" align=\"left\"><!-- The role of deletions on chromosomes 7p and 20q in myeloproliferative disorders  [Volltext extern, pdf \/ 4.5 MBytes]--><a class=\"bold\" href=\"http:\/\/media.obvsg.at\/AC07808731\">The role of deletions on chromosomes 7p and 20q in myeloproliferative disorders <\/a><br \/>\nJaeger, Roland<br \/>\nMedizinische Universit\u00e4t Wien, CeMM &#8211; Center for Molecular Medicine of the Austrian Academy of Sciences<br \/>\n2010 \u00a0\u00a0\u00a0\u00a0 <img decoding=\"async\" src=\"http:\/\/media.obvsg.at\/verbund.gif\" border=\"0\" alt=\"verbundicon\" \/> <a class=\"edoc\" href=\"http:\/\/aleph20-prod-acc.obvsg.at\/F?func=find-b&amp;find_code=IDN&amp;local_base=acc01&amp;request=AC07808731\" target=\"_blank\">zum Katalog<\/a><br \/>\n<!-- type:  Volltext extern--><!-- project:  --><!-- size:   4.5 MBytes--><!-- format:  pdf--><a class=\"edoc\" href=\"http:\/\/media.obvsg.at\/display_object-id=479197\"><!--img border=\"0\" src=\"pdf.jpg\" alt=\"Volltext extern\" width=\"15px\" \/--><img decoding=\"async\" src=\"http:\/\/media.obvsg.at\/pdf.jpg\" border=\"0\" alt=\"\" width=\"15\" \/> [Volltext extern ( 4.5 MBytes) ]<\/a><br \/>\n&#8212;&#8212;&#8212;&#8212;&#8212;&#8212;&#8212;&#8212;&#8212;&#8212;&#8212;&#8212;&#8212;&#8212;&#8212;&#8212;&#8212;&#8212;&#8212;&#8212;&#8212;&#8212;&#8212;&#8212;&#8212;&#8212;&#8212;&#8212;&#8212;&#8212;&#8212;&#8212;<\/td>\n<\/tr>\n<tr>\n<td class=\"oddthumb\">5<\/td>\n<td class=\"odd\" align=\"left\"><!-- TGF-\u00df1 induced regulators in the control of Langerhans cell development and function  [Volltext extern, pdf \/ 8.0 MBytes]--><a class=\"bold\" href=\"http:\/\/media.obvsg.at\/AC07807444\">TGF-\u00df1 induced regulators in the control of Langerhans cell development and function <\/a><br \/>\nJurkin, Jennifer<br \/>\nMedizinische Universit\u00e4t Wien, Zentrum f\u00fcr Physiologie und Pathophysiologie<br \/>\n2010 \u00a0\u00a0\u00a0\u00a0 <img decoding=\"async\" src=\"http:\/\/media.obvsg.at\/verbund.gif\" border=\"0\" alt=\"verbundicon\" \/> <a class=\"edoc\" href=\"http:\/\/aleph20-prod-acc.obvsg.at\/F?func=find-b&amp;find_code=IDN&amp;local_base=acc01&amp;request=AC07807444\" target=\"_blank\">zum Katalog<\/a><br \/>\n<!-- type:  Volltext extern--><!-- project:  --><!-- size:   8.0 MBytes--><!-- format:  pdf--><a class=\"edoc\" href=\"http:\/\/media.obvsg.at\/display_object-id=474813\"><!--img border=\"0\" src=\"pdf.jpg\" alt=\"Volltext extern\" width=\"15px\" \/--><img decoding=\"async\" src=\"http:\/\/media.obvsg.at\/pdf.jpg\" border=\"0\" alt=\"\" width=\"15\" \/> [Volltext extern ( 8.0 MBytes) ]<\/a><br \/>\n&#8212;&#8212;&#8212;&#8212;&#8212;&#8212;&#8212;&#8212;&#8212;&#8212;&#8212;&#8212;&#8212;&#8212;&#8212;&#8212;&#8212;&#8212;&#8212;&#8212;&#8212;&#8212;&#8212;&#8212;&#8212;&#8212;&#8212;&#8212;&#8212;&#8212;&#8212;&#8212;<\/td>\n<\/tr>\n<tr>\n<td class=\"eventhumb\">6<\/td>\n<td class=\"even\" align=\"left\"><!-- Testing of specific adsorbents on endothelial cell activation in a two-step cell culture model of gram-negative sepsis  [Volltext extern, pdf \/ 4.5 MBytes]--><a class=\"bold\" href=\"http:\/\/media.obvsg.at\/AC07808736\">Testing of specific adsorbents on endothelial cell activation in a two-step cell culture model of gram-negative sepsis <\/a><br \/>\nSchildberger, Anita<br \/>\nMedizinische Universit\u00e4t Wien, Institut f\u00fcr Pharmakologie<br \/>\n2010 \u00a0\u00a0\u00a0\u00a0 <img decoding=\"async\" src=\"http:\/\/media.obvsg.at\/verbund.gif\" border=\"0\" alt=\"verbundicon\" \/> <a class=\"edoc\" href=\"http:\/\/aleph20-prod-acc.obvsg.at\/F?func=find-b&amp;find_code=IDN&amp;local_base=acc01&amp;request=AC07808736\" target=\"_blank\">zum Katalog<\/a><br \/>\n<!-- type:  Volltext extern--><!-- project:  --><!-- size:   4.5 MBytes--><!-- format:  pdf--><a class=\"edoc\" href=\"http:\/\/media.obvsg.at\/display_object-id=479198\"><!--img border=\"0\" src=\"pdf.jpg\" alt=\"Volltext extern\" width=\"15px\" \/--><img decoding=\"async\" src=\"http:\/\/media.obvsg.at\/pdf.jpg\" border=\"0\" alt=\"\" width=\"15\" \/> [Volltext extern ( 4.5 MBytes) ]<\/a><br \/>\n&#8212;&#8212;&#8212;&#8212;&#8212;&#8212;&#8212;&#8212;&#8212;&#8212;&#8212;&#8212;&#8212;&#8212;&#8212;&#8212;&#8212;&#8212;&#8212;&#8212;&#8212;&#8212;&#8212;&#8212;&#8212;&#8212;&#8212;&#8212;&#8212;&#8212;&#8212;&#8212;<\/td>\n<\/tr>\n<tr>\n<td class=\"oddthumb\">7<\/td>\n<td class=\"odd\" align=\"left\"><!-- STAT3 protects from liver injury and fibrosis during inflammatory liver damage  [Volltext extern, pdf \/ 13.2 MBytes]--><a class=\"bold\" href=\"http:\/\/media.obvsg.at\/AC07808143\">STAT3 protects from liver injury and fibrosis during inflammatory liver damage <\/a><br \/>\nMair, Markus<br \/>\nMedizinische Universit\u00e4t Wien, Ludwig Boltzmann Institute for Cancer Research<br \/>\n2010 \u00a0\u00a0\u00a0\u00a0 <img decoding=\"async\" src=\"http:\/\/media.obvsg.at\/verbund.gif\" border=\"0\" alt=\"verbundicon\" \/> <a class=\"edoc\" href=\"http:\/\/aleph20-prod-acc.obvsg.at\/F?func=find-b&amp;find_code=IDN&amp;local_base=acc01&amp;request=AC07808143\" target=\"_blank\">zum Katalog<\/a><br \/>\n<!-- type:  Volltext extern--><!-- project:  --><!-- size:   13.2 MBytes--><!-- format:  pdf--><a class=\"edoc\" href=\"http:\/\/media.obvsg.at\/display_object-id=479185\"><!--img border=\"0\" src=\"pdf.jpg\" alt=\"Volltext extern\" width=\"15px\" \/--><img decoding=\"async\" src=\"http:\/\/media.obvsg.at\/pdf.jpg\" border=\"0\" alt=\"\" width=\"15\" \/> [Volltext extern ( 13.2 MBytes) ]<\/a><br \/>\n&#8212;&#8212;&#8212;&#8212;&#8212;&#8212;&#8212;&#8212;&#8212;&#8212;&#8212;&#8212;&#8212;&#8212;&#8212;&#8212;&#8212;&#8212;&#8212;&#8212;&#8212;&#8212;&#8212;&#8212;&#8212;&#8212;&#8212;&#8212;&#8212;&#8212;&#8212;&#8212;<\/td>\n<\/tr>\n<tr>\n<td class=\"eventhumb\">8<\/td>\n<td class=\"even\" align=\"left\"><!-- Socket\/Ridge Preservation - eine Literatur\u00fcbersicht  [Volltext extern, pdf \/ 601.7 KBytes]--><a class=\"bold\" href=\"http:\/\/media.obvsg.at\/AC07806982\">Socket\/Ridge Preservation &#8211; eine Literatur\u00fcbersicht <\/a><br \/>\nNahler, Lucas<br \/>\nMedizinische Universit\u00e4t Wien, Universit\u00e4tsklinik f\u00fcr Zahn-, Mund- und Kieferheilkunde<br \/>\n2010 \u00a0\u00a0\u00a0\u00a0 <img decoding=\"async\" src=\"http:\/\/media.obvsg.at\/verbund.gif\" border=\"0\" alt=\"verbundicon\" \/> <a class=\"edoc\" href=\"http:\/\/aleph20-prod-acc.obvsg.at\/F?func=find-b&amp;find_code=IDN&amp;local_base=acc01&amp;request=AC07806982\" target=\"_blank\">zum Katalog<\/a><br \/>\n<!-- type:  Volltext extern--><!-- project:  --><!-- size:   601.7 KBytes--><!-- format:  pdf--><a class=\"edoc\" href=\"http:\/\/media.obvsg.at\/display_object-id=438448\"><!--img border=\"0\" src=\"pdf.jpg\" alt=\"Volltext extern\" width=\"15px\" \/--><img decoding=\"async\" src=\"http:\/\/media.obvsg.at\/pdf.jpg\" border=\"0\" alt=\"\" width=\"15\" \/> [Volltext extern ]<\/a><br \/>\n&#8212;&#8212;&#8212;&#8212;&#8212;&#8212;&#8212;&#8212;&#8212;&#8212;&#8212;&#8212;&#8212;&#8212;&#8212;&#8212;&#8212;&#8212;&#8212;&#8212;&#8212;&#8212;&#8212;&#8212;&#8212;&#8212;&#8212;&#8212;&#8212;&#8212;&#8212;&#8212;<\/td>\n<\/tr>\n<tr>\n<td class=\"oddthumb\">9<\/td>\n<td class=\"odd\" align=\"left\"><!-- Smoking-cessation - effects of medical hypnosis versus psychodeucation on the smoking habits of alcohol dependent smokers  [Volltext extern, pdf \/ 6.3 MBytes]--><a class=\"bold\" href=\"http:\/\/media.obvsg.at\/AC07808139\">Smoking-cessation &#8211; effects of medical hypnosis versus psychodeucation on the smoking habits of alcohol dependent smokers <\/a><br \/>\nHefler, Elisabeth<br \/>\nMedizinische Universit\u00e4t Wien, Universit\u00e4tsklinik f\u00fcr Psychiatrie<br \/>\n2010 \u00a0\u00a0\u00a0\u00a0 <img decoding=\"async\" src=\"http:\/\/media.obvsg.at\/verbund.gif\" border=\"0\" alt=\"verbundicon\" \/> <a class=\"edoc\" href=\"http:\/\/aleph20-prod-acc.obvsg.at\/F?func=find-b&amp;find_code=IDN&amp;local_base=acc01&amp;request=AC07808139\" target=\"_blank\">zum Katalog<\/a><br \/>\n<!-- type:  Volltext extern--><!-- project:  --><!-- size:   6.3 MBytes--><!-- format:  pdf--><a class=\"edoc\" href=\"http:\/\/media.obvsg.at\/display_object-id=479184\"><!--img border=\"0\" src=\"pdf.jpg\" alt=\"Volltext extern\" width=\"15px\" \/--><img decoding=\"async\" src=\"http:\/\/media.obvsg.at\/pdf.jpg\" border=\"0\" alt=\"\" width=\"15\" \/> [Volltext extern ( 6.3 MBytes) ]<\/a><br \/>\n&#8212;&#8212;&#8212;&#8212;&#8212;&#8212;&#8212;&#8212;&#8212;&#8212;&#8212;&#8212;&#8212;&#8212;&#8212;&#8212;&#8212;&#8212;&#8212;&#8212;&#8212;&#8212;&#8212;&#8212;&#8212;&#8212;&#8212;&#8212;&#8212;&#8212;&#8212;&#8212;<\/td>\n<\/tr>\n<tr>\n<td class=\"eventhumb\">10<\/td>\n<td class=\"even\" align=\"left\"><!-- Retrospektive Pilotstudie zur Evaluierung eines implantatprothetischen Behandlungskonzeptes (NobelGuideTM)  [Volltext extern, pdf \/ 869.5 KBytes]--><a class=\"bold\" href=\"http:\/\/media.obvsg.at\/AC07806983\">Retrospektive Pilotstudie zur Evaluierung eines implantatprothetischen Behandlungskonzeptes (NobelGuideTM) <\/a><br \/>\nEder, Carina<br \/>\nMedizinische Universit\u00e4t Wien, Universit\u00e4tsklinik f\u00fcr Zahn-, Mund- und Kieferheilkunde<br \/>\n2010 \u00a0\u00a0\u00a0\u00a0 <img decoding=\"async\" src=\"http:\/\/media.obvsg.at\/verbund.gif\" border=\"0\" alt=\"verbundicon\" \/> <a class=\"edoc\" href=\"http:\/\/aleph20-prod-acc.obvsg.at\/F?func=find-b&amp;find_code=IDN&amp;local_base=acc01&amp;request=AC07806983\" target=\"_blank\">zum Katalog<\/a><br \/>\n<!-- type:  Volltext extern--><!-- project:  --><!-- size:   869.5 KBytes--><!-- format:  pdf--><a class=\"edoc\" href=\"http:\/\/media.obvsg.at\/display_object-id=438449\"><!--img border=\"0\" src=\"pdf.jpg\" alt=\"Volltext extern\" width=\"15px\" \/--><img decoding=\"async\" src=\"http:\/\/media.obvsg.at\/pdf.jpg\" border=\"0\" alt=\"\" width=\"15\" \/> [Volltext extern ]<\/a><br \/>\n&#8212;&#8212;&#8212;&#8212;&#8212;&#8212;&#8212;&#8212;&#8212;&#8212;&#8212;&#8212;&#8212;&#8212;&#8212;&#8212;&#8212;&#8212;&#8212;&#8212;&#8212;&#8212;&#8212;&#8212;&#8212;&#8212;&#8212;&#8212;&#8212;&#8212;&#8212;&#8212;<\/td>\n<\/tr>\n<tr>\n<td class=\"oddthumb\">11<\/td>\n<td class=\"odd\" align=\"left\"><!-- Proteomic study of hydrophobic (membrane) proteins and complexes  [Volltext extern, pdf \/ 8.7 MBytes]--><a class=\"bold\" href=\"http:\/\/media.obvsg.at\/AC07808430\">Proteomic study of hydrophobic (membrane) proteins and complexes <\/a><br \/>\nSung Ung, Kang<br \/>\nMedizinische Universit\u00e4t Wien, Universit\u00e4tsklinik f\u00fcr Kinder- und Jugendheilkunde<br \/>\n2010 \u00a0\u00a0\u00a0\u00a0 <img decoding=\"async\" src=\"http:\/\/media.obvsg.at\/verbund.gif\" border=\"0\" alt=\"verbundicon\" \/> <a class=\"edoc\" href=\"http:\/\/aleph20-prod-acc.obvsg.at\/F?func=find-b&amp;find_code=IDN&amp;local_base=acc01&amp;request=AC07808430\" target=\"_blank\">zum Katalog<\/a><br \/>\n<!-- type:  Volltext extern--><!-- project:  --><!-- size:   8.7 MBytes--><!-- format:  pdf--><a class=\"edoc\" href=\"http:\/\/media.obvsg.at\/display_object-id=479192\"><!--img border=\"0\" src=\"pdf.jpg\" alt=\"Volltext extern\" width=\"15px\" \/--><img decoding=\"async\" src=\"http:\/\/media.obvsg.at\/pdf.jpg\" border=\"0\" alt=\"\" width=\"15\" \/> [Volltext extern ( 8.7 MBytes) ]<\/a><br \/>\n&#8212;&#8212;&#8212;&#8212;&#8212;&#8212;&#8212;&#8212;&#8212;&#8212;&#8212;&#8212;&#8212;&#8212;&#8212;&#8212;&#8212;&#8212;&#8212;&#8212;&#8212;&#8212;&#8212;&#8212;&#8212;&#8212;&#8212;&#8212;&#8212;&#8212;&#8212;&#8212;<\/td>\n<\/tr>\n<tr>\n<td class=\"eventhumb\">12<\/td>\n<td class=\"even\" align=\"left\"><!-- Protektive Faktoren und Risikofaktoren von Suizidalit\u00e4t bei BewohnerInnen Wiener Pensionisten-Wohnh\u00e4user  [Volltext extern, pdf \/ 1.9 MBytes]--><a class=\"bold\" href=\"http:\/\/media.obvsg.at\/AC07808580\">Protektive Faktoren und Risikofaktoren von Suizidalit\u00e4t bei BewohnerInnen Wiener Pensionisten-Wohnh\u00e4user <\/a><br \/>\nMalfent, Daniela<br \/>\nMedizinische Universit\u00e4t Wien, Institut f\u00fcr Medizinische Psychologie<br \/>\n2010 \u00a0\u00a0\u00a0\u00a0 <img decoding=\"async\" src=\"http:\/\/media.obvsg.at\/verbund.gif\" border=\"0\" alt=\"verbundicon\" \/> <a class=\"edoc\" href=\"http:\/\/aleph20-prod-acc.obvsg.at\/F?func=find-b&amp;find_code=IDN&amp;local_base=acc01&amp;request=AC07808580\" target=\"_blank\">zum Katalog<\/a><br \/>\n<!-- type:  Volltext extern--><!-- project:  --><!-- size:   1.9 MBytes--><!-- format:  pdf--><a class=\"edoc\" href=\"http:\/\/media.obvsg.at\/display_object-id=479194\"><!--img border=\"0\" src=\"pdf.jpg\" alt=\"Volltext extern\" width=\"15px\" \/--><img decoding=\"async\" src=\"http:\/\/media.obvsg.at\/pdf.jpg\" border=\"0\" alt=\"\" width=\"15\" \/> [Volltext extern ( 1.9 MBytes) ]<\/a><br \/>\n&#8212;&#8212;&#8212;&#8212;&#8212;&#8212;&#8212;&#8212;&#8212;&#8212;&#8212;&#8212;&#8212;&#8212;&#8212;&#8212;&#8212;&#8212;&#8212;&#8212;&#8212;&#8212;&#8212;&#8212;&#8212;&#8212;&#8212;&#8212;&#8212;&#8212;&#8212;&#8212;<\/td>\n<\/tr>\n<tr>\n<td class=\"oddthumb\">13<\/td>\n<td class=\"odd\" align=\"left\"><!-- Proof of concept to collect and pre-enrich circulating tumor cells using leukapheresis, elutriation and fluorescence-activated cell sorting  [Volltext extern, pdf \/ 10.2 MBytes]--><a class=\"bold\" href=\"http:\/\/media.obvsg.at\/AC07808418\">Proof of concept to collect and pre-enrich circulating tumor cells using leukapheresis, elutriation and fluorescence-activated cell sorting <\/a><br \/>\nEifler, Robert<br \/>\nMedizinische Universit\u00e4t Wien, Universit\u00e4tsklinik f\u00fcr Frauenheilkunde<br \/>\n2010 \u00a0\u00a0\u00a0\u00a0 <img decoding=\"async\" src=\"http:\/\/media.obvsg.at\/verbund.gif\" border=\"0\" alt=\"verbundicon\" \/> <a class=\"edoc\" href=\"http:\/\/aleph20-prod-acc.obvsg.at\/F?func=find-b&amp;find_code=IDN&amp;local_base=acc01&amp;request=AC07808418\" target=\"_blank\">zum Katalog<\/a><br \/>\n<!-- type:  Volltext extern--><!-- project:  --><!-- size:   10.2 MBytes--><!-- format:  pdf--><a class=\"edoc\" href=\"http:\/\/media.obvsg.at\/display_object-id=479191\"><!--img border=\"0\" src=\"pdf.jpg\" alt=\"Volltext extern\" width=\"15px\" \/--><img decoding=\"async\" src=\"http:\/\/media.obvsg.at\/pdf.jpg\" border=\"0\" alt=\"\" width=\"15\" \/> [Volltext extern ( 10.2 MBytes) ]<\/a><br \/>\n&#8212;&#8212;&#8212;&#8212;&#8212;&#8212;&#8212;&#8212;&#8212;&#8212;&#8212;&#8212;&#8212;&#8212;&#8212;&#8212;&#8212;&#8212;&#8212;&#8212;&#8212;&#8212;&#8212;&#8212;&#8212;&#8212;&#8212;&#8212;&#8212;&#8212;&#8212;&#8212;<\/td>\n<\/tr>\n<tr>\n<td class=\"eventhumb\">14<\/td>\n<td class=\"even\" align=\"left\"><!-- Patterns of inflammation and tissue injury in acute-relapsing versus progressive multiple sclerosis  [Volltext extern, pdf \/ 2.7 MBytes]--><a class=\"bold\" href=\"http:\/\/media.obvsg.at\/AC07808030\">Patterns of inflammation and tissue injury in acute-relapsing versus progressive multiple sclerosis <\/a><br \/>\nFrischer, Josa<br \/>\nMedizinische Universit\u00e4t Wien, Zentrum f\u00fcr Hirnforschung<br \/>\n2010 \u00a0\u00a0\u00a0\u00a0 <img decoding=\"async\" src=\"http:\/\/media.obvsg.at\/verbund.gif\" border=\"0\" alt=\"verbundicon\" \/> <a class=\"edoc\" href=\"http:\/\/aleph20-prod-acc.obvsg.at\/F?func=find-b&amp;find_code=IDN&amp;local_base=acc01&amp;request=AC07808030\" target=\"_blank\">zum Katalog<\/a><br \/>\n<!-- type:  Volltext extern--><!-- project:  --><!-- size:   2.7 MBytes--><!-- format:  pdf--><a class=\"edoc\" href=\"http:\/\/media.obvsg.at\/display_object-id=479182\"><!--img border=\"0\" src=\"pdf.jpg\" alt=\"Volltext extern\" width=\"15px\" \/--><img decoding=\"async\" src=\"http:\/\/media.obvsg.at\/pdf.jpg\" border=\"0\" alt=\"\" width=\"15\" \/> [Volltext extern ( 2.7 MBytes) ]<\/a><br \/>\n&#8212;&#8212;&#8212;&#8212;&#8212;&#8212;&#8212;&#8212;&#8212;&#8212;&#8212;&#8212;&#8212;&#8212;&#8212;&#8212;&#8212;&#8212;&#8212;&#8212;&#8212;&#8212;&#8212;&#8212;&#8212;&#8212;&#8212;&#8212;&#8212;&#8212;&#8212;&#8212;<\/td>\n<\/tr>\n<tr>\n<td class=\"oddthumb\">15<\/td>\n<td class=\"odd\" align=\"left\"><!-- Osteopontin in obesity-associated adipose tissue inflammation and insulin resistance and its interference with monocyte chemoattractant protein-1  [Volltext extern, pdf \/ 1.6 MBytes]--><a class=\"bold\" href=\"http:\/\/media.obvsg.at\/AC07807519\">Osteopontin in obesity-associated adipose tissue inflammation and insulin resistance and its interference with monocyte chemoattractant protein-1 <\/a><br \/>\nKiefer, Florian<br \/>\nMedizinische Universit\u00e4t Wien, Universit\u00e4tsklinik f\u00fcr Innere Medizin III<br \/>\n2010 \u00a0\u00a0\u00a0\u00a0 <img decoding=\"async\" src=\"http:\/\/media.obvsg.at\/verbund.gif\" border=\"0\" alt=\"verbundicon\" \/> <a class=\"edoc\" href=\"http:\/\/aleph20-prod-acc.obvsg.at\/F?func=find-b&amp;find_code=IDN&amp;local_base=acc01&amp;request=AC07807519\" target=\"_blank\">zum Katalog<\/a><br \/>\n<!-- type:  Volltext extern--><!-- project:  --><!-- size:   1.6 MBytes--><!-- format:  pdf--><a class=\"edoc\" href=\"http:\/\/media.obvsg.at\/display_object-id=479180\"><!--img border=\"0\" src=\"pdf.jpg\" alt=\"Volltext extern\" width=\"15px\" \/--><img decoding=\"async\" src=\"http:\/\/media.obvsg.at\/pdf.jpg\" border=\"0\" alt=\"\" width=\"15\" \/> [Volltext extern ( 1.6 MBytes) ]<\/a><br \/>\n&#8212;&#8212;&#8212;&#8212;&#8212;&#8212;&#8212;&#8212;&#8212;&#8212;&#8212;&#8212;&#8212;&#8212;&#8212;&#8212;&#8212;&#8212;&#8212;&#8212;&#8212;&#8212;&#8212;&#8212;&#8212;&#8212;&#8212;&#8212;&#8212;&#8212;&#8212;&#8212;<\/td>\n<\/tr>\n<\/tbody>\n<\/table>\n<table border=\"0\" cellspacing=\"0\" cellpadding=\"0\" width=\"80%\" align=\"center\">\n<tbody>\n<tr>\n<td class=\"eventhumb\">16<\/td>\n<td class=\"even\" align=\"left\"><!-- Orthodontische Attachments f\u00fcr impaktierte Z\u00e4hne - eine Scherkraftvermessung von &quot;Eyelet&quot; und &quot;Caplinhook&quot;  [Volltext extern, pdf \/ 7.6 MBytes]--><a class=\"bold\" href=\"http:\/\/media.obvsg.at\/AC07806580\">Orthodontische Attachments f\u00fcr impaktierte Z\u00e4hne &#8211; eine Scherkraftvermessung von &#8222;Eyelet&#8220; und &#8222;Caplinhook&#8220; <\/a><br \/>\nKlotz, Astrid<br \/>\nMedizinische Universit\u00e4t Wien, Universit\u00e4tsklinik f\u00fcr Zahn-, Mund- und Kieferheilkunde<br \/>\n2010 \u00a0\u00a0\u00a0\u00a0 <img decoding=\"async\" src=\"http:\/\/media.obvsg.at\/verbund.gif\" border=\"0\" alt=\"verbundicon\" \/> <a class=\"edoc\" href=\"http:\/\/aleph20-prod-acc.obvsg.at\/F?func=find-b&amp;find_code=IDN&amp;local_base=acc01&amp;request=AC07806580\" target=\"_blank\">zum Katalog<\/a><br \/>\n<!-- type:  Volltext extern--><!-- project:  --><!-- size:   7.6 MBytes--><!-- format:  pdf--><a class=\"edoc\" href=\"http:\/\/media.obvsg.at\/display_object-id=438436\"><!--img border=\"0\" src=\"pdf.jpg\" alt=\"Volltext extern\" width=\"15px\" \/--><img decoding=\"async\" src=\"http:\/\/media.obvsg.at\/pdf.jpg\" border=\"0\" alt=\"\" width=\"15\" \/> [Volltext extern ( 7.6 MBytes) ]<\/a><br \/>\n&#8212;&#8212;&#8212;&#8212;&#8212;&#8212;&#8212;&#8212;&#8212;&#8212;&#8212;&#8212;&#8212;&#8212;&#8212;&#8212;&#8212;&#8212;&#8212;&#8212;&#8212;&#8212;&#8212;&#8212;&#8212;&#8212;&#8212;&#8212;&#8212;&#8212;&#8212;&#8212;<\/td>\n<\/tr>\n<tr>\n<td class=\"oddthumb\">17<\/td>\n<td class=\"odd\" align=\"left\"><!-- Leistungsabbildung der Abteilung f\u00fcr Spezielle Gyn\u00e4kologie  [Volltext extern, pdf \/ 6.3 MBytes]--><a class=\"bold\" href=\"http:\/\/media.obvsg.at\/AC07808311\">Leistungsabbildung der Abteilung f\u00fcr Spezielle Gyn\u00e4kologie <\/a><br \/>\nAnker, Birgit Christine<br \/>\nMedizinische Universit\u00e4t Wien, Universit\u00e4tsklinik f\u00fcr Frauenheilkunde<br \/>\nIstzustand und Optimierung der Leistungsabbildung-mit besonderem Augenmerk auf die operativen Leistungen \/ 2010 \u00a0\u00a0\u00a0\u00a0 <img decoding=\"async\" src=\"http:\/\/media.obvsg.at\/verbund.gif\" border=\"0\" alt=\"verbundicon\" \/> <a class=\"edoc\" href=\"http:\/\/aleph20-prod-acc.obvsg.at\/F?func=find-b&amp;find_code=IDN&amp;local_base=acc01&amp;request=AC07808311\" target=\"_blank\">zum Katalog<\/a><br \/>\n<!-- type:  Volltext extern--><!-- project:  --><!-- size:   6.3 MBytes--><!-- format:  pdf--><a class=\"edoc\" href=\"http:\/\/media.obvsg.at\/display_object-id=479189\"><!--img border=\"0\" src=\"pdf.jpg\" alt=\"Volltext extern\" width=\"15px\" \/--><img decoding=\"async\" src=\"http:\/\/media.obvsg.at\/pdf.jpg\" border=\"0\" alt=\"\" width=\"15\" \/> [Volltext extern ( 6.3 MBytes) ]<\/a><br \/>\n&#8212;&#8212;&#8212;&#8212;&#8212;&#8212;&#8212;&#8212;&#8212;&#8212;&#8212;&#8212;&#8212;&#8212;&#8212;&#8212;&#8212;&#8212;&#8212;&#8212;&#8212;&#8212;&#8212;&#8212;&#8212;&#8212;&#8212;&#8212;&#8212;&#8212;&#8212;&#8212;<\/td>\n<\/tr>\n<tr>\n<td class=\"eventhumb\">18<\/td>\n<td class=\"even\" align=\"left\"><!-- Ki-67 staining and CFSE labelling for determination of HCV specific proliferative CD4 T-cell responses in acute HCV infection  [Volltext extern, pdf \/ 4.8 MBytes]--><a class=\"bold\" href=\"http:\/\/media.obvsg.at\/AC07808252\">Ki-67 staining and CFSE labelling for determination of HCV specific proliferative CD4 T-cell responses in acute HCV infection <\/a><br \/>\nManhart, Rene<br \/>\nMedizinische Universit\u00e4t Wien, Klinisches Institut f\u00fcr Virologie<br \/>\n2010 \u00a0\u00a0\u00a0\u00a0 <img decoding=\"async\" src=\"http:\/\/media.obvsg.at\/verbund.gif\" border=\"0\" alt=\"verbundicon\" \/> <a class=\"edoc\" href=\"http:\/\/aleph20-prod-acc.obvsg.at\/F?func=find-b&amp;find_code=IDN&amp;local_base=acc01&amp;request=AC07808252\" target=\"_blank\">zum Katalog<\/a><br \/>\n<!-- type:  Volltext extern--><!-- project:  --><!-- size:   4.8 MBytes--><!-- format:  pdf--><a class=\"edoc\" href=\"http:\/\/media.obvsg.at\/display_object-id=479188\"><!--img border=\"0\" src=\"pdf.jpg\" alt=\"Volltext extern\" width=\"15px\" \/--><img decoding=\"async\" src=\"http:\/\/media.obvsg.at\/pdf.jpg\" border=\"0\" alt=\"\" width=\"15\" \/> [Volltext extern ( 4.8 MBytes) ]<\/a><br \/>\n&#8212;&#8212;&#8212;&#8212;&#8212;&#8212;&#8212;&#8212;&#8212;&#8212;&#8212;&#8212;&#8212;&#8212;&#8212;&#8212;&#8212;&#8212;&#8212;&#8212;&#8212;&#8212;&#8212;&#8212;&#8212;&#8212;&#8212;&#8212;&#8212;&#8212;&#8212;&#8212;<\/td>\n<\/tr>\n<tr>\n<td class=\"oddthumb\">19<\/td>\n<td class=\"odd\" align=\"left\"><!-- Investigations into effective connectivity using dynamic causal modeling based on functional MRI  [Volltext extern, pdf \/ 3.8 MBytes]--><a class=\"bold\" href=\"http:\/\/media.obvsg.at\/AC07808152\">Investigations into effective connectivity using dynamic causal modeling based on functional MRI <\/a><br \/>\nKasess, Christian Herbert<br \/>\nMedizinische Universit\u00e4t Wien, Zentrum f\u00fcr Biomedizinische Technik und Physik<br \/>\n2010 \u00a0\u00a0\u00a0\u00a0 <img decoding=\"async\" src=\"http:\/\/media.obvsg.at\/verbund.gif\" border=\"0\" alt=\"verbundicon\" \/> <a class=\"edoc\" href=\"http:\/\/aleph20-prod-acc.obvsg.at\/F?func=find-b&amp;find_code=IDN&amp;local_base=acc01&amp;request=AC07808152\" target=\"_blank\">zum Katalog<\/a><br \/>\n<!-- type:  Volltext extern--><!-- project:  --><!-- size:   3.8 MBytes--><!-- format:  pdf--><a class=\"edoc\" href=\"http:\/\/media.obvsg.at\/display_object-id=479187\"><!--img border=\"0\" src=\"pdf.jpg\" alt=\"Volltext extern\" width=\"15px\" \/--><img decoding=\"async\" src=\"http:\/\/media.obvsg.at\/pdf.jpg\" border=\"0\" alt=\"\" width=\"15\" \/> [Volltext extern ( 3.8 MBytes) ]<\/a><br \/>\n&#8212;&#8212;&#8212;&#8212;&#8212;&#8212;&#8212;&#8212;&#8212;&#8212;&#8212;&#8212;&#8212;&#8212;&#8212;&#8212;&#8212;&#8212;&#8212;&#8212;&#8212;&#8212;&#8212;&#8212;&#8212;&#8212;&#8212;&#8212;&#8212;&#8212;&#8212;&#8212;<\/td>\n<\/tr>\n<tr>\n<td class=\"eventhumb\">20<\/td>\n<td class=\"even\" align=\"left\"><!-- Inverse planning and class solutions for brachytherapy treatment planning  [Volltext extern, pdf \/ 4.5 MBytes]--><a class=\"bold\" href=\"http:\/\/media.obvsg.at\/AC07808622\">Inverse planning and class solutions for brachytherapy treatment planning <\/a><br \/>\nTrnkova, Petra<br \/>\nMedizinische Universit\u00e4t Wien, Universit\u00e4tsklinik f\u00fcr Strahlentherapie und Strahlenbiologie<br \/>\n2010 \u00a0\u00a0\u00a0\u00a0 <img decoding=\"async\" src=\"http:\/\/media.obvsg.at\/verbund.gif\" border=\"0\" alt=\"verbundicon\" \/> <a class=\"edoc\" href=\"http:\/\/aleph20-prod-acc.obvsg.at\/F?func=find-b&amp;find_code=IDN&amp;local_base=acc01&amp;request=AC07808622\" target=\"_blank\">zum Katalog<\/a><br \/>\n<!-- type:  Volltext extern--><!-- project:  --><!-- size:   4.5 MBytes--><!-- format:  pdf--><a class=\"edoc\" href=\"http:\/\/media.obvsg.at\/display_object-id=479195\"><!--img border=\"0\" src=\"pdf.jpg\" alt=\"Volltext extern\" width=\"15px\" \/--><img decoding=\"async\" src=\"http:\/\/media.obvsg.at\/pdf.jpg\" border=\"0\" alt=\"\" width=\"15\" \/> [Volltext extern ( 4.5 MBytes) ]<\/a><br \/>\n&#8212;&#8212;&#8212;&#8212;&#8212;&#8212;&#8212;&#8212;&#8212;&#8212;&#8212;&#8212;&#8212;&#8212;&#8212;&#8212;&#8212;&#8212;&#8212;&#8212;&#8212;&#8212;&#8212;&#8212;&#8212;&#8212;&#8212;&#8212;&#8212;&#8212;&#8212;&#8212;<\/td>\n<\/tr>\n<tr>\n<td class=\"oddthumb\">21<\/td>\n<td class=\"odd\" align=\"left\"><!-- Influence of sequence protocol variations on MR image texture at 3.0 Tesla  [Volltext extern, pdf \/ 2.7 MBytes]--><a class=\"bold\" href=\"http:\/\/media.obvsg.at\/AC07807678\">Influence of sequence protocol variations on MR image texture at 3.0 Tesla <\/a><br \/>\nMayerh\u00f6fer, Marius Erik<br \/>\nMedizinische Universit\u00e4t Wien, Universit\u00e4tsklinik f\u00fcr Radiodiagnostik<br \/>\nimplications for texture-based pattern classification in a clinical setting \/ 2010 \u00a0\u00a0\u00a0\u00a0 <img decoding=\"async\" src=\"http:\/\/media.obvsg.at\/verbund.gif\" border=\"0\" alt=\"verbundicon\" \/> <a class=\"edoc\" href=\"http:\/\/aleph20-prod-acc.obvsg.at\/F?func=find-b&amp;find_code=IDN&amp;local_base=acc01&amp;request=AC07807678\" target=\"_blank\">zum Katalog<\/a><br \/>\n<!-- type:  Volltext extern--><!-- project:  --><!-- size:   2.7 MBytes--><!-- format:  pdf--><a class=\"edoc\" href=\"http:\/\/media.obvsg.at\/display_object-id=474814\"><!--img border=\"0\" src=\"pdf.jpg\" alt=\"Volltext extern\" width=\"15px\" \/--><img decoding=\"async\" src=\"http:\/\/media.obvsg.at\/pdf.jpg\" border=\"0\" alt=\"\" width=\"15\" \/> [Volltext extern ( 2.7 MBytes) ]<\/a><br \/>\n&#8212;&#8212;&#8212;&#8212;&#8212;&#8212;&#8212;&#8212;&#8212;&#8212;&#8212;&#8212;&#8212;&#8212;&#8212;&#8212;&#8212;&#8212;&#8212;&#8212;&#8212;&#8212;&#8212;&#8212;&#8212;&#8212;&#8212;&#8212;&#8212;&#8212;&#8212;&#8212;<\/td>\n<\/tr>\n<tr>\n<td class=\"eventhumb\">22<\/td>\n<td class=\"even\" align=\"left\"><!-- Induction of synaptic long-term potentiation after opioid withdrawal  [Volltext extern, pdf \/ 7.5 MBytes]--><a class=\"bold\" href=\"http:\/\/media.obvsg.at\/AC07808003\">Induction of synaptic long-term potentiation after opioid withdrawal <\/a><br \/>\nGassner, Matthias<br \/>\nMedizinische Universit\u00e4t Wien, Zentrum f\u00fcr Hirnforschung<br \/>\n2010 \u00a0\u00a0\u00a0\u00a0 <img decoding=\"async\" src=\"http:\/\/media.obvsg.at\/verbund.gif\" border=\"0\" alt=\"verbundicon\" \/> <a class=\"edoc\" href=\"http:\/\/aleph20-prod-acc.obvsg.at\/F?func=find-b&amp;find_code=IDN&amp;local_base=acc01&amp;request=AC07808003\" target=\"_blank\">zum Katalog<\/a><br \/>\n<!-- type:  Volltext extern--><!-- project:  --><!-- size:   7.5 MBytes--><!-- format:  pdf--><a class=\"edoc\" href=\"http:\/\/media.obvsg.at\/display_object-id=479181\"><!--img border=\"0\" src=\"pdf.jpg\" alt=\"Volltext extern\" width=\"15px\" \/--><img decoding=\"async\" src=\"http:\/\/media.obvsg.at\/pdf.jpg\" border=\"0\" alt=\"\" width=\"15\" \/> [Volltext extern ( 7.5 MBytes) ]<\/a><br \/>\n&#8212;&#8212;&#8212;&#8212;&#8212;&#8212;&#8212;&#8212;&#8212;&#8212;&#8212;&#8212;&#8212;&#8212;&#8212;&#8212;&#8212;&#8212;&#8212;&#8212;&#8212;&#8212;&#8212;&#8212;&#8212;&#8212;&#8212;&#8212;&#8212;&#8212;&#8212;&#8212;<\/td>\n<\/tr>\n<tr>\n<td class=\"oddthumb\">23<\/td>\n<td class=\"odd\" align=\"left\"><!-- Implantologische Langzeiterfolge nach Alveolarkamm-Distraktionsosteogenese  [Volltext extern, pdf \/ 2.5 MBytes]--><a class=\"bold\" href=\"http:\/\/media.obvsg.at\/AC07807218\">Implantologische Langzeiterfolge nach Alveolarkamm-Distraktionsosteogenese <\/a><br \/>\nGeisler, Philipp<br \/>\nMedizinische Universit\u00e4t Wien, Institut f\u00fcr Mund-, Kiefer-, Gesichtschirurgie und Zahnheilkunde, Krankenhaus Hietzing<br \/>\n2010 \u00a0\u00a0\u00a0\u00a0 <img decoding=\"async\" src=\"http:\/\/media.obvsg.at\/verbund.gif\" border=\"0\" alt=\"verbundicon\" \/> <a class=\"edoc\" href=\"http:\/\/aleph20-prod-acc.obvsg.at\/F?func=find-b&amp;find_code=IDN&amp;local_base=acc01&amp;request=AC07807218\" target=\"_blank\">zum Katalog<\/a><br \/>\n<!-- type:  Volltext extern--><!-- project:  --><!-- size:   2.5 MBytes--><!-- format:  pdf--><a class=\"edoc\" href=\"http:\/\/media.obvsg.at\/display_object-id=438453\"><!--img border=\"0\" src=\"pdf.jpg\" alt=\"Volltext extern\" width=\"15px\" \/--><img decoding=\"async\" src=\"http:\/\/media.obvsg.at\/pdf.jpg\" border=\"0\" alt=\"\" width=\"15\" \/> [Volltext extern ( 2.5 MBytes) ]<\/a><br \/>\n&#8212;&#8212;&#8212;&#8212;&#8212;&#8212;&#8212;&#8212;&#8212;&#8212;&#8212;&#8212;&#8212;&#8212;&#8212;&#8212;&#8212;&#8212;&#8212;&#8212;&#8212;&#8212;&#8212;&#8212;&#8212;&#8212;&#8212;&#8212;&#8212;&#8212;&#8212;&#8212;<\/td>\n<\/tr>\n<tr>\n<td class=\"eventhumb\">24<\/td>\n<td class=\"even\" align=\"left\"><!-- Implantate im parodontalgesch\u00e4digten Gebiss  [Volltext extern, pdf \/ 5.2 MBytes]--><a class=\"bold\" href=\"http:\/\/media.obvsg.at\/AC07806775\">Implantate im parodontalgesch\u00e4digten Gebiss <\/a><br \/>\nMaschek, Alexandra<br \/>\nMedizinische Universit\u00e4t Wien, Universit\u00e4tsklinik f\u00fcr Zahn-, Mund- und Kieferheilkunde<br \/>\n2010 \u00a0\u00a0\u00a0\u00a0 <img decoding=\"async\" src=\"http:\/\/media.obvsg.at\/verbund.gif\" border=\"0\" alt=\"verbundicon\" \/> <a class=\"edoc\" href=\"http:\/\/aleph20-prod-acc.obvsg.at\/F?func=find-b&amp;find_code=IDN&amp;local_base=acc01&amp;request=AC07806775\" target=\"_blank\">zum Katalog<\/a><br \/>\n<!-- type:  Volltext extern--><!-- project:  --><!-- size:   5.2 MBytes--><!-- format:  pdf--><a class=\"edoc\" href=\"http:\/\/media.obvsg.at\/display_object-id=438444\"><!--img border=\"0\" src=\"pdf.jpg\" alt=\"Volltext extern\" width=\"15px\" \/--><img decoding=\"async\" src=\"http:\/\/media.obvsg.at\/pdf.jpg\" border=\"0\" alt=\"\" width=\"15\" \/> [Volltext extern ( 5.2 MBytes) ]<\/a><br \/>\n&#8212;&#8212;&#8212;&#8212;&#8212;&#8212;&#8212;&#8212;&#8212;&#8212;&#8212;&#8212;&#8212;&#8212;&#8212;&#8212;&#8212;&#8212;&#8212;&#8212;&#8212;&#8212;&#8212;&#8212;&#8212;&#8212;&#8212;&#8212;&#8212;&#8212;&#8212;&#8212;<\/td>\n<\/tr>\n<tr>\n<td class=\"oddthumb\">25<\/td>\n<td class=\"odd\" align=\"left\"><!-- H\u00e4ufigkeit von infekti\u00f6sen oder anderen Komplikationen bei Verwendung eines Ommaya-Reservoirs zur intraventrikul\u00e4ren Chemotherapie bei Kindern mit Hirntumoren.  [Volltext extern, pdf \/ 2.2 MBytes]--><a class=\"bold\" href=\"http:\/\/media.obvsg.at\/AC07807412\">H\u00e4ufigkeit von infekti\u00f6sen oder anderen Komplikationen bei Verwendung eines Ommaya-Reservoirs zur intraventrikul\u00e4ren Chemotherapie bei Kindern mit Hirntumoren. <\/a><br \/>\nMinichmayr, Elke<br \/>\nMedizinische Universit\u00e4t Wien, Universit\u00e4tsklinik f\u00fcr Kinder- und Jugendheilkunde<br \/>\n2010 \u00a0\u00a0\u00a0\u00a0 <img decoding=\"async\" src=\"http:\/\/media.obvsg.at\/verbund.gif\" border=\"0\" alt=\"verbundicon\" \/> <a class=\"edoc\" href=\"http:\/\/aleph20-prod-acc.obvsg.at\/F?func=find-b&amp;find_code=IDN&amp;local_base=acc01&amp;request=AC07807412\" target=\"_blank\">zum Katalog<\/a><br \/>\n<!-- type:  Volltext extern--><!-- project:  --><!-- size:   2.2 MBytes--><!-- format:  pdf--><a class=\"edoc\" href=\"http:\/\/media.obvsg.at\/display_object-id=438455\"><!--img border=\"0\" src=\"pdf.jpg\" alt=\"Volltext extern\" width=\"15px\" \/--><img decoding=\"async\" src=\"http:\/\/media.obvsg.at\/pdf.jpg\" border=\"0\" alt=\"\" width=\"15\" \/> [Volltext extern ( 2.2 MBytes) ]<\/a><br \/>\n&#8212;&#8212;&#8212;&#8212;&#8212;&#8212;&#8212;&#8212;&#8212;&#8212;&#8212;&#8212;&#8212;&#8212;&#8212;&#8212;&#8212;&#8212;&#8212;&#8212;&#8212;&#8212;&#8212;&#8212;&#8212;&#8212;&#8212;&#8212;&#8212;&#8212;&#8212;&#8212;<\/td>\n<\/tr>\n<tr>\n<td class=\"eventhumb\">26<\/td>\n<td class=\"even\" align=\"left\"><!-- Haben Personen mit Osteoporose ein erh\u00f6htes Risiko f\u00fcr Implantatverlust?  [Volltext extern, pdf \/ 1.3 MBytes]--><a class=\"bold\" href=\"http:\/\/media.obvsg.at\/AC07806985\">Haben Personen mit Osteoporose ein erh\u00f6htes Risiko f\u00fcr Implantatverlust? <\/a><br \/>\nSuljevic, Aida<br \/>\nMedizinische Universit\u00e4t Wien, Universit\u00e4tsklinik f\u00fcr Zahn-, Mund- und Kieferheilkunde<br \/>\n2010 \u00a0\u00a0\u00a0\u00a0 <img decoding=\"async\" src=\"http:\/\/media.obvsg.at\/verbund.gif\" border=\"0\" alt=\"verbundicon\" \/> <a class=\"edoc\" href=\"http:\/\/aleph20-prod-acc.obvsg.at\/F?func=find-b&amp;find_code=IDN&amp;local_base=acc01&amp;request=AC07806985\" target=\"_blank\">zum Katalog<\/a><br \/>\n<!-- type:  Volltext extern--><!-- project:  --><!-- size:   1.3 MBytes--><!-- format:  pdf--><a class=\"edoc\" href=\"http:\/\/media.obvsg.at\/display_object-id=438450\"><!--img border=\"0\" src=\"pdf.jpg\" alt=\"Volltext extern\" width=\"15px\" \/--><img decoding=\"async\" src=\"http:\/\/media.obvsg.at\/pdf.jpg\" border=\"0\" alt=\"\" width=\"15\" \/> [Volltext extern ( 1.3 MBytes) ]<\/a><br \/>\n&#8212;&#8212;&#8212;&#8212;&#8212;&#8212;&#8212;&#8212;&#8212;&#8212;&#8212;&#8212;&#8212;&#8212;&#8212;&#8212;&#8212;&#8212;&#8212;&#8212;&#8212;&#8212;&#8212;&#8212;&#8212;&#8212;&#8212;&#8212;&#8212;&#8212;&#8212;&#8212;<\/td>\n<\/tr>\n<tr>\n<td class=\"oddthumb\">27<\/td>\n<td class=\"odd\" align=\"left\"><!-- Functional and structural imaging phenotypes of the amygdala and the cingulate cortex  [Volltext extern, pdf \/ 4.8 MBytes]--><a class=\"bold\" href=\"http:\/\/media.obvsg.at\/AC07808350\">Functional and structural imaging phenotypes of the amygdala and the cingulate cortex <\/a><br \/>\nHartinger, Beate<br \/>\nMedizinische Universit\u00e4t Wien, Klinisches Institut f\u00fcr Neurologie<br \/>\nan investigation in remitted depressed patients \/ 2010 \u00a0\u00a0\u00a0\u00a0 <img decoding=\"async\" src=\"http:\/\/media.obvsg.at\/verbund.gif\" border=\"0\" alt=\"verbundicon\" \/> <a class=\"edoc\" href=\"http:\/\/aleph20-prod-acc.obvsg.at\/F?func=find-b&amp;find_code=IDN&amp;local_base=acc01&amp;request=AC07808350\" target=\"_blank\">zum Katalog<\/a><br \/>\n<!-- type:  Volltext extern--><!-- project:  --><!-- size:   4.8 MBytes--><!-- format:  pdf--><a class=\"edoc\" href=\"http:\/\/media.obvsg.at\/display_object-id=479190\"><!--img border=\"0\" src=\"pdf.jpg\" alt=\"Volltext extern\" width=\"15px\" \/--><img decoding=\"async\" src=\"http:\/\/media.obvsg.at\/pdf.jpg\" border=\"0\" alt=\"\" width=\"15\" \/> [Volltext extern ( 4.8 MBytes) ]<\/a><br \/>\n&#8212;&#8212;&#8212;&#8212;&#8212;&#8212;&#8212;&#8212;&#8212;&#8212;&#8212;&#8212;&#8212;&#8212;&#8212;&#8212;&#8212;&#8212;&#8212;&#8212;&#8212;&#8212;&#8212;&#8212;&#8212;&#8212;&#8212;&#8212;&#8212;&#8212;&#8212;&#8212;<\/td>\n<\/tr>\n<tr>\n<td class=\"eventhumb\">28<\/td>\n<td class=\"even\" align=\"left\"><!-- Einjahresnachkontrolle von endodontisch therapierten Z\u00e4hnen an der Bernhard Gottlieb Universit\u00e4tszahnklinik Wien  [Volltext extern, pdf \/ 3.1 MBytes]--><a class=\"bold\" href=\"http:\/\/media.obvsg.at\/AC07807426\">Einjahresnachkontrolle von endodontisch therapierten Z\u00e4hnen an der Bernhard Gottlieb Universit\u00e4tszahnklinik Wien <\/a><br \/>\nBerger, Julia<br \/>\nMedizinische Universit\u00e4t Wien, Universit\u00e4tsklinik f\u00fcr Zahn-, Mund- und Kieferheilkunde<br \/>\n2010 \u00a0\u00a0\u00a0\u00a0 <img decoding=\"async\" src=\"http:\/\/media.obvsg.at\/verbund.gif\" border=\"0\" alt=\"verbundicon\" \/> <a class=\"edoc\" href=\"http:\/\/aleph20-prod-acc.obvsg.at\/F?func=find-b&amp;find_code=IDN&amp;local_base=acc01&amp;request=AC07807426\" target=\"_blank\">zum Katalog<\/a><br \/>\n<!-- type:  Volltext extern--><!-- project:  --><!-- size:   3.1 MBytes--><!-- format:  pdf--><a class=\"edoc\" href=\"http:\/\/media.obvsg.at\/display_object-id=438458\"><!--img border=\"0\" src=\"pdf.jpg\" alt=\"Volltext extern\" width=\"15px\" \/--><img decoding=\"async\" src=\"http:\/\/media.obvsg.at\/pdf.jpg\" border=\"0\" alt=\"\" width=\"15\" \/> [Volltext extern ( 3.1 MBytes) ]<\/a><br \/>\n&#8212;&#8212;&#8212;&#8212;&#8212;&#8212;&#8212;&#8212;&#8212;&#8212;&#8212;&#8212;&#8212;&#8212;&#8212;&#8212;&#8212;&#8212;&#8212;&#8212;&#8212;&#8212;&#8212;&#8212;&#8212;&#8212;&#8212;&#8212;&#8212;&#8212;&#8212;&#8212;<\/td>\n<\/tr>\n<tr>\n<td class=\"oddthumb\">29<\/td>\n<td class=\"odd\" align=\"left\"><!-- Die Korrektur der Mikromaxillie mit Le Fort I Segmentosteotomie - eine Untersuchung der Langzeitstabilit\u00e4t  [Volltext extern, pdf \/ 826.6 KBytes]--><a class=\"bold\" href=\"http:\/\/media.obvsg.at\/AC07806589\">Die Korrektur der Mikromaxillie mit Le Fort I Segmentosteotomie &#8211; eine Untersuchung der Langzeitstabilit\u00e4t <\/a><br \/>\nRiegler, Michaela<br \/>\nMedizinische Universit\u00e4t Wien, Universit\u00e4tsklinik f\u00fcr Mund-, Kiefer- und Gesichtschirurgie<br \/>\n2010 \u00a0\u00a0\u00a0\u00a0 <img decoding=\"async\" src=\"http:\/\/media.obvsg.at\/verbund.gif\" border=\"0\" alt=\"verbundicon\" \/> <a class=\"edoc\" href=\"http:\/\/aleph20-prod-acc.obvsg.at\/F?func=find-b&amp;find_code=IDN&amp;local_base=acc01&amp;request=AC07806589\" target=\"_blank\">zum Katalog<\/a><br \/>\n<!-- type:  Volltext extern--><!-- project:  --><!-- size:   826.6 KBytes--><!-- format:  pdf--><a class=\"edoc\" href=\"http:\/\/media.obvsg.at\/display_object-id=438441\"><!--img border=\"0\" src=\"pdf.jpg\" alt=\"Volltext extern\" width=\"15px\" \/--><img decoding=\"async\" src=\"http:\/\/media.obvsg.at\/pdf.jpg\" border=\"0\" alt=\"\" width=\"15\" \/> [Volltext extern ]<\/a><br \/>\n&#8212;&#8212;&#8212;&#8212;&#8212;&#8212;&#8212;&#8212;&#8212;&#8212;&#8212;&#8212;&#8212;&#8212;&#8212;&#8212;&#8212;&#8212;&#8212;&#8212;&#8212;&#8212;&#8212;&#8212;&#8212;&#8212;&#8212;&#8212;&#8212;&#8212;&#8212;&#8212;<\/td>\n<\/tr>\n<tr>\n<td class=\"eventhumb\">30<\/td>\n<td class=\"even\" align=\"left\"><!-- Die Behandlung der Encephalomyelitis disseminata in der Zahn-, Mund- und Kieferheilkunde  [Volltext extern, pdf \/ 1.0 MBytes]--><a class=\"bold\" href=\"http:\/\/media.obvsg.at\/AC07807216\">Die Behandlung der Encephalomyelitis disseminata in der Zahn-, Mund- und Kieferheilkunde <\/a><br \/>\nPfaffeneder-Mantai, Sabine<br \/>\nMedizinische Universit\u00e4t Wien, Universit\u00e4tsklinik f\u00fcr Zahn-, Mund- und Kieferheilkunde<br \/>\n2010 \u00a0\u00a0\u00a0\u00a0 <img decoding=\"async\" src=\"http:\/\/media.obvsg.at\/verbund.gif\" border=\"0\" alt=\"verbundicon\" \/> <a class=\"edoc\" href=\"http:\/\/aleph20-prod-acc.obvsg.at\/F?func=find-b&amp;find_code=IDN&amp;local_base=acc01&amp;request=AC07807216\" target=\"_blank\">zum Katalog<\/a><br \/>\n<!-- type:  Volltext extern--><!-- project:  --><!-- size:   1.0 MBytes--><!-- format:  pdf--><a class=\"edoc\" href=\"http:\/\/media.obvsg.at\/display_object-id=438452\"><!--img border=\"0\" src=\"pdf.jpg\" alt=\"Volltext extern\" width=\"15px\" \/--><img decoding=\"async\" src=\"http:\/\/media.obvsg.at\/pdf.jpg\" border=\"0\" alt=\"\" width=\"15\" \/> [Volltext extern ( 1.0 MBytes) ]<\/a><br \/>\n&#8212;&#8212;&#8212;&#8212;&#8212;&#8212;&#8212;&#8212;&#8212;&#8212;&#8212;&#8212;&#8212;&#8212;&#8212;&#8212;&#8212;&#8212;&#8212;&#8212;&#8212;&#8212;&#8212;&#8212;&#8212;&#8212;&#8212;&#8212;&#8212;&#8212;&#8212;&#8212;<\/td>\n<\/tr>\n<\/tbody>\n<\/table>\n<table border=\"0\" cellspacing=\"0\" cellpadding=\"0\" width=\"80%\" align=\"center\">\n<tbody>\n<tr>\n<td class=\"oddthumb\">31<\/td>\n<td class=\"odd\" align=\"left\"><!-- Die Assoziation von Parodontitis und Halitosis - eine klinische Studie  [Volltext extern, pdf \/ 1.1 MBytes]--><a class=\"bold\" href=\"http:\/\/media.obvsg.at\/AC07806978\">Die Assoziation von Parodontitis und Halitosis &#8211; eine klinische Studie <\/a><br \/>\nSalbrechter, Bettina<br \/>\nMedizinische Universit\u00e4t Wien, Universit\u00e4tsklinik f\u00fcr Zahn-, Mund- und Kieferheilkunde<br \/>\n2010 \u00a0\u00a0\u00a0\u00a0 <img decoding=\"async\" src=\"http:\/\/media.obvsg.at\/verbund.gif\" border=\"0\" alt=\"verbundicon\" \/> <a class=\"edoc\" href=\"http:\/\/aleph20-prod-acc.obvsg.at\/F?func=find-b&amp;find_code=IDN&amp;local_base=acc01&amp;request=AC07806978\" target=\"_blank\">zum Katalog<\/a><br \/>\n<!-- type:  Volltext extern--><!-- project:  --><!-- size:   1.1 MBytes--><!-- format:  pdf--><a class=\"edoc\" href=\"http:\/\/media.obvsg.at\/display_object-id=438446\"><!--img border=\"0\" src=\"pdf.jpg\" alt=\"Volltext extern\" width=\"15px\" \/--><img decoding=\"async\" src=\"http:\/\/media.obvsg.at\/pdf.jpg\" border=\"0\" alt=\"\" width=\"15\" \/> [Volltext extern ( 1.1 MBytes) ]<\/a><br \/>\n&#8212;&#8212;&#8212;&#8212;&#8212;&#8212;&#8212;&#8212;&#8212;&#8212;&#8212;&#8212;&#8212;&#8212;&#8212;&#8212;&#8212;&#8212;&#8212;&#8212;&#8212;&#8212;&#8212;&#8212;&#8212;&#8212;&#8212;&#8212;&#8212;&#8212;&#8212;&#8212;<\/td>\n<\/tr>\n<tr>\n<td class=\"eventhumb\">32<\/td>\n<td class=\"even\" align=\"left\"><!-- Der Einfluss des sozialen Status auf das Ergebnis der Kariesstatuserhebung bei 4 und 5 j\u00e4hrigen Kindern in Wiens St\u00e4dtischen Kinderg\u00e4rten  [Volltext extern, pdf \/ 909.1 KBytes]--><a class=\"bold\" href=\"http:\/\/media.obvsg.at\/AC07807220\">Der Einfluss des sozialen Status auf das Ergebnis der Kariesstatuserhebung bei 4 und 5 j\u00e4hrigen Kindern in Wiens St\u00e4dtischen Kinderg\u00e4rten <\/a><br \/>\nAfsfarzadeh, Neda<br \/>\nMedizinische Universit\u00e4t Wien, Universit\u00e4tsklinik f\u00fcr Mund-, Kiefer- und Gesichtschirurgie<br \/>\n2010 \u00a0\u00a0\u00a0\u00a0 <img decoding=\"async\" src=\"http:\/\/media.obvsg.at\/verbund.gif\" border=\"0\" alt=\"verbundicon\" \/> <a class=\"edoc\" href=\"http:\/\/aleph20-prod-acc.obvsg.at\/F?func=find-b&amp;find_code=IDN&amp;local_base=acc01&amp;request=AC07807220\" target=\"_blank\">zum Katalog<\/a><br \/>\n<!-- type:  Volltext extern--><!-- project:  --><!-- size:   909.1 KBytes--><!-- format:  pdf--><a class=\"edoc\" href=\"http:\/\/media.obvsg.at\/display_object-id=438454\"><!--img border=\"0\" src=\"pdf.jpg\" alt=\"Volltext extern\" width=\"15px\" \/--><img decoding=\"async\" src=\"http:\/\/media.obvsg.at\/pdf.jpg\" border=\"0\" alt=\"\" width=\"15\" \/> [Volltext extern ]<\/a><br \/>\n&#8212;&#8212;&#8212;&#8212;&#8212;&#8212;&#8212;&#8212;&#8212;&#8212;&#8212;&#8212;&#8212;&#8212;&#8212;&#8212;&#8212;&#8212;&#8212;&#8212;&#8212;&#8212;&#8212;&#8212;&#8212;&#8212;&#8212;&#8212;&#8212;&#8212;&#8212;&#8212;<\/td>\n<\/tr>\n<tr>\n<td class=\"oddthumb\">33<\/td>\n<td class=\"odd\" align=\"left\"><!-- An evaluation of intensity modulated proton therapy in comparison to established radiotherapy techniques  [Volltext extern, pdf \/ 5.8 MBytes]--><a class=\"bold\" href=\"http:\/\/media.obvsg.at\/AC07806734\">An evaluation of intensity modulated proton therapy in comparison to established radiotherapy techniques <\/a><br \/>\nHillbrand, Martin<br \/>\nMedizinische Universit\u00e4t Wien, Universit\u00e4tsklinik f\u00fcr Strahlentherapie und Strahlenbiologie<br \/>\n2010 \u00a0\u00a0\u00a0\u00a0 <img decoding=\"async\" src=\"http:\/\/media.obvsg.at\/verbund.gif\" border=\"0\" alt=\"verbundicon\" \/> <a class=\"edoc\" href=\"http:\/\/aleph20-prod-acc.obvsg.at\/F?func=find-b&amp;find_code=IDN&amp;local_base=acc01&amp;request=AC07806734\" target=\"_blank\">zum Katalog<\/a><br \/>\n<!-- type:  Volltext extern--><!-- project:  --><!-- size:   5.8 MBytes--><!-- format:  pdf--><a class=\"edoc\" href=\"http:\/\/media.obvsg.at\/display_object-id=438443\"><!--img border=\"0\" src=\"pdf.jpg\" alt=\"Volltext extern\" width=\"15px\" \/--><img decoding=\"async\" src=\"http:\/\/media.obvsg.at\/pdf.jpg\" border=\"0\" alt=\"\" width=\"15\" \/> [Volltext extern ( 5.8 MBytes) ]<\/a><\/p>\n<p>&#8212;&#8212;&#8212;&#8212;&#8212;&#8212;&#8212;&#8212;&#8212;&#8212;&#8212;&#8212;&#8212;&#8212;&#8212;&#8212;&#8212;&#8212;&#8212;&#8212;&#8212;&#8212;&#8212;&#8212;&#8212;&#8212;&#8212;&#8212;&#8212;&#8212;&#8212;&#8212;<\/td>\n<\/tr>\n<tr>\n<td class=\"eventhumb\">34<\/td>\n<td class=\"even\" align=\"left\"><!-- A conserved threonine in the amino terminal plays a key role in determining monoamine neurotransmitter transporter function  [Volltext extern, pdf \/ 2.1 MBytes]--><a class=\"bold\" href=\"http:\/\/media.obvsg.at\/AC07808137\">A conserved threonine in the amino terminal plays a key role in determining monoamine neurotransmitter transporter function <\/a><br \/>\nDallinger, Stefan Hartwig<br \/>\nMedizinische Universit\u00e4t Wien, Zentrum f\u00fcr Biomolekulare Medizin und Pharmakologie<br \/>\n2010 \u00a0\u00a0\u00a0\u00a0 <img decoding=\"async\" src=\"http:\/\/media.obvsg.at\/verbund.gif\" border=\"0\" alt=\"verbundicon\" \/> <a class=\"edoc\" href=\"http:\/\/aleph20-prod-acc.obvsg.at\/F?func=find-b&amp;find_code=IDN&amp;local_base=acc01&amp;request=AC07808137\" target=\"_blank\">zum Katalog<\/a><br \/>\n<!-- type:  Volltext extern--><!-- project:  --><!-- size:   2.1 MBytes--><!-- format:  pdf--><a class=\"edoc\" href=\"http:\/\/media.obvsg.at\/display_object-id=479183\"><!--img border=\"0\" src=\"pdf.jpg\" alt=\"Volltext extern\" width=\"15px\" \/--><img decoding=\"async\" src=\"http:\/\/media.obvsg.at\/pdf.jpg\" border=\"0\" alt=\"\" width=\"15\" \/> [Volltext extern ( 2.1 MBytes) ]<\/a><\/p>\n<p>&#8212;&#8212;&#8212;&#8212;&#8212;&#8212;&#8212;&#8212;&#8212;&#8212;&#8212;&#8212;&#8212;&#8212;&#8212;&#8212;&#8212;&#8212;&#8212;&#8212;&#8212;&#8212;&#8212;&#8212;&#8212;&#8212;&#8212;&#8212;&#8212;&#8212;&#8212;&#8212;<\/td>\n<\/tr>\n<\/tbody>\n<\/table>\n<p><a href=\"https:\/\/ub-blog.meduniwien.ac.at\/blog\/?p=189\">NEUE Dissertationen und Diplomarbeiten der Med Uni Wien<\/a><\/p>\n","protected":false},"excerpt":{"rendered":"<p>Das Van Swieten Repository der Universit\u00e4tsbibliothek enth\u00e4lt u. a. Hochschulschriften der Medizinischen Universit\u00e4t Wien im elektronischen Volltext, die von AbsolventInnen der MedUni Wien auf freiwilliger Basis \u00fcber die Studienabteilung hochgeladen worden sind. AbsolventInnen haben die M\u00f6glichkeit, ihre Diplomarbeiten, Dissertationen oder Master-Thesen zu ver\u00f6ffentlichen, sofern dadurch keine rechtl. bzw. gesetzl. Bestimmungen tangiert werden. 1 Untersuchungen zur &hellip; <a href=\"https:\/\/ub.meduniwien.ac.at\/blog\/?p=7040\" class=\"more-link\"><span class=\"screen-reader-text\">Elektronische Volltexte: Hochschulschriften der Medizinischen Universit\u00e4t Wien 2010<\/span> weiterlesen <span class=\"meta-nav\">&rarr;<\/span><\/a><\/p>\n","protected":false},"author":2,"featured_media":0,"comment_status":"open","ping_status":"open","sticky":false,"template":"","format":"standard","meta":{"ngg_post_thumbnail":0,"footnotes":""},"categories":[1,24,25,11,26,2,16],"tags":[203,147,204],"class_list":["post-7040","post","type-post","status-publish","format-standard","hentry","category-allgemeines","category-books-journals","category-dissertationen","category-literaturhinweis","category-mcw","category-news","category-news1","tag-elektronische-volltexte","tag-hochschulschriften","tag-medizinischen-universitat-wien"],"views":39719,"_links":{"self":[{"href":"https:\/\/ub.meduniwien.ac.at\/blog\/index.php?rest_route=\/wp\/v2\/posts\/7040","targetHints":{"allow":["GET"]}}],"collection":[{"href":"https:\/\/ub.meduniwien.ac.at\/blog\/index.php?rest_route=\/wp\/v2\/posts"}],"about":[{"href":"https:\/\/ub.meduniwien.ac.at\/blog\/index.php?rest_route=\/wp\/v2\/types\/post"}],"author":[{"embeddable":true,"href":"https:\/\/ub.meduniwien.ac.at\/blog\/index.php?rest_route=\/wp\/v2\/users\/2"}],"replies":[{"embeddable":true,"href":"https:\/\/ub.meduniwien.ac.at\/blog\/index.php?rest_route=%2Fwp%2Fv2%2Fcomments&post=7040"}],"version-history":[{"count":34,"href":"https:\/\/ub.meduniwien.ac.at\/blog\/index.php?rest_route=\/wp\/v2\/posts\/7040\/revisions"}],"predecessor-version":[{"id":7044,"href":"https:\/\/ub.meduniwien.ac.at\/blog\/index.php?rest_route=\/wp\/v2\/posts\/7040\/revisions\/7044"}],"wp:attachment":[{"href":"https:\/\/ub.meduniwien.ac.at\/blog\/index.php?rest_route=%2Fwp%2Fv2%2Fmedia&parent=7040"}],"wp:term":[{"taxonomy":"category","embeddable":true,"href":"https:\/\/ub.meduniwien.ac.at\/blog\/index.php?rest_route=%2Fwp%2Fv2%2Fcategories&post=7040"},{"taxonomy":"post_tag","embeddable":true,"href":"https:\/\/ub.meduniwien.ac.at\/blog\/index.php?rest_route=%2Fwp%2Fv2%2Ftags&post=7040"}],"curies":[{"name":"wp","href":"https:\/\/api.w.org\/{rel}","templated":true}]}}