{"id":6604,"date":"2010-10-05T11:20:03","date_gmt":"2010-10-05T10:20:03","guid":{"rendered":"https:\/\/ub-blog.meduniwien.ac.at\/blog\/?p=6604"},"modified":"2010-10-30T13:45:53","modified_gmt":"2010-10-30T12:45:53","slug":"fort-und-weiterbildung-der-ub-med-uni-wien-iii2010-juli-september-2010","status":"publish","type":"post","link":"https:\/\/ub.meduniwien.ac.at\/blog\/?p=6604","title":{"rendered":"Fort- und Weiterbildung der Ub Med Uni Wien III\/2010  (Juli &#8211; September 2010)"},"content":{"rendered":"<p><strong>Aktivit\u00e4ten der Fort- und Weiterbildung sowie nationaler und internationaler Kooperation in den Monaten Juli bis September 2010:<\/strong><\/p>\n<p><strong>JULI 2010<\/strong><\/p>\n<ol>7. Juli 2010<br \/>\nTeilnahme an Seminar <em>MitarbeiterInnengespr\u00e4ch<\/em>, veranstaltet von der Stabsstelle Personalentwicklung der Med Uni Wien<\/a><\/ol>\n<p><strong>AUGUST 2010<\/strong><\/p>\n<ol>25. August 2010<br \/>\nSitzung der ARGE Strategische Planung im <a href=\"http:\/\/www.obvsg.at\/\">\u00d6sterreichischen Bibliothekenverbund<\/a><\/ol>\n<ol>30. August 2010<br \/>\nTeilnahme an der Infromationsveranstaltung f\u00fcr neue Mitarbeiter im AKH<\/ol>\n<ol>30.August &#8211; 2. September 2010<br \/>\nTeilnahme an der <a href=\"http:\/\/igelu2010.org\/\">IGeLU 2010<\/a>, der Konferenz der <a href=\"http:\/\/igelu.org\/\">IGeLU: The International Group of Ex Libris Users<\/a> in Gent, Belgien [3]<\/ol>\n<p><strong>SEPTEMBER 2010 <\/strong><\/p>\n<ol>7.-8. September 2010<br \/>\nTeilnahme am <a href=\"http:\/\/www.onb.ac.at\/ausbildung\/brainpool_seminare.htm\">Brain Pool-Seminar<\/a> zum Thema <em>Access &#8211; Alle Daten im Griff: Praxis-Workshop Microsoft Access<\/em><\/a><\/ol>\n<ol>20. September 2010<br \/>\nTeilnahme an der Vollversamlung des <a href=\"http:\/\/www.obvsg.at\/\">\u00d6sterreichischen Bibliothekenverbundes<\/a> an der <a href=\"http:\/\/www.unileoben.ac.at\/index.php?option=com_content&#038;task=view&#038;id=370&#038;Itemid=974\/\">UB der Montanuniversit\u00e4t Leoben<\/a><\/ol>\n<p><!--more--><\/p>\n<ol>21. September 2010<br \/>\nTeilnahme an Sitzung des <a href=\"http:\/\/www.univie.ac.at\/voeb\/kommissionen\/entwicklung-und-betriebliche-steuerung\/fernleihe-und-document-delivery\/\">Arbeitskreises Fernleihe und Document Delivery<\/a> der <a href=\"http:\/\/www.univie.ac.at\/voeb\/\">Vereinigung \u00d6sterreichischer Bibliothekarinnen und Bibliothekare (V\u00d6B)<\/a> an der <a href=\"http:\/\/www.unileoben.ac.at\/index.php?option=com_content&#038;task=view&#038;id=370&#038;Itemid=974\/\">UB der Montanuniversit\u00e4t Leoben<\/a><\/ol>\n<ol>21. September 2010<br \/>\nTeilnahme an einer Sitzung der <a href=\"http:\/\/www.uibk.ac.at\/voeb\/arge-dir\/\">Arbeitsgemeinschaft der Bibliotheksdirektorinnen und Bibliotheksdirektoren \u00d6sterreichs<\/a> an der <a href=\"http:\/\/www.unileoben.ac.at\/index.php?option=com_content&#038;task=view&#038;id=370&#038;Itemid=974\/\">UB der Montanuniversit\u00e4t Leoben<\/a><\/ol>\n<ol>21. September 2010<br \/>\nTeilnahme an der Mitgliederversammlung der <a href=\"http:\/\/www.konsortien.at\/\">Kooperation e-Medien \u00d6sterreich<\/a> an der <a href=\"http:\/\/www.unileoben.ac.at\/index.php?option=com_content&#038;task=view&#038;id=370&#038;Itemid=974\/\">UB der Montanuniversit\u00e4t Leoben<\/a> [3]<\/ol>\n<ol>22.-24. September 2010<br \/>\nTeilnahme an der <em>ODOK &#8211; \u00d6sterreichisches Online-Informationstreffen<\/em> an der <a href=\"http:\/\/www.unileoben.ac.at\/index.php?option=com_content&#038;task=view&#038;id=370&#038;Itemid=974\/\">Montanuniversit\u00e4t Leoben<\/a> [3]; Motto: <a href=\"http:\/\/www.odok.at\/2010\/de\/\">Wissenszugang und Informationskompetenz f\u00fcr alle?<\/a><\/ol>\n<ol>27. &#8211; 29. September 2010<br \/>\nTeilnahme an der Jahrestagung der <a href=\"http:\/\/www.agmb.de\">Arbeitsgemeinschaft f\u00fcr Medizinisches Bibliothekswesen (AGMB)<\/a> an der <a href=\"http:\/\/www.ub.uni-mainz.de\/\">Universit\u00e4tsbibliothek Mainz<\/a>; Motto: &#8222;<a href=\"http:\/\/www.agmb.de\/papoopro\/index.php?menuid=55&#038;reporeid=66\">alles &#8211; einfach &#8211; sofort: Service in Medizinbibliotheken&#8220;<\/a><\/ol>\n<ol>27.-28. September 2010<br \/>\nTeilnahme am <a href=\"http:\/\/www.onb.ac.at\/ausbildung\/brainpool_seminare.htm\">Brain Pool-Seminar<\/a> zum Thema <em>Literaturverwaltung heute<\/em><\/a> [2]<\/ol>\n<ol>30. September 2010<br \/>\nFeierlicher Festakt: <a href=\"http:\/\/www.meduniwien.ac.at\/homepage\/news-und-topstories\/?tx_ttnews%5Btt_news%5D=1526&#038;cHash=5a0c9d3c25\">Restitution von B\u00fcchern aus dem Besitz von Univ.-Prof. Dr. Carl Julius Rothberger (1871-1945)<\/a> durch den Rektor der Med Uni Wien an dessen Tochter Bertha Gutmann im historischen Lesesaal des Josephinums<\/a> [4]<\/ol>\n<p>******************************************************************<\/p>\n<p><em>Fort- und Weiterbildung der Mitarbeiterinnen und Mitarbeiter sowie die aktive Beteiligung in nationalen und internationalen Fachgremien sind wesentliche Kritierien f\u00fcr die positive Weiterentwicklung von Bibliotheken. Um transparent zu machen, wie die Universit\u00e4tsbibliothek der Med Uni Wien diesem Anspruch gerecht zu werden versucht, werden die entsprechenden Ma\u00dfnahmen quartalsweise im Weblog ver\u00f6ffentlicht.<\/p>\n<ol><a href=\"https:\/\/ub-blog.meduniwien.ac.at\/blog\/?p=159\">Fort- und Weiterbildung von MitarbeiterInnen der Ub Med Uni Wien 2007<\/a> (8. Mai 2007)<\/ol>\n<ol><a href=\"https:\/\/ub-blog.meduniwien.ac.at\/blog\/?p=214\">Fort- und Weiterbildung von MitarbeiterInnen der Ub Med Uni Wien II\/2007<\/a> (5. Juli 2007)<\/ol>\n<ol><a href=\"https:\/\/ub-blog.meduniwien.ac.at\/blog\/?p=358\">Fort- und Weiterbildung von MitarbeiterInnen der Ub Med Uni Wien III\/2007<\/a> (1. Oktober 2007)<\/ol>\n<ol><a href=\"https:\/\/ub-blog.meduniwien.ac.at\/blog\/?p=516\">Fort- und Weiterbildung von MitarbeiterInnen der Ub Med Uni Wien IV\/2007<\/a> (2. Januar 2008)<\/ol>\n<ol><a href=\"https:\/\/ub-blog.meduniwien.ac.at\/blog\/?p=871\">Fort- und Weiterbildung von MitarbeiterInnen der Ub Med Uni Wien I\/2008(<\/a> (1. April 2008)<\/ol>\n<ol><a href=\"https:\/\/ub-blog.meduniwien.ac.at\/blog\/?p=1013\">Fort- und Weiterbildung von MitarbeiterInnen der Ub Med Uni Wien II\/2008(<\/a> (4. Juli 2008)<\/ol>\n<ol><a href=\"https:\/\/ub-blog.meduniwien.ac.at\/blog\/?p=1168\">Fort- und Weiterbildung von MitarbeiterInnen der Ub Med Uni Wien III\/2008(<\/a> (1. Oktober 2008)<\/ol>\n<ol><a href=\"https:\/\/ub-blog.meduniwien.ac.at\/blog\/?p=1364\">Fort- und Weiterbildung von MitarbeiterInnen der Ub Med Uni Wien IV\/2008(<\/a> (4. Januar 2009)<\/ol>\n<ol><a href=\"https:\/\/ub-blog.meduniwien.ac.at\/blog\/?p=1489\">Fort- und Weiterbildung von MitarbeiterInnen der Ub Med Uni Wien I\/2009(<\/a> (7. April 2009)<\/ol>\n<ol><a href=\"https:\/\/ub-blog.meduniwien.ac.at\/blog\/?p=1760\">Fort- und Weiterbildung von MitarbeiterInnen der Ub Med Uni Wien II\/2009(<\/a> (1. Juli 2009)<\/ol>\n<ol><a href=\"https:\/\/ub-blog.meduniwien.ac.at\/blog\/?p=2557\">Fort- und Weiterbildung von MitarbeiterInnen der Ub Med Uni Wien III\/2009(<\/a> (5. Oktober 2009)<\/ol>\n<ol><a href=\"https:\/\/ub-blog.meduniwien.ac.at\/blog\/?p=3435\">Fort- und Weiterbildung von MitarbeiterInnen der Ub Med Uni Wien IV\/2010(<\/a> (7. Januar 2010)<\/ol>\n<ol><a href=\"https:\/\/ub-blog.meduniwien.ac.at\/blog\/?p=4494\">Fort- und Weiterbildung von MitarbeiterInnen der Ub Med Uni Wien I\/2010(<\/a> (1. April 2010)<\/ol>\n<ol><a href=\"https:\/\/ub-blog.meduniwien.ac.at\/blog\/?p=5913\">Fort- und Weiterbildung von MitarbeiterInnen der Ub Med Uni Wien II\/2010(<\/a> (1. Juli 2010)<\/ol>\n<p><\/em><\/p>\n<p><img src='https:\/\/ub-blog.meduniwien.ac.at\/blog\/wp-content\/uploads\/2007\/09\/swieten1d.jpg' alt='swieten1d.jpg' \/><br \/>\nBitte zitieren als<br \/>\nVAN SWIETEN BLOG: Informationen der Universit\u00e4tsbibliothek der Med Uni Wien,<br \/>\nNr. 5797 [5. Oktober 2010].<br \/>\nOnline unter der URL: https:\/\/ub-blog.meduniwien.ac.at\/blog\/?p=5797<\/p>\n","protected":false},"excerpt":{"rendered":"<p>Aktivit\u00e4ten der Fort- und Weiterbildung sowie nationaler und internationaler Kooperation in den Monaten Juli bis September 2010: JULI 2010 7. Juli 2010 Teilnahme an Seminar MitarbeiterInnengespr\u00e4ch, veranstaltet von der Stabsstelle Personalentwicklung der Med Uni Wien AUGUST 2010 25. August 2010 Sitzung der ARGE Strategische Planung im \u00d6sterreichischen Bibliothekenverbund 30. August 2010 Teilnahme an der Infromationsveranstaltung &hellip; <a href=\"https:\/\/ub.meduniwien.ac.at\/blog\/?p=6604\" class=\"more-link\"><span class=\"screen-reader-text\">Fort- und Weiterbildung der Ub Med Uni Wien III\/2010  (Juli &#8211; September 2010)<\/span> weiterlesen <span class=\"meta-nav\">&rarr;<\/span><\/a><\/p>\n","protected":false},"author":2,"featured_media":0,"comment_status":"open","ping_status":"open","sticky":false,"template":"","format":"standard","meta":{"ngg_post_thumbnail":0,"footnotes":""},"categories":[2,16,42],"tags":[268,162],"class_list":["post-6604","post","type-post","status-publish","format-standard","hentry","category-news","category-news1","category-ub-med-uni-wien-intern","tag-ausbildung","tag-weiterbildung"],"views":50456,"_links":{"self":[{"href":"https:\/\/ub.meduniwien.ac.at\/blog\/index.php?rest_route=\/wp\/v2\/posts\/6604","targetHints":{"allow":["GET"]}}],"collection":[{"href":"https:\/\/ub.meduniwien.ac.at\/blog\/index.php?rest_route=\/wp\/v2\/posts"}],"about":[{"href":"https:\/\/ub.meduniwien.ac.at\/blog\/index.php?rest_route=\/wp\/v2\/types\/post"}],"author":[{"embeddable":true,"href":"https:\/\/ub.meduniwien.ac.at\/blog\/index.php?rest_route=\/wp\/v2\/users\/2"}],"replies":[{"embeddable":true,"href":"https:\/\/ub.meduniwien.ac.at\/blog\/index.php?rest_route=%2Fwp%2Fv2%2Fcomments&post=6604"}],"version-history":[{"count":11,"href":"https:\/\/ub.meduniwien.ac.at\/blog\/index.php?rest_route=\/wp\/v2\/posts\/6604\/revisions"}],"predecessor-version":[{"id":6607,"href":"https:\/\/ub.meduniwien.ac.at\/blog\/index.php?rest_route=\/wp\/v2\/posts\/6604\/revisions\/6607"}],"wp:attachment":[{"href":"https:\/\/ub.meduniwien.ac.at\/blog\/index.php?rest_route=%2Fwp%2Fv2%2Fmedia&parent=6604"}],"wp:term":[{"taxonomy":"category","embeddable":true,"href":"https:\/\/ub.meduniwien.ac.at\/blog\/index.php?rest_route=%2Fwp%2Fv2%2Fcategories&post=6604"},{"taxonomy":"post_tag","embeddable":true,"href":"https:\/\/ub.meduniwien.ac.at\/blog\/index.php?rest_route=%2Fwp%2Fv2%2Ftags&post=6604"}],"curies":[{"name":"wp","href":"https:\/\/api.w.org\/{rel}","templated":true}]}}