{"id":635,"date":"2013-05-13T09:00:22","date_gmt":"2013-05-13T08:00:22","guid":{"rendered":"https:\/\/ub-blog.meduniwien.ac.at\/blog\/?p=635"},"modified":"2013-05-03T22:26:20","modified_gmt":"2013-05-03T21:26:20","slug":"hans-heidler-1889-1955-vertrieben-1938-46","status":"publish","type":"post","link":"https:\/\/ub.meduniwien.ac.at\/blog\/?p=635","title":{"rendered":"Hans HEIDLER (1889-1955): Vertrieben 1938 [46]"},"content":{"rendered":"<p><strong>VERTRIEBEN 1938 [46]<\/strong>  UPDATE<\/p>\n<p><strong>Hans HEIDLER (1889-1955)<\/STRONG><\/p>\n<ol>* 27.01.1899 Gmunden (Ober\u00f6sterreich)<br \/>\n+ 28.06.1955 Wien<br \/>\nVater: Josef Heidler<br \/>\nMutter: Johanna Siebenschein<br \/>\n1938 im Lehrk\u00f6rper der Medizinischen Fakult\u00e4t der Universit\u00e4t Wien, Fach: Geburtshilfe und Gyn\u00e4kologie<\/ol>\n<p><a href=http:\/\/ub.meduniwien.ac.at\/edocmed\/?f_ac=AC06638179&#038;f_file=1>Biographische Informationen zu Hans HEIDLER (PDF)<\/a> im Repositorium der Ub Med Uni Wien. &#8211; Auszug aus: <em>Judith Bauer-Merinsky: Die Auswirkungen der Annexion \u00d6sterreichs durch das Deutsche Reich auf die medizinische Fakult\u00e4t der Universit\u00e4t Wien im Jahre 1938: Biographien entlassener Professoren und Dozenten. Wien: Diss., 1980, S. 92. &#8211; Online unter der URL: <a href=\"http:\/\/ub.meduniwien.ac.at\/edocmed\/?f_ac=AC06638179&#038;f_file=1\">http:\/\/ub.meduniwien.ac.at\/edocmed\/?f_ac=AC06638179&#038;f_file=1<\/a><\/em><br \/>\n<!--more--><\/p>\n<p><img src='https:\/\/ub-blog.meduniwien.ac.at\/blog\/wp-content\/uploads\/2008\/04\/heidler-hans.jpg' alt='Heidler-Hans_M.Hartl.jpg' \/><br \/>\nBildnachweis: <a href=\"https:\/\/ub-blog.meduniwien.ac.at\/blog\/?p=264\">Sammlungen der Medizinischen Universit\u00e4t Wien &#8211; Josephinum, Bildarchiv<\/a> <\/p>\n<p><img src='https:\/\/ub-blog.meduniwien.ac.at\/blog\/wp-content\/uploads\/2008\/02\/muster1_blau.jpg' alt='Provenienz'\/><\/p>\n<blockquote><p>\n<strong>Open Access &#8211; Nachtrag zu Hans HEIDLER<\/strong>:<\/p>\n<ul>\n<li><a href=\"http:\/\/www.wien.gv.at\/ma53\/45jahre\/\">Wien im R\u00fcckblick<\/a> mit Notiz \u00fcber <a href=\"http:\/\/www.wien.gv.at\/ma53\/45jahre\/1955\/0655.htm\">29.6.1955: Prof Dr. Hans Heidler verstorben<\/a><\/li>\n<\/ul>\n<ul>\n<li><a href=\"http:\/\/www.meduniwien.ac.at\/homepage\/content\/allgemeine-informationen\/geschichte-der-medizinischen-universitaet-wien\/mahnmal-fuer-opfer-des-nationalsozialismus\/\">MedUniWien: Mahnmal f\u00fcr Opfer des Nationalsozialismus enth\u00fcllt<\/a>, in: <a href=\"http:\/\/www.meduniwien.ac.at\/\">Website der Medizinischen Universit\u00e4t Wien<\/a>, 13. M\u00e4rz 2008<\/li>\n<\/ul>\n<ul>\n<li><a href=\"http:\/\/gedenkbuch.univie.ac.at\/index.php?id=435&#038;person_name=heidler+hans&#038;person_geburtstag_tag=not_selected&#038;person_geburtstag_monat=not_selected&#038;person_geburtstag_jahr=not_selected&#038;person_fakultaet=not_selected&#038;person_kategorie=not_selected&#038;person_volltextsuche=&#038;search_person.x=0&#038;search_person.y=0\">Hans HEIDLER<\/a> in <a href=\"http:\/\/gedenkbuch.univie.ac.at\/\">Gedenkbuch f\u00fcr die Opfer des Nationalsozialismus an der Universit\u00e4t Wien 1938<\/a><\/li>\n<\/ul>\n<ul>\n<li>Nachweis von Dokumenten zu Hans HEIDLER im <a href=\"http:\/\/www.ub.univie.ac.at\/archiv\/\">Universit\u00e4tsarchiv der Universit\u00e4t Wien<\/a>:<br \/>\n<em>  Senat S 304 Personalbl\u00e4tter, 19. Jh.-20. Jh. (Serie):<br \/>\n<a href=\"http:\/\/scopeq.cc.univie.ac.at\/query\/detail.aspx?ID=137327\">Senat S 304.459 Heidler, Hans (27.01.1889-28.06.1955; Geburtshilfe und Gyn\u00e4kologie), keine Angabe (Dokument)<\/a><br \/>\nDeskriptoren: Eintr\u00e4ge: Heidler, Hans (27.01.1889-28.06.1955; Geburtshilfe und Gyn\u00e4kologie) (27.01.1889-28.06.1955) (Person\\H)<\/em>\n<\/li>\n<\/ul>\n<ul>\n<li>Dokumente zu  Hans HEIDLER in der <a href=\"strong\/\">Handschriftensammlung der Medizinischen Universit\u00e4t Wien<\/strong>:\n<p><em>Heidler, Hans (1889-1955)<br \/>\n1955 April; Wien.<br \/>\nMschr. Kondolenzschr. m. eh. Unterschr. an d. Dekan d. med. Fak. z. Ableben v. Neuburger.<br \/>\n30 x 21; 1 Bl.<\/em>\n<\/li>\n<\/ul>\n<ul>\n<li>Dokumente zu Hans HEIDLER im <a href=\"http:\/\/opac.obvsg.at\/acc05\">\u00d6sterreichischen Verbundkatalog f\u00fcr Nachl\u00e4sse, Autographen und Handschriften (\u00d6VK-NAH) <\/a>:<br \/>\n\u00d6sterreichische Nationalbibliothek:<br \/>\n<em><a href=\"http:\/\/meteor.bibvb.ac.at\/F\/?func=find-b&#038;request=heidler%2C+hans&#038;find_code=WRD&#038;filter_code_1=WAA&#038;filter_request_1=&#038;filter_code_2=WBA&#038;filter_request_2=\">    Heidler, Hans   [Verfasser] : <\/a><br \/>\n. &#8211; Wien , 29.12.1936 . &#8211; Br. m. U., 1 Bl., 1 S.  + Kuvert u. biogr. Daten . &#8211; (Sammlung Otto Frankfurter )<\/em>\n<\/li>\n<\/ul>\n<ul>\n<li>Literatur im <a href=\"http:\/\/opac.meduniwien.ac.at\/F\/?func=find-b&#038;request=heidler%2C+hans&#038;find_code=WRD\">Bibliothekskatalog der Ub Med Uni Wien<\/a>\n<\/p><\/blockquote>\n<p><strong>Feedback unserer Weblog-User, biographische Nachweise und Erg\u00e4nzungen zu Hans HEIDLER<\/strong>:<\/p>\n<ol>\n<li>Hans HEIDLER in Verzeichnis &#8222;Medizinische Fakult\u00e4t&#8220; [Seite 18-36]:<br \/>\nin:  Kurt M\u00fchlberger: Dokumentation Vertriebene Intelligenz 1938. Der Verlust geistiger und menschlicher Potenz an der Universit\u00e4t Wien von 1938 bis 1945. 2. verb. u. verm. Auflage. Wien: Archiv der Universit\u00e4t Wien, 1993. [Seite 22]<br \/>\n<em>Hans Heidler (1889 Gmunden &#8211; 1955 Wien)<br \/>\nPd., Geburtshilfe und Gyn\u00e4kologie; 1938 Venia legendi widerrufen (rass.), 1945 wieder eingestellt<\/em><\/li>\n<p>***************************************************<\/p>\n<li>vsb \/ Biographischer Eintrag Hans HEIDLER:<br \/>\nin: K\u00fcrschners Deutscher Gelehrten-Kalender 1935, hg. von Dr. Gerhard L\u00fcdtke. F\u00fcnfte Ausgabe. Berlin und Leipzig: Walter de Gruyter &#038; Co. [Spalte 506]\n<\/li>\n<p>***************************************************<\/p>\n<li>vsb \/ Biographischer Eintrag Hans HEIDLER:<br \/>\nin: K\u00fcrschners Deutscher Gelehrten-Kalender 1950. Redaktionelle Leitung: Dr. Friedrich Bertkau und Dr. Gerhard Oestreich. Siebente Ausgabe. Berlin: Walter de Gruyter &#038; Co. [Spalte 742]<\/li>\n<p>Einige der von der Medizinischen Fakult\u00e4t der Universit\u00e4t Wien 1938 vertriebenen Professoren und Dozenten haben im Ausland erfolgreiche Karrieren gemacht. Diesbez\u00fcglich bietet K\u00fcrschners Deutscher Gelehrten-Kalender 1950 gute Hinweise. Dankenswerter Weise hat der K.G. Saur-Verlag gestattet, dass die betreffenden biographischen Eintr\u00e4ge in digitaler Form bei den entsprechenden Weblogeintr\u00e4gen eingebracht werden d\u00fcrfen.<br \/>\n<a href='https:\/\/ub-blog.meduniwien.ac.at\/blog\/wp-content\/uploads\/2008\/08\/heidler-742025.jpg' title='heidler-742025.jpg'><img src='https:\/\/ub-blog.meduniwien.ac.at\/blog\/wp-content\/uploads\/2008\/08\/heidler-742025.jpg' alt='heidler-742025.jpg' \/><\/a><br \/>\nAbdruck mit freundlicher Genehmigung von <a href=\"http:\/\/www.degruyter.de\/\">Walter de Gruyter GmbH &#038; Co. KG<\/a> und <a href=\"http:\/\/www.saur.de\/\">K. G. Saur Verlag<\/a><br \/>\n*****************************************************<\/p>\n<li>vsb \/ Biographischer Eintrag Hans HEIDLER:<br \/>\nin: Dietrich von Engelhardt (Hrsg): Biographische Enzyklop\u00e4die deutschsprachiger Mediziner. Band 1. M\u00fcnchen: K.G. Saur, 2002. [Seite 260]<\/li>\n<p>***************************************************<\/p>\n<li>vsb \/ Biographischer Eintrag Nr. 3924 &#8211; Heidler, Hans:<br \/>\nin: Handbuch \u00f6sterreichischer Autorinnen und Autoren j\u00fcdischer Herkunft 18. bis 20. Jahrhundert. Hrsg. von der \u00d6sterreichischen Nationalbibliothek. Band 1: A &#8211; I. M\u00fcnchen: K.G.Saur, 2002. [Seite 517-518]<\/li>\n<p>****************************************************<\/p>\n<li>Personalbibliographie Hans HEIDLER:<br \/>\n<em>Heidler, Hans 1889-1955<br \/>\nIn:  Lorenzsonn, Brigitte: Personalbibliographien von Professoren und Dozenten der I. und II. Universit\u00e4tsfrauenklinik und der III. geburtshilflichen Klinik in Wien im ungef\u00e4hren Zeitraum von 1905 &#8211; 1930. 1973 (Seite 247-258).<\/em><\/li>\n<p>****************************************************\n<\/ol>\n<p>Frau <a href=\"http:\/\/www.donau-uni.ac.at\/de\/universitaet\/whois\/00984\/index.php?URL=\/de\/universitaet\/dle\/pr\/index.php\">Dr. Judith Bauer-Merinsky<\/a>, Mitarbeiterin der Donau Universit\u00e4t Krems, hat der Universit\u00e4tsbibliothek der Medizinischen Universit\u00e4t Wien freundlicherweise gestattet, die in ihrer Dissertation ver\u00f6ffentlichten 143 &#8222;Biographien entlassener Professoren und Dozenten&#8220; zu digitalieren und ins Repositorium der Universit\u00e4tsbibliothek aufzunehmen. Die Dissertation st\u00fctzt sich im Wesentlichen auf unver\u00f6ffentlichte Dokumente aus dem Universit\u00e4tsarchiv und auf Quellen und Literatur des Instituts f\u00fcr Geschichte der Medizin. Sie geh\u00f6rt zu den am meisten benutzten bzw. entlehnten Dissertationen der Zweigbibliothek f\u00fcr Geschichte der Medizin, wo sie bisher ausschliesslich in gedruckter Form <a href=\"http:\/\/opac.meduniwien.ac.at\/F\/?func=find-b&#038;REQUEST=Biographien+entlassener+Professoren+und+Dozenten&#038;find_code=WRD&#038;ADJACENT=Y\">in zwei Exemplaren<\/a> zur Verf\u00fcgung gestanden ist. Aufgrund der starken Benutzung und im Hinblick auf das akutelle Gedenkjahr 1938-2008 ist es f\u00fcr die Universit\u00e4tsbibliothek sehr erfreulich, dass wir diese Dissertation nun in digitaler Form anbieten k\u00f6nnen. Beginnend mit 11. M\u00e4rz 2008 werden die einzelnen Biographien laufend im Weblog vorgestellt. Entsprechend den M\u00f6glichkeiten des Weblog ist geplant, weitere Informationen zu den Biographien bei den entsprechenden Weblogeintr\u00e4gen zu integrieren. Hinweise bitte an: provenienzforschung@meduniwien.ac.at<\/p>\n<p><img src='https:\/\/ub-blog.meduniwien.ac.at\/blog\/wp-content\/uploads\/2007\/09\/swieten1d.jpg' alt='swieten1d.jpg' \/><br \/>\nBitte zitieren als<br \/>\nVAN SWIETEN BLOG: Informationen der Universit\u00e4tsbibliothek der Med Uni Wien,<br \/>\nNr. 635 [13. Mai 2008]. &#8211; Letzte Aktualisierung: 2013-05-05<br \/>\nOnline unter der URL: https:\/\/ub-blog.meduniwien.ac.at\/blog\/?p=635<\/p>\n","protected":false},"excerpt":{"rendered":"<p>VERTRIEBEN 1938 [46] UPDATE Hans HEIDLER (1889-1955) * 27.01.1899 Gmunden (Ober\u00f6sterreich) + 28.06.1955 Wien Vater: Josef Heidler Mutter: Johanna Siebenschein 1938 im Lehrk\u00f6rper der Medizinischen Fakult\u00e4t der Universit\u00e4t Wien, Fach: Geburtshilfe und Gyn\u00e4kologie Biographische Informationen zu Hans HEIDLER (PDF) im Repositorium der Ub Med Uni Wien. &#8211; Auszug aus: Judith Bauer-Merinsky: Die Auswirkungen der Annexion &hellip; <a href=\"https:\/\/ub.meduniwien.ac.at\/blog\/?p=635\" class=\"more-link\"><span class=\"screen-reader-text\">Hans HEIDLER (1889-1955): Vertrieben 1938 [46]<\/span> weiterlesen <span class=\"meta-nav\">&rarr;<\/span><\/a><\/p>\n","protected":false},"author":2,"featured_media":0,"comment_status":"open","ping_status":"open","sticky":false,"template":"","format":"standard","meta":{"ngg_post_thumbnail":0,"footnotes":""},"categories":[5,23,41],"tags":[993,952],"class_list":["post-635","post","type-post","status-publish","format-standard","hentry","category-medizingeschichte","category-news-8","category-vertrieben-1938","tag-hans-heidler-1889-1955","tag-sonderblogserie-vertrieben-1938"],"views":82362,"_links":{"self":[{"href":"https:\/\/ub.meduniwien.ac.at\/blog\/index.php?rest_route=\/wp\/v2\/posts\/635","targetHints":{"allow":["GET"]}}],"collection":[{"href":"https:\/\/ub.meduniwien.ac.at\/blog\/index.php?rest_route=\/wp\/v2\/posts"}],"about":[{"href":"https:\/\/ub.meduniwien.ac.at\/blog\/index.php?rest_route=\/wp\/v2\/types\/post"}],"author":[{"embeddable":true,"href":"https:\/\/ub.meduniwien.ac.at\/blog\/index.php?rest_route=\/wp\/v2\/users\/2"}],"replies":[{"embeddable":true,"href":"https:\/\/ub.meduniwien.ac.at\/blog\/index.php?rest_route=%2Fwp%2Fv2%2Fcomments&post=635"}],"version-history":[{"count":4,"href":"https:\/\/ub.meduniwien.ac.at\/blog\/index.php?rest_route=\/wp\/v2\/posts\/635\/revisions"}],"predecessor-version":[{"id":16034,"href":"https:\/\/ub.meduniwien.ac.at\/blog\/index.php?rest_route=\/wp\/v2\/posts\/635\/revisions\/16034"}],"wp:attachment":[{"href":"https:\/\/ub.meduniwien.ac.at\/blog\/index.php?rest_route=%2Fwp%2Fv2%2Fmedia&parent=635"}],"wp:term":[{"taxonomy":"category","embeddable":true,"href":"https:\/\/ub.meduniwien.ac.at\/blog\/index.php?rest_route=%2Fwp%2Fv2%2Fcategories&post=635"},{"taxonomy":"post_tag","embeddable":true,"href":"https:\/\/ub.meduniwien.ac.at\/blog\/index.php?rest_route=%2Fwp%2Fv2%2Ftags&post=635"}],"curies":[{"name":"wp","href":"https:\/\/api.w.org\/{rel}","templated":true}]}}