{"id":5930,"date":"2010-07-05T08:54:29","date_gmt":"2010-07-05T07:54:29","guid":{"rendered":"https:\/\/ub-blog.meduniwien.ac.at\/blog\/?p=5930"},"modified":"2010-07-05T08:54:29","modified_gmt":"2010-07-05T07:54:29","slug":"publikation-meduni-wien-mitarbeiterinnen-markus-grimm-mba-dr","status":"publish","type":"post","link":"https:\/\/ub.meduniwien.ac.at\/blog\/?p=5930","title":{"rendered":"Publikation MedUni Wien-MitarbeiterInnen: Markus Grimm, MBA, Dr."},"content":{"rendered":"<p><img loading=\"lazy\" decoding=\"async\" src=\"https:\/\/ub-blog.meduniwien.ac.at\/blog\/wp-content\/uploads\/2010\/07\/personalrecht_grimm.jpg\" alt=\"personalrecht_grimm\" title=\"personalrecht_grimm\" width=\"300\" height=\"300\" align=\"left\" size-full wp-image-5926\" srcset=\"https:\/\/ub.meduniwien.ac.at\/blog\/wp-content\/uploads\/2010\/07\/personalrecht_grimm.jpg 300w, https:\/\/ub.meduniwien.ac.at\/blog\/wp-content\/uploads\/2010\/07\/personalrecht_grimm-150x150.jpg 150w\" sizes=\"auto, (max-width: 300px) 100vw, 300px\" \/><br \/>\n<strong>Folgendes Buch hat die Universit\u00e4tsbibliothek erworben:<\/strong><\/p>\n<p>Pfeil, Walter J.   [Hrsg.] : Personalrecht der Universit\u00e4ten : [UG 2002 (personalrechtlich relevante Bestimmungen), KollV f\u00fcr ArbeitnehmerInnen der Universit\u00e4ten, Zusatz-KollV f\u00fcr die Altersvorsorge ; Kurzkommentar] \/ hrsg. von Walter J. Pfeil. Bearb. von Markus Grimm &#8230;. &#8211; Wien : Manz, 2010. &#8211; XXIII, 544 S. . &#8211; 978-3-214-03862-5 geb. : EUR 85.60 (DE), EUR 88.00 (AT). &#8211; (Manzsche Kurzkommentare zum Arbeits- und Sozialrecht ; 17)<\/p>\n<p>Am 1. 10. 2009 ist der Kollektivvertrag f\u00fcr die ArbeitnehmerInnen<br \/>\nder Universit\u00e4ten in Kraft getreten, der zusammen<br \/>\nmit den personalrechtlichen Vorschriften des Universit\u00e4tsgesetzes<br \/>\n2002 eine v\u00f6llige Neuordnung dieses Rechtsbereichs gebracht<br \/>\nhat. Dieser neue Kommentar bietet<br \/>\n\u2022 eine umfassende rechtsdogmatische Aufarbeitung der Materie,<br \/>\n\u2022 eingebettet in das allgemeine Arbeitsrecht,<br \/>\n\u2022 mit s\u00e4mtlichen erforderlichen Bez\u00fcgen zu den teilweise weiter<br \/>\ngeltenden Vorschriften des Beamten- bzw Vertragsbedienstetenrechts<br \/>\naus erster Hand: Die AutorInnen waren an der Entstehung des<br \/>\nKollektivvertrags beteiligt und sind auch in dessen Implementierung<br \/>\nan den Universit\u00e4ten eingebunden. Viele der im Kommentar<br \/>\nbehandelten Fragen stammen daher unmittelbar aus Rechtspraxis<br \/>\nund Personalmanagement an den Universit\u00e4ten.<\/p>\n<p><strong>MedUni Wien Autor:<br \/>\nDr. Markus Grimm, MBA, ist Leiter der Rechtsabteilung der<br \/>\nMedizinischen Universit\u00e4t Wien.<\/strong><\/p>\n<p>Dr. Walter J. Pfeil ist Professor f\u00fcr Arbeitsrecht und Sozialrecht<br \/>\nan der Universit\u00e4t Salzburg.<br \/>\nMag.a Doris Sch\u00f6berl ist stellvertretende Generalsekret\u00e4rin der<br \/>\nUniversit\u00e4tenkonferenz.<\/p>\n<p> Weitere Beitr\u00e4ge:<br \/>\n<a href=\"https:\/\/ub-blog.meduniwien.ac.at\/blog\/?p=5792\">Publikation MedUni Wien-MitarbeiterInnen: Holzmann, Heidemarie, Ao.Univ.-Prof. Dr.; Heinz, Franz Xaver, O.Univ.-Prof. Mag. Dr.; Aberle, Judith, Priv.-Doz. Dr.;<\/a><br \/>\n<a href=\"https:\/\/ub-blog.meduniwien.ac.at\/blog\/?p=5390\">Publikation MedUni Wien-MitarbeiterInnen: Kollmann, Christian, Ass.-Prof. Dipl.-Phys. Dr.<\/a><br \/>\n<a href=\"https:\/\/ub-blog.meduniwien.ac.at\/blog\/?p=4989\">Publikation MedUni Wien-MitarbeiterInnen: Koblizek, Ruth Dr.;<\/a><br \/>\n<a href=\"https:\/\/ub-blog.meduniwien.ac.at\/blog\/?p=4939\">Publikation MedUni Wien-MitarbeiterInnen: Kubista, Ernst, Univ.-Prof. Dr.; Seifert, Michael, Ao.Univ.-Prof. Dr.; Singer, Christian, Ao.Univ.-Prof. Dr.; Grunt, Thomas, Ao.Univ.-Prof. Mag. Dr.; Hudelist, Gernot, Priv.-Doz.; K\u00f6stler, Wolfgang, Ao.Univ.-Prof. Dr.<\/a><br \/>\n<a href=\"https:\/\/ub-blog.meduniwien.ac.at\/blog\/?p=4662\">Publikation MedUni Wien-MitarbeiterInnen: Holubar, Karl, Univ.-Prof. Dr.;<\/a><br \/>\n<a href=\"https:\/\/ub-blog.meduniwien.ac.at\/blog\/?p=4354\">Publikation \u201cA MED PUB\u201d: B\u00f6hmer, Franz (Wien); Binder, Susanne (Wien); B\u00f6hmer, Franz (Wien); Bragagna, Elianora (Wien); Gerschlager, Willibald (Wien); Hartl, Sylvia (Wien); Ilias, Wilfried (Wien); Psota, Georg (Wien); Roller-Wirnsberger, Regina (Graz); Schramek, Paul (Wien)<\/a><br \/>\n<a href=\"https:\/\/ub-blog.meduniwien.ac.at\/blog\/?p=2685\">Publikation MEDUNI WIEN-MitarbeiterInnen: Fuchsj\u00e4ger, Michael Ao.Univ.-Prof. Dr.; Kreuzer, S\u00f6ren Ass.-Prof. Dr.; Loewe, Christian Ao.Univ.-Prof. Dr.; Metz-Schimmerl, Sylvia Univ.-Lektor Ass.-Prof. Dr.; N\u00f6bauer-Huhmann, Iris-Melanie Univ.-Lektor Priv.-Doz. Dr.; Uffmann, Martin Ao.Univ.-Prof. Dr.; Pokieser, Peter Ao.Univ.-Prof. Dr.; Sautner, Thomas Ao.Univ.-Prof. Dr.;<\/a><br \/>\n<a href=\"https:\/\/ub-blog.meduniwien.ac.at\/blog\/?p=1905\">Publikation MEDUNI WIEN-MitarbeiterInnen: Schmidinger, Manuela Ao.Univ.-Prof. Dr.; Zielinski, Christoph Univ.-Prof. Dr.<\/a><br \/>\n<a href=\"https:\/\/ub-blog.meduniwien.ac.at\/blog\/?p=1463\">Publikation MEDUNI WIEN-MitarbeiterInnen: K\u00fchrer, Irene; Ass.-Prof. Dr.<\/a><br \/>\n<a href=\"https:\/\/ub-blog.meduniwien.ac.at\/blog\/?p=1444\">Publikation MEDUNI WIEN-MitarbeiterInnen: Lesch, Otto-Michael Ao.Univ.-Prof. Dr; Walter, Henriette Ao.Univ.-Prof. Dr.;<\/a><br \/>\n<a href=\"https:\/\/ub-blog.meduniwien.ac.at\/blog\/?p=1387\">Publikation MEDUNI WIEN-MitarbeiterInnen: Kasper, Siegfried Univ.-Prof. Dr.; Frau Klier, Claudia Dr;<\/a><br \/>\n<a href=\"https:\/\/ub-blog.meduniwien.ac.at\/blog\/?p=1379\">Publikation MEDUNI WIEN-MitarbeiterInnen: Herceg, Malvina Dr.; Maier, Manfred Univ.-Prof. Dr.; Pieber, Karin Dr.; Rabady, Susanne Dr.<\/a><br \/>\n<a href=\"https:\/\/ub-blog.meduniwien.ac.at\/blog\/?p=1371\">Publikation MEDUNI WIEN-MitarbeiterInnen: Wawra Edgar, Ao.Univ.Prof. Mag. Dr.; M\u00fcllner Ernst, Ao.Univ.Prof. Mag. Dr.; Dolznig, Helmut; Priv.-Doz. Mag. Dr.<\/a><br \/>\n<a href=\"https:\/\/ub-blog.meduniwien.ac.at\/blog\/?p=1322\">Publikation MEDUNI WIEN-MitarbeiterInnen: Dominkus Martin, Univ.Prof. Dr.; Amann Gabriele, Ass.Prof. Dr.; Abdolvahab Farshid, Dr.; Brodowicz Thomas, Univ.Prof. Dr.; Eigenberger Karin, Dr.; Frey Manfred, O.Univ.Prof. Dr.; Kubiena Harald, Dr.; Kurtaran Amir, Univ.Prof. Dr.<\/a><br \/>\n<a href=\"https:\/\/ub-blog.meduniwien.ac.at\/blog\/?p=1270\">Publikation MEDUNI WIEN-MitarbeiterInnen: Herr Assadian Ojan, Ao.Univ.Prof. Dr.&#8211;&gt;LINK<\/a><br \/>\n<a href=\"https:\/\/ub-blog.meduniwien.ac.at\/blog\/?p=1176\">Publikation MEDUNI WIEN-MitarbeiterInnen: Trappl Robert, O.Univ.Prof. Dr.; Trost Harald, Ao.Univ.Prof. Dipl.-Ing. Dr.&#8211;&gt;LINK<\/a><br \/>\n<a href=\"https:\/\/ub-blog.meduniwien.ac.at\/blog\/?p=1086\">Publikation MEDUNI WIEN-MitarbeiterInnen: Leutmezer Fritz, Ao.Univ.Prof. Dr.&#8211;&gt;LINK<\/a><br \/>\n<a href=\"https:\/\/ub-blog.meduniwien.ac.at\/blog\/?p=1085\">Publikation MEDUNI WIEN-MitarbeiterInnen: Moritz Andreas, Ao.Univ.Prof. DDr.; Beer Franziska, DDr.; Goharkhay Kawe, Ass.Prof. DDr.&#8211;&gt;LINK<\/a><br \/>\n<a href=\"https:\/\/ub-blog.meduniwien.ac.at\/blog\/?p=999\">Publikation MEDUNI WIEN-MitarbeiterInnen: Minar Erich, Univ.Prof. Dr., Schillinger Martin, Univ.Prof. Dr.&#8211;&gt;LINK<\/a><br \/>\n<a href=\"https:\/\/ub-blog.meduniwien.ac.at\/blog\/?p=996\">Publikation MEDUNI WIEN-MitarbeiterInnen: Chahrour Marcel, Mag.&#8211;&gt;LINK<\/a><br \/>\n<a href=\"https:\/\/ub-blog.meduniwien.ac.at\/blog\/?p=896\">Publikation MEDUNI WIEN-MitarbeiterInnen: Karwautz Andreas, Univ.Prof. Dr.&#8211;&gt;LINK<\/a><br \/>\n<a href=\"https:\/\/ub-blog.meduniwien.ac.at\/blog\/?p=778\">Publikation MEDUNI WIEN-MitarbeiterInnen: Peintinger Michael, Dr.&#8211;&gt;LINK<\/a><br \/>\n<a href=\"https:\/\/ub-blog.meduniwien.ac.at\/blog\/?p=773\">Publikation MEDUNI WIEN-MitarbeiterInnen: Hubenstorf Michael, Univ.Prof.Dr.Dr.&#8211;&gt;LINK<\/a><br \/>\n<a href=\"https:\/\/ub-blog.meduniwien.ac.at\/blog\/?p=535\">Publikation MEDUNI WIEN-MitarbeiterInnen: Amering Michaela, Ao.Univ.Prof. Dr.&#8211;&gt;LINK<\/a><br \/>\n<a href=\"https:\/\/ub-blog.meduniwien.ac.at\/blog\/?p=532\">Publikation MEDUNI WIEN-MitarbeiterInnen: Moser Gabriele, Ao.Univ.Prof. Dr.&#8211;&gt;LINK<\/a><br \/>\n<a href=\"https:\/\/ub-blog.meduniwien.ac.at\/blog\/?p=499\">Publikation MEDUNI WIEN-MitarbeiterInnen: Gr\u00fcnberger Josef, tit.ao.Prof Dr.&#8211;&gt;LINK<\/a><br \/>\n<a href=\"https:\/\/ub-blog.meduniwien.ac.at\/blog\/?p=498\">Publikation MEDUNI WIEN-MitarbeiterInnen: Haber Paul, Ao.Univ.Prof. Dr.&#8211;&gt;LINK<\/a><br \/>\n<a href=\"https:\/\/ub-blog.meduniwien.ac.at\/blog\/?p=448\">Publikation MEDUNI WIEN-MitarbeiterInnen: Rieder Anita, Univ.Prof. Dr.; Kurz Christine, Ao.Univ.Prof. Dr.; Kiefer Ingrid, Univ.Doz. Mag. Dr.&#8211;&gt;LINK<\/a><br \/>\n<a href=\"https:\/\/ub-blog.meduniwien.ac.at\/blog\/?p=440\">Publikation MEDUNI WIEN-MitarbeiterInnen: O.Univ.Prof. Dr. Manfred Frey&#8211;&gt;LINK<\/a><br \/>\n<a href=\"https:\/\/ub-blog.meduniwien.ac.at\/blog\/?p=350\">Publikation MEDUNI WIEN-MitarbeiterInnen: Ao.Univ.Prof.Dr. Aloy&#8211;&gt;LINK<\/a><br \/>\n<a href=\"https:\/\/ub-blog.meduniwien.ac.at\/blog\/?p=307\">Publikation MEDUNI WIEN-Mitarbeiterinnen: MEDUNI WIEN Frauenbericht 2004-2006&#8211;&gt;LINK<\/a><br \/>\n<a href=\"https:\/\/ub-blog.meduniwien.ac.at\/blog\/?p=236\">Publikation MEDUNI WIEN-MitarbeiterInnen: Dr. theol. J\u00fcrgen Wallner&#8211;&gt;LINK<\/a><br \/>\n<a href=\"https:\/\/ub-blog.meduniwien.ac.at\/blog\/?p=213\">Publikation MEDUNI WIEN-MitarbeiterInnen: Dr.med.univ. Piero Lercher&#8211;&gt;LINK<\/a><br \/>\n<a href=\"https:\/\/ub-blog.meduniwien.ac.at\/blog\/?p=205\">Publikation MEDUNI WIEN-MitarbeiterInnen: Ao.Univ.Prof. Dr. Christian J. M\u00fcller&#8211;&gt;LINK<\/a><!--more--><br \/>\n<a href=\"https:\/\/ub-blog.meduniwien.ac.at\/blog\/?p=180\">Juni 2007: neue B\u00fccher von MitarbeiterInnen der Med Uni Wien an der Ub&#8211;&gt;LINK<\/a><br \/>\n<a href=\"https:\/\/ub-blog.meduniwien.ac.at\/blog\/?p=158\">Mai 2007: neue B\u00fccher von MitarbeiterInnen der Med Uni Wien an der Ub&#8211;&gt;LINK<\/a><br \/>\n<a href=\"https:\/\/ub-blog.meduniwien.ac.at\/blog\/?p=145\">April 2007: neue B\u00fccher von MitarbeiterInnen der Med Uni Wien an der Ub&#8211;&gt;LINK<\/a><br \/>\n<a href=\"https:\/\/ub-blog.meduniwien.ac.at\/blog\/?p=129\">M\u00e4rz 2007: neue B\u00fccher von MitarbeiterInnen der Med Uni Wien an der Ub&#8211;&gt;LINK<\/a><br \/>\n<a href=\"https:\/\/ub-blog.meduniwien.ac.at\/blog\/?p=119\">Feber 2007: neue B\u00fccher von MitarbeiterInnen der Med Uni Wien an der Ub&#8211;&gt;LINK<\/a><br \/>\n<a href=\"https:\/\/ub-blog.meduniwien.ac.at\/blog\/?p=109\">J\u00e4nner 2007: neue B\u00fccher von MitarbeiterInnen der Med Uni Wien an der Ub&#8211;&gt;LINK<\/a><br \/>\n<a href=\"https:\/\/ub-blog.meduniwien.ac.at\/blog\/?p=89\">Dezember 2006: neue B\u00fccher von MitarbeiterInnen der Med Uni Wien an der Ub&#8211;&gt;LINK<\/a><br \/>\n<a href=\"https:\/\/ub-blog.meduniwien.ac.at\/blog\/?p=73\">November 2006: neue B\u00fccher von Mitarbeiterinnen und Mitarbeitern der Med Uni Wien an der Ub&#8211;&gt;LINK<\/a><br \/>\n<a href=\"https:\/\/ub-blog.meduniwien.ac.at\/blog\/?p=47\">Oktober 2006: neue B\u00fccher von Mitarbeiterinnen und Mitarbeitern der Med Uni Wien an der Ub&#8211;&gt;LINK<\/a><br \/>\n<a href=\"https:\/\/ub-blog.meduniwien.ac.at\/blog\/?p=84\">Medizinische Publikationen \u00f6sterreichischer Autoren&#8211;&gt;LINK<\/a><br \/>\n<a href=\"https:\/\/ub-blog.meduniwien.ac.at\/blog\/?p=189\">NEUE Dissertationen und Diplomarbeiten der Med Uni Wien&#8211;&gt;LINK<\/a><\/p>\n","protected":false},"excerpt":{"rendered":"","protected":false},"author":2,"featured_media":0,"comment_status":"open","ping_status":"open","sticky":false,"template":"","format":"standard","meta":{"ngg_post_thumbnail":0,"footnotes":""},"categories":[1,24,11,2,16,31],"tags":[167],"class_list":["post-5930","post","type-post","status-publish","format-standard","hentry","category-allgemeines","category-books-journals","category-literaturhinweis","category-news","category-news1","category-publ-mitarbeiterinnen","tag-publikation-meduni-wien-mitarbeiterinnen"],"views":41291,"_links":{"self":[{"href":"https:\/\/ub.meduniwien.ac.at\/blog\/index.php?rest_route=\/wp\/v2\/posts\/5930","targetHints":{"allow":["GET"]}}],"collection":[{"href":"https:\/\/ub.meduniwien.ac.at\/blog\/index.php?rest_route=\/wp\/v2\/posts"}],"about":[{"href":"https:\/\/ub.meduniwien.ac.at\/blog\/index.php?rest_route=\/wp\/v2\/types\/post"}],"author":[{"embeddable":true,"href":"https:\/\/ub.meduniwien.ac.at\/blog\/index.php?rest_route=\/wp\/v2\/users\/2"}],"replies":[{"embeddable":true,"href":"https:\/\/ub.meduniwien.ac.at\/blog\/index.php?rest_route=%2Fwp%2Fv2%2Fcomments&post=5930"}],"version-history":[{"count":5,"href":"https:\/\/ub.meduniwien.ac.at\/blog\/index.php?rest_route=\/wp\/v2\/posts\/5930\/revisions"}],"predecessor-version":[{"id":6259,"href":"https:\/\/ub.meduniwien.ac.at\/blog\/index.php?rest_route=\/wp\/v2\/posts\/5930\/revisions\/6259"}],"wp:attachment":[{"href":"https:\/\/ub.meduniwien.ac.at\/blog\/index.php?rest_route=%2Fwp%2Fv2%2Fmedia&parent=5930"}],"wp:term":[{"taxonomy":"category","embeddable":true,"href":"https:\/\/ub.meduniwien.ac.at\/blog\/index.php?rest_route=%2Fwp%2Fv2%2Fcategories&post=5930"},{"taxonomy":"post_tag","embeddable":true,"href":"https:\/\/ub.meduniwien.ac.at\/blog\/index.php?rest_route=%2Fwp%2Fv2%2Ftags&post=5930"}],"curies":[{"name":"wp","href":"https:\/\/api.w.org\/{rel}","templated":true}]}}