{"id":5913,"date":"2010-07-01T13:48:33","date_gmt":"2010-07-01T12:48:33","guid":{"rendered":"https:\/\/ub-blog.meduniwien.ac.at\/blog\/?p=5913"},"modified":"2010-07-01T14:08:29","modified_gmt":"2010-07-01T13:08:29","slug":"fort-und-weiterbildung-der-ub-med-uni-wien-ii2010-april-juni-2010","status":"publish","type":"post","link":"https:\/\/ub.meduniwien.ac.at\/blog\/?p=5913","title":{"rendered":"Fort- und Weiterbildung der Ub Med Uni Wien II\/2010 (April &#8211; Juni 2010)"},"content":{"rendered":"<p><strong>Aktivit\u00e4ten der Fort- und Weiterbildung sowie nationaler und internationaler Kooperation in den Monaten April bis Juni 2010:<\/strong><\/p>\n<p><strong>APRIL 2010<\/strong><\/p>\n<ol>13.-16. April 2010<br \/>\nTeilnahme an der <a href=\"http:\/\/www.ub.uni-dortmund.de\/inetbib2010\/\">11. InetBib-Tagung<\/a> an der Bibliothek de ETH Z\u00fcrich [2]<\/ol>\n<ol>19. April 2010<br \/>\nTeilnahme an einer Sitzung der Kommission NS Provenienzforschung der <a href=\"http:\/\/www.univie.ac.at\/voeb\/\">Vereinigung \u00d6sterreichischer Bibliothekarinnen und Bibliothekare (V\u00d6B)<\/a> an der UB Wien [4] <\/ol>\n<ol>19.-21. April 2010<br \/>\nTeilnahme am <a href=\"http:\/\/www.obvsg.at\/wir-ueber-uns\/termine\/raw\/?tx_p2events_pi1%5Bdetail%5D=46\">20. Systembibliothekarstreffen (SysBib- und SysAdmin)<\/a> an der Ober\u00f6sterreichischen Landesbibliothek Linz [2]<\/ol>\n<ol>29. April 2010<br \/>\nTeilnahme an einer Sitzung der Kommisson f\u00fcr Sacherschlie\u00dfung der <a href=\"http:\/\/www.univie.ac.at\/voeb\/\">Vereinigung \u00d6sterreichischer Bibliothekarinnen und Bibliothekare (V\u00d6B)<\/a> an der UB der Technischen Universit\u00e4t Wien<\/ol>\n<p><!--more--><\/p>\n<p><strong>MAI 2010<\/strong><\/p>\n<ol>5. Mai 2010<br \/>\n<em>Web of Science<\/em>-Schulung der Fa. Thomson an der UB Med Uni Wien [7]<\/ol>\n<ol>6. Mai 2010<br \/>\nTeilnahme an der 2. Mitgliederversammlung der <a href=\"http:\/\/www.konsortien.at\/\">Kooperation e-Medien \u00d6sterreich<\/a> an der UB der Technischen Universit\u00e4t Wien<\/ol>\n<ol>7. Mai 2010<br \/>\nTeilnahme an einem <a href=\"http:\/\/www.uibk.ac.at\/ulb\/dea\/projekte\/bratislava2010\/bratislava2010_information.html\">Workshop des IMPACT Projektes<\/a> an der Universit\u00e4tsbibliothek Bratislava \/ Slowakei<\/ol>\n<ol>10. Mai 2010<br \/>\nTeilnahme am <a href=\"http:\/\/www.onb.ac.at\/ausbildung\/brainpool_seminare.htm\">Brain Pool-Seminar<\/a> zum Thema <em>Webrecherche=Google? ExpertInnentipps zu Google &#8211; und dar\u00fcber hinaus<\/em> an der \u00d6sterreichischen Nationalbibliothek<\/ol>\n<ol>11. Mai 2010<br \/>\nTeilnahme am <a href=\"http:\/\/www.onb.ac.at\/ausbildung\/brainpool_seminare.htm\">Brain Pool-Seminar<\/a> zum Thema <em>(BenutzerInnen)daten sch\u00fctzen, speichern, n\u00fctzen<\/em> an der \u00d6sterreichischen Nationalbibliothek [4]<\/ol>\n<ol>18.-19. Mai 2010<br \/>\nTeilnahme am <a href=\"http:\/\/www.onb.ac.at\/ausbildung\/brainpool_seminare.htm\">Brain Pool-Seminar<\/a> zum Thema <em>Bestandsmanagement und Nutzungskonzepte<\/em> an der \u00d6sterreichischen Nationalbibliothek [2]<\/ol>\n<ol>20. Mai 2010<br \/>\nTeilnahme am <a href=\"http:\/\/www.onb.ac.at\/ausbildung\/brainpool_seminare.htm\">Brain Pool-Seminar<\/a> zum Thema <em>Kunst-, Design- und Bildersuche im Netz<\/em> an der \u00d6sterreichischen Nationalbibliothek [2]<\/ol>\n<ol>20. Mai 2010<br \/>\nTeilnahme am Verbundtag des <a href=\"http:\/\/www.obvsg.at\/\">\u00d6sterreichischen Bibliothekenverbundes<\/a> an der <a href=\"http:\/\/www.uibk.ac.at\/ulb\/\">Universit\u00e4ts- und Landesbibliothek Tirol<\/a> in Innsbruck<\/ol>\n<ol>21. Mai 2010<br \/>\nTeilnahme an der Vollversammlung des <a href=\"http:\/\/www.obvsg.at\/\">\u00d6sterreichischen Bibliothekenverbundes<\/a> an der <a href=\"http:\/\/www.uibk.ac.at\/ulb\/\">Universit\u00e4ts- und Landesbibliothek Tirol<\/a> in Innsbruck <\/ol>\n<ol>24. Juni 2010<br \/>\nTeilnahme am AbteilungsleiterInnenkollegium, Med Uni Wien<\/ol>\n<ol>26-28. Mai 2010<br \/>\nTeilnahme am <a href=\"http:\/\/www.bvoe.at\/kongress\/\">Bibliothekskongress 2010<\/a> <em>Die Zukunft gestalten. Chance Bibliothek.<\/em>, veranstaltet vom <a href=\"http:\/\/www.bvoe.at\/\">B\u00fcchereiverband \u00d6sterreichs (BV\u00d6)<\/a> und von der <a href=\"http:\/\/www.univie.ac.at\/voeb\/\">Vereinigung \u00d6sterreichischer Bibliothekarinnen und Bibliothekare (V\u00d6B)<\/a> [4]<\/ol>\n<p><strong>JUNI 2010<\/strong><\/p>\n<ol>10. Juni 2010<br \/>\nSitzung der ARGE Strategische Planung im <a href=\"http:\/\/www.obvsg.at\/\">\u00d6sterreichischen Bibliothekenverbund<\/a><\/ol>\n<ol>16.-18. Juni 2010<br \/>\nTeilnahme an der Klausurtagung der <a href=\"http:\/\/www.uibk.ac.at\/voeb\/arge-dir\/\">Arbeitsgemeinschaft der Bibliotheksdirektorinnen und Bibliotheksdirektoren<\/a> in Ligist \/ Steiermark<\/ol>\n<ol>17.-18. Juni 2010<br \/>\nTeilnahme am <a href=\"http:\/\/www.onb.ac.at\/ausbildung\/brainpool_seminare.htm\">Brain Pool-Seminar<\/a> zum Thema <em>Instrumente zur thematischen Webrecherche<\/em> an der \u00d6sterreichischen Nationalbibliothek<\/ol>\n<ol>23. Juni 2010<br \/>\nTeilnahme an der Er\u00f6ffnung des <a href=\"http:\/\/www.meduniwien.ac.at\/orgs\/index.php?id=1032\">Anna Spiegel Forschungsgeb\u00e4udes<\/a> &#038; der Universit\u00e4tsvorlesung 2010 an der Med Uni Wien<\/ol>\n<ol>23. Juni 2010<br \/>\nTeilnahme am Vortrag <a href=\"http:\/\/www.univie.ac.at\/voeb\/blog\/?p=5973\">Erfahrungen der UB Konstanz mit Bestandsbereinigungen bei Zeitschriften&#8220;<\/a> (Dr. Adalbert Kirchg\u00e4ssner) an der UB Wien<\/ol>\n<ol>24. Juni 2010<br \/>\nTeilnahme am AbteilungsleiterInnenkollegium, Med Uni Wien<\/ol>\n<ol>28.-29. Juni 2010<br \/>\nTeilnahme am <a href=\"http:\/\/www.uni-muenster.de\/ZBMed\/aktuelles\/2520\">2. M\u00fcnsteraner Zukunftskolloquium<\/a> (Themen: Soziale Netzwerke, Emerging Technologies, E-B\u00fccher) an der <a href=\"http:\/\/www.uni-muenster.de\/ZBMed\/aktuelles\/\">Zweigbibliothek Medizin<\/a> der Universit\u00e4ts- und Landesbibliothek M\u00fcnster<\/ol>\n<p>***********************************************************<\/p>\n<p><em>Fort- und Weiterbildung der Mitarbeiterinnen und Mitarbeiter sowie die aktive Beteiligung in nationalen und internationalen Fachgremien sind wesentliche Kritierien f\u00fcr die positive Weiterentwicklung von Bibliotheken. Um transparent zu machen, wie die Universit\u00e4tsbibliothek der Med Uni Wien diesem Anspruch gerecht zu werden versucht, werden die entsprechenden Ma\u00dfnahmen quartalsweise im Weblog ver\u00f6ffentlicht.<\/p>\n<ol><a href=\"https:\/\/ub-blog.meduniwien.ac.at\/blog\/?p=159\">Fort- und Weiterbildung von MitarbeiterInnen der Ub Med Uni Wien 2007<\/a> (8. Mai 2007)<\/ol>\n<ol><a href=\"https:\/\/ub-blog.meduniwien.ac.at\/blog\/?p=214\">Fort- und Weiterbildung von MitarbeiterInnen der Ub Med Uni Wien II\/2007<\/a> (5. Juli 2007)<\/ol>\n<ol><a href=\"https:\/\/ub-blog.meduniwien.ac.at\/blog\/?p=358\">Fort- und Weiterbildung von MitarbeiterInnen der Ub Med Uni Wien III\/2007<\/a> (1. Oktober 2007)<\/ol>\n<ol><a href=\"https:\/\/ub-blog.meduniwien.ac.at\/blog\/?p=516\">Fort- und Weiterbildung von MitarbeiterInnen der Ub Med Uni Wien IV\/2007<\/a> (2. Januar 2008)<\/ol>\n<ol><a href=\"https:\/\/ub-blog.meduniwien.ac.at\/blog\/?p=871\">Fort- und Weiterbildung von MitarbeiterInnen der Ub Med Uni Wien I\/2008<\/a> (1. April 2008)<\/ol>\n<ol><a href=\"https:\/\/ub-blog.meduniwien.ac.at\/blog\/?p=1013\">Fort- und Weiterbildung von MitarbeiterInnen der Ub Med Uni Wien II\/2008<\/a> (4. Juli 2008)<\/ol>\n<ol><a href=\"https:\/\/ub-blog.meduniwien.ac.at\/blog\/?p=1168\">Fort- und Weiterbildung von MitarbeiterInnen der Ub Med Uni Wien III\/2008<\/a> (1. Oktober 2008)<\/ol>\n<ol><a href=\"https:\/\/ub-blog.meduniwien.ac.at\/blog\/?p=1364\">Fort- und Weiterbildung von MitarbeiterInnen der Ub Med Uni Wien IV\/2008<\/a> (4. Januar 2009)<\/ol>\n<ol><a href=\"https:\/\/ub-blog.meduniwien.ac.at\/blog\/?p=1489\">Fort- und Weiterbildung von MitarbeiterInnen der Ub Med Uni Wien I\/2009<\/a> (7. April 2009)<\/ol>\n<ol><a href=\"https:\/\/ub-blog.meduniwien.ac.at\/blog\/?p=1760\">Fort- und Weiterbildung von MitarbeiterInnen der Ub Med Uni Wien II\/2009<\/a> (1. Juli 2009)<\/ol>\n<ol><a href=\" https:\/\/ub-blog.meduniwien.ac.at\/blog\/?p=2557\">Fort- und Weiterbildung von MitarbeiterInnen der Ub Med Uni Wien III\/2009<\/a> (5. Oktober 2009)<\/ol>\n<ol><a href=\"https:\/\/ub-blog.meduniwien.ac.at\/blog\/?p=3435\">Fort- und Weiterbildung von MitarbeiterInnen der Ub Med Uni Wien IV\/2009<\/a> (7. Januar 2010)<\/ol>\n<ol><a href=\"https:\/\/ub-blog.meduniwien.ac.at\/blog\/?p=4494\">Fort- und Weiterbildung von MitarbeiterInnen der Ub Med Uni Wien I\/2010<\/a> (1. April 2010)<\/ol>\n<p><\/em><\/p>\n<p><img src='https:\/\/ub-blog.meduniwien.ac.at\/blog\/wp-content\/uploads\/2007\/09\/swieten1d.jpg' alt='swieten1d.jpg' \/><br \/>\nBitte zitieren als<br \/>\nVAN SWIETEN BLOG: Informationen der Universit\u00e4tsbibliothek der Med Uni Wien,<br \/>\nNr. 5913 [1. Juni 2010].<br \/>\nOnline unter der URL: https:\/\/ub-blog.meduniwien.ac.at\/blog\/?p=5913<\/p>\n","protected":false},"excerpt":{"rendered":"<p>Aktivit\u00e4ten der Fort- und Weiterbildung sowie nationaler und internationaler Kooperation in den Monaten April bis Juni 2010: APRIL 2010 13.-16. April 2010 Teilnahme an der 11. InetBib-Tagung an der Bibliothek de ETH Z\u00fcrich [2] 19. April 2010 Teilnahme an einer Sitzung der Kommission NS Provenienzforschung der Vereinigung \u00d6sterreichischer Bibliothekarinnen und Bibliothekare (V\u00d6B) an der UB &hellip; <a href=\"https:\/\/ub.meduniwien.ac.at\/blog\/?p=5913\" class=\"more-link\"><span class=\"screen-reader-text\">Fort- und Weiterbildung der Ub Med Uni Wien II\/2010 (April &#8211; Juni 2010)<\/span> weiterlesen <span class=\"meta-nav\">&rarr;<\/span><\/a><\/p>\n","protected":false},"author":2,"featured_media":0,"comment_status":"open","ping_status":"open","sticky":false,"template":"","format":"standard","meta":{"ngg_post_thumbnail":0,"footnotes":""},"categories":[1,2,16,42],"tags":[161,162],"class_list":["post-5913","post","type-post","status-publish","format-standard","hentry","category-allgemeines","category-news","category-news1","category-ub-med-uni-wien-intern","tag-fortbildung","tag-weiterbildung"],"views":48379,"_links":{"self":[{"href":"https:\/\/ub.meduniwien.ac.at\/blog\/index.php?rest_route=\/wp\/v2\/posts\/5913","targetHints":{"allow":["GET"]}}],"collection":[{"href":"https:\/\/ub.meduniwien.ac.at\/blog\/index.php?rest_route=\/wp\/v2\/posts"}],"about":[{"href":"https:\/\/ub.meduniwien.ac.at\/blog\/index.php?rest_route=\/wp\/v2\/types\/post"}],"author":[{"embeddable":true,"href":"https:\/\/ub.meduniwien.ac.at\/blog\/index.php?rest_route=\/wp\/v2\/users\/2"}],"replies":[{"embeddable":true,"href":"https:\/\/ub.meduniwien.ac.at\/blog\/index.php?rest_route=%2Fwp%2Fv2%2Fcomments&post=5913"}],"version-history":[{"count":5,"href":"https:\/\/ub.meduniwien.ac.at\/blog\/index.php?rest_route=\/wp\/v2\/posts\/5913\/revisions"}],"predecessor-version":[{"id":5915,"href":"https:\/\/ub.meduniwien.ac.at\/blog\/index.php?rest_route=\/wp\/v2\/posts\/5913\/revisions\/5915"}],"wp:attachment":[{"href":"https:\/\/ub.meduniwien.ac.at\/blog\/index.php?rest_route=%2Fwp%2Fv2%2Fmedia&parent=5913"}],"wp:term":[{"taxonomy":"category","embeddable":true,"href":"https:\/\/ub.meduniwien.ac.at\/blog\/index.php?rest_route=%2Fwp%2Fv2%2Fcategories&post=5913"},{"taxonomy":"post_tag","embeddable":true,"href":"https:\/\/ub.meduniwien.ac.at\/blog\/index.php?rest_route=%2Fwp%2Fv2%2Ftags&post=5913"}],"curies":[{"name":"wp","href":"https:\/\/api.w.org\/{rel}","templated":true}]}}