{"id":499,"date":"2008-01-11T10:30:12","date_gmt":"2008-01-11T09:30:12","guid":{"rendered":"https:\/\/ub-blog.meduniwien.ac.at\/blog\/?p=499"},"modified":"2011-02-08T14:41:47","modified_gmt":"2011-02-08T13:41:47","slug":"publikation-muw-mitarbeiterinnen-grunberger-josef-titaoprof-dr","status":"publish","type":"post","link":"https:\/\/ub.meduniwien.ac.at\/blog\/?p=499","title":{"rendered":"Publikation MUW-MitarbeiterInnen: Gr\u00fcnberger Josef, tit.ao.Prof Dr."},"content":{"rendered":"<p><img decoding=\"async\" src=\"https:\/\/ub.meduniwien.ac.at\/content\/bilder\/allg\/amedpub_din.jpg\" alt=\"A MED PUB Logo Margrit Hartl\" \/><\/p>\n<p><a href=\"https:\/\/ub-blog.meduniwien.ac.at\/blog\/?p=85\"> &#8211;>Link <\/a><\/p>\n<p><strong>Folgendes aktuelle Buch hat die Universit\u00e4tsbibliothek erworben<\/strong>:<\/p>\n<p>Gr\u00fcnberger, Josef : <strong>Humaner Strafvollzug am Beispiel Sonderanstalt Mittersteig<\/strong>  \/ Josef Gr\u00fcnberger . &#8211; Wien [u.a.]  : Springer , 2007 . &#8211; XVI, 368 S. . &#8211; 978-3-211-71832-2 geb. : EUR 59,95<br \/>\nSignatur: HV-6080<\/p>\n<p><strong>Autor:<\/strong><br \/>\n<strong><br \/>\nGr\u00fcnberger Josef, tit.ao.Prof Dr.<\/strong><br \/>\nUniversit\u00e4tsklinik f\u00fcr Psychiatrie und Psychotherapie<a href=\"http:\/\/www.medizin-medien.info\/dynasite.cfm?dsmid=83349\">&#8211;>LINK<\/a><\/p>\n<p><img src='https:\/\/ub-blog.meduniwien.ac.at\/blog\/wp-content\/uploads\/2007\/12\/strafvollzug-2a.jpg' alt='Strafvollzug' \/><\/p>\n<p><img src='https:\/\/ub-blog.meduniwien.ac.at\/blog\/wp-content\/uploads\/2007\/12\/strafvollzug-11.jpg' alt='Strafvollzug' \/><\/p>\n<p><strong>Weitere Beitr\u00e4ge:<\/strong><\/p>\n<p><a href=\"https:\/\/ub-blog.meduniwien.ac.at\/blog\/?p=189\">NEUE Dissertationen und Diplomarbeiten der Med Uni Wien&#8211;>LINK<\/a><br \/>\n<a href=\"https:\/\/ub-blog.meduniwien.ac.at\/blog\/?p=498\">Publikation MUW-MitarbeiterInnen: Haber Paul, Ao.Univ.Prof. Dr.&#8211;>LINK<\/a><br \/>\n<a href=\"https:\/\/ub-blog.meduniwien.ac.at\/blog\/?p=448\">Publikation MUW-MitarbeiterInnen: Rieder Anita, Univ.Prof. Dr.; Kurz Christine, Ao.Univ.Prof. Dr.; Kiefer Ingrid, Univ.Doz. Mag. Dr.&#8211;>LINK<\/a><br \/>\n<a href=\"https:\/\/ub-blog.meduniwien.ac.at\/blog\/?p=440\">Publikation MUW-MitarbeiterInnen: O.Univ.Prof. Dr. Manfred Frey&#8211;>LINK<\/a><br \/>\n<a href=\"https:\/\/ub-blog.meduniwien.ac.at\/blog\/?p=350\">Publikation MUW-MitarbeiterInnen: Ao.Univ.Prof.Dr. Aloy&#8211;>LINK<\/a><br \/>\n<a href=\"https:\/\/ub-blog.meduniwien.ac.at\/blog\/?p=307\">Publikation MUW-Mitarbeiterinnen: MUW Frauenbericht 2004-2006&#8211;>LINK<\/a><br \/>\n<a href=\"https:\/\/ub-blog.meduniwien.ac.at\/blog\/?p=236\">Publikation MUW-MitarbeiterInnen: Dr. theol. J\u00fcrgen Wallner&#8211;>LINK<\/a><br \/>\n<a href=\"https:\/\/ub-blog.meduniwien.ac.at\/blog\/?p=213\">Publikation MUW-MitarbeiterInnen: Dr.med.univ. Piero Lercher&#8211;>LINK<\/a><br \/>\n<a href=\"https:\/\/ub-blog.meduniwien.ac.at\/blog\/?p=205\">Publikation MUW-MitarbeiterInnen: Ao.Univ.Prof. Dr. Christian J. M\u00fcller&#8211;>LINK<\/a><br \/>\n<a href=\"https:\/\/ub-blog.meduniwien.ac.at\/blog\/?p=180\">Juni 2007: neue B\u00fccher von MitarbeiterInnen der Med Uni Wien an der Ub&#8211;>LINK<\/a><br \/>\n<a href=\"https:\/\/ub-blog.meduniwien.ac.at\/blog\/?p=158\">Mai 2007: neue B\u00fccher von MitarbeiterInnen der Med Uni Wien an der Ub&#8211;>LINK<\/a><br \/>\n<a href=\"https:\/\/ub-blog.meduniwien.ac.at\/blog\/?p=145\">April 2007: neue B\u00fccher von MitarbeiterInnen der Med Uni Wien an der Ub&#8211;>LINK<\/a><br \/>\n<a href=\"https:\/\/ub-blog.meduniwien.ac.at\/blog\/?p=129\">M\u00e4rz 2007: neue B\u00fccher von MitarbeiterInnen der Med Uni Wien an der Ub&#8211;>LINK<\/a><br \/>\n<a href=\"https:\/\/ub-blog.meduniwien.ac.at\/blog\/?p=119\">Feber 2007: neue B\u00fccher von MitarbeiterInnen der Med Uni Wien an der Ub&#8211;>LINK<\/a><br \/>\n<a href=\"https:\/\/ub-blog.meduniwien.ac.at\/blog\/?p=109\">J\u00e4nner 2007: neue B\u00fccher von MitarbeiterInnen der Med Uni Wien an der Ub&#8211;>LINK<\/a><br \/>\n<a href=\"https:\/\/ub-blog.meduniwien.ac.at\/blog\/?p=89\">Dezember 2006: neue B\u00fccher von MitarbeiterInnen der Med Uni Wien an der Ub&#8211;>LINK<\/a><br \/>\n<a href=\"https:\/\/ub-blog.meduniwien.ac.at\/blog\/?p=73\">November 2006: neue B\u00fccher von Mitarbeiterinnen und Mitarbeitern der Med Uni Wien an der Ub&#8211;>LINK<\/a><br \/>\n<a href=\"https:\/\/ub-blog.meduniwien.ac.at\/blog\/?p=47\">Oktober 2006: neue B\u00fccher von Mitarbeiterinnen und Mitarbeitern der Med Uni Wien an der Ub&#8211;>LINK<\/a><br \/>\n<a href=\"https:\/\/ub-blog.meduniwien.ac.at\/blog\/?p=84\">Medizinische Publikationen \u00f6sterreichischer Autoren&#8211;>LINK<\/a><\/p>\n","protected":false},"excerpt":{"rendered":"<p>&#8211;>Link Folgendes aktuelle Buch hat die Universit\u00e4tsbibliothek erworben: Gr\u00fcnberger, Josef : Humaner Strafvollzug am Beispiel Sonderanstalt Mittersteig \/ Josef Gr\u00fcnberger . &#8211; Wien [u.a.] : Springer , 2007 . &#8211; XVI, 368 S. . &#8211; 978-3-211-71832-2 geb. : EUR 59,95 Signatur: HV-6080 Autor: Gr\u00fcnberger Josef, tit.ao.Prof Dr. Universit\u00e4tsklinik f\u00fcr Psychiatrie und Psychotherapie&#8211;>LINK Weitere Beitr\u00e4ge: NEUE &hellip; <a href=\"https:\/\/ub.meduniwien.ac.at\/blog\/?p=499\" class=\"more-link\"><span class=\"screen-reader-text\">Publikation MUW-MitarbeiterInnen: Gr\u00fcnberger Josef, tit.ao.Prof Dr.<\/span> weiterlesen <span class=\"meta-nav\">&rarr;<\/span><\/a><\/p>\n","protected":false},"author":2,"featured_media":0,"comment_status":"open","ping_status":"open","sticky":false,"template":"","format":"standard","meta":{"ngg_post_thumbnail":0,"footnotes":""},"categories":[24,11,2,31],"tags":[127,167],"class_list":["post-499","post","type-post","status-publish","format-standard","hentry","category-books-journals","category-literaturhinweis","category-news","category-publ-mitarbeiterinnen","tag-publikation","tag-publikation-meduni-wien-mitarbeiterinnen"],"views":49639,"_links":{"self":[{"href":"https:\/\/ub.meduniwien.ac.at\/blog\/index.php?rest_route=\/wp\/v2\/posts\/499","targetHints":{"allow":["GET"]}}],"collection":[{"href":"https:\/\/ub.meduniwien.ac.at\/blog\/index.php?rest_route=\/wp\/v2\/posts"}],"about":[{"href":"https:\/\/ub.meduniwien.ac.at\/blog\/index.php?rest_route=\/wp\/v2\/types\/post"}],"author":[{"embeddable":true,"href":"https:\/\/ub.meduniwien.ac.at\/blog\/index.php?rest_route=\/wp\/v2\/users\/2"}],"replies":[{"embeddable":true,"href":"https:\/\/ub.meduniwien.ac.at\/blog\/index.php?rest_route=%2Fwp%2Fv2%2Fcomments&post=499"}],"version-history":[{"count":2,"href":"https:\/\/ub.meduniwien.ac.at\/blog\/index.php?rest_route=\/wp\/v2\/posts\/499\/revisions"}],"predecessor-version":[{"id":8119,"href":"https:\/\/ub.meduniwien.ac.at\/blog\/index.php?rest_route=\/wp\/v2\/posts\/499\/revisions\/8119"}],"wp:attachment":[{"href":"https:\/\/ub.meduniwien.ac.at\/blog\/index.php?rest_route=%2Fwp%2Fv2%2Fmedia&parent=499"}],"wp:term":[{"taxonomy":"category","embeddable":true,"href":"https:\/\/ub.meduniwien.ac.at\/blog\/index.php?rest_route=%2Fwp%2Fv2%2Fcategories&post=499"},{"taxonomy":"post_tag","embeddable":true,"href":"https:\/\/ub.meduniwien.ac.at\/blog\/index.php?rest_route=%2Fwp%2Fv2%2Ftags&post=499"}],"curies":[{"name":"wp","href":"https:\/\/api.w.org\/{rel}","templated":true}]}}