{"id":49155,"date":"2026-03-16T18:55:56","date_gmt":"2026-03-16T17:55:56","guid":{"rendered":"https:\/\/ub.meduniwien.ac.at\/blog\/?p=49155"},"modified":"2026-03-19T11:17:22","modified_gmt":"2026-03-19T10:17:22","slug":"aus-den-medizinhistorischen-bestaenden-der-ub-meduni-wien-250-hermann-friedrich-gruenwald-internist-ns-verfolgter-4-4-2-93-13-2-2","status":"publish","type":"post","link":"https:\/\/ub.meduniwien.ac.at\/blog\/?p=49155","title":{"rendered":"Aus den medizinhistorischen Best\u00e4nden der Ub MedUni Wien [364]: Selig, Arthur \u2013 Herzspezialist, Balneologe, Kurarzt in Franzensbad"},"content":{"rendered":"<p><strong>Selig, Arthur \u2013 Herzspezialist, Balneologe, Kurarzt in Franzensbad<\/strong><\/p>\n<p><strong>Autor:<\/strong> <a href=\"https:\/\/waltermentzel.wordpress.com\/\">Dr. Walter Mentzel<\/a><\/p>\n<p><strong>Published online: <\/strong>16.03,2026<\/p>\n<p><strong>Keywords:<\/strong> Balneologe, Herzspezialist, Kurarzt, Prag, Franzensbad, Medizingeschichte<\/p>\n<p>Arthur Selig wurde am 4. Februar 1873 als Sohn von Jakob Selig (1842-1895) und Malvine Selig (1850-1914), geborene Hock, in Prag geboren. 1911 heiratete er Ella Janowitz (1889-ermordet zirka 1944 KZ Auschwitz), mit der er die Tochter Erika Franz (1921-ermordet 5.11.1942 KZ Auschwitz) hatte.<\/p>\n<p>Arthur Selig studierte an der Deutschen Universit\u00e4t in Prag Medizin und promovierte im Juli 1898.<a href=\"#_ftn1\" name=\"_ftnref1\">[1]<\/a> W\u00e4hrend seines Studiums engagierte er sich im Unterst\u00fctzungsverein f\u00fcr mittellose israelitische Universit\u00e4tsh\u00f6rer in Prag, dessen Vereinsausschuss er 1898 angeh\u00f6rte,<a href=\"#_ftn2\" name=\"_ftnref2\">[2]<\/a> sowie in der Lese- und Redehalle der deutschen Studenten in Prag. Er war Mitglied des Vereins deutscher \u00c4rzte in Prag.<\/p>\n<p>Nach Abschluss seines Studiums arbeitete Selig zun\u00e4chst als Assistent an der Universit\u00e4tspoliklinik in Prag bei Jakob Singer (1853-1926). Anschlie\u00dfend war er an der Medizinischen Klinik bei Rudolf von Jaksch (1855-1947) t\u00e4tig und wechselte danach zu Ludolf Krehl (1861-1937) an der Universit\u00e4t in Stra\u00dfburg,<a href=\"#_ftn3\" name=\"_ftnref3\">[3]<\/a> wo er sich zum Herzspezialisten ausbilden lie\u00df. Aus dieser Zeit stammen seine Publikationen \u201e<a href=\"https:\/\/ubsearch.meduniwien.ac.at\/primo-explore\/fulldisplay?docid=UMW_alma2137967590003344&amp;context=L&amp;vid=UMW&amp;lang=de_DE&amp;search_scope=UMW_all&amp;adaptor=Local%20Search%20Engine&amp;tab=default_tab&amp;query=any,contains,selig%20a&amp;facet=searchcreationdate,include,1900%7C,%7C1931&amp;mode=Basic&amp;offset=0\">Beitrag zur Kenntnis der Herzdilatation<\/a>\u201c und \u201e<a href=\"https:\/\/ubsearch.meduniwien.ac.at\/primo-explore\/fulldisplay?docid=UMW_alma2137967510003344&amp;context=L&amp;vid=UMW&amp;lang=de_DE&amp;search_scope=UMW_all&amp;adaptor=Local%20Search%20Engine&amp;tab=default_tab&amp;query=any,contains,selig%20a&amp;facet=searchcreationdate,include,1900%7C,%7C1931&amp;mode=Basic&amp;offset=0\">Blutdruckapparate und Blutdruckmessungen<\/a>\u201c.<\/p>\n<p><strong>Kurarzt in Franzensbad<\/strong><\/p>\n<p>Seit 1905 war Selig als Kurarzt in Franzensbad t\u00e4tig und widmete sich dort vor allem der Behandlung von Herz- Kreislauferkrankungen.<a href=\"#_ftn4\" name=\"_ftnref4\">[4]<\/a> In Franzensbad war er Mitglied des \u00c4rztlichen Vereins Franzensbad. Vor dem Ersten Weltkrieg ver\u00f6ffentlichte er unter anderem die Arbeiten \u201e<a href=\"https:\/\/ubsearch.meduniwien.ac.at\/primo-explore\/fulldisplay?docid=UMW_alma2137967630003344&amp;context=L&amp;vid=UMW&amp;lang=de_DE&amp;search_scope=UMW_all&amp;adaptor=Local%20Search%20Engine&amp;tab=default_tab&amp;query=any,contains,selig%20a&amp;facet=searchcreationdate,include,1900%7C,%7C1931&amp;mode=Basic&amp;offset=0\">Die physikalische Behandlung der chronischen Herzkrankheiten und die Einrichtungen Franzensbads<\/a>\u201c, \u201e<a href=\"https:\/\/ubsearch.meduniwien.ac.at\/primo-explore\/fulldisplay?docid=UMW_alma2138007670003344&amp;context=L&amp;vid=UMW&amp;lang=de_DE&amp;search_scope=UMW_all&amp;adaptor=Local%20Search%20Engine&amp;tab=default_tab&amp;query=any,contains,selig%20a&amp;facet=searchcreationdate,include,1900%7C,%7C1931&amp;mode=Basic&amp;offset=0\">Sport und Herz<\/a>\u201c, \u201e<a href=\"https:\/\/ubsearch.meduniwien.ac.at\/primo-explore\/fulldisplay?docid=UMW_alma2138007750003344&amp;context=L&amp;vid=UMW&amp;lang=de_DE&amp;search_scope=UMW_all&amp;adaptor=Local%20Search%20Engine&amp;tab=default_tab&amp;query=any,contains,selig%20a&amp;facet=searchcreationdate,include,1900%7C,%7C1931&amp;mode=Basic&amp;offset=0\">Ueber den Herzschmerz<\/a>, \u201e<a href=\"https:\/\/ubsearch.meduniwien.ac.at\/primo-explore\/fulldisplay?docid=UMW_alma2137967470003344&amp;context=L&amp;vid=UMW&amp;lang=de_DE&amp;search_scope=UMW_all&amp;adaptor=Local%20Search%20Engine&amp;tab=default_tab&amp;query=any,contains,selig%20a&amp;facet=searchcreationdate,include,1900%7C,%7C1931&amp;mode=Basic&amp;offset=0\">Der Einfluss hydriatischer Prozeduren auf die Herzgr\u00f6sse<\/a>\u201c, \u201e<a href=\"https:\/\/ubsearch.meduniwien.ac.at\/primo-explore\/fulldisplay?docid=UMW_alma2138007790003344&amp;context=L&amp;vid=UMW&amp;lang=de_DE&amp;search_scope=UMW_all&amp;adaptor=Local%20Search%20Engine&amp;tab=default_tab&amp;query=any,contains,selig%20a&amp;facet=searchcreationdate,include,1900%7C,%7C1931&amp;mode=Basic&amp;offset=0\">\u00dcber den Elastin-, Fett- und Kalkgehalt der Aorta<\/a>\u201c, \u201eR\u00f6ntgenuntersuchungen des Herzens im Kohles\u00e4urebad\u201c,<a href=\"#_ftn5\" name=\"_ftnref5\">[5]<\/a> \u201e<a href=\"https:\/\/anno.onb.ac.at\/cgi-content\/anno-plus?aid=mkp&amp;datum=19110004&amp;query=(text:%22arthur+selig%22)&amp;ref=anno-search&amp;seite=1085\">Zuckernahrung bei Herzkrankheiten<\/a>\u201c,<a href=\"#_ftn6\" name=\"_ftnref6\">[6]<\/a> sowie \u201e<a href=\"https:\/\/anno.onb.ac.at\/cgi-content\/anno-plus?aid=mkp&amp;datum=19120004&amp;query=(text:%22arthur+selig%22)&amp;ref=anno-search&amp;seite=963\">Ueber die Wirkung der Mistel (Viscum album) auf den Kreislauf<\/a>\u201c<a href=\"#_ftn7\" name=\"_ftnref7\">[7]<\/a>.<\/p>\n<p>1910 ver\u00f6ffentlichte er die Arbeit \u201e<a href=\"https:\/\/ubsearch.meduniwien.ac.at\/primo-explore\/fulldisplay?docid=UMW_alma2137967550003344&amp;context=L&amp;vid=UMW&amp;lang=de_DE&amp;search_scope=UMW_all&amp;adaptor=Local%20Search%20Engine&amp;tab=default_tab&amp;query=any,contains,selig%20a&amp;facet=searchcreationdate,include,1900%7C,%7C1931&amp;mode=Basic&amp;offset=0\">Ein Blutdruckapparat f\u00fcr die Praxis<\/a>\u201c aus dem Ambulatorium des Vereins \u201eKinderambulatorium und Kindergrippe\u201c. Gemeinsam mit Egmont M\u00fcnzer (1865-1924) verfasste er 1914 die Studie \u201e<a href=\"https:\/\/ubsearch.meduniwien.ac.at\/primo-explore\/fulldisplay?docid=UMW_alma2138408910003344&amp;context=L&amp;vid=UMW&amp;lang=de_DE&amp;search_scope=UMW_all&amp;adaptor=Local%20Search%20Engine&amp;tab=default_tab&amp;query=any,contains,selig%20a&amp;facet=searchcreationdate,include,1900%7C,%7C1931&amp;mode=Basic&amp;offset=0\">Vaskul\u00e4re Hypertonie und Schrumpfniere<\/a>\u201c.<\/p>\n<p>Nach dem Ersten Weltkrieg erschienen von ihm 1925 die Arbeit \u201e<a href=\"https:\/\/anno.onb.ac.at\/cgi-content\/anno-plus?aid=wai&amp;datum=19250004&amp;query=(text:%22arthur+selig%22)&amp;ref=anno-search&amp;seite=628\">Zur Pathophysiologie und Therapie der paroxysmalen Tachykardie<\/a>\u201c<a href=\"#_ftn8\" name=\"_ftnref8\">[8]<\/a> und 1926 \u201e<a href=\"https:\/\/anno.onb.ac.at\/cgi-content\/anno-plus?aid=wai&amp;datum=19260008&amp;query=(text:%22arthur+selig%22)&amp;ref=anno-search&amp;seite=219\">Zur Wirkung der Kohlens\u00e4urenb\u00e4der<\/a>\u201c.<a href=\"#_ftn9\" name=\"_ftnref9\">[9]<\/a><\/p>\n<p>Arthur Selig verstarb am 11. August 1928 in Wien.<\/p>\n<p><img loading=\"lazy\" decoding=\"async\" class=\"alignnone wp-image-49154\" src=\"https:\/\/ub.meduniwien.ac.at\/blog\/wp-content\/uploads\/2026\/03\/selig-arthur_todesanzeige_prager-tagblatt_15.8.1928_s.13-300x141.jpg\" alt=\"\" width=\"357\" height=\"168\" srcset=\"https:\/\/ub.meduniwien.ac.at\/blog\/wp-content\/uploads\/2026\/03\/selig-arthur_todesanzeige_prager-tagblatt_15.8.1928_s.13-300x141.jpg 300w, https:\/\/ub.meduniwien.ac.at\/blog\/wp-content\/uploads\/2026\/03\/selig-arthur_todesanzeige_prager-tagblatt_15.8.1928_s.13-800x376.jpg 800w, https:\/\/ub.meduniwien.ac.at\/blog\/wp-content\/uploads\/2026\/03\/selig-arthur_todesanzeige_prager-tagblatt_15.8.1928_s.13-768x361.jpg 768w, https:\/\/ub.meduniwien.ac.at\/blog\/wp-content\/uploads\/2026\/03\/selig-arthur_todesanzeige_prager-tagblatt_15.8.1928_s.13.jpg 1306w\" sizes=\"auto, (max-width: 357px) 100vw, 357px\" \/><\/p>\n<p>Selig Arthur: Todesanzeige, Prager Tagblatt, 15.8.1928, S. 13.<\/p>\n<p><strong>Quellen:<\/strong><\/p>\n<p><a href=\"https:\/\/vademecum.nacr.cz\/vademecum\/PaginatorMedia.action?_sourcePage=HqJaaWQXKuyDxsr0BIae2rpqFTKWomP4VuTUTApoFkBnvHoEOhSR4OO3uC086s7TofR6VZIOtx_zu8U5WkfH1NrqOlR7jVYgMnXJYXbTXds%3D&amp;row=15\">Register j\u00fcdischer Religionsgemeinschaften in tschechischen Regionen, Prag \u2013 Gl\u00e4ubigenregister, 1912, Sign. 2708, Folio 64<\/a>.<\/p>\n<p>Matriken der IKG Wien, Sterbebuch, 1928, Selig Arthur.<\/p>\n<p><strong>Literatur:<\/strong><\/p>\n<p><a href=\"https:\/\/ubsearch.meduniwien.ac.at\/primo-explore\/fulldisplay?docid=UMW_alma2137967590003344&amp;context=L&amp;vid=UMW&amp;lang=de_DE&amp;search_scope=UMW_all&amp;adaptor=Local%20Search%20Engine&amp;tab=default_tab&amp;query=any,contains,selig%20a&amp;facet=searchcreationdate,include,1900%7C,%7C1931&amp;mode=Basic&amp;offset=0\">Selig, Arthur: Beitrag zur Kenntnis der Herzdilatation. Sonderdruck aus: Wiener klinische Wochenschrift. Wien, Leipzig: Wilhelm Braum\u00fcller k.u.k. Hof- und Universit\u00e4ts-Buchh\u00e4ndler 1905.<\/a><\/p>\n<p>[Zweigbibliothek f\u00fcr Geschichte der Medizin\/Separata Bibliothek]<\/p>\n<p><a href=\"https:\/\/ubsearch.meduniwien.ac.at\/primo-explore\/fulldisplay?docid=UMW_alma2137967510003344&amp;context=L&amp;vid=UMW&amp;lang=de_DE&amp;search_scope=UMW_all&amp;adaptor=Local%20Search%20Engine&amp;tab=default_tab&amp;query=any,contains,selig%20a&amp;facet=searchcreationdate,include,1900%7C,%7C1931&amp;mode=Basic&amp;offset=0\">Selig, Arthur: Blutdruckapparate und Blutdruckmessungen. Aus der medizinischen Universit\u00e4tsklinik Prof. R. v. Jaksch. Sonderdruck aus: Prager medizinische Wochenschrift. Prag. Selbstverlag 1906.<\/a><\/p>\n<p>[Zweigbibliothek f\u00fcr Geschichte der Medizin\/Separata Bibliothek]<\/p>\n<p><a href=\"https:\/\/ubsearch.meduniwien.ac.at\/primo-explore\/fulldisplay?docid=UMW_alma2137967630003344&amp;context=L&amp;vid=UMW&amp;lang=de_DE&amp;search_scope=UMW_all&amp;adaptor=Local%20Search%20Engine&amp;tab=default_tab&amp;query=any,contains,selig%20a&amp;facet=searchcreationdate,include,1900%7C,%7C1931&amp;mode=Basic&amp;offset=0\">Selig: Arthur: Die physikalische Behandlung der chronischen Herzkrankheiten und die Einrichtungen Franzensbads. Sonderdruck aus: Prager medizinische Wochenschrift. Prag: Selbstverlag 1906.<\/a><\/p>\n<p>[Zweigbibliothek f\u00fcr Geschichte der Medizin\/Separata Bibliothek]<\/p>\n<p><a href=\"https:\/\/ubsearch.meduniwien.ac.at\/primo-explore\/fulldisplay?docid=UMW_alma2138007670003344&amp;context=L&amp;vid=UMW&amp;lang=de_DE&amp;search_scope=UMW_all&amp;adaptor=Local%20Search%20Engine&amp;tab=default_tab&amp;query=any,contains,selig%20a&amp;facet=searchcreationdate,include,1900%7C,%7C1931&amp;mode=Basic&amp;offset=0\">Selig, Arthur: Sport und Herz. Sonderdruck aus: Medizinische Klinik. Berlin: Verlag von Urban &amp; Schwarzenberg 1908.<\/a><\/p>\n<p>[Zweigbibliothek f\u00fcr Geschichte der Medizin\/Separata Bibliothek]<\/p>\n<p><a href=\"https:\/\/ubsearch.meduniwien.ac.at\/primo-explore\/fulldisplay?docid=UMW_alma2138007750003344&amp;context=L&amp;vid=UMW&amp;lang=de_DE&amp;search_scope=UMW_all&amp;adaptor=Local%20Search%20Engine&amp;tab=default_tab&amp;query=any,contains,selig%20a&amp;facet=searchcreationdate,include,1900%7C,%7C1931&amp;mode=Basic&amp;offset=0\">Selig, Arthur: Ueber den Herzschmerz. Sonderdruck aus: Medizinische Klinik. Berlin: Verlag von Urban &amp; Schwarzenberg 1909.<\/a><\/p>\n<p>[Zweigbibliothek f\u00fcr Geschichte der Medizin\/Separata Bibliothek]<\/p>\n<p><a href=\"https:\/\/ubsearch.meduniwien.ac.at\/primo-explore\/fulldisplay?docid=UMW_alma2137967470003344&amp;context=L&amp;vid=UMW&amp;lang=de_DE&amp;search_scope=UMW_all&amp;adaptor=Local%20Search%20Engine&amp;tab=default_tab&amp;query=any,contains,selig%20a&amp;facet=searchcreationdate,include,1900%7C,%7C1931&amp;mode=Basic&amp;offset=0\">Selig, Arthur: Der Einfluss hydriatischer Prozeduren auf die Herzgr\u00f6sse. Aus der hydratherapeutischen Anstalt der Universit\u00e4t Berlin (Leiter: Geh. Medizinalrat Prof. Dr. Brieger). Sonderdruck aus: Berliner klinische Wochenschrift. Berlin: Verlag von August Hirschwald 1909.<\/a><\/p>\n<p>[Zweigbibliothek f\u00fcr Geschichte der Medizin\/Separata Bibliothek]<\/p>\n<p><a href=\"https:\/\/ubsearch.meduniwien.ac.at\/primo-explore\/fulldisplay?docid=UMW_alma2138007790003344&amp;context=L&amp;vid=UMW&amp;lang=de_DE&amp;search_scope=UMW_all&amp;adaptor=Local%20Search%20Engine&amp;tab=default_tab&amp;query=any,contains,selig%20a&amp;facet=searchcreationdate,include,1900%7C,%7C1931&amp;mode=Basic&amp;offset=0\">Selig, Arthur: \u00dcber den Elastin-, Fett- und Kalkgehalt der Aorta. Aus dem medizinisch-chemischen Institut in Prag. Prof. Dr. R. v. Zeynek. Sonderdruck aus: Verhandlungen des Deutsche Kongresses f\u00fcr innere Medizin. Wiesbaden: Verlag von J.F. Bergmann 1910.<\/a><\/p>\n<p>[Zweigbibliothek f\u00fcr Geschichte der Medizin\/Separata Bibliothek]<\/p>\n<p><a href=\"https:\/\/ubsearch.meduniwien.ac.at\/primo-explore\/fulldisplay?docid=UMW_alma2137967550003344&amp;context=L&amp;vid=UMW&amp;lang=de_DE&amp;search_scope=UMW_all&amp;adaptor=Local%20Search%20Engine&amp;tab=default_tab&amp;query=any,contains,selig%20a&amp;facet=searchcreationdate,include,1900%7C,%7C1931&amp;mode=Basic&amp;offset=0\">Selig, Arthur: Ein Blutdruckapparat f\u00fcr die Praxis. Aus dem Ambulatorium des Vereines &#8222;Kinderambulatorium und Kinderkrippe&#8220; in Prag (Vorstand: Prof. Dr. Raudnitz). Sonderdruck aus: Wiener klinische Wochenschrift. Wien: Wilhelm Braum\u00fcller k.u.k. Hof- und Universit\u00e4ts-Buchh\u00e4ndler 1910.<\/a><\/p>\n<p>[Zweigbibliothek f\u00fcr Geschichte der Medizin\/Separata Bibliothek]<\/p>\n<p><a href=\"https:\/\/ubsearch.meduniwien.ac.at\/primo-explore\/fulldisplay?docid=UMW_alma2138408910003344&amp;context=L&amp;vid=UMW&amp;lang=de_DE&amp;search_scope=UMW_all&amp;adaptor=Local%20Search%20Engine&amp;tab=default_tab&amp;query=any,contains,selig%20a&amp;facet=searchcreationdate,include,1900%7C,%7C1931&amp;mode=Basic&amp;offset=0\">M\u00fcnzer, Egmont und Arthur Selig: Vaskul\u00e4re Hypertonie und Schrumpfniere. Gleichzeitig ein Beitrag zur Lehre von der vaskul\u00e4ren Hypertonie \u00fcberhaupt. Sonderduck aus: Prager medizinische Wochenschrift. Prag: Selbstverlag 1914.<\/a><\/p>\n<p>[Zweigbibliothek f\u00fcr Geschichte der Medizin\/Separata Bibliothek]<\/p>\n<p><a href=\"#_ftnref1\" name=\"_ftn1\">[1]<\/a> Prager Tagblatt, 17.7.1898, S. 4.<\/p>\n<p><a href=\"#_ftnref2\" name=\"_ftn2\">[2]<\/a> Prager Tagblatt, 4.3.1898, S. 6.<\/p>\n<p><a href=\"#_ftnref3\" name=\"_ftn3\">[3]<\/a> Egerer Anzeiger, 13.5.1905, S. 5.<\/p>\n<p><a href=\"#_ftnref4\" name=\"_ftn4\">[4]<\/a> Egerer Anzeiger, 3.5.1905, S. 4.<\/p>\n<p><a href=\"#_ftnref5\" name=\"_ftn5\">[5]<\/a> Medizinische Klinik, Nr. 18, 1910, S. 709-710.<\/p>\n<p><a href=\"#_ftnref6\" name=\"_ftn6\">[6]<\/a> Medizinische Klinik, Nr. 29, 1911, S. 1115-1116.<\/p>\n<p><a href=\"#_ftnref7\" name=\"_ftn7\">[7]<\/a> Medizinische Klinik, Nr. 24, 1912, S. 991-992.<\/p>\n<p><a href=\"#_ftnref8\" name=\"_ftn8\">[8]<\/a> Wiener Archiv f\u00fcr innere Medizin, 1925, S. 603-608.<\/p>\n<p><a href=\"#_ftnref9\" name=\"_ftn9\">[9]<\/a> Wiener Archiv f\u00fcr innere Medizin, 1926, S. 207-226.<\/p>\n<p><strong>Normdaten<\/strong> (Person)<strong>:\u00a0 :<\/strong> <a href=\"https:\/\/ub.meduniwien.ac.at\/blog\/?p=49155\">BBL<\/a>; GND:<\/p>\n<p>VAN SWIETEN BLOG der Universit\u00e4tsbibliothek der Medizinischen Universit\u00e4t Wien<br \/>\nBBL:\u00a0 <a href=\"https:\/\/ub.meduniwien.ac.at\/blog\/?p=49155\">49155<\/a> (16.03.2026)<br \/>\nURL:\u00a0 <a href=\"https:\/\/ub.meduniwien.ac.at\/blog\/?p=49155\">https:\/\/ub.meduniwien.ac.at\/blog\/?p=49155<\/a><\/p>\n<p>Letzte Aktualisierung: 2026.03.16<\/p>\n<p><a href=\"https:\/\/ub-blog.meduniwien.ac.at\/blog\/wp-content\/uploads\/2017\/01\/VanSwietenBlog_M.Hartl_.jpg\"><img loading=\"lazy\" decoding=\"async\" class=\"alignnone wp-image-27008\" src=\"https:\/\/ub-blog.meduniwien.ac.at\/blog\/wp-content\/uploads\/2017\/01\/VanSwietenBlog_M.Hartl_.jpg\" alt=\"Logo Margrit Hartl\" width=\"160\" height=\"54\" \/><\/a><\/p>\n","protected":false},"excerpt":{"rendered":"<p>Selig, Arthur \u2013 Herzspezialist, Balneologe, Kurarzt in Franzensbad Autor: Dr. Walter Mentzel Published online: 16.03,2026 Keywords: Balneologe, Herzspezialist, Kurarzt, Prag, Franzensbad, Medizingeschichte Arthur Selig wurde am 4. Februar 1873 als Sohn von Jakob Selig (1842-1895) und Malvine Selig (1850-1914), geborene Hock, in Prag geboren. 1911 heiratete er Ella Janowitz (1889-ermordet zirka 1944 KZ Auschwitz), mit &hellip; <a href=\"https:\/\/ub.meduniwien.ac.at\/blog\/?p=49155\" class=\"more-link\"><span class=\"screen-reader-text\">Aus den medizinhistorischen Best\u00e4nden der Ub MedUni Wien [364]: Selig, Arthur \u2013 Herzspezialist, Balneologe, Kurarzt in Franzensbad<\/span> weiterlesen <span class=\"meta-nav\">&rarr;<\/span><\/a><\/p>\n","protected":false},"author":368,"featured_media":0,"comment_status":"open","ping_status":"open","sticky":false,"template":"","format":"standard","meta":{"ngg_post_thumbnail":0,"footnotes":""},"categories":[1,2911,5,1347,2,16,1391],"tags":[3077,2915,2913,2914,2821,3554,2761,3257],"class_list":["post-49155","post","type-post","status-publish","format-standard","hentry","category-allgemeines","category-bio-bibliografisches-lexikon","category-medizingeschichte","category-medizinhistorische-bestaende-der-ub-meduni-wien","category-news","category-news1","category-separata-bibliothek","tag-balneologe","tag-bbl","tag-bio-bibliografisches-lexikon","tag-bio-bibliographisches-lexikon","tag-franzensbad","tag-herzspezialist","tag-kurarzt","tag-prag"],"views":960,"_links":{"self":[{"href":"https:\/\/ub.meduniwien.ac.at\/blog\/index.php?rest_route=\/wp\/v2\/posts\/49155","targetHints":{"allow":["GET"]}}],"collection":[{"href":"https:\/\/ub.meduniwien.ac.at\/blog\/index.php?rest_route=\/wp\/v2\/posts"}],"about":[{"href":"https:\/\/ub.meduniwien.ac.at\/blog\/index.php?rest_route=\/wp\/v2\/types\/post"}],"author":[{"embeddable":true,"href":"https:\/\/ub.meduniwien.ac.at\/blog\/index.php?rest_route=\/wp\/v2\/users\/368"}],"replies":[{"embeddable":true,"href":"https:\/\/ub.meduniwien.ac.at\/blog\/index.php?rest_route=%2Fwp%2Fv2%2Fcomments&post=49155"}],"version-history":[{"count":4,"href":"https:\/\/ub.meduniwien.ac.at\/blog\/index.php?rest_route=\/wp\/v2\/posts\/49155\/revisions"}],"predecessor-version":[{"id":49163,"href":"https:\/\/ub.meduniwien.ac.at\/blog\/index.php?rest_route=\/wp\/v2\/posts\/49155\/revisions\/49163"}],"wp:attachment":[{"href":"https:\/\/ub.meduniwien.ac.at\/blog\/index.php?rest_route=%2Fwp%2Fv2%2Fmedia&parent=49155"}],"wp:term":[{"taxonomy":"category","embeddable":true,"href":"https:\/\/ub.meduniwien.ac.at\/blog\/index.php?rest_route=%2Fwp%2Fv2%2Fcategories&post=49155"},{"taxonomy":"post_tag","embeddable":true,"href":"https:\/\/ub.meduniwien.ac.at\/blog\/index.php?rest_route=%2Fwp%2Fv2%2Ftags&post=49155"}],"curies":[{"name":"wp","href":"https:\/\/api.w.org\/{rel}","templated":true}]}}