{"id":48531,"date":"2025-12-03T15:01:18","date_gmt":"2025-12-03T14:01:18","guid":{"rendered":"https:\/\/ub-blog.meduniwien.ac.at\/blog\/?p=48531"},"modified":"2026-01-14T10:39:22","modified_gmt":"2026-01-14T09:39:22","slug":"laengere-oeffnungszeiten-ab-4-oktober-2021-2-2-2-2-2-2-2-3-2-2-3-2-2","status":"publish","type":"post","link":"https:\/\/ub.meduniwien.ac.at\/blog\/?p=48531","title":{"rendered":"Kreatives Gemeinschaftsprojekt: B\u00fccher-Weihnachtsbaum im Lesesaal der Universit\u00e4tsbibliothek MedUni Wien"},"content":{"rendered":"<p><strong>Kreatives Gemeinschaftsprojekt: B\u00fccher-Weihnachtsbaum im Lesesaal der Universit\u00e4tsbibliothek MedUni Wien<\/strong><\/p>\n<p>In diesem Jahr haben die Bibliothekar:innen ein besonderes Highlight im Lesesaal vorbereitet: Aus den \u00fcbriggebliebenen Restbest\u00e4nden des allj\u00e4hrlichen B\u00fccherflohmarkts und weiteren wiederverwendbaren Materialien ist ein kunstvoller, ressourcenschonender B\u00fccher-Weihnachtsbaum entstanden. Dieses kreative Projekt steht unter dem Motto <em>Academic Integrity<\/em> und soll daran erinnern, wie wichtig verantwortungsvolles wissenschaftliches Arbeiten \u2013 ebenso wie ein achtsamer Umgang mit Ressourcen \u2013 ist.&nbsp; Mit dem B\u00fccher-Weihnachtsbaum m\u00f6chten die Bibliothekar:innen nicht nur ein festliches und nachhaltiges Zeichen setzen, sondern auch ihre fortw\u00e4hrende Unterst\u00fctzung f\u00fcr alle Studierenden, Lehrenden und Forschenden betonen und w\u00fcnschen allen Benutzer:innen erholsame Weihnachtsfeiertage, viel Gl\u00fcck und Erfolg f\u00fcr das Jahr 2026!<\/p>\n<p>Der B\u00fccher-Weihnachtsbaum kann zu den <a href=\"https:\/\/ub.meduniwien.ac.at\/ueber-uns\/oeffnungszeiten\/\">\u00d6ffnungszeiten<\/a> der Universit\u00e4tsbibliothek MedUni Wien besichtigt werden! Wir freuen uns auf Ihren Besuch!<\/p>\n<p><a href=\"https:\/\/ub-blog.meduniwien.ac.at\/blog\/wp-content\/uploads\/2025\/12\/Buecherweihnachtsbaum-UB-MedUniWien.mp4\"><img loading=\"lazy\" decoding=\"async\" class=\"alignnone size-full wp-image-48664\" src=\"https:\/\/ub-blog.meduniwien.ac.at\/blog\/wp-content\/uploads\/2025\/12\/mp4Weihnachtsbaum.jpg\" alt=\"\" width=\"50\" height=\"67\"><\/a><a href=\"https:\/\/ub-blog.meduniwien.ac.at\/blog\/wp-content\/uploads\/2025\/12\/Buecherweihnachtsbaum-UB-MedUniWien.mp4\"> Buecherweihnachtsbaum UB MedUniWien.mp4<\/a><\/p>\n<p>Unser B\u00fccher-Weihnachtsbaum wurde in den MedUni Wien Instagram Stories ausgezeichnet!<\/p>\n<p>&nbsp;<a href=\"https:\/\/ub-blog.meduniwien.ac.at\/blog\/wp-content\/uploads\/2025\/12\/PHOTO-2025-12-23-17-22-47.jpg\"><img loading=\"lazy\" decoding=\"async\" class=\"wp-image-48775 alignleft\" src=\"https:\/\/ub-blog.meduniwien.ac.at\/blog\/wp-content\/uploads\/2025\/12\/PHOTO-2025-12-23-17-22-47.jpg\" alt=\"\" width=\"250\" height=\"401\"><\/a> <a href=\"https:\/\/ub-blog.meduniwien.ac.at\/blog\/wp-content\/uploads\/2025\/12\/PHOTO-2025-12-23-17-22-48.jpg\"><img loading=\"lazy\" decoding=\"async\" class=\"alignnone wp-image-48776\" src=\"https:\/\/ub-blog.meduniwien.ac.at\/blog\/wp-content\/uploads\/2025\/12\/PHOTO-2025-12-23-17-22-48.jpg\" alt=\"\" width=\"251\" height=\"472\"><\/a><\/p>\n<p><strong>\u00d6ffnungszeiten: Weinachten\/Jahreswechsel<br \/>\n<\/strong><strong>Wissenschaftliche Bibliothek<\/strong><\/p>\n<p><strong><a href=\"https:\/\/ub.meduniwien.ac.at\/ueber-uns\/standorte\/lageplaene\/lageplan-hauptbibliothek\/\">5E Lageplan<\/a><\/strong><\/p>\n<div>Montag, 22.12.2025 bis Dienstag, 23.12.2025:&nbsp; &nbsp; &nbsp; &nbsp;<br \/>\n08:00 &#8211; 16:00 Uhr<\/div>\n<div>Mittwoch, 24.12.2025 bis Sonntag, 28.12.2025:&nbsp; &nbsp; &nbsp; GESCHLOSSEN<\/div>\n<div>Montag, 29.12.2025 bis Dienstag, 30.12.2025:&nbsp; &nbsp; &nbsp; &nbsp;<br \/>\n08:00 &#8211; 16:00 Uhr<\/div>\n<div>Mittwoch, 31.12.2025 bis Dienstag, 06.01.2026:&nbsp; &nbsp; &nbsp; GESCHLOSSEN<\/div>\n<div>&nbsp;<\/div>\n<div>ab Mittwoch, 07.01.2026&nbsp; &nbsp; &nbsp; &nbsp; &nbsp; &nbsp; &nbsp; &nbsp; &nbsp; &nbsp; &nbsp; &nbsp; &nbsp; &nbsp; &nbsp; &nbsp; &nbsp; &nbsp; &nbsp;<\/div>\n<div><strong>Regul\u00e4re \u00d6ffnungszeiten<\/strong><br \/>\nMontag bis Freitag 8:00\u201320:00 Uhr<br \/>\nSamstag, Sonn- und Feiertag geschlossen<\/div>\n<p>__________________________________________________<\/p>\n<p>Studierendenlesesaal<\/p>\n<p class=\"bodytext\"><strong><a href=\"https:\/\/ub.meduniwien.ac.at\/fileadmin\/content\/OE\/ub\/logos\/Plan_UB_StudLS.jpg\">5C Lageplan<\/a><\/strong><\/p>\n<p class=\"bodytext\"><strong>Montag bis Sonn- und Feiertag (ganzj\u00e4hrig)<br \/>\n9:00-21:30 Uhr<\/strong><\/p>\n<p>__________________________________________________<\/p>\n<p><strong><a href=\"https:\/\/ub.meduniwien.ac.at\/zweigbibliotheken\/zweigbibliothek-fuer-geschichte-der-medizin\/\"><br \/>\nZweigbibliothek f\u00fcr Geschichte der Medizin<\/a><\/strong><\/p>\n<p><a href=\"https:\/\/ub.meduniwien.ac.at\/zweigbibliotheken\/uebersicht-zweigbibliotheken\/\">Lageplan<\/a><\/p>\n<p>__________________________________________________<\/p>\n<h4><a href=\"https:\/\/www.unizahnklinik-wien.at\/ueber-uns\/unsere-bibliothek\/\"><strong><br \/>\nZweigbibliothek f\u00fcr Zahnmedizin<\/strong><\/a><\/h4>\n<p><a href=\"https:\/\/ub.meduniwien.ac.at\/zweigbibliotheken\/uebersicht-zweigbibliotheken\/\">Lageplan<\/a><\/p>\n<p>__________________________________________________<\/p>\n","protected":false},"excerpt":{"rendered":"<p>Kreatives Gemeinschaftsprojekt: B\u00fccher-Weihnachtsbaum im Lesesaal der Universit\u00e4tsbibliothek MedUni Wien In diesem Jahr haben die Bibliothekar:innen ein besonderes Highlight im Lesesaal vorbereitet: Aus den \u00fcbriggebliebenen Restbest\u00e4nden des allj\u00e4hrlichen B\u00fccherflohmarkts und weiteren wiederverwendbaren Materialien ist ein kunstvoller, ressourcenschonender B\u00fccher-Weihnachtsbaum entstanden. Dieses kreative Projekt steht unter dem Motto Academic Integrity und soll daran erinnern, wie wichtig verantwortungsvolles wissenschaftliches &hellip; <a href=\"https:\/\/ub.meduniwien.ac.at\/blog\/?p=48531\" class=\"more-link\"><span class=\"screen-reader-text\">Kreatives Gemeinschaftsprojekt: B\u00fccher-Weihnachtsbaum im Lesesaal der Universit\u00e4tsbibliothek MedUni Wien<\/span> weiterlesen <span class=\"meta-nav\">&rarr;<\/span><\/a><\/p>\n","protected":false},"author":2,"featured_media":0,"comment_status":"open","ping_status":"open","sticky":false,"template":"","format":"standard","meta":{"ngg_post_thumbnail":0,"footnotes":""},"categories":[1,2,16,6],"tags":[1615],"class_list":["post-48531","post","type-post","status-publish","format-standard","hentry","category-allgemeines","category-news","category-news1","category-offnungszeiten","tag-offnungszeiten"],"views":8110,"_links":{"self":[{"href":"https:\/\/ub.meduniwien.ac.at\/blog\/index.php?rest_route=\/wp\/v2\/posts\/48531","targetHints":{"allow":["GET"]}}],"collection":[{"href":"https:\/\/ub.meduniwien.ac.at\/blog\/index.php?rest_route=\/wp\/v2\/posts"}],"about":[{"href":"https:\/\/ub.meduniwien.ac.at\/blog\/index.php?rest_route=\/wp\/v2\/types\/post"}],"author":[{"embeddable":true,"href":"https:\/\/ub.meduniwien.ac.at\/blog\/index.php?rest_route=\/wp\/v2\/users\/2"}],"replies":[{"embeddable":true,"href":"https:\/\/ub.meduniwien.ac.at\/blog\/index.php?rest_route=%2Fwp%2Fv2%2Fcomments&post=48531"}],"version-history":[{"count":27,"href":"https:\/\/ub.meduniwien.ac.at\/blog\/index.php?rest_route=\/wp\/v2\/posts\/48531\/revisions"}],"predecessor-version":[{"id":48781,"href":"https:\/\/ub.meduniwien.ac.at\/blog\/index.php?rest_route=\/wp\/v2\/posts\/48531\/revisions\/48781"}],"wp:attachment":[{"href":"https:\/\/ub.meduniwien.ac.at\/blog\/index.php?rest_route=%2Fwp%2Fv2%2Fmedia&parent=48531"}],"wp:term":[{"taxonomy":"category","embeddable":true,"href":"https:\/\/ub.meduniwien.ac.at\/blog\/index.php?rest_route=%2Fwp%2Fv2%2Fcategories&post=48531"},{"taxonomy":"post_tag","embeddable":true,"href":"https:\/\/ub.meduniwien.ac.at\/blog\/index.php?rest_route=%2Fwp%2Fv2%2Ftags&post=48531"}],"curies":[{"name":"wp","href":"https:\/\/api.w.org\/{rel}","templated":true}]}}