{"id":48319,"date":"2025-10-06T09:55:54","date_gmt":"2025-10-06T08:55:54","guid":{"rendered":"https:\/\/ub-blog.meduniwien.ac.at\/blog\/?p=48319"},"modified":"2025-10-20T09:56:32","modified_gmt":"2025-10-20T08:56:32","slug":"gastautor-rector-emeritus-univ-prof-dr-dr-h-c-wolfgang-schuetz-medical-humanities-2-4-2-2-2-3-2-2-2","status":"publish","type":"post","link":"https:\/\/ub.meduniwien.ac.at\/blog\/?p=48319","title":{"rendered":"\u00d6sterreich liest &#8211; Treffpunkt Bibliothek: aktuelle Buchausstellungen"},"content":{"rendered":"<p><a href=\"https:\/\/www.oesterreichliest.at\/veranstaltungen\">Veranstaltungskalender zum gr\u00f6\u00dften Literaturfestival \u00d6sterreichs<\/a><\/p>\n<p>Wir pr\u00e4sentieren im Lesesaal eine Auswahl des Buchbestands zu diesen Themen <strong>&#8222;K\u00fcnstliche Intelligenz&#8220; &amp; &#8222;Kinderb\u00fccher zu Wissenschaft und Medizin&#8220;<\/strong> und laden Sie ein, einander in unserem Lesesaal zu treffen, in den B\u00fcchern zu schm\u00f6kern und diese bei Interesse zu entlehnen.<\/p>\n<p>Ort: <a href=\"https:\/\/ub.meduniwien.ac.at\/ueber-uns\/standorte\/lageplaene\/lageplan-hauptbibliothek\/\">Lesesaal der Universit\u00e4tsbibliothek<\/a><\/p>\n<p>Dauer der Ausstellungen: bis 14.01.2025<\/p>\n<p><a href=\"http:\/\/ub.meduniwien.ac.at\/ueber-uns\/oeffnungszeiten\/\">zu den \u00d6ffnungszeiten der Universit\u00e4tsbibliothek <\/a><\/p>\n<p><strong>Wir freuen uns auf Ihren Besuch!<\/strong><\/p>\n<p><strong><a href=\"https:\/\/ubsearch.meduniwien.ac.at\/primo-explore\/search?query=any,contains,K%C3%BCnstliche%20Intelligenz&amp;tab=default_tab&amp;search_scope=UMW_all&amp;vid=UMW&amp;offset=0\">&gt;&gt;KI im Bibliothekskatalog<\/a><\/strong><\/p>\n<p><strong><a href=\"https:\/\/ubsearch.meduniwien.ac.at\/primo-explore\/collectionDiscovery?vid=UMW&amp;collectionId=8136227840003344&amp;lang=de_DE\">&gt;&gt;Virtuelle Kinderbuchausstellung<\/a><\/strong><\/p>\n<p><strong><a href=\"https:\/\/ub.meduniwien.ac.at\/ueber-uns\/mission-statement\/ai-zukunftsweisende-themen-an-der-ub\">&gt;&gt;<\/a><a href=\"https:\/\/ub-blog.meduniwien.ac.at\/blog\/wp-content\/uploads\/2023\/10\/KI_M.Hartl_.jpg\"><img loading=\"lazy\" decoding=\"async\" class=\"wp-image-42262 alignleft\" src=\"https:\/\/ub-blog.meduniwien.ac.at\/blog\/wp-content\/uploads\/2023\/10\/KI_M.Hartl_.jpg\" alt=\"\" width=\"118\" height=\"117\"><\/a><a href=\"https:\/\/ub.meduniwien.ac.at\/ueber-uns\/mission-statement\/ai-zukunftsweisende-themen-an-der-ub\/\">AI &#8211; Zukunftsweisende Themen an der UB<\/a><\/strong><\/p>\n<p>&nbsp;<\/p>\n<p>Tipp: Derzeit im <a href=\"https:\/\/ub-blog.meduniwien.ac.at\/blog\/?p=48324\">#Showcase UB die <strong>\u201ePetition um Zulassung der Frauen zum medizinischen Studium und um Freigebung der \u00e4rztlichen Praxis an weibliche Doctoren\u201c<\/strong><\/a><\/p>\n<p>**********************<\/p>\n<p><a href=\"https:\/\/ub.meduniwien.ac.at\/services\/anschaffungsvorschlaege\/\"><strong>&gt;&gt;Anschaffungsvorschlag: Buch<\/strong><\/a><br \/>\nFalls Sie in unserem <a href=\"https:\/\/ubsearch.meduniwien.ac.at\/primo-explore\/search?query=any,contains,K%C3%BCnstliche%20Intelligenz&amp;tab=default_tab&amp;search_scope=UMW_all&amp;vid=UMW&amp;offset=0\">Bibliothekskatalog<\/a> ein Buch nicht gefunden haben, und der Meinung sind, dass dieses Buch in der Universit\u00e4tsbibliothek der MedUni Wien vorhanden sein sollte, k\u00f6nnen Sie hier einen Anschaffungsvorschlag machen. Bitte geben Sie uns so viele Informationen wie m\u00f6glich (Autor, Titel, Erscheinungsjahr, Verlag, ISBN).<\/p>\n<div class=\"float-left ml-2\">\n<header role=\"banner\">\n<div class=\"header\">\n<div class=\"container--base\">\n<div>\n<p><a href=\"https:\/\/ub-blog.meduniwien.ac.at\/blog\/wp-content\/uploads\/2017\/09\/VanSwietenBlog_MHartl.gif\"><img loading=\"lazy\" decoding=\"async\" class=\"alignnone wp-image-28234\" src=\"https:\/\/ub-blog.meduniwien.ac.at\/blog\/wp-content\/uploads\/2017\/09\/VanSwietenBlog_MHartl.gif\" alt=\"Logo: MMag.Margrit Hartl\" width=\"158\" height=\"56\"><\/a><\/p>\n<\/div>\n<\/div>\n<\/div>\n<\/header>\n<\/div>\n","protected":false},"excerpt":{"rendered":"<p>Veranstaltungskalender zum gr\u00f6\u00dften Literaturfestival \u00d6sterreichs Wir pr\u00e4sentieren im Lesesaal eine Auswahl des Buchbestands zu diesen Themen &#8222;K\u00fcnstliche Intelligenz&#8220; &amp; &#8222;Kinderb\u00fccher zu Wissenschaft und Medizin&#8220; und laden Sie ein, einander in unserem Lesesaal zu treffen, in den B\u00fcchern zu schm\u00f6kern und diese bei Interesse zu entlehnen. Ort: Lesesaal der Universit\u00e4tsbibliothek Dauer der Ausstellungen: bis 14.01.2025 zu &hellip; <a href=\"https:\/\/ub.meduniwien.ac.at\/blog\/?p=48319\" class=\"more-link\"><span class=\"screen-reader-text\">\u00d6sterreich liest &#8211; Treffpunkt Bibliothek: aktuelle Buchausstellungen<\/span> weiterlesen <span class=\"meta-nav\">&rarr;<\/span><\/a><\/p>\n","protected":false},"author":2,"featured_media":0,"comment_status":"open","ping_status":"open","sticky":false,"template":"","format":"standard","meta":{"ngg_post_thumbnail":0,"footnotes":""},"categories":[1,11,2,16],"tags":[155,3224],"class_list":["post-48319","post","type-post","status-publish","format-standard","hentry","category-allgemeines","category-literaturhinweis","category-news","category-news1","tag-buchausstellung","tag-kuenstliche-intelligenz"],"views":2885,"_links":{"self":[{"href":"https:\/\/ub.meduniwien.ac.at\/blog\/index.php?rest_route=\/wp\/v2\/posts\/48319","targetHints":{"allow":["GET"]}}],"collection":[{"href":"https:\/\/ub.meduniwien.ac.at\/blog\/index.php?rest_route=\/wp\/v2\/posts"}],"about":[{"href":"https:\/\/ub.meduniwien.ac.at\/blog\/index.php?rest_route=\/wp\/v2\/types\/post"}],"author":[{"embeddable":true,"href":"https:\/\/ub.meduniwien.ac.at\/blog\/index.php?rest_route=\/wp\/v2\/users\/2"}],"replies":[{"embeddable":true,"href":"https:\/\/ub.meduniwien.ac.at\/blog\/index.php?rest_route=%2Fwp%2Fv2%2Fcomments&post=48319"}],"version-history":[{"count":6,"href":"https:\/\/ub.meduniwien.ac.at\/blog\/index.php?rest_route=\/wp\/v2\/posts\/48319\/revisions"}],"predecessor-version":[{"id":48328,"href":"https:\/\/ub.meduniwien.ac.at\/blog\/index.php?rest_route=\/wp\/v2\/posts\/48319\/revisions\/48328"}],"wp:attachment":[{"href":"https:\/\/ub.meduniwien.ac.at\/blog\/index.php?rest_route=%2Fwp%2Fv2%2Fmedia&parent=48319"}],"wp:term":[{"taxonomy":"category","embeddable":true,"href":"https:\/\/ub.meduniwien.ac.at\/blog\/index.php?rest_route=%2Fwp%2Fv2%2Fcategories&post=48319"},{"taxonomy":"post_tag","embeddable":true,"href":"https:\/\/ub.meduniwien.ac.at\/blog\/index.php?rest_route=%2Fwp%2Fv2%2Ftags&post=48319"}],"curies":[{"name":"wp","href":"https:\/\/api.w.org\/{rel}","templated":true}]}}