{"id":47747,"date":"2025-04-28T07:56:14","date_gmt":"2025-04-28T06:56:14","guid":{"rendered":"https:\/\/ub-blog.meduniwien.ac.at\/blog\/?p=47747"},"modified":"2025-04-28T07:58:28","modified_gmt":"2025-04-28T06:58:28","slug":"fresh-ebooks-2017-9-2-2-2-3-2-2-2-2-2-2-2-2-2-2-2-2-2-2-2-2-3-2-2-2-2-2-2-2-2-2-2-2-2-2-2-2-2-2-2-2-2-2-2-2-2-2-3-2","status":"publish","type":"post","link":"https:\/\/ub.meduniwien.ac.at\/blog\/?p=47747","title":{"rendered":"FRESH eBOOKS: Forschungsethik in der Pflegeforschung : Grundlagen f\u00fcr eine verantwortungsvolle Praxis; Notfallmedizin.."},"content":{"rendered":"<div>\n<div><strong>FRESH eBOOKS<\/strong><\/div>\n<div>&nbsp;<\/div>\n<div class=\"md-secondary-container\">\n<p>Alle aktuellen eBooks der Universit\u00e4tsbibliothek k\u00f6nnen von MedUni Wien Angeh\u00f6rigen im Volltext&nbsp; am Campus der MedUni Wien oder via <a title=\"\u00d6ffnet externen Link in neuem Fenster\" href=\"https:\/\/login.ez.srv.meduniwien.ac.at\/login?url=http:\/\/remote-access.ez.srv.meduniwien.ac.at\" target=\"_blank\" rel=\"noopener\"><u><strong>Remote Access&nbsp; <\/strong><\/u><\/a>abgerufen werden.<\/p>\n<\/div>\n<div>\n<p><span class=\"teaser__text\">Externe Benutzer:innen k\u00f6nnen nach Erhalt der Bibliothekskarte \u00fcber das WLAN MUW-Bibliothek im Lesesaal der UB eBooks downloaden.<\/span><\/p>\n<div id=\"SEARCH_RESULT_RECORDID_UMW_alma5158827670003344\" class=\"list-item-primary-content result-item-primary-content has-checkbox layout-row\" tabindex=\"0\" data-recordid=\"UMW_alma5158827670003344\"><span class=\"list-item-count\">1<\/span><\/div>\n<div class=\"md-label\">&nbsp;<\/div>\n<div class=\"result-item-image layout-column\">\n<div class=\"media-content-images\">\n<div class=\"media-thumbnail\">\n<div><img decoding=\"async\" class=\"main-img fan-img-1\" src=\"https:\/\/syndetics.com\/index.aspx?isbn=9783658473587\/SC.JPG&amp;client=primo\" alt=\"\"><\/div>\n<\/div>\n<\/div>\n<\/div>\n<div class=\"text-selector-spacer\">&nbsp;<\/div>\n<div class=\"result-item-text layout-fill layout-column flex\">\n<div class=\"media-content-type align-self-start\"><span translate=\"mediatype.ebook\">E-Book<\/span><\/div>\n<h3 class=\"item-title\"><a class=\"md-primoExplore-theme\" tabindex=\"0\" href=\"https:\/\/ubsearch.meduniwien.ac.at\/primo-explore\/fulldisplay?docid=UMW_alma5158827670003344&amp;context=L&amp;vid=UMW&amp;lang=de_DE\" data-emailref=\"UMW_alma5158827670003344\"><span class=\"\" data-field-selector=\"::title\"><span dir=\"auto\">Nachhaltigkeitskommunikation in der Gesundheitswirtschaft : Wie Sie nachhaltig agieren und glaubw\u00fcrdig kommunizieren<\/span><\/span><\/a><\/h3>\n<div class=\"item-detail reduce-lines-display\"><span data-field-selector=\"creator\"><span dir=\"auto\">Kesting, Tobias [VerfasserIn]Scherenberg, Viviane [VerfasserIn]<\/span><\/span><\/div>\n<div class=\"item-detail reduce-lines-display\"><span data-field-selector=\"creationdate\"><span dir=\"auto\">2025<\/span><\/span><\/div>\n<\/div>\n<div class=\"md-secondary-container\">&nbsp;<\/div>\n<div id=\"SEARCH_RESULT_RECORDID_UMW_alma5158827130003344\" class=\"list-item-primary-content result-item-primary-content has-checkbox layout-row\" tabindex=\"0\" data-recordid=\"UMW_alma5158827130003344\"><span class=\"list-item-count\">2<\/span><\/div>\n<div class=\"md-label\">&nbsp;<\/div>\n<div class=\"result-item-image layout-column\">\n<div class=\"media-content-images\">\n<div class=\"media-thumbnail\">\n<div><img decoding=\"async\" class=\"main-img fan-img-1\" src=\"https:\/\/syndetics.com\/index.aspx?isbn=9789819776368\/SC.JPG&amp;client=primo\" alt=\"\"><\/div>\n<div>&nbsp;<\/div>\n<\/div>\n<\/div>\n<\/div>\n<div class=\"result-item-text layout-fill layout-column flex\">\n<div class=\"media-content-type align-self-start\"><span translate=\"mediatype.ebook\">E-Book<\/span><\/div>\n<h3 class=\"item-title\"><a class=\"md-primoExplore-theme\" tabindex=\"0\" href=\"https:\/\/ubsearch.meduniwien.ac.at\/primo-explore\/fulldisplay?docid=UMW_alma5158827130003344&amp;context=L&amp;vid=UMW&amp;lang=de_DE\" data-emailref=\"UMW_alma5158827130003344\"><span class=\"\" data-field-selector=\"::title\"><span dir=\"auto\">Treatment of Refractory Renal Anemia : Case Collection<\/span><\/span><\/a><\/h3>\n<div class=\"item-detail reduce-lines-display\"><span data-field-selector=\"contributor\"><span dir=\"auto\">Liu, Bi-Cheng [HerausgeberIn]<\/span><\/span><\/div>\n<div class=\"item-detail reduce-lines-display\"><span data-field-selector=\"creationdate\"><span dir=\"auto\">2025<\/span><\/span><\/div>\n<\/div>\n<div class=\"md-secondary-container\">&nbsp;<\/div>\n<div id=\"SEARCH_RESULT_RECORDID_UMW_alma5158827610003344\" class=\"list-item-primary-content result-item-primary-content has-checkbox layout-row\" tabindex=\"0\" data-recordid=\"UMW_alma5158827610003344\"><span class=\"list-item-count\">3<\/span><\/div>\n<div class=\"md-label\">&nbsp;<\/div>\n<div class=\"result-item-image layout-column\">\n<div class=\"media-content-images\">\n<div class=\"media-thumbnail\">\n<div><img decoding=\"async\" class=\"main-img fan-img-1\" src=\"https:\/\/syndetics.com\/index.aspx?isbn=9783662709535\/SC.JPG&amp;client=primo\" alt=\"\"><\/div>\n<div>&nbsp;<\/div>\n<\/div>\n<\/div>\n<\/div>\n<div class=\"result-item-text layout-fill layout-column flex\">\n<div class=\"media-content-type align-self-start\"><span translate=\"mediatype.ebook\">E-Book<\/span><\/div>\n<h3 class=\"item-title\"><a class=\"md-primoExplore-theme\" tabindex=\"0\" href=\"https:\/\/ubsearch.meduniwien.ac.at\/primo-explore\/fulldisplay?docid=UMW_alma5158827610003344&amp;context=L&amp;vid=UMW&amp;lang=de_DE\" data-emailref=\"UMW_alma5158827610003344\"><span class=\"\" data-field-selector=\"::title\"><span dir=\"auto\">Neue Technologien und digitale Anwendungen in der Diabetestherapie<\/span><\/span><\/a><\/h3>\n<div class=\"item-detail reduce-lines-display\"><span data-field-selector=\"creator\"><span dir=\"auto\">Petry, Sebastian [VerfasserIn]<\/span><\/span><\/div>\n<div class=\"item-detail reduce-lines-display\"><span data-field-selector=\"creationdate\"><span dir=\"auto\">2025<\/span><\/span><\/div>\n<\/div>\n<div class=\"md-secondary-container\">&nbsp;<\/div>\n<div id=\"SEARCH_RESULT_RECORDID_UMW_alma5158827220003344\" class=\"list-item-primary-content result-item-primary-content has-checkbox layout-row\" tabindex=\"0\" data-recordid=\"UMW_alma5158827220003344\"><span class=\"list-item-count\">4<\/span><\/div>\n<div class=\"md-label\">&nbsp;<\/div>\n<div class=\"result-item-image layout-column\">\n<div class=\"media-content-images\">\n<div class=\"media-thumbnail\">\n<div><img decoding=\"async\" class=\"main-img fan-img-1\" src=\"https:\/\/syndetics.com\/index.aspx?isbn=9783662683859\/SC.JPG&amp;client=primo\" alt=\"\"><\/div>\n<\/div>\n<\/div>\n<\/div>\n<div class=\"text-selector-spacer\">&nbsp;<\/div>\n<div class=\"result-item-text layout-fill layout-column flex\">\n<div class=\"media-content-type align-self-start\"><span translate=\"mediatype.ebook\">E-Book<\/span><\/div>\n<h3 class=\"item-title\"><a class=\"md-primoExplore-theme\" tabindex=\"0\" href=\"https:\/\/ubsearch.meduniwien.ac.at\/primo-explore\/fulldisplay?docid=UMW_alma5158827220003344&amp;context=L&amp;vid=UMW&amp;lang=de_DE\" data-emailref=\"UMW_alma5158827220003344\"><span class=\"\" data-field-selector=\"::title\"><span dir=\"auto\">Repetitorium Phlebologie : F\u00fcr die Zusatzweiterbildung \u2013 Pr\u00fcfungs- und Praxiswissen<\/span><\/span><\/a><\/h3>\n<div class=\"item-detail reduce-lines-display\"><span data-field-selector=\"creator\"><span dir=\"auto\">N\u00fcllen, Helmut [VerfasserIn]Noppeney, Thomas [VerfasserIn]<\/span><\/span><\/div>\n<div class=\"item-detail reduce-lines-display\"><span data-field-selector=\"creationdate\"><span dir=\"auto\">2025<\/span><\/span><\/div>\n<\/div>\n<div class=\"md-secondary-container\">&nbsp;<\/div>\n<div id=\"SEARCH_RESULT_RECORDID_UMW_alma5158827550003344\" class=\"list-item-primary-content result-item-primary-content has-checkbox layout-row\" tabindex=\"0\" data-recordid=\"UMW_alma5158827550003344\"><span class=\"list-item-count\">5<\/span><\/div>\n<div class=\"md-label\">&nbsp;<\/div>\n<div class=\"result-item-image layout-column\">\n<div class=\"media-content-images\">\n<div class=\"media-thumbnail\">\n<div><img decoding=\"async\" class=\"main-img fan-img-1\" src=\"https:\/\/syndetics.com\/index.aspx?isbn=9783662710197\/SC.JPG&amp;client=primo\" alt=\"\"><\/div>\n<div>&nbsp;<\/div>\n<\/div>\n<\/div>\n<\/div>\n<div class=\"result-item-text layout-fill layout-column flex\">\n<div class=\"media-content-type align-self-start\"><span translate=\"mediatype.ebook\">E-Book<\/span><\/div>\n<h3 class=\"item-title\"><a class=\"md-primoExplore-theme\" tabindex=\"0\" href=\"https:\/\/ubsearch.meduniwien.ac.at\/primo-explore\/fulldisplay?docid=UMW_alma5158827550003344&amp;context=L&amp;vid=UMW&amp;lang=de_DE\" data-emailref=\"UMW_alma5158827550003344\"><span class=\"\" data-field-selector=\"::title\"><span dir=\"auto\">Todes- und Suizidw\u00fcnsche : Ethische Herausforderungen in der Pflege<\/span><\/span><\/a><\/h3>\n<div class=\"item-detail reduce-lines-display\"><span data-field-selector=\"creator\"><span dir=\"auto\">Klotz, Karen [VerfasserIn]Seidlein, Anna-Henrikje [VerfasserIn]Riedel, Annette [VerfasserIn]<\/span><\/span><\/div>\n<div class=\"item-detail reduce-lines-display\"><span data-field-selector=\"creationdate\"><span dir=\"auto\">2025<\/span><\/span><\/div>\n<\/div>\n<div class=\"md-secondary-container\">&nbsp;<\/div>\n<div id=\"SEARCH_RESULT_RECORDID_UMW_alma5153187240003344\" class=\"list-item-primary-content result-item-primary-content has-checkbox layout-row\" tabindex=\"0\" data-recordid=\"UMW_alma5153187240003344\"><span class=\"list-item-count\">6<\/span><\/div>\n<div class=\"md-label\">&nbsp;<\/div>\n<div class=\"result-item-image layout-column\">\n<div class=\"media-content-images\">\n<div class=\"media-thumbnail\">\n<div><img decoding=\"async\" class=\"main-img fan-img-1\" src=\"https:\/\/syndetics.com\/index.aspx?isbn=9783031210402\/SC.JPG&amp;client=primo\" alt=\"\"><\/div>\n<div>&nbsp;<\/div>\n<\/div>\n<\/div>\n<\/div>\n<div class=\"result-item-text layout-fill layout-column flex\">\n<div class=\"media-content-type align-self-start\"><span translate=\"mediatype.ebook\">E-Book<\/span><\/div>\n<h3 class=\"item-title\"><a class=\"md-primoExplore-theme\" tabindex=\"0\" href=\"https:\/\/ubsearch.meduniwien.ac.at\/primo-explore\/fulldisplay?docid=UMW_alma5153187240003344&amp;context=L&amp;vid=UMW&amp;lang=de_DE\" data-emailref=\"UMW_alma5153187240003344\"><span class=\"\" data-field-selector=\"::title\"><span dir=\"auto\">The Thorax : Medical, Radiological, and Pathological Assessment<\/span><\/span><\/a><\/h3>\n<div class=\"item-detail reduce-lines-display\"><span data-field-selector=\"contributor\"><span dir=\"auto\">Moran, Cesar A [HerausgeberIn]Truong, Mylene T [HerausgeberIn]de Groot, Patricia M [HerausgeberIn]<\/span><\/span><\/div>\n<div class=\"item-detail reduce-lines-display\"><span data-field-selector=\"creationdate\"><span dir=\"auto\">2023<\/span><\/span><\/div>\n<\/div>\n<div class=\"md-secondary-container\">&nbsp;<\/div>\n<div id=\"SEARCH_RESULT_RECORDID_UMW_alma5158827400003344\" class=\"list-item-primary-content result-item-primary-content has-checkbox layout-row\" tabindex=\"0\" data-recordid=\"UMW_alma5158827400003344\"><span class=\"list-item-count\">7<\/span><\/div>\n<div class=\"md-label\">&nbsp;<\/div>\n<div class=\"result-item-image layout-column\">\n<div class=\"media-content-images\">\n<div class=\"media-thumbnail\">\n<div><img decoding=\"async\" class=\"main-img fan-img-1\" src=\"https:\/\/syndetics.com\/index.aspx?isbn=9783662708965\/SC.JPG&amp;client=primo\" alt=\"\"><\/div>\n<\/div>\n<\/div>\n<\/div>\n<div class=\"text-selector-spacer\">&nbsp;<\/div>\n<div class=\"result-item-text layout-fill layout-column flex\">\n<div class=\"media-content-type align-self-start\"><span translate=\"mediatype.ebook\">E-Book<\/span><\/div>\n<h3 class=\"item-title\"><a class=\"md-primoExplore-theme\" tabindex=\"0\" href=\"https:\/\/ubsearch.meduniwien.ac.at\/primo-explore\/fulldisplay?docid=UMW_alma5158827400003344&amp;context=L&amp;vid=UMW&amp;lang=de_DE\" data-emailref=\"UMW_alma5158827400003344\"><span class=\"\" data-field-selector=\"::title\"><span dir=\"auto\">Schlafbezogene Atmungsst\u00f6rungen im Kindesalter : Besonderheiten in Diagnostik und Therapie<\/span><\/span><\/a><\/h3>\n<div class=\"item-detail reduce-lines-display\"><span data-field-selector=\"creator\"><span dir=\"auto\">Stuck, Boris A. [VerfasserIn]Schneider, Barbara [VerfasserIn]<\/span><\/span><\/div>\n<div class=\"item-detail reduce-lines-display\"><span data-field-selector=\"creationdate\"><span dir=\"auto\">2025<\/span><\/span><\/div>\n<\/div>\n<div class=\"md-secondary-container\">&nbsp;<\/div>\n<div id=\"SEARCH_RESULT_RECORDID_UMW_alma5153187560003344\" class=\"list-item-primary-content result-item-primary-content has-checkbox layout-row\" tabindex=\"0\" data-recordid=\"UMW_alma5153187560003344\"><span class=\"list-item-count\">8<\/span><\/div>\n<div class=\"md-label\">&nbsp;<\/div>\n<div class=\"result-item-image layout-column\">\n<div class=\"media-content-images\">\n<div class=\"media-thumbnail\">\n<div><img decoding=\"async\" class=\"main-img fan-img-1\" src=\"https:\/\/syndetics.com\/index.aspx?isbn=9783031230622\/SC.JPG&amp;client=primo\" alt=\"\"><\/div>\n<div>&nbsp;<\/div>\n<\/div>\n<\/div>\n<\/div>\n<div class=\"result-item-text layout-fill layout-column flex\">\n<div class=\"media-content-type align-self-start\"><span translate=\"mediatype.ebook\">E-Book<\/span><\/div>\n<h3 class=\"item-title\"><a class=\"md-primoExplore-theme\" tabindex=\"0\" href=\"https:\/\/ubsearch.meduniwien.ac.at\/primo-explore\/fulldisplay?docid=UMW_alma5153187560003344&amp;context=L&amp;vid=UMW&amp;lang=de_DE\" data-emailref=\"UMW_alma5153187560003344\"><span class=\"\" data-field-selector=\"::title\"><span dir=\"auto\">Clinical and Surgical Aspects of Congenital Heart Diseases : Text and Study Guide<\/span><\/span><\/a><\/h3>\n<div class=\"item-detail reduce-lines-display\"><span data-field-selector=\"contributor\"><span dir=\"auto\">Tagarakis, Georgios [HerausgeberIn]Gheni Sarfan, Ahmed [HerausgeberIn]Hashim, Hashim Talib [HerausgeberIn]Varney, Joseph [HerausgeberIn]<\/span><\/span><\/div>\n<div class=\"item-detail reduce-lines-display\"><span data-field-selector=\"creationdate\"><span dir=\"auto\">2023<\/span><\/span><\/div>\n<\/div>\n<div class=\"md-secondary-container\">&nbsp;<\/div>\n<div id=\"SEARCH_RESULT_RECORDID_UMW_alma5157508490003344\" class=\"list-item-primary-content result-item-primary-content has-checkbox layout-row\" tabindex=\"0\" data-recordid=\"UMW_alma5157508490003344\"><span class=\"list-item-count\">9<\/span><\/div>\n<div class=\"md-label\">&nbsp;<\/div>\n<div class=\"result-item-image layout-column\">\n<div class=\"media-content-images\">\n<div class=\"media-thumbnail\">\n<div><img decoding=\"async\" class=\"main-img fan-img-1\" src=\"https:\/\/syndetics.com\/index.aspx?isbn=9783662684559\/SC.JPG&amp;client=primo\" alt=\"\"><\/div>\n<div>&nbsp;<\/div>\n<\/div>\n<\/div>\n<\/div>\n<div class=\"result-item-text layout-fill layout-column flex\">\n<div class=\"media-content-type align-self-start\"><span translate=\"mediatype.ebook\">E-Book<\/span><\/div>\n<h3 class=\"item-title\"><a class=\"md-primoExplore-theme\" tabindex=\"0\" href=\"https:\/\/ubsearch.meduniwien.ac.at\/primo-explore\/fulldisplay?docid=UMW_alma5157508490003344&amp;context=L&amp;vid=UMW&amp;lang=de_DE\" data-emailref=\"UMW_alma5157508490003344\"><span class=\"\" data-field-selector=\"::title\"><span dir=\"auto\">Gastrointestinales Mikrobiom : Organ- und systembezogene Perspektiven<\/span><\/span><\/a><\/h3>\n<div class=\"item-detail reduce-lines-display\"><span data-field-selector=\"contributor\"><span dir=\"auto\">Schulz, Christian [HerausgeberIn]Malfertheiner, Peter [HerausgeberIn]<\/span><\/span><\/div>\n<div class=\"item-detail reduce-lines-display\"><span data-field-selector=\"creationdate\"><span dir=\"auto\">2024<\/span><\/span><\/div>\n<\/div>\n<div class=\"md-secondary-container\">&nbsp;<\/div>\n<div id=\"SEARCH_RESULT_RECORDID_UMW_alma5153187320003344\" class=\"list-item-primary-content result-item-primary-content has-checkbox layout-row\" tabindex=\"0\" data-recordid=\"UMW_alma5153187320003344\"><span class=\"list-item-count\">10<\/span><\/div>\n<div class=\"md-label\">&nbsp;<\/div>\n<div class=\"result-item-image layout-column\">\n<div class=\"media-content-images\">\n<div class=\"media-thumbnail\">\n<div><img decoding=\"async\" class=\"main-img fan-img-1\" src=\"https:\/\/syndetics.com\/index.aspx?isbn=9783031172731\/SC.JPG&amp;client=primo\" alt=\"\"><\/div>\n<\/div>\n<\/div>\n<\/div>\n<div class=\"text-selector-spacer\">&nbsp;<\/div>\n<div class=\"result-item-text layout-fill layout-column flex\">\n<div class=\"media-content-type align-self-start\"><span translate=\"mediatype.ebook\">E-Book<\/span><\/div>\n<h3 class=\"item-title\"><a class=\"md-primoExplore-theme\" tabindex=\"0\" href=\"https:\/\/ubsearch.meduniwien.ac.at\/primo-explore\/fulldisplay?docid=UMW_alma5153187320003344&amp;context=L&amp;vid=UMW&amp;lang=de_DE\" data-emailref=\"UMW_alma5153187320003344\"><span class=\"\" data-field-selector=\"::title\"><span dir=\"auto\">The High-risk Surgical Patient<\/span><\/span><\/a><\/h3>\n<div class=\"item-detail reduce-lines-display\"><span data-field-selector=\"contributor\"><span dir=\"auto\">Aseni, Paolo [HerausgeberIn]Grande, Antonino Massimiliano [HerausgeberIn]Lepp\u00e4niemi, Ari [HerausgeberIn]Chiara, Osvaldo [HerausgeberIn]<\/span><\/span><\/div>\n<div class=\"item-detail reduce-lines-display\"><span data-field-selector=\"creationdate\"><span dir=\"auto\">2023<\/span><\/span><\/div>\n<\/div>\n<div class=\"md-secondary-container\">&nbsp;<\/div>\n<div id=\"SEARCH_RESULT_RECORDID_UMW_alma5153187480003344\" class=\"list-item-primary-content result-item-primary-content has-checkbox layout-row\" tabindex=\"0\" data-recordid=\"UMW_alma5153187480003344\">\n<p><span class=\"list-item-count\">11<\/span><\/p>\n<div class=\"md-label\">&nbsp;<\/div>\n<div class=\"result-item-image layout-column\">\n<div class=\"media-content-images\">\n<div class=\"media-thumbnail\">\n<div><img decoding=\"async\" class=\"main-img fan-img-1\" src=\"https:\/\/syndetics.com\/index.aspx?isbn=9783031324833\/SC.JPG&amp;client=primo\" alt=\"\"><\/div>\n<\/div>\n<\/div>\n<\/div>\n<div class=\"text-selector-spacer\">&nbsp;<\/div>\n<div class=\"result-item-text layout-fill layout-column flex\">\n<div class=\"media-content-type align-self-start\"><span translate=\"mediatype.ebook\">E-Book<\/span><\/div>\n<h3 class=\"item-title\"><a class=\"md-primoExplore-theme\" tabindex=\"0\" href=\"https:\/\/ubsearch.meduniwien.ac.at\/primo-explore\/fulldisplay?docid=UMW_alma5153187480003344&amp;context=L&amp;vid=UMW&amp;lang=de_DE\" data-emailref=\"UMW_alma5153187480003344\"><span class=\"\" data-field-selector=\"::title\"><span dir=\"auto\">Alcohol and Alcohol-related Diseases<\/span><\/span><\/a><\/h3>\n<div class=\"item-detail reduce-lines-display\"><span data-field-selector=\"contributor\"><span dir=\"auto\">Mueller, Sebastian [HerausgeberIn]Heilig, Markus [HerausgeberIn]<\/span><\/span><\/div>\n<div class=\"item-detail reduce-lines-display\"><span data-field-selector=\"creationdate\"><span dir=\"auto\">2023<\/span><\/span><\/div>\n<\/div>\n<\/div>\n<div class=\"md-secondary-container\">&nbsp;<\/div>\n<div id=\"SEARCH_RESULT_RECORDID_UMW_alma5158827370003344\" class=\"list-item-primary-content result-item-primary-content has-checkbox layout-row\" tabindex=\"0\" data-recordid=\"UMW_alma5158827370003344\">\n<p><span class=\"list-item-count\">12<\/span><\/p>\n<div class=\"md-label\">&nbsp;<\/div>\n<div class=\"result-item-image layout-column\">\n<div class=\"media-content-images\">\n<div class=\"media-thumbnail\">\n<div><img decoding=\"async\" class=\"main-img fan-img-1\" src=\"https:\/\/syndetics.com\/index.aspx?isbn=9783662703823\/SC.JPG&amp;client=primo\" alt=\"\"><\/div>\n<\/div>\n<\/div>\n<\/div>\n<div class=\"text-selector-spacer\">&nbsp;<\/div>\n<div class=\"result-item-text layout-fill layout-column flex\">\n<div class=\"media-content-type align-self-start\"><span translate=\"mediatype.ebook\">E-Book<\/span><\/div>\n<h3 class=\"item-title\"><a class=\"md-primoExplore-theme\" tabindex=\"0\" href=\"https:\/\/ubsearch.meduniwien.ac.at\/primo-explore\/fulldisplay?docid=UMW_alma5158827370003344&amp;context=L&amp;vid=UMW&amp;lang=de_DE\" data-emailref=\"UMW_alma5158827370003344\"><span class=\"\" data-field-selector=\"::title\"><span dir=\"auto\">Komplikationsmanagement nach Unterspritzungen mit Hyalurons\u00e4ure<\/span><\/span><\/a><\/h3>\n<div class=\"item-detail reduce-lines-display\"><span data-field-selector=\"creator\"><span dir=\"auto\">Hilgers, Katharina [VerfasserIn]<\/span><\/span><\/div>\n<div class=\"item-detail reduce-lines-display\"><span data-field-selector=\"creationdate\"><span dir=\"auto\">2025<\/span><\/span><\/div>\n<\/div>\n<\/div>\n<div class=\"md-secondary-container\">&nbsp;<\/div>\n<div id=\"SEARCH_RESULT_RECORDID_UMW_alma5158827850003344\" class=\"list-item-primary-content result-item-primary-content has-checkbox layout-row\" tabindex=\"0\" data-recordid=\"UMW_alma5158827850003344\">\n<p><span class=\"list-item-count\">13<\/span><\/p>\n<div class=\"result-item-image layout-column\">\n<div class=\"media-content-images\">\n<div class=\"media-thumbnail\">\n<div><img decoding=\"async\" class=\"main-img fan-img-1\" src=\"https:\/\/syndetics.com\/index.aspx?isbn=9783662701119\/SC.JPG&amp;client=primo\" alt=\"\"><\/div>\n<div>&nbsp;<\/div>\n<\/div>\n<\/div>\n<\/div>\n<div class=\"text-selector-spacer\">&nbsp;<\/div>\n<div class=\"result-item-text layout-fill layout-column flex\">\n<div class=\"media-content-type align-self-start\"><span translate=\"mediatype.ebook\">E-Book<\/span><\/div>\n<h3 class=\"item-title\"><a class=\"md-primoExplore-theme\" tabindex=\"0\" href=\"https:\/\/ubsearch.meduniwien.ac.at\/primo-explore\/fulldisplay?docid=UMW_alma5158827850003344&amp;context=L&amp;vid=UMW&amp;lang=de_DE\" data-emailref=\"UMW_alma5158827850003344\"><span class=\"\" data-field-selector=\"::title\"><span dir=\"auto\">Der prominente Patient : Krankheiten weiterer ber\u00fchmter Pers\u00f6nlichkeiten<\/span><\/span><\/a><\/h3>\n<div class=\"item-detail reduce-lines-display\"><span data-field-selector=\"creator\"><span dir=\"auto\">Mei\u00dfner, Thomas [VerfasserIn]<\/span><\/span><\/div>\n<div class=\"item-detail reduce-lines-display\"><span data-field-selector=\"creationdate\"><span dir=\"auto\">2025<\/span><\/span><\/div>\n<div class=\"search-result-availability-line-wrapper\">\n<div class=\"layout-align-start-start layout-row\">\n<div class=\"layout-row\">&nbsp;<\/div>\n<\/div>\n<\/div>\n<\/div>\n<\/div>\n<div id=\"SEARCH_RESULT_RECORDID_UMW_alma5158827340003344\" class=\"list-item-primary-content result-item-primary-content has-checkbox layout-row\" tabindex=\"0\" data-recordid=\"UMW_alma5158827340003344\">\n<p><span class=\"list-item-count\">14<\/span><\/p>\n<div class=\"md-label\">&nbsp;<\/div>\n<div class=\"result-item-image layout-column\">\n<div class=\"media-content-images\">\n<div class=\"media-thumbnail\">\n<div><img decoding=\"async\" class=\"main-img fan-img-1\" src=\"https:\/\/syndetics.com\/index.aspx?isbn=9783662703984\/SC.JPG&amp;client=primo\" alt=\"\"><\/div>\n<\/div>\n<\/div>\n<\/div>\n<div class=\"text-selector-spacer\">&nbsp;<\/div>\n<div class=\"result-item-text layout-fill layout-column flex\">\n<div class=\"media-content-type align-self-start\"><span translate=\"mediatype.ebook\">E-Book<\/span><\/div>\n<h3 class=\"item-title\"><a class=\"md-primoExplore-theme\" tabindex=\"0\" href=\"https:\/\/ubsearch.meduniwien.ac.at\/primo-explore\/fulldisplay?docid=UMW_alma5158827340003344&amp;context=L&amp;vid=UMW&amp;lang=de_DE\" data-emailref=\"UMW_alma5158827340003344\"><span class=\"\" data-field-selector=\"::title\"><span dir=\"auto\">Notfallmedizin<\/span><\/span><\/a><\/h3>\n<div class=\"item-detail reduce-lines-display\"><span data-field-selector=\"creator\"><span dir=\"auto\">Ziegenfu\u00df, Thomas [VerfasserIn]<\/span><\/span><\/div>\n<div class=\"item-detail reduce-lines-display\"><span data-field-selector=\"creationdate\"><span dir=\"auto\">2025<\/span><\/span><\/div>\n<\/div>\n<\/div>\n<div class=\"md-secondary-container\">&nbsp;<\/div>\n<div id=\"SEARCH_RESULT_RECORDID_UMW_alma5158827760003344\" class=\"list-item-primary-content result-item-primary-content has-checkbox layout-row\" tabindex=\"0\" data-recordid=\"UMW_alma5158827760003344\">\n<p><span class=\"list-item-count\">15<\/span><\/p>\n<div class=\"md-label\">&nbsp;<\/div>\n<div class=\"result-item-image layout-column\">\n<div class=\"media-content-images\">\n<div class=\"media-thumbnail\">\n<div><img decoding=\"async\" class=\"main-img fan-img-1\" src=\"https:\/\/syndetics.com\/index.aspx?isbn=9783662708231\/SC.JPG&amp;client=primo\" alt=\"\"><\/div>\n<\/div>\n<\/div>\n<\/div>\n<div class=\"text-selector-spacer\">&nbsp;<\/div>\n<div class=\"result-item-text layout-fill layout-column flex\">\n<div class=\"media-content-type align-self-start\"><span translate=\"mediatype.ebook\">E-Book<\/span><\/div>\n<h3 class=\"item-title\"><a class=\"md-primoExplore-theme\" tabindex=\"0\" href=\"https:\/\/ubsearch.meduniwien.ac.at\/primo-explore\/fulldisplay?docid=UMW_alma5158827760003344&amp;context=L&amp;vid=UMW&amp;lang=de_DE\" data-emailref=\"UMW_alma5158827760003344\"><span class=\"\" data-field-selector=\"::title\"><span dir=\"auto\">Forschungsethik in der Pflegeforschung : Grundlagen f\u00fcr eine verantwortungsvolle Praxis<\/span><\/span><\/a><\/h3>\n<div class=\"item-detail reduce-lines-display\"><span data-field-selector=\"creator\"><span dir=\"auto\">Seidlein, Anna-Henrikje [VerfasserIn]Riedel, Annette [VerfasserIn]Klotz, Karen [VerfasserIn]<\/span><\/span><\/div>\n<div class=\"item-detail reduce-lines-display\"><span data-field-selector=\"creationdate\"><span dir=\"auto\">2025<\/span><\/span><\/div>\n<div>_______________<\/div>\n<\/div>\n<\/div>\n<\/div>\n<div class=\"padding-top-large layout-align-center-center layout-row\">Fresh eBooks:<\/div>\n<div>\n<p>Members of MedUni Vienna can get access to all current eBooks from the University Library in full text on the MedUni Vienna campus or via <a title=\"\u00d6ffnet externen Link in neuem Fenster\" href=\"https:\/\/login.ez.srv.meduniwien.ac.at\/login?url=http:\/\/remote-access.ez.srv.meduniwien.ac.at\" target=\"_blank\" rel=\"noopener\"><u><strong>Remote Access&nbsp;<\/strong><\/u><\/a>. External users can download eBooks after receiving the library card via the MUW library WiFi in the UB reading room. <span id=\"wpaicg-chat-message-93645\" class=\"wpaicg-chat-message\">Check out this list of the latest English eBooks we\u2019ve just added<\/span>.<\/p>\n<\/div>\n<\/div>\n<div>\n<div class=\"result-item-text layout-fill layout-column flex\">\n<div>\n<div>\n<div class=\"result-item-text layout-fill layout-column flex\">\n<div>\n<div class=\"result-item-text layout-fill layout-column flex\">\n<div class=\"result-item-text layout-fill layout-column flex\">\n<div class=\"item-detail reduce-lines-display\"><span data-field-selector=\"creationdate\"><span dir=\"auto\">***<\/span><\/span><\/div>\n<\/div>\n<\/div>\n<\/div>\n<\/div>\n<\/div>\n<\/div>\n<\/div>\n<\/div>\n<div class=\"result-item-text layout-fill layout-column flex\">\n<div>\n<div class=\"result-item-text layout-fill layout-column flex\">\n<div>\n<p><a href=\"https:\/\/ub-blog.meduniwien.ac.at\/blog\/wp-content\/uploads\/2017\/01\/VanSwietenBlog_M.Hartl_.jpg\"><img loading=\"lazy\" decoding=\"async\" class=\"alignleft wp-image-27008\" src=\"https:\/\/ub-blog.meduniwien.ac.at\/blog\/wp-content\/uploads\/2017\/01\/VanSwietenBlog_M.Hartl_.jpg\" alt=\"Logo Margrit Hartl\" width=\"151\" height=\"54\"><\/a><\/p>\n<\/div>\n<\/div>\n<\/div>\n<\/div>\n<div>\n<div class=\"result-item-text layout-fill layout-column flex\">\n<div>\n<div class=\"result-item-text layout-fill layout-column flex\">\n<div class=\"item-detail reduce-lines-display\"><a href=\"https:\/\/ub-blog.meduniwien.ac.at\/blog\/?p=46279#_ftnref1\" name=\"_ftn1\"><\/a><\/div>\n<\/div>\n<\/div>\n<\/div>\n<\/div>\n","protected":false},"excerpt":{"rendered":"<p>FRESH eBOOKS &nbsp; Alle aktuellen eBooks der Universit\u00e4tsbibliothek k\u00f6nnen von MedUni Wien Angeh\u00f6rigen im Volltext&nbsp; am Campus der MedUni Wien oder via Remote Access&nbsp; abgerufen werden. Externe Benutzer:innen k\u00f6nnen nach Erhalt der Bibliothekskarte \u00fcber das WLAN MUW-Bibliothek im Lesesaal der UB eBooks downloaden. 1 &nbsp; &nbsp; E-Book Nachhaltigkeitskommunikation in der Gesundheitswirtschaft : Wie Sie nachhaltig &hellip; <a href=\"https:\/\/ub.meduniwien.ac.at\/blog\/?p=47747\" class=\"more-link\"><span class=\"screen-reader-text\">FRESH eBOOKS: Forschungsethik in der Pflegeforschung : Grundlagen f\u00fcr eine verantwortungsvolle Praxis; Notfallmedizin..<\/span> weiterlesen <span class=\"meta-nav\">&rarr;<\/span><\/a><\/p>\n","protected":false},"author":2,"featured_media":0,"comment_status":"open","ping_status":"open","sticky":false,"template":"","format":"standard","meta":{"ngg_post_thumbnail":0,"footnotes":""},"categories":[1,24,8,1136,11,2,16,7],"tags":[1617,2747],"class_list":["post-47747","post","type-post","status-publish","format-standard","hentry","category-allgemeines","category-books-journals","category-e-books","category-ebooks-neu","category-literaturhinweis","category-news","category-news1","category-online-katalog","tag-e-books","tag-ebooks"],"views":1965,"_links":{"self":[{"href":"https:\/\/ub.meduniwien.ac.at\/blog\/index.php?rest_route=\/wp\/v2\/posts\/47747","targetHints":{"allow":["GET"]}}],"collection":[{"href":"https:\/\/ub.meduniwien.ac.at\/blog\/index.php?rest_route=\/wp\/v2\/posts"}],"about":[{"href":"https:\/\/ub.meduniwien.ac.at\/blog\/index.php?rest_route=\/wp\/v2\/types\/post"}],"author":[{"embeddable":true,"href":"https:\/\/ub.meduniwien.ac.at\/blog\/index.php?rest_route=\/wp\/v2\/users\/2"}],"replies":[{"embeddable":true,"href":"https:\/\/ub.meduniwien.ac.at\/blog\/index.php?rest_route=%2Fwp%2Fv2%2Fcomments&post=47747"}],"version-history":[{"count":3,"href":"https:\/\/ub.meduniwien.ac.at\/blog\/index.php?rest_route=\/wp\/v2\/posts\/47747\/revisions"}],"predecessor-version":[{"id":47751,"href":"https:\/\/ub.meduniwien.ac.at\/blog\/index.php?rest_route=\/wp\/v2\/posts\/47747\/revisions\/47751"}],"wp:attachment":[{"href":"https:\/\/ub.meduniwien.ac.at\/blog\/index.php?rest_route=%2Fwp%2Fv2%2Fmedia&parent=47747"}],"wp:term":[{"taxonomy":"category","embeddable":true,"href":"https:\/\/ub.meduniwien.ac.at\/blog\/index.php?rest_route=%2Fwp%2Fv2%2Fcategories&post=47747"},{"taxonomy":"post_tag","embeddable":true,"href":"https:\/\/ub.meduniwien.ac.at\/blog\/index.php?rest_route=%2Fwp%2Fv2%2Ftags&post=47747"}],"curies":[{"name":"wp","href":"https:\/\/api.w.org\/{rel}","templated":true}]}}