{"id":47589,"date":"2025-04-02T01:33:40","date_gmt":"2025-04-02T00:33:40","guid":{"rendered":"https:\/\/ub-blog.meduniwien.ac.at\/blog\/?p=47589"},"modified":"2025-04-03T13:38:18","modified_gmt":"2025-04-03T12:38:18","slug":"publikationen-meduni-wien-mitarbeiterinnen-crevenna-richard-ao-univ-prof-dr-med-univ-mba-msc-msc-2-2-2-2-2-2-2-2-2-2","status":"publish","type":"post","link":"https:\/\/ub.meduniwien.ac.at\/blog\/?p=47589","title":{"rendered":"Kinderbuchausstellung an der UB MedUni Wien"},"content":{"rendered":"<p>Die Universit\u00e4tsbibliothek pr\u00e4sentiert im Lesesaal und&nbsp; in der virtuellen Buchausstellung die Kinderb\u00fccher zu Wissenschaft und Medizin. Die B\u00fccher sind sofort entlehnbar.<\/p>\n<h3 class=\"item-title\"><a class=\"md-primoExplore-theme\" tabindex=\"0\" href=\"https:\/\/ubsearch.meduniwien.ac.at\/primo-explore\/fulldisplay?docid=UMW_alma2149378100003344&amp;context=L&amp;vid=UMW&amp;lang=de_DE&amp;search_scope=UMW_all&amp;adaptor=Local Search Engine&amp;tab=default_tab&amp;query=any%2Ccontains%2CBK-17.87&amp;sortby=date&amp;offset=0\" data-emailref=\"UMW_alma2149378100003344\"><span class=\"\" data-field-selector=\"::title\"> <span dir=\"auto\">Wer erforscht die Welt? : lerne 24 echte Wissenschaftler*innen und ihre Berufe kennen<\/span><\/span><\/a><\/h3>\n<div class=\"item-detail reduce-lines-display\"><span data-field-selector=\"creator\"> <span dir=\"auto\">Gwinn, Saskia [VerfasserIn]Albero, Ana, 1979- [K\u00fcnstlerIn]<\/span><\/span> <span data-field-selector=\"contributor\"> <span dir=\"auto\">Ludwig, Walter [\u00dcbersetzerIn]<\/span><\/span><\/div>\n<div class=\"item-detail reduce-lines-display\">\n<p><span data-field-selector=\"creationdate\"> <span dir=\"auto\">2023<\/span><\/span><\/p>\n<\/div>\n<div>\n<div class=\"media-content-type align-self-start\"><span translate=\"mediatype.book\">Buch<\/span><\/div>\n<h3 class=\"item-title\"><a class=\"md-primoExplore-theme\" tabindex=\"0\" href=\"https:\/\/ubsearch.meduniwien.ac.at\/primo-explore\/fulldisplay?docid=UMW_alma2149378020003344&amp;context=L&amp;vid=UMW&amp;lang=de_DE&amp;search_scope=UMW_all&amp;adaptor=Local Search Engine&amp;tab=default_tab&amp;query=any%2Ccontains%2CBK-17.87&amp;sortby=date&amp;offset=0\" data-emailref=\"UMW_alma2149378020003344\"><span class=\"\" data-field-selector=\"::title\"> <span dir=\"auto\">Alles dreht sich : die Wunder unseres Sonnensystems<\/span><\/span><\/a><\/h3>\n<div class=\"item-detail reduce-lines-display\"><span data-field-selector=\"creator\"> <span dir=\"auto\">Bestard, Aina, 1981- [VerfasserIn]. [K\u00fcnstlerIn]<\/span><\/span> <span data-field-selector=\"contributor\"> <span dir=\"auto\">Bachhausen, Ursula, 1965- [\u00dcbersetzerIn]<\/span><\/span><\/div>\n<div class=\"item-detail reduce-lines-display\">\n<p><span data-field-selector=\"creationdate\"> <span dir=\"auto\">2023<\/span><\/span><\/p>\n<div class=\"media-content-type align-self-start\"><span translate=\"mediatype.book\">Buch<\/span><\/div>\n<h3 class=\"item-title\"><a class=\"md-primoExplore-theme\" tabindex=\"0\" href=\"https:\/\/ubsearch.meduniwien.ac.at\/primo-explore\/fulldisplay?docid=UMW_alma2149378180003344&amp;context=L&amp;vid=UMW&amp;lang=de_DE&amp;search_scope=UMW_all&amp;adaptor=Local Search Engine&amp;tab=default_tab&amp;query=any%2Ccontains%2CBK-17.87&amp;sortby=date&amp;offset=0\" data-emailref=\"UMW_alma2149378180003344\"><span class=\"\" data-field-selector=\"::title\"> <span dir=\"auto\">Kirschen f\u00fcrs Kamel : Begriffe des Zusammenlebens : ein W\u00f6rterbuch mit Bildern<\/span><\/span><\/a><\/h3>\n<div class=\"item-detail reduce-lines-display\"><span data-field-selector=\"creator\"> <span dir=\"auto\">Rieder, Susanna [VerfasserIn]Rieder, Johannes [VerfasserIn]Aermes, Carsten, 1997- [DesignerIn]<\/span><\/span> <span data-field-selector=\"contributor\"> <span dir=\"auto\">Cr\u0103ciun, Arinda, ca. 20.\/21.Jh. [IllustratorIn]<\/span><\/span><\/div>\n<div class=\"item-detail reduce-lines-display\">\n<p><span data-field-selector=\"creationdate\"> <span dir=\"auto\">2023<\/span><\/span><\/p>\n<p><span translate=\"mediatype.book\">Buch<\/span><\/p>\n<\/div>\n<\/div>\n<\/div>\n<div>\n<h3 class=\"item-title\"><a class=\"md-primoExplore-theme\" tabindex=\"0\" href=\"https:\/\/ubsearch.meduniwien.ac.at\/primo-explore\/fulldisplay?docid=UMW_alma2149378260003344&amp;context=L&amp;vid=UMW&amp;lang=de_DE&amp;search_scope=UMW_all&amp;adaptor=Local Search Engine&amp;tab=default_tab&amp;query=any%2Ccontains%2CBK-17.87&amp;sortby=date&amp;offset=0\" data-emailref=\"UMW_alma2149378260003344\"><span class=\"\" data-field-selector=\"::title\"> <span dir=\"auto\">Mensch! : eine Zeitreise durch unsere Evolution<\/span><\/span><\/a><\/h3>\n<div class=\"item-detail reduce-lines-display\"><span data-field-selector=\"creator\"> <span dir=\"auto\">Sch\u00e4dlich, Susan, 1978- [VerfasserIn]Stang, Michael, 1978- [VerfasserIn]<\/span><\/span> <span data-field-selector=\"contributor\"> <span dir=\"auto\">Davies, Bea, 1990- [IllustratorIn]<\/span><\/span><\/div>\n<div class=\"item-detail reduce-lines-display\"><span data-field-selector=\"creationdate\"> <span dir=\"auto\">2023<\/span><\/span><\/div>\n<\/div>\n<div class=\"media-content-type align-self-start\"><span translate=\"mediatype.book\">Buch<\/span><\/div>\n<h3 class=\"item-title\"><a class=\"md-primoExplore-theme\" tabindex=\"0\" href=\"https:\/\/ubsearch.meduniwien.ac.at\/primo-explore\/fulldisplay?docid=UMW_alma2149378220003344&amp;context=L&amp;vid=UMW&amp;lang=de_DE&amp;search_scope=UMW_all&amp;adaptor=Local Search Engine&amp;tab=default_tab&amp;query=any%2Ccontains%2CBK-17.87&amp;sortby=date&amp;offset=0\" data-emailref=\"UMW_alma2149378220003344\"><span data-field-selector=\"::title\"> <span dir=\"auto\">Mein wunderbares Ich : was mich ausmacht und welche Rolle die Gene dabei spielen<\/span><\/span><\/a><\/h3>\n<div class=\"item-detail reduce-lines-display\"><span data-field-selector=\"creator\"> <span dir=\"auto\">Corr\u00eaa da Silva, Clarissa, 1990- [VerfasserIn]<\/span><\/span> <span data-field-selector=\"contributor\"> <span dir=\"auto\">Onano, Maurizio, 1991- [IllustratorIn]<\/span><\/span><\/div>\n<div class=\"item-detail reduce-lines-display\">\n<p><span data-field-selector=\"creationdate\"> <span dir=\"auto\">2023<\/span><\/span><\/p>\n<div class=\"media-content-type align-self-start\"><span translate=\"mediatype.book\">Buch<\/span><\/div>\n<h3 class=\"item-title\"><a class=\"md-primoExplore-theme\" tabindex=\"0\" href=\"https:\/\/ubsearch.meduniwien.ac.at\/primo-explore\/fulldisplay?docid=UMW_alma2149377900003344&amp;context=L&amp;vid=UMW&amp;lang=de_DE&amp;search_scope=UMW_all&amp;adaptor=Local Search Engine&amp;tab=default_tab&amp;query=any%2Ccontains%2CBK-17.87&amp;sortby=date&amp;offset=0\" data-emailref=\"UMW_alma2149377900003344\"><span class=\"\" data-field-selector=\"::title\"> <span dir=\"auto\">Hierhin, dahin : immer in Bewegung<\/span><\/span><\/a><\/h3>\n<div class=\"item-detail reduce-lines-display\"><span data-field-selector=\"creator\"> <span dir=\"auto\">Romany\u0161yn, Romana, 1984- [VerfasserIn]. [IllustratorIn]Lesiv, Andrij, 1984- [VerfasserIn]. [IllustratorIn]<\/span><\/span> <span data-field-selector=\"contributor\"> <span dir=\"auto\">Dathe, Claudia, 1971- [\u00dcbersetzerIn]<\/span><\/span><\/div>\n<div class=\"item-detail reduce-lines-display\">\n<p><span data-field-selector=\"creationdate\"><span data-field-selector=\"creationdate\"><span data-field-selector=\"creationdate\"> <span dir=\"auto\">2023<\/span><\/span><\/span><\/span><\/p>\n<div class=\"media-content-type align-self-start\"><span translate=\"mediatype.book\">Buch<\/span><\/div>\n<h3 class=\"item-title\"><a class=\"md-primoExplore-theme\" tabindex=\"0\" href=\"https:\/\/ubsearch.meduniwien.ac.at\/primo-explore\/fulldisplay?docid=UMW_alma2148388590003344&amp;context=L&amp;vid=UMW&amp;lang=de_DE&amp;search_scope=UMW_all&amp;adaptor=Local Search Engine&amp;tab=default_tab&amp;query=any%2Ccontains%2CBK-17.87&amp;sortby=date&amp;offset=0\" data-emailref=\"UMW_alma2148388590003344\"><span data-field-selector=\"::title\"> <span dir=\"auto\">KI f\u00fcr Kids : was du \u00fcber k\u00fcnstliche Intelligenz wissen musst<\/span><\/span><\/a><\/h3>\n<div class=\"item-detail reduce-lines-display\"><span data-field-selector=\"creator\"> <span dir=\"auto\">Gr\u00f6blacher-Draxl, Julia, 1991- [VerfasserIn]<\/span><\/span><\/div>\n<div class=\"item-detail reduce-lines-display\"><span data-field-selector=\"creationdate\"> <span dir=\"auto\">2023<\/span><\/span><\/div>\n<div>\n<div class=\"media-content-type align-self-start\"><span translate=\"mediatype.book\">Buch<\/span><\/div>\n<h3 class=\"item-title\"><a class=\"md-primoExplore-theme\" tabindex=\"0\" href=\"https:\/\/ubsearch.meduniwien.ac.at\/primo-explore\/fulldisplay?docid=UMW_alma2149378060003344&amp;context=L&amp;vid=UMW&amp;lang=de_DE&amp;search_scope=UMW_all&amp;adaptor=Local Search Engine&amp;tab=default_tab&amp;query=any%2Ccontains%2CBK-17.87%20luki&amp;offset=0\" data-emailref=\"UMW_alma2149378060003344\"><span data-field-selector=\"::title\"><span dir=\"auto\">Luki Laus : eine h\u00f6chst haarige Angelegenheit<\/span><\/span><\/a><\/h3>\n<div class=\"item-detail reduce-lines-display\"><span data-field-selector=\"creator\"> <span dir=\"auto\">Raubaum, Lena, 1984- [VerfasserIn]<\/span><\/span> <span data-field-selector=\"contributor\"> <span dir=\"auto\">Aufderhaar, Laura Momo [IllustratorIn]<\/span><\/span><\/div>\n<div class=\"item-detail reduce-lines-display\"><span data-field-selector=\"creationdate\"> <span dir=\"auto\">2023<\/span><\/span><\/div>\n<\/div>\n<p><span data-field-selector=\"creationdate\"><span data-field-selector=\"creationdate\"><span dir=\"auto\">&nbsp;<\/span><\/span><\/span><\/p>\n<div class=\"media-content-type align-self-start\"><span translate=\"mediatype.book\">Buch<\/span><\/div>\n<h3 class=\"item-title\"><a class=\"md-primoExplore-theme\" tabindex=\"0\" href=\"https:\/\/ubsearch.meduniwien.ac.at\/primo-explore\/fulldisplay?docid=UMW_alma2149377820003344&amp;context=L&amp;vid=UMW&amp;lang=de_DE&amp;search_scope=UMW_all&amp;adaptor=Local Search Engine&amp;tab=default_tab&amp;query=any%2Ccontains%2CBK-17.87&amp;sortby=date&amp;offset=0\" data-emailref=\"UMW_alma2149377820003344\"><span class=\"\" data-field-selector=\"::title\"> <span dir=\"auto\">Jetzt : bis Du diesen Satz zu Ende gelesen hast, werden auf der Erde 24 Kinder geboren sein<\/span><\/span><\/a><\/h3>\n<div class=\"item-detail reduce-lines-display\"><span data-field-selector=\"creator\"> <span dir=\"auto\">B\u00f6hm, David, 1982- [VerfasserIn]<\/span><\/span> <span data-field-selector=\"contributor\"> <span dir=\"auto\">Dorn, Lena, 1984- [\u00dcbersetzerIn]<\/span><\/span><\/div>\n<div class=\"item-detail reduce-lines-display\"><span data-field-selector=\"creationdate\"> <span dir=\"auto\">2023<\/span><\/span><\/div>\n<p>&nbsp;<\/p>\n<\/div>\n<div>\n<div class=\"media-content-type align-self-start\"><span translate=\"mediatype.book\">Buch<\/span><\/div>\n<h3 class=\"item-title\"><a class=\"md-primoExplore-theme\" tabindex=\"0\" href=\"https:\/\/ubsearch.meduniwien.ac.at\/primo-explore\/fulldisplay?docid=UMW_alma2149377980003344&amp;context=L&amp;vid=UMW&amp;lang=de_DE&amp;search_scope=UMW_all&amp;adaptor=Local Search Engine&amp;tab=default_tab&amp;query=any%2Ccontains%2CBK-17.87&amp;sortby=date&amp;offset=0\" data-emailref=\"UMW_alma2149377980003344\"><span class=\"\" data-field-selector=\"::title\"> <span dir=\"auto\">Bio-Diversi-Was? : Reise in die fantastische Welt der Artenvielfalt<\/span><\/span><\/a><\/h3>\n<div class=\"item-detail reduce-lines-display\"><span data-field-selector=\"creator\"> <span dir=\"auto\">Grill, Andrea, 1975- [VerfasserIn]<\/span><\/span> <span data-field-selector=\"contributor\"> <span dir=\"auto\">Neuditschko, Sandra,, 1992- [IllustratorIn]WWF [herausgebendes Organ]<\/span><\/span><\/div>\n<div class=\"item-detail reduce-lines-display\"><span data-field-selector=\"creationdate\"> <span dir=\"auto\">2023<\/span><\/span><\/div>\n<\/div>\n<\/div>\n<div class=\"result-item-text layout-fill layout-column flex\">\n<div class=\"media-content-type align-self-start\"><span translate=\"mediatype.book\">Buch<\/span><\/div>\n<h3 class=\"item-title\"><a class=\"md-primoExplore-theme\" tabindex=\"0\" href=\"https:\/\/ubsearch.meduniwien.ac.at\/primo-explore\/fulldisplay?docid=UMW_alma2144368060003344&amp;context=L&amp;vid=UMW&amp;lang=de_DE&amp;search_scope=UMW_all&amp;adaptor=Local Search Engine&amp;tab=default_tab&amp;query=any%2Ccontains%2CBK-17.87&amp;sortby=date&amp;mode=Basic\" data-emailref=\"UMW_alma2144368060003344\"><span data-field-selector=\"::title\"> <span dir=\"auto\">Sam und die Evolution : eine kurze Geschichte der Evolutionsbiologie<\/span><\/span><\/a><\/h3>\n<div class=\"item-detail reduce-lines-display\"><span data-field-selector=\"creator\"> <span dir=\"auto\">Grill, Andrea, 1975- [VerfasserIn]<\/span><\/span> <span data-field-selector=\"contributor\"> <span dir=\"auto\">Sch\u00f6bitz, Raffaela, 1987- [IllustratorIn]<\/span><\/span><\/div>\n<div class=\"item-detail reduce-lines-display\"><span data-field-selector=\"creationdate\"> <span dir=\"auto\">2022<\/span><\/span><\/div>\n<\/div>\n<div class=\"text-selector-spacer\">&nbsp;<\/div>\n<div class=\"result-item-text layout-fill layout-column flex\">\n<div class=\"media-content-type align-self-start\"><span translate=\"mediatype.book\">Buch<\/span><\/div>\n<h3 class=\"item-title\"><a class=\"md-primoExplore-theme\" tabindex=\"0\" href=\"https:\/\/ubsearch.meduniwien.ac.at\/primo-explore\/fulldisplay?docid=UMW_alma2144367900003344&amp;context=L&amp;vid=UMW&amp;lang=de_DE&amp;search_scope=UMW_all&amp;adaptor=Local Search Engine&amp;tab=default_tab&amp;query=any%2Ccontains%2CBK-17.87&amp;sortby=date&amp;mode=Basic\" data-emailref=\"UMW_alma2144367900003344\"><span class=\"\" data-field-selector=\"::title\"> <span dir=\"auto\">Ich zeig dir meine Welt : entdecke, wie wir Kinder leben<\/span><\/span><\/a><\/h3>\n<div class=\"item-detail reduce-lines-display\"><span data-field-selector=\"creator\"> <span dir=\"auto\">Edwards, Nicola [VerfasserIn]Stegmaier, Andrea, 1979- [K\u00fcnstlerIn]<\/span><\/span><\/div>\n<div class=\"item-detail reduce-lines-display\"><span data-field-selector=\"creationdate\"> <span dir=\"auto\">2022<\/span><\/span><\/div>\n<\/div>\n<div class=\"text-selector-spacer\">&nbsp;<\/div>\n<div class=\"result-item-text layout-fill layout-column flex\">\n<div class=\"media-content-type align-self-start\"><span translate=\"mediatype.book\">Buch<\/span><\/div>\n<h3 class=\"item-title\"><a class=\"md-primoExplore-theme\" tabindex=\"0\" href=\"https:\/\/ubsearch.meduniwien.ac.at\/primo-explore\/fulldisplay?docid=UMW_alma2144367980003344&amp;context=L&amp;vid=UMW&amp;lang=de_DE&amp;search_scope=UMW_all&amp;adaptor=Local Search Engine&amp;tab=default_tab&amp;query=any%2Ccontains%2CBK-17.87&amp;sortby=date&amp;mode=Basic\" data-emailref=\"UMW_alma2144367980003344\"><span class=\"\" data-field-selector=\"::title\"> <span dir=\"auto\">Wie alles begann : die wunderbare Geschichte unserer Erde<\/span><\/span><\/a><\/h3>\n<div class=\"item-detail reduce-lines-display\"><span data-field-selector=\"creator\"> <span dir=\"auto\">Bestard, Aina, 1981- [VerfasserIn]<\/span><\/span> <span data-field-selector=\"contributor\"> <span dir=\"auto\">Bachhausen, Ursula, 1965- [\u00dcbersetzerIn]<\/span><\/span><\/div>\n<div class=\"item-detail reduce-lines-display\"><span data-field-selector=\"creationdate\"> <span dir=\"auto\">2022<\/span><\/span><\/div>\n<\/div>\n<div class=\"text-selector-spacer\">&nbsp;<\/div>\n<div class=\"result-item-text layout-fill layout-column flex\">\n<div class=\"media-content-type align-self-start\"><span translate=\"mediatype.book\">Buch<\/span><\/div>\n<h3 class=\"item-title\"><a class=\"md-primoExplore-theme\" tabindex=\"0\" href=\"https:\/\/ubsearch.meduniwien.ac.at\/primo-explore\/fulldisplay?docid=UMW_alma2144367940003344&amp;context=L&amp;vid=UMW&amp;lang=de_DE&amp;search_scope=UMW_all&amp;adaptor=Local Search Engine&amp;tab=default_tab&amp;query=any%2Ccontains%2CBK-17.87&amp;sortby=date&amp;mode=Basic\" data-emailref=\"UMW_alma2144367940003344\"><span class=\"\" data-field-selector=\"::title\"> <span dir=\"auto\">Was ist Krieg?<\/span><\/span><\/a><\/h3>\n<div class=\"item-detail reduce-lines-display\"><span data-field-selector=\"creator\"> <span dir=\"auto\">Altarriba, Eduard [VerfasserIn]<\/span><\/span> <span data-field-selector=\"contributor\"> <span dir=\"auto\">Bachhausen, Ursula, 1965- [\u00dcbersetzerIn]<\/span><\/span><\/div>\n<div class=\"item-detail reduce-lines-display\"><span data-field-selector=\"creationdate\"> <span dir=\"auto\">2022<\/span><\/span><\/div>\n<\/div>\n<div class=\"result-item-image layout-column\">\n<div class=\"media-content-images\">\n<div class=\"media-thumbnail\">\n<div class=\"\">&nbsp;<\/div>\n<\/div>\n<\/div>\n<\/div>\n<div class=\"text-selector-spacer\">&nbsp;<\/div>\n<div class=\"result-item-text layout-fill layout-column flex\">\n<div class=\"media-content-type align-self-start\"><span translate=\"mediatype.book\">Buch<\/span><\/div>\n<h3 class=\"item-title\"><a class=\"md-primoExplore-theme\" tabindex=\"0\" href=\"https:\/\/ubsearch.meduniwien.ac.at\/primo-explore\/fulldisplay?docid=UMW_alma2144368100003344&amp;context=L&amp;vid=UMW&amp;lang=de_DE&amp;search_scope=UMW_all&amp;adaptor=Local Search Engine&amp;tab=default_tab&amp;query=any%2Ccontains%2CBK-17.87&amp;sortby=date&amp;mode=Basic\" data-emailref=\"UMW_alma2144368100003344\"><span class=\"\" data-field-selector=\"::title\"> <span dir=\"auto\">Das Buch vom Dreck : eine nicht ganz so feine Geschichte von Schmutz, Krankheit und Hygiene<\/span><\/span><\/a><\/h3>\n<div class=\"item-detail reduce-lines-display\"><span data-field-selector=\"creator\"> <span dir=\"auto\">Utnik-Struga\u0142a, Monika, 1981- [VerfasserIn]<\/span><\/span> <span data-field-selector=\"contributor\"> <span dir=\"auto\">Socha, Piotr, 1966- [IllustratorIn]Traupe, Dorothea, 1983- [\u00dcbersetzerIn]<\/span><\/span><\/div>\n<div class=\"item-detail reduce-lines-display\"><span data-field-selector=\"creationdate\"> <span dir=\"auto\">2022<\/span><\/span><\/div>\n<\/div>\n<div class=\"md-label\">&nbsp;<\/div>\n<div class=\"result-item-image layout-column\">\n<div class=\"media-content-images\">\n<div class=\"media-thumbnail\">\n<div><img decoding=\"async\" class=\"main-img fan-img-1\" src=\"https:\/\/syndetics.com\/index.aspx?isbn=9783662661703\/SC.JPG&amp;client=primo\" alt=\"\"><\/div>\n<div class=\"\">&nbsp;<\/div>\n<\/div>\n<\/div>\n<\/div>\n<div class=\"text-selector-spacer\">&nbsp;<\/div>\n<div class=\"result-item-text layout-fill layout-column flex\">\n<div class=\"media-content-type align-self-start\"><span translate=\"mediatype.book\">Buch<\/span><\/div>\n<h3 class=\"item-title\"><a class=\"md-primoExplore-theme\" tabindex=\"0\" href=\"https:\/\/ubsearch.meduniwien.ac.at\/primo-explore\/fulldisplay?docid=UMW_alma2145097770003344&amp;context=L&amp;vid=UMW&amp;lang=de_DE&amp;search_scope=UMW_all&amp;adaptor=Local Search Engine&amp;tab=default_tab&amp;query=any%2Ccontains%2CBK-17.87&amp;sortby=date&amp;mode=Basic\" data-emailref=\"UMW_alma2145097770003344\"><span class=\"\" data-field-selector=\"::title\"> <span dir=\"auto\">M\u00e4dchen fragen M\u00e4dchenfragen : Das Buch f\u00fcr M\u00e4dchen ab 11 Jahren<\/span><\/span><\/a><\/h3>\n<div class=\"item-detail reduce-lines-display\"><span data-field-selector=\"creator\"> <span dir=\"auto\">Gille, Gisela [VerfasserIn]<\/span><\/span><\/div>\n<div class=\"item-detail reduce-lines-display\"><span data-field-selector=\"creationdate\"> <span dir=\"auto\">2022<\/span><\/span><\/div>\n<div class=\"search-result-availability-line-wrapper\">\n<div class=\"layout-align-start-start layout-row\">\n<div class=\"layout-row\">&nbsp;<\/div>\n<\/div>\n<\/div>\n<\/div>\n<div class=\"result-item-text layout-fill layout-column flex\">\n<div class=\"media-content-type align-self-start\"><span translate=\"mediatype.book\">Buch<\/span><\/div>\n<h3 class=\"item-title\"><a class=\"md-primoExplore-theme\" tabindex=\"0\" href=\"https:\/\/ubsearch.meduniwien.ac.at\/primo-explore\/fulldisplay?docid=UMW_alma2138899280003344&amp;context=L&amp;vid=UMW&amp;lang=de_DE&amp;search_scope=UMW_all&amp;adaptor=Local Search Engine&amp;tab=default_tab&amp;query=any%2Ccontains%2CBK-17.87&amp;sortby=date&amp;mode=Basic\" data-emailref=\"UMW_alma2138899280003344\"><span class=\"\" data-field-selector=\"::title\"> <span dir=\"auto\">Die gro\u00dfe Welt der Winzlinge : alles \u00fcber Bakterien, Viren und Pilze<\/span><\/span><\/a><\/h3>\n<div class=\"item-detail reduce-lines-display\"><span data-field-selector=\"creator\"> <span dir=\"auto\">Bunting, Philip. [VerfasserIn]. [IllustratorIn]<\/span><\/span><\/div>\n<div class=\"item-detail reduce-lines-display\"><span data-field-selector=\"creationdate\"> <span dir=\"auto\">2021<\/span><\/span><\/div>\n<\/div>\n<div class=\"result-item-image layout-column\">\n<div class=\"media-content-images\">\n<div class=\"media-thumbnail\">\n<div class=\"\">&nbsp;<\/div>\n<\/div>\n<\/div>\n<\/div>\n<div class=\"text-selector-spacer\">&nbsp;<\/div>\n<div class=\"result-item-text layout-fill layout-column flex\">\n<div class=\"media-content-type align-self-start\"><span translate=\"mediatype.book\">Buch<\/span><\/div>\n<h3 class=\"item-title\"><a class=\"md-primoExplore-theme\" tabindex=\"0\" href=\"https:\/\/ubsearch.meduniwien.ac.at\/primo-explore\/fulldisplay?docid=UMW_alma2138899240003344&amp;context=L&amp;vid=UMW&amp;lang=de_DE&amp;search_scope=UMW_all&amp;adaptor=Local Search Engine&amp;tab=default_tab&amp;query=any%2Ccontains%2CBK-17.87&amp;sortby=date&amp;mode=Basic\" data-emailref=\"UMW_alma2138899240003344\"><span class=\"\" data-field-selector=\"::title\"> <span dir=\"auto\">AnyBody : dick &amp; d\u00fcnn &amp; Haut &amp; Haar: das gro\u00dfe Abc von unserem K\u00f6rper-Zuhause<\/span><\/span><\/a><\/h3>\n<div class=\"item-detail reduce-lines-display\"><span data-field-selector=\"creator\"> <span dir=\"auto\">Gathen, Katharina von der, 1972- [VerfasserIn]<\/span><\/span> <span data-field-selector=\"contributor\"> <span dir=\"auto\">Kuhl, Anke, 1970- [IllustratorIn]<\/span><\/span><\/div>\n<div class=\"item-detail reduce-lines-display\"><span data-field-selector=\"creationdate\"> <span dir=\"auto\">2021<\/span><\/span><\/div>\n<\/div>\n<div class=\"list-item-wrapper ng-enter-prepare\" role=\"listitem\" data-page=\"Page 1.8\">\n<div id=\"SEARCH_RESULT_RECORDID_UMW_alma2144368020003344\" class=\"list-item-primary-content result-item-primary-content has-checkbox layout-row\" tabindex=\"0\" data-recordid=\"UMW_alma2144368020003344\">&nbsp;<\/div>\n<\/div>\n<div class=\"md-label\">&nbsp;<\/div>\n<div class=\"result-item-image layout-column\">\n<div class=\"media-content-images\">\n<div class=\"media-thumbnail\">\n<div><img decoding=\"async\" class=\"main-img fan-img-1\" src=\"https:\/\/media.obvsg.at\/pt-AC16390330-4001\" alt=\"\"><\/div>\n<div class=\"\">&nbsp;<\/div>\n<\/div>\n<\/div>\n<\/div>\n<div class=\"text-selector-spacer\">&nbsp;<\/div>\n<div class=\"result-item-text layout-fill layout-column flex\">\n<div class=\"media-content-type align-self-start\"><span translate=\"mediatype.book\">Buch<\/span><\/div>\n<h3 class=\"item-title\"><a class=\"md-primoExplore-theme\" tabindex=\"0\" href=\"https:\/\/ubsearch.meduniwien.ac.at\/primo-explore\/fulldisplay?docid=UMW_alma2144368020003344&amp;context=L&amp;vid=UMW&amp;lang=de_DE&amp;search_scope=UMW_all&amp;adaptor=Local Search Engine&amp;tab=default_tab&amp;query=any%2Ccontains%2CBK-17.87&amp;sortby=date&amp;mode=Basic\" data-emailref=\"UMW_alma2144368020003344\"><span class=\"\" data-field-selector=\"::title\"><span dir=\"auto\">Schau wie schlau : Bionik: wenn Natur die Technik befl\u00fcgelt<\/span><\/span><\/a><\/h3>\n<div class=\"item-detail reduce-lines-display\"><span data-field-selector=\"creator\"><span dir=\"auto\">Laibl, Melanie, 1973- [VerfasserIn]<\/span><\/span> <span data-field-selector=\"contributor\"><span dir=\"auto\">Vogl, Lukas, 1990- [IllustratorIn]<\/span><\/span><\/div>\n<div class=\"item-detail reduce-lines-display\"><span data-field-selector=\"creationdate\"><span dir=\"auto\">2021<\/span><\/span><\/div>\n<\/div>\n<div>&nbsp;<\/div>\n<div>uvm.<\/div>\n<div>&nbsp;<\/div>\n<div><strong>Signatur: BK-17.87<\/strong><\/div>\n<div>&nbsp;<\/div>\n<div>\n<p>Hier geht\u00b4s zur&nbsp;<\/p>\n<\/div>\n<div>\n<h2><a href=\"https:\/\/ubsearch.meduniwien.ac.at\/primo-explore\/collectionDiscovery?vid=UMW&amp;collectionId=8136227840003344&amp;lang=de_DE\"><strong>\u00bb virtuellen Kinderbuchausstellung<\/strong><\/a><a href=\"https:\/\/ubsearch.meduniwien.ac.at\/primo-explore\/collectionDiscovery?vid=UMW&amp;collectionId=8136227840003344&amp;lang=de_DE\"><strong>&nbsp;\u00bb <\/strong><\/a><\/h2>\n<\/div>\n","protected":false},"excerpt":{"rendered":"<p>Die Universit\u00e4tsbibliothek pr\u00e4sentiert im Lesesaal und&nbsp; in der virtuellen Buchausstellung die Kinderb\u00fccher zu Wissenschaft und Medizin. Die B\u00fccher sind sofort entlehnbar. Wer erforscht die Welt? : lerne 24 echte Wissenschaftler*innen und ihre Berufe kennen Gwinn, Saskia [VerfasserIn]Albero, Ana, 1979- [K\u00fcnstlerIn] Ludwig, Walter [\u00dcbersetzerIn] 2023 Buch Alles dreht sich : die Wunder unseres Sonnensystems Bestard, Aina, &hellip; <a href=\"https:\/\/ub.meduniwien.ac.at\/blog\/?p=47589\" class=\"more-link\"><span class=\"screen-reader-text\">Kinderbuchausstellung an der UB MedUni Wien<\/span> weiterlesen <span class=\"meta-nav\">&rarr;<\/span><\/a><\/p>\n","protected":false},"author":2,"featured_media":0,"comment_status":"open","ping_status":"open","sticky":false,"template":"","format":"standard","meta":{"ngg_post_thumbnail":0,"footnotes":""},"categories":[1,24,11,2,16,7,40],"tags":[2783,2784],"class_list":["post-47589","post","type-post","status-publish","format-standard","hentry","category-allgemeines","category-books-journals","category-literaturhinweis","category-news","category-news1","category-online-katalog","category-sammlungen","tag-kinderbuch","tag-medizinische-kinderbuecher"],"views":4640,"_links":{"self":[{"href":"https:\/\/ub.meduniwien.ac.at\/blog\/index.php?rest_route=\/wp\/v2\/posts\/47589","targetHints":{"allow":["GET"]}}],"collection":[{"href":"https:\/\/ub.meduniwien.ac.at\/blog\/index.php?rest_route=\/wp\/v2\/posts"}],"about":[{"href":"https:\/\/ub.meduniwien.ac.at\/blog\/index.php?rest_route=\/wp\/v2\/types\/post"}],"author":[{"embeddable":true,"href":"https:\/\/ub.meduniwien.ac.at\/blog\/index.php?rest_route=\/wp\/v2\/users\/2"}],"replies":[{"embeddable":true,"href":"https:\/\/ub.meduniwien.ac.at\/blog\/index.php?rest_route=%2Fwp%2Fv2%2Fcomments&post=47589"}],"version-history":[{"count":4,"href":"https:\/\/ub.meduniwien.ac.at\/blog\/index.php?rest_route=\/wp\/v2\/posts\/47589\/revisions"}],"predecessor-version":[{"id":47593,"href":"https:\/\/ub.meduniwien.ac.at\/blog\/index.php?rest_route=\/wp\/v2\/posts\/47589\/revisions\/47593"}],"wp:attachment":[{"href":"https:\/\/ub.meduniwien.ac.at\/blog\/index.php?rest_route=%2Fwp%2Fv2%2Fmedia&parent=47589"}],"wp:term":[{"taxonomy":"category","embeddable":true,"href":"https:\/\/ub.meduniwien.ac.at\/blog\/index.php?rest_route=%2Fwp%2Fv2%2Fcategories&post=47589"},{"taxonomy":"post_tag","embeddable":true,"href":"https:\/\/ub.meduniwien.ac.at\/blog\/index.php?rest_route=%2Fwp%2Fv2%2Ftags&post=47589"}],"curies":[{"name":"wp","href":"https:\/\/api.w.org\/{rel}","templated":true}]}}