{"id":47056,"date":"2025-07-24T20:35:48","date_gmt":"2025-07-24T19:35:48","guid":{"rendered":"https:\/\/ub-blog.meduniwien.ac.at\/blog\/?p=47056"},"modified":"2025-11-20T20:02:55","modified_gmt":"2025-11-20T19:02:55","slug":"aus-den-medizinhistorischen-bestaenden-der-ub-meduni-wien-250-hermann-friedrich-gruenwald-internist-ns-verfolgter-4-4-2-78","status":"publish","type":"post","link":"https:\/\/ub.meduniwien.ac.at\/blog\/?p=47056","title":{"rendered":"Aus den medizinhistorischen Best\u00e4nden der Ub MedUni Wien [335]: Passini, Fritz \u2013 Kinderarzt, Leiter des Leopoldst\u00e4dter Kinderspitals"},"content":{"rendered":"<p><strong>Passini, Fritz \u2013 Kinderarzt, Leiter des Leopoldst\u00e4dter Kinderspitals<\/strong><\/p>\n<p><strong>Autor<\/strong>: <a href=\"https:\/\/waltermentzel.wordpress.com\/\">Dr. Walter Mentzel<\/a><\/p>\n<p><strong>Published online<\/strong>: 24.07.2025<\/p>\n<p><strong>Keywords<\/strong>: Kinderarzt, Leopoldst\u00e4dter Kinderspital, Medizingeschichte, Wien<\/p>\n<p>Friedrich (Fritz) Johann Anton Ludwig wurde am 20. November 1868 in Lienz in Osttirol als Sohn des Sektionschefs der bosnisch-herzegowinischen Landesregierung Friedrich Passini (1839-1915) und Maria Anna (zirka 1845-1924), geborene Zeller, geboren. 1896 heiratete er in Berlin Lilli Mendelsohn Bartholdy (1876-1927), die Enkelin des Komponisten und Pianisten Jakob Ludwig Felix Mendelsohn Bartholdy (1809-1847). Sie hatten die drei Kinder Paul Otto (1897-1980), Peter Johann Franz (1897-1978) und Maria Margarethe, verheiratete Crowe (1903-1997).<\/p>\n<p>Passini begann, nachdem er in Kremsm\u00fcnster die Matura absolviert hatte, sein Studium der Medizin in Berlin, wechselte an die Medizinische Fakult\u00e4t der Universit\u00e4t Wien, wo er 1890 sein Rigorosum absolvierte und am 23. Dezember 1893 promovierte. Danach leistete er seinen einj\u00e4hrigen Milit\u00e4rdienst beim Tiroler J\u00e4ger-Regiment im Garnisonsspital in Agram (heute Zagreb, Kroatien) ab.<a href=\"#_ftn1\" name=\"_ftnref1\">[1]<\/a> 1898 erfolgte seine Ernennung zum Assistenzarzt in der Reserve des Divisions-Artillerie-Regiments Nr. 7.<a href=\"#_ftn2\" name=\"_ftnref2\">[2]<\/a> 1896 er\u00f6ffnete er eine Privatpraxis in Wien 8, Tulpengasse 3.<a href=\"#_ftn3\" name=\"_ftnref3\">[3]<\/a><\/p>\n<p>Seine weitere Ausbildung erhielt er bei Hermann Widerhofer (1832-1901) an der Klinik f\u00fcr Kinderkrankheiten im Allgemeinen Krankenhaus in Wien, darauf\u00a0bei Theodor Escherich (1857-1911) im St. Anna Kinderspital und bei Alexander H\u00fcttenbrenner (1842-1905) am Karolinen-Spital, wo er 1899 die Arbeit \u201e<a href=\"https:\/\/ubsearch.meduniwien.ac.at\/primo-explore\/fulldisplay?docid=UMW_alma2141239640003344&amp;context=L&amp;vid=UMW&amp;lang=de_DE&amp;search_scope=UMW_all&amp;adaptor=Local%20Search%20Engine&amp;tab=default_tab&amp;query=any,contains,passini&amp;facet=searchcreationdate,include,1800%7C,%7C1937&amp;facet=searchcreationdate,include,1890%7C,%7C1937&amp;mode=Basic&amp;offset=0\">Ueber einen Fall von Noma faciei<\/a>\u201c publizierte. Danach arbeitete er als Assistent an der Abteilung von Professor Ferdinand Fr\u00fchwald (1854-1908) an der Wiener Allgemeinen Poliklinik. Hier ver\u00f6ffentlichte er die Studie \u201e<a href=\"https:\/\/ubsearch.meduniwien.ac.at\/primo-explore\/fulldisplay?docid=UMW_alma2141004530003344&amp;context=L&amp;vid=UMW&amp;lang=de_DE&amp;search_scope=UMW_all&amp;adaptor=Local%20Search%20Engine&amp;tab=default_tab&amp;query=any,contains,passini&amp;facet=searchcreationdate,include,1800%7C,%7C1937&amp;facet=searchcreationdate,include,1890%7C,%7C1937&amp;mode=Basic&amp;offset=0\">Ueber den normalen Grosszehenreflex bei Kindern<\/a>\u201c. Daneben besch\u00e4ftigte er sich bei Richard Paltauf (1858-1924) am Institut f\u00fcr pathologische Histologie und Bakteriologie mit bakteriologischen Studien, die sich in den Arbeiten \u201e<a href=\"https:\/\/ubsearch.meduniwien.ac.at\/primo-explore\/fulldisplay?docid=UMW_alma2141004570003344&amp;context=L&amp;vid=UMW&amp;lang=de_DE&amp;search_scope=UMW_all&amp;adaptor=Local%20Search%20Engine&amp;tab=default_tab&amp;query=any,contains,passini&amp;facet=searchcreationdate,include,1800%7C,%7C1937&amp;facet=searchcreationdate,include,1890%7C,%7C1937&amp;mode=Basic&amp;offset=0\">Ueber granulosebildende Darmbacterien<\/a>\u201c, \u201e<a href=\"https:\/\/ubsearch.meduniwien.ac.at\/primo-explore\/fulldisplay?docid=UMW_alma2141239480003344&amp;context=L&amp;vid=UMW&amp;lang=de_DE&amp;search_scope=UMW_all&amp;adaptor=Local%20Search%20Engine&amp;tab=default_tab&amp;query=any,contains,passini&amp;facet=searchcreationdate,include,1800%7C,%7C1937&amp;facet=searchcreationdate,include,1890%7C,%7C1937&amp;mode=Basic&amp;offset=0\">Studien \u00fcber f\u00e4ulniserregende anaerobe Bakterien des normalen menschlichen Darmes und ihre Bedeutung<\/a>\u201c, \u201e<a href=\"https:\/\/ubsearch.meduniwien.ac.at\/primo-explore\/fulldisplay?docid=UMW_alma2141239560003344&amp;context=L&amp;vid=UMW&amp;lang=de_DE&amp;search_scope=UMW_all&amp;adaptor=Local%20Search%20Engine&amp;tab=default_tab&amp;query=any,contains,passini&amp;facet=searchcreationdate,include,1800%7C,%7C1937&amp;facet=searchcreationdate,include,1890%7C,%7C1937&amp;mode=Basic&amp;offset=0\">Die bakteriellen Hemmungsstoffe Conradis und ihr Einfluss auf das Wachstum der Anaerobier des Darmes<\/a>\u201c und \u201e<a href=\"https:\/\/ubsearch.meduniwien.ac.at\/primo-explore\/fulldisplay?docid=UMW_alma2141239600003344&amp;context=L&amp;vid=UMW&amp;lang=de_DE&amp;search_scope=UMW_all&amp;adaptor=Local%20Search%20Engine&amp;tab=default_tab&amp;query=any,contains,passini&amp;facet=searchcreationdate,include,1800%7C,%7C1937&amp;facet=searchcreationdate,include,1890%7C,%7C1937&amp;mode=Basic&amp;offset=0\">Ueber Giftstoffe in den Kulturen des Gasphlegmonebazillus<\/a>\u201c niederschlugen.<\/p>\n<p><strong>Leopoldst\u00e4dter Kinderspital<\/strong><\/p>\n<p>1907 wurde Passini zum Primarius des vom \u201eLeopoldst\u00e4dter Kinderspitalverein\u201c gegr\u00fcndeten und 1924 von der Gemeinde Wien \u00fcbernommenen Leopoldst\u00e4dter Kinderspital in Wien 2, Obere Augartenstra\u00dfe 26-28, bestellt, das er bis zu seinem Tode leitete. Hier verfasste er Arbeiten wie \u201e<a href=\"https:\/\/ubsearch.meduniwien.ac.at\/primo-explore\/fulldisplay?docid=UMW_alma2141239520003344&amp;context=L&amp;vid=UMW&amp;lang=de_DE&amp;search_scope=UMW_all&amp;adaptor=Local%20Search%20Engine&amp;tab=default_tab&amp;query=any,contains,passini&amp;facet=searchcreationdate,include,1800%7C,%7C1937&amp;facet=searchcreationdate,include,1890%7C,%7C1937&amp;mode=Basic&amp;offset=0\">Ueber die Lebensdauer der Tuberkulosebazillen in Kulturen anaerober F\u00e4ulnisbakterien<\/a>\u201c, \u201e<a href=\"https:\/\/ubsearch.meduniwien.ac.at\/primo-explore\/fulldisplay?docid=UMW_alma2141239440003344&amp;context=L&amp;vid=UMW&amp;lang=de_DE&amp;search_scope=UMW_all&amp;adaptor=Local%20Search%20Engine&amp;tab=default_tab&amp;query=any,contains,passini&amp;facet=searchcreationdate,include,1800%7C,%7C1937&amp;facet=searchcreationdate,include,1890%7C,%7C1937&amp;mode=Basic&amp;offset=0\">Ueber Urobilinbildung durch Reinkulturen anaerober Darmbakterien<\/a>\u201c und \u201e<a href=\"https:\/\/ubsearch.meduniwien.ac.at\/primo-explore\/fulldisplay?docid=UMW_alma2141004670003344&amp;context=L&amp;vid=UMW&amp;lang=de_DE&amp;search_scope=UMW_all&amp;adaptor=Local%20Search%20Engine&amp;tab=default_tab&amp;query=any,contains,passini&amp;facet=searchcreationdate,include,1800%7C,%7C1937&amp;facet=searchcreationdate,include,1890%7C,%7C1937&amp;mode=Basic&amp;offset=0\">Kultureller Nachweis des Kochschen Bazillus im Lumbalpunktate von Meningitis tuberculosa<\/a>\u201c.<\/p>\n<p>Passini verstarb am 28. November 1935 in Wien.<\/p>\n<p><img loading=\"lazy\" decoding=\"async\" class=\"alignnone wp-image-48001\" src=\"https:\/\/ub-blog.meduniwien.ac.at\/blog\/wp-content\/uploads\/2025\/07\/passini-fritz_todesanzeige_neue-freie-presse_1.12.1935_s.34-300x185.jpg\" alt=\"\" width=\"391\" height=\"241\" srcset=\"https:\/\/ub.meduniwien.ac.at\/blog\/wp-content\/uploads\/2025\/07\/passini-fritz_todesanzeige_neue-freie-presse_1.12.1935_s.34-300x185.jpg 300w, https:\/\/ub.meduniwien.ac.at\/blog\/wp-content\/uploads\/2025\/07\/passini-fritz_todesanzeige_neue-freie-presse_1.12.1935_s.34-800x493.jpg 800w, https:\/\/ub.meduniwien.ac.at\/blog\/wp-content\/uploads\/2025\/07\/passini-fritz_todesanzeige_neue-freie-presse_1.12.1935_s.34-768x474.jpg 768w, https:\/\/ub.meduniwien.ac.at\/blog\/wp-content\/uploads\/2025\/07\/passini-fritz_todesanzeige_neue-freie-presse_1.12.1935_s.34.jpg 1028w\" sizes=\"auto, (max-width: 391px) 100vw, 391px\" \/><\/p>\n<p>Passini Fritz: Todesanzeige, Neue Freie Presse, 1.12.1935, S. 34.<\/p>\n<p><strong>Quellen:<\/strong><\/p>\n<p>UAW, Rektorat, Med. Fakult\u00e4t, Rigorosen- und Promotionsprotokolle, Sign. 177-302a, Passini Friedrich (Rigorosum Datum 1890).<\/p>\n<p>UAW, Rektorat, Med. Fakult\u00e4t, Rigorosen- und Promotionsprotokolle, Sign. 187-538, Passini Friedrich (Promotion Datum 23.12.1893).<\/p>\n<p><strong>Literatur:<\/strong><\/p>\n<p><a href=\"https:\/\/ubsearch.meduniwien.ac.at\/primo-explore\/fulldisplay?docid=UMW_alma2141239640003344&amp;context=L&amp;vid=UMW&amp;lang=de_DE&amp;search_scope=UMW_all&amp;adaptor=Local%20Search%20Engine&amp;tab=default_tab&amp;query=any,contains,passini&amp;facet=searchcreationdate,include,1800%7C,%7C1937&amp;facet=searchcreationdate,include,1890%7C,%7C1937&amp;mode=Basic&amp;offset=0\">Passini, Fritz und Carl Leiner: Ueber einen Fall von Noma faciei. Aus dem Carolinen-Kinderspitale. Sonderdruck aus: Wiener klinische Wochenschrift. Wien: Wilhelm Braum\u00fcller 1899.<\/a><\/p>\n<p>[Zweigbibliothek f\u00fcr Geschichte der Medizin\/Separata Bibliothek]<\/p>\n<p><a href=\"https:\/\/ubsearch.meduniwien.ac.at\/primo-explore\/fulldisplay?docid=UMW_alma2141004530003344&amp;context=L&amp;vid=UMW&amp;lang=de_DE&amp;search_scope=UMW_all&amp;adaptor=Local%20Search%20Engine&amp;tab=default_tab&amp;query=any,contains,passini&amp;facet=searchcreationdate,include,1800%7C,%7C1937&amp;facet=searchcreationdate,include,1890%7C,%7C1937&amp;mode=Basic&amp;offset=0\">Passini, Fritz: Ueber den normalen Grosszehenreflex bei Kindern. Sonderdruck aus: Wiener klinische Wochenschrift. Wien: Wilhelm Braum\u00fcller k.u.k. Hof- und Universit\u00e4ts-Buchh\u00e4ndler 1900.<\/a><\/p>\n<p>[Zweigbibliothek f\u00fcr Geschichte der Medizin\/Separata Bibliothek]<\/p>\n<p><a href=\"https:\/\/ubsearch.meduniwien.ac.at\/primo-explore\/fulldisplay?docid=UMW_alma2141004570003344&amp;context=L&amp;vid=UMW&amp;lang=de_DE&amp;search_scope=UMW_all&amp;adaptor=Local%20Search%20Engine&amp;tab=default_tab&amp;query=any,contains,passini&amp;facet=searchcreationdate,include,1800%7C,%7C1937&amp;facet=searchcreationdate,include,1890%7C,%7C1937&amp;mode=Basic&amp;offset=0\">Passini, Fritz: Ueber granulosebildende Darmbacterien. Vorl\u00e4ufige Mittheilung. Aus dem hygienischen Institute der Universit\u00e4t Wien. Sonderdruck aus: Wiener klinische Wochenschrift. Wien: Wilhelm Braum\u00fcller Universit\u00e4ts-Buchh\u00e4ndler 1902.<\/a><\/p>\n<p>[Zweigbibliothek f\u00fcr Geschichte der Medizin\/Separata Bibliothek]<\/p>\n<p><a href=\"https:\/\/ubsearch.meduniwien.ac.at\/primo-explore\/fulldisplay?docid=UMW_alma2141239480003344&amp;context=L&amp;vid=UMW&amp;lang=de_DE&amp;search_scope=UMW_all&amp;adaptor=Local%20Search%20Engine&amp;tab=default_tab&amp;query=any,contains,passini&amp;facet=searchcreationdate,include,1800%7C,%7C1937&amp;facet=searchcreationdate,include,1890%7C,%7C1937&amp;mode=Basic&amp;offset=0\">Passini, Fritz: Studien \u00fcber f\u00e4ulniserregende anaerobe Bakterien des normalen menschlichen Darmes und ihre Bedeutung. Aus dem hygienischen Institut der Universit\u00e4t Wien. Sonderdruck aus: Zeitschrift f\u00fcr Hygiene und Infectionskrankheiten. Leipzig: Verlag von Veit &amp; Comp. 1905.<\/a><\/p>\n<p>[Zweigbibliothek f\u00fcr Geschichte der Medizin\/Separata Bibliothek]<\/p>\n<p><a href=\"https:\/\/ubsearch.meduniwien.ac.at\/primo-explore\/fulldisplay?docid=UMW_alma2141239560003344&amp;context=L&amp;vid=UMW&amp;lang=de_DE&amp;search_scope=UMW_all&amp;adaptor=Local%20Search%20Engine&amp;tab=default_tab&amp;query=any,contains,passini&amp;facet=searchcreationdate,include,1800%7C,%7C1937&amp;facet=searchcreationdate,include,1890%7C,%7C1937&amp;mode=Basic&amp;offset=0\">Passini, Fritz: Die bakteriellen Hemmungsstoffe Conradis und ihr Einfluss auf das Wachstum der Anaerobier des Darmes. Aus dem hygienischen Institute der Universit\u00e4t Wien. Sonderdruck aus: Wiener klinische Wochenschrift. Wien, Leipzig: Verlag von Wilhelm Braum\u00fcller, k.u.k. Hof- und Universit\u00e4ts-Buchh\u00e4ndler 1906.<\/a><\/p>\n<p>[Zweigbibliothek f\u00fcr Geschichte der Medizin\/Separata Bibliothek]<\/p>\n<p><a href=\"https:\/\/ubsearch.meduniwien.ac.at\/primo-explore\/fulldisplay?docid=UMW_alma2141239600003344&amp;context=L&amp;vid=UMW&amp;lang=de_DE&amp;search_scope=UMW_all&amp;adaptor=Local%20Search%20Engine&amp;tab=default_tab&amp;query=any,contains,passini&amp;facet=searchcreationdate,include,1800%7C,%7C1937&amp;facet=searchcreationdate,include,1890%7C,%7C1937&amp;mode=Basic&amp;offset=0\">Passini, Fritz: Ueber Giftstoffe in den Kulturen des Gasphlegmonebazillus. Aus dem hygienischen Institut der Universit\u00e4t Wien. Sonderdruck aus: Wiener klinische Wochenschrift. Wien: Verlag von Wilhelm Braum\u00fcller, k.u.k. Hof- und Universit\u00e4ts-Buchh\u00e4ndler 1905.<\/a><\/p>\n<p>[Zweigbibliothek f\u00fcr Geschichte der Medizin\/Separata Bibliothek]<\/p>\n<p><a href=\"https:\/\/ubsearch.meduniwien.ac.at\/primo-explore\/fulldisplay?docid=UMW_alma2141239520003344&amp;context=L&amp;vid=UMW&amp;lang=de_DE&amp;search_scope=UMW_all&amp;adaptor=Local%20Search%20Engine&amp;tab=default_tab&amp;query=any,contains,passini&amp;facet=searchcreationdate,include,1800%7C,%7C1937&amp;facet=searchcreationdate,include,1890%7C,%7C1937&amp;mode=Basic&amp;offset=0\">Passini, Fritz: Ueber die Lebensdauer der Tuberkulosebazillen in Kulturen anaerober F\u00e4ulnisbakterien. Aus dem Leopoldst\u00e4dter KInderspitale der Gemeinde Wien. Sonderdruck aus: Wiener klinische Wochenschrift. Wien: Verlag von Julius Springer 1925.<\/a><\/p>\n<p>[Zweigbibliothek f\u00fcr Geschichte der Medizin\/Separata Bibliothek]<\/p>\n<p><a href=\"https:\/\/ubsearch.meduniwien.ac.at\/primo-explore\/fulldisplay?docid=UMW_alma2141239440003344&amp;context=L&amp;vid=UMW&amp;lang=de_DE&amp;search_scope=UMW_all&amp;adaptor=Local%20Search%20Engine&amp;tab=default_tab&amp;query=any,contains,passini&amp;facet=searchcreationdate,include,1800%7C,%7C1937&amp;facet=searchcreationdate,include,1890%7C,%7C1937&amp;mode=Basic&amp;offset=0\">Passini, Fritz und J. Czaczkes: Ueber Urobilinbildung durch Reinkulturen anaerober Darmbakterien. Aus dem Leopoldst\u00e4dter Kinderspitale. Sonderdruck aus: Wiener klinische Wochenschrift. Wien: Rikola Verlag 1923.<\/a><\/p>\n<p>[Zweigbibliothek f\u00fcr Geschichte der Medizin\/Separata Bibliothek]<\/p>\n<p><a href=\"https:\/\/ubsearch.meduniwien.ac.at\/primo-explore\/fulldisplay?docid=UMW_alma2141004670003344&amp;context=L&amp;vid=UMW&amp;lang=de_DE&amp;search_scope=UMW_all&amp;adaptor=Local%20Search%20Engine&amp;tab=default_tab&amp;query=any,contains,passini&amp;facet=searchcreationdate,include,1800%7C,%7C1937&amp;facet=searchcreationdate,include,1890%7C,%7C1937&amp;mode=Basic&amp;offset=0\">Passini, Fritz: Kultureller Nachweis des Kochschen Bazillus im Lumbalpunktate von Meningitis tuberculosa. Aus dem Leopoldst\u00e4dter-Kinderspital der Gemeinde Wien. Sonderdruck aus: Medizinische Klinik. Wien, Berlin: Verlag von Urban &amp; Schwarzenberg 1934.<\/a><\/p>\n<p>[Zweigbibliothek f\u00fcr Geschichte der Medizin\/Separata Bibliothek]<\/p>\n<p><a href=\"#_ftnref1\" name=\"_ftn1\">[1]<\/a> Innsbrucker Nachrichten, 31.3.1894, S. 2.<\/p>\n<p><a href=\"#_ftnref2\" name=\"_ftn2\">[2]<\/a> Wiener Zeitung, 29.5.1898, S. 1.<\/p>\n<p><a href=\"#_ftnref3\" name=\"_ftn3\">[3]<\/a> Wiener medizinische Wochenschrift, Nr. 7, 1896, Sp. 287.<\/p>\n<p><strong>Normdaten<\/strong> (Person)<strong>:\u00a0 :<\/strong> <a href=\"https:\/\/ub-blog.meduniwien.ac.at\/blog\/?p=47056\">BBL<\/a>: ; <a href=\"https:\/\/portal.dnb.de\/opac.htm?method=simpleSearch&amp;cqlMode=true&amp;query=nid%3D137365421X\">GND<\/a>:<\/p>\n<p>VAN SWIETEN BLOG der Universit\u00e4tsbibliothek der Medizinischen Universit\u00e4t Wien<br \/>\nBBL: 47056 (24.07.2025)<br \/>\nURL:\u00a0<a href=\"https:\/\/ub-blog.meduniwien.ac.at\/blog\/?p=47056\">https:\/\/ub-blog.meduniwien.ac.at\/blog\/?p=47056<\/a><\/p>\n<p>Letzte Aktualisierung: 2025.07.24<\/p>\n<p><a href=\"https:\/\/ub-blog.meduniwien.ac.at\/blog\/wp-content\/uploads\/2017\/01\/VanSwietenBlog_M.Hartl_.jpg\"><img loading=\"lazy\" decoding=\"async\" class=\"alignnone wp-image-27008\" src=\"https:\/\/ub-blog.meduniwien.ac.at\/blog\/wp-content\/uploads\/2017\/01\/VanSwietenBlog_M.Hartl_.jpg\" alt=\"Logo Margrit Hartl\" width=\"160\" height=\"54\" \/><\/a><\/p>\n","protected":false},"excerpt":{"rendered":"<p>Passini, Fritz \u2013 Kinderarzt, Leiter des Leopoldst\u00e4dter Kinderspitals Autor: Dr. Walter Mentzel Published online: 24.07.2025 Keywords: Kinderarzt, Leopoldst\u00e4dter Kinderspital, Medizingeschichte, Wien Friedrich (Fritz) Johann Anton Ludwig wurde am 20. November 1868 in Lienz in Osttirol als Sohn des Sektionschefs der bosnisch-herzegowinischen Landesregierung Friedrich Passini (1839-1915) und Maria Anna (zirka 1845-1924), geborene Zeller, geboren. 1896 heiratete &hellip; <a href=\"https:\/\/ub.meduniwien.ac.at\/blog\/?p=47056\" class=\"more-link\"><span class=\"screen-reader-text\">Aus den medizinhistorischen Best\u00e4nden der Ub MedUni Wien [335]: Passini, Fritz \u2013 Kinderarzt, Leiter des Leopoldst\u00e4dter Kinderspitals<\/span> weiterlesen <span class=\"meta-nav\">&rarr;<\/span><\/a><\/p>\n","protected":false},"author":2,"featured_media":0,"comment_status":"open","ping_status":"open","sticky":false,"template":"","format":"standard","meta":{"ngg_post_thumbnail":0,"footnotes":""},"categories":[1,2911,5,1347,2,1391],"tags":[202,2915,2913,2908,3499,1614,1576],"class_list":["post-47056","post","type-post","status-publish","format-standard","hentry","category-allgemeines","category-bio-bibliografisches-lexikon","category-medizingeschichte","category-medizinhistorische-bestaende-der-ub-meduni-wien","category-news","category-separata-bibliothek","tag-arzt","tag-bbl","tag-bio-bibliografisches-lexikon","tag-kinderarzt","tag-leopoldstaedter-kinderspital","tag-medizingeschichte","tag-wien"],"views":1206,"_links":{"self":[{"href":"https:\/\/ub.meduniwien.ac.at\/blog\/index.php?rest_route=\/wp\/v2\/posts\/47056","targetHints":{"allow":["GET"]}}],"collection":[{"href":"https:\/\/ub.meduniwien.ac.at\/blog\/index.php?rest_route=\/wp\/v2\/posts"}],"about":[{"href":"https:\/\/ub.meduniwien.ac.at\/blog\/index.php?rest_route=\/wp\/v2\/types\/post"}],"author":[{"embeddable":true,"href":"https:\/\/ub.meduniwien.ac.at\/blog\/index.php?rest_route=\/wp\/v2\/users\/2"}],"replies":[{"embeddable":true,"href":"https:\/\/ub.meduniwien.ac.at\/blog\/index.php?rest_route=%2Fwp%2Fv2%2Fcomments&post=47056"}],"version-history":[{"count":16,"href":"https:\/\/ub.meduniwien.ac.at\/blog\/index.php?rest_route=\/wp\/v2\/posts\/47056\/revisions"}],"predecessor-version":[{"id":48501,"href":"https:\/\/ub.meduniwien.ac.at\/blog\/index.php?rest_route=\/wp\/v2\/posts\/47056\/revisions\/48501"}],"wp:attachment":[{"href":"https:\/\/ub.meduniwien.ac.at\/blog\/index.php?rest_route=%2Fwp%2Fv2%2Fmedia&parent=47056"}],"wp:term":[{"taxonomy":"category","embeddable":true,"href":"https:\/\/ub.meduniwien.ac.at\/blog\/index.php?rest_route=%2Fwp%2Fv2%2Fcategories&post=47056"},{"taxonomy":"post_tag","embeddable":true,"href":"https:\/\/ub.meduniwien.ac.at\/blog\/index.php?rest_route=%2Fwp%2Fv2%2Ftags&post=47056"}],"curies":[{"name":"wp","href":"https:\/\/api.w.org\/{rel}","templated":true}]}}