{"id":47046,"date":"2025-06-16T15:50:07","date_gmt":"2025-06-16T14:50:07","guid":{"rendered":"https:\/\/ub-blog.meduniwien.ac.at\/blog\/?p=47046"},"modified":"2026-03-16T15:02:11","modified_gmt":"2026-03-16T14:02:11","slug":"aus-den-medizinhistorischen-bestaenden-der-ub-meduni-wien-250-hermann-friedrich-gruenwald-internist-ns-verfolgter-4-4-2-73","status":"publish","type":"post","link":"https:\/\/ub.meduniwien.ac.at\/blog\/?p=47046","title":{"rendered":"Aus den medizinhistorischen Best\u00e4nden der Ub MedUni Wien [330]: Bienenfeld, Bianca \u2013 Frauen\u00e4rztin und Gyn\u00e4kologin im Allgemeinen Krankenhaus Wien und erste Fach\u00e4rztin des Verbandes der Genossenschafts-Krankenkassen Wien"},"content":{"rendered":"<p><strong>Bienenfeld, Bianca \u2013 Frauen\u00e4rztin und Gyn\u00e4kologin im Allgemeinen Krankenhaus Wien und erste Fach\u00e4rztin des Verbandes der Genossenschafts-Krankenkassen Wien<\/strong><\/p>\n<p><strong>Autor:<\/strong> <a href=\"https:\/\/waltermentzel.wordpress.com\/\">Dr. Walter Mentzel<\/a><\/p>\n<p><strong>Published online: 16.06.2025<\/strong><\/p>\n<p><strong>Keywords:<\/strong> Frauen\u00e4rztin, Gyn\u00e4kologin, Allgemeines Krankenhaus Wien, Genossenschafts-Krankenkasse, Medizingeschichte, Wien<\/p>\n<p>Bianca Bienenfeld wurde am 10. November 1879 als Tochter einer aus Krakau stammenden j\u00fcdischen Familie in Wien geboren und wuchs in b\u00fcrgerlichen Verh\u00e4ltnissen auf. Ihr Gro\u00dfvater war Verwalter des israelitischen Spitals in Krakau, ihr Vater, Heinrich Leo Bienenfeld (1849-1895), arbeitete in Wien als Hof- und Gerichtsadvokat, ihre Mutter, Victoria Gitel (geb. Schmelkes) (1852-1918), stammte aus einer angesehenen Rabbinerfamilie. Ihre Schwester Elsa (1877-1942) war in Wien als Musikwissenschaftlerin und Musikpublizistin t\u00e4tig.<\/p>\n<p>Bienenfeld besuchte ab 1892 das neu er\u00f6ffnete erste Wiener M\u00e4dchengymnasium des Vereins f\u00fcr erweiterte Frauenbildung. Ihre Matura legte sie 1898 extern mit Auszeichnung am Akademischen Gymnasium in Wien ab.<a href=\"#_ftn1\" name=\"_ftnref1\">[1]<\/a> Danach studierte sie ab dem Wintersemester 1898\/99 an der Universit\u00e4t Wien naturwissenschaftliche F\u00e4cher, konnte aber erst nach zwei Jahren an der Medizinischen Fakult\u00e4t inskribieren. Gemeinsam mit ihrer Schwester Elsa besuchte sie Vorlesungen des Musikwissenschafters Guido Adler (1855-1941) und teilte mit ihr die Leidenschaft zur Musik.<\/p>\n<p><strong>Studentinnen-Verein \u201eWien\u201c<\/strong><\/p>\n<p>W\u00e4hrend ihrer Studienzeit war Bienenfeld gemeinsam mit ihrer Schwester Mitglied des im Dezember 1898 im wissenschaftlichen Club gegr\u00fcndeten ersten Wiener Studentinnen-Vereins \u201eWien\u201c, dem auch die Medizinstudentinnen Gabriele Possanner von Ehrenthal (1860-1940), <a href=\"https:\/\/ub-blog.meduniwien.ac.at\/blog\/?p=37159\">Margarete Hilferding-H\u00f6nigsberg<\/a> (1871-1942) und <a href=\"https:\/\/ub-blog.meduniwien.ac.at\/blog\/?p=47042#_ftnref1\">Stephanie Weiss-Eder<\/a> (1878-1959) angeh\u00f6rten. Sie war seit der Gr\u00fcndung des Vereins als Kassiererin und sp\u00e4ter als Schriftf\u00fchrerin in den Vereinsorganen t\u00e4tig.<a href=\"#_ftn2\" name=\"_ftnref2\">[2]<\/a> Dem Verein geh\u00f6rten zudem die sp\u00e4tere \u00c4rztin Rosa Regina Walter (1.4.1878 Wien, ermordet im Holocaust 1942 Belgrad), verheiratete Markovic,<a href=\"#_ftn3\" name=\"_ftnref3\">[3]<\/a> und die Medizinstudentin und sp\u00e4tere Schriftstellerin Irma Sch\u00f6nfeld (1876-1915) an.<\/p>\n<p>W\u00e4hrend ihres Medizinstudiums, das sie am 10. M\u00e4rz 1904 mit ihrer Promotion abschloss, studierte sie bei <a href=\"https:\/\/ub-blog.meduniwien.ac.at\/blog\/?s=schauta\">Friedrich Schauta<\/a> (1849-1919), <a href=\"https:\/\/ub-blog.meduniwien.ac.at\/blog\/?p=27870\">Richard von Krafft-Ebing<\/a> (1840-1902), James Eisenberg (1861-1910), Edmund Neusser (1852-1912) und Anton Weichselbaum (1845-1920). Bereits als Studentin erfolgte ihre Bestellung zur Demonstratorin und Aspirantin am Physiologischen Institut bei Siegmund Exner (1846-1926), wo sie 1903 \u00fcber \u201e<a href=\"https:\/\/webapp.uibk.ac.at\/alo\/cat\/card.jsp?id=8545798\">Das anatomische Verhalten der Muscularis mucosae in Beziehung zu ihrer physiologischen Bedeutung<\/a>\u201c publizierte.<\/p>\n<p>Nach der Promotion arbeitete sie nach einer gemeinsam mit Stephanie Weiss-Eder erfolgreich eingebrachten Petition beim Ministerium f\u00fcr Cultus und Unterricht als Aspirantin an der II. Medizinischen Klinik im Allgemeinen Krankenhaus bei Edmund Neusser<a href=\"#_ftn4\" name=\"_ftnref4\">[4]<\/a> und danach an der Kinderklinik (St. Anna Kinderspital) bei Theodor Escherich (1857-1911). Anschlie\u00dfend trat sie als erste supplierende Sekundar\u00e4rztin in die III. medizinische Klinik unter dem Internisten Norbert Ortner (1965-1935) ein. Nach neun Monaten wurde sie auf Antrag von Professor Ortner am 1. Dezember 1906 an der I. Universit\u00e4ts-Frauenklinik bei Friedrich Schauta bestellt, wo sie weitere sieben Jahre t\u00e4tig war, sich zur Gyn\u00e4kologin ausbilden lie\u00df und im Februar 1908 die Ernennung zur definitiven Sekundar\u00e4rztin erhielt. 1907 publizierte sie an der Klinik \u201e<a href=\"https:\/\/ubsearch.meduniwien.ac.at\/primo-explore\/fulldisplay?docid=UMW_alma2156057650003344&amp;context=L&amp;vid=UMW&amp;lang=de_DE&amp;search_scope=UMW_all&amp;adaptor=Local%20Search%20Engine&amp;tab=default_tab&amp;query=any,contains,bienenfeld&amp;mode=Basic\">Das Verhalten der Leukozyten bei der Serumkrankheit<\/a>\u201c und im selben Jahr am Laboratorium der Spiegler-Stiftung in Wien \u201e<a href=\"https:\/\/ubsearch.meduniwien.ac.at\/primo-explore\/fulldisplay?docid=UMW_alma2156057690003344&amp;context=L&amp;vid=UMW&amp;lang=de_DE&amp;search_scope=UMW_all&amp;adaptor=Local%20Search%20Engine&amp;tab=default_tab&amp;query=any,contains,bienenfeld&amp;mode=Basic\">Das Verhalten der Frauenmilch zu Lab und S\u00e4ure<\/a>\u201c. Zuletzt wurde sie auf Antrag von Schauta zur Intern-\u00c4rztin der Klinik ernannt. Im Jahr 1912 ver\u00f6ffentlichte sie den \u201e<a href=\"https:\/\/ubsearch.meduniwien.ac.at\/primo-explore\/fulldisplay?docid=UMW_alma2156057730003344&amp;context=L&amp;vid=UMW&amp;lang=de_DE&amp;search_scope=UMW_all&amp;adaptor=Local%20Search%20Engine&amp;tab=default_tab&amp;query=any,contains,bienenfeld&amp;mode=Basic\">Beitrag zur Kenntnis des Lipoidgehaltes der Placenta<\/a>\u201c. Danach verlie\u00df sie 1913 als emeritierte Intern-\u00c4rztin das Allgemeine Krankenhaus und arbeitete in ihrer Privatpraxis in Wien.<\/p>\n<p><img loading=\"lazy\" decoding=\"async\" class=\"alignnone size-medium wp-image-47894\" src=\"https:\/\/ub-blog.meduniwien.ac.at\/blog\/wp-content\/uploads\/2025\/06\/330_bienenfeld-bianca-226x300.jpg\" alt=\"\" width=\"226\" height=\"300\" srcset=\"https:\/\/ub.meduniwien.ac.at\/blog\/wp-content\/uploads\/2025\/06\/330_bienenfeld-bianca-226x300.jpg 226w, https:\/\/ub.meduniwien.ac.at\/blog\/wp-content\/uploads\/2025\/06\/330_bienenfeld-bianca.jpg 287w\" sizes=\"auto, (max-width: 226px) 100vw, 226px\" \/><\/p>\n<p>Bianca Bienenfeld (zirka 1907): In: Jahresbericht des Vereines f\u00fcr erweiterte Frauenbildung 1907\/08.<\/p>\n<p><strong>Sanatorium Loew und Ambulanz des Verbandes der Genossenschafts-Krankenkassen Wien und Nieder\u00f6sterreich (Allgemeine Arbeiterkrankenkasse Wien)<\/strong><\/p>\n<p>W\u00e4hrend des Ersten Weltkrieges \u00fcbernahm Bienenfeld die Hausarztstelle an der Gyn\u00e4kologischen Abteilung des Sanatoriums Loew in Wien. 1919 wurde sie zur ersten Fach\u00e4rztin und Leiterin der gyn\u00e4kologischen und geburtshilflichen Ambulanz an der Genossenschafts-Krankenkasse Wien und Nieder\u00f6sterreich ernannt. Hier nahm sie auch ihre wissenschaftliche Publikationst\u00e4tigkeit u.a. mit ihrer Mitarbeiterin an der Ambulanz, Ida Eckstein (1888-1982), auf, mit der sie 1919 \u201e<a href=\"https:\/\/anno.onb.ac.at\/cgi-content\/anno-plus?aid=wmw&amp;datum=19190003&amp;query=(text:%22bianca+bienenfeld%22)&amp;ref=anno-search&amp;seite=963\">Ein Sakraltumor beim Neugeborenen<\/a>\u201c<a href=\"#_ftn5\" name=\"_ftnref5\">[5]<\/a> publizierte. 1925 erschien von ihr \u201e<a href=\"https:\/\/anno.onb.ac.at\/cgi-content\/anno-plus?aid=wmw&amp;datum=19250003&amp;query=(text:%22bianca+bienenfeld%22)&amp;ref=anno-search&amp;seite=558\">Zur Klinik der Vaginalsysten<\/a>\u201c,<a href=\"#_ftn6\" name=\"_ftnref6\">[6]<\/a> und 1926 ver\u00f6ffentlichte sie erneut gemeinsam mit Ida Eckstein \u201e<a href=\"https:\/\/anno.onb.ac.at\/cgi-content\/anno-plus?aid=wmw&amp;datum=19260003&amp;query=(text:%22bianca+bienenfeld%22)&amp;ref=anno-search&amp;seite=424\">Zur diagnostischen Verwertung des Gonotestfingerlings bei der weiblichen Gonorrh\u00f6e<\/a>\u201c<a href=\"#_ftn7\" name=\"_ftnref7\">[7]<\/a><\/p>\n<p>Neben ihrer beruflichen T\u00e4tigkeit als Medizinerin hielt sie Vortr\u00e4ge in den Wiener Volksbildungseinrichtungen, wie den 1913 in der Urania zu \u201eDas Leben vor der Geburt\u201c,<a href=\"#_ftn8\" name=\"_ftnref8\">[8]<\/a> den sie in der Zeitschrift \u201e<a href=\"https:\/\/anno.onb.ac.at\/cgi-content\/anno-plus?aid=fum&amp;datum=19130102&amp;query=(text:%22bianca+bienenfeld%22)&amp;ref=anno-search&amp;seite=8\">Die Frau und Mutter<\/a>\u201c (Teil 2) in einer Artikelserie (<a href=\"https:\/\/anno.onb.ac.at\/cgi-content\/anno-plus?aid=fum&amp;datum=1913&amp;page=315&amp;size=45&amp;qid=SHXJQSOKECSNN7E3A8LKLIV4JJNVI1\">Teil 1<\/a>; Teil 3) publizierte.<a href=\"#_ftn9\" name=\"_ftnref9\">[9]<\/a> Im selben Jahr ver\u00f6ffentlichte sie noch in der von der Frauenrechtlerin und Sozialreformerin Auguste Fickert (1855-1910) gegr\u00fcndeten Zeitschrift \u201eNeues Frauenleben\u201c den Aufsatz \u201e<a href=\"https:\/\/anno.onb.ac.at\/cgi-content\/anno-plus?aid=frl&amp;datum=19130051&amp;query=(text:%22bianca+bienenfeld%22)&amp;ref=anno-search&amp;seite=10\">Die Geschichte der Krankenpflege<\/a>\u201c.<a href=\"#_ftn10\" name=\"_ftnref10\">[10]<\/a> 1917 erschien von ihr die Artikelserie \u201eUeber die Physiologie der Frau\u201c in der Zeitschrift \u201eDie Frau und Mutter\u201c.<a href=\"#_ftn11\" name=\"_ftnref11\">[11]<\/a> Anl\u00e4sslich des Gyn\u00e4kologenkongresses im Jahr 1925 in Wien ver\u00f6ffentlichte sie den Artikel \u201eWiens Anteil an der modernen Frauenheilkunde\u201c<a href=\"#_ftn12\" name=\"_ftnref12\">[12]<\/a> und 1928 wiederum in der Zeitschrift \u201eDie Frau und Mutter\u201c den Artikel \u201e<a href=\"https:\/\/anno.onb.ac.at\/cgi-content\/anno-plus?aid=fum&amp;datum=19280108&amp;query=(text:%22bianca+bienenfeld%22)&amp;ref=anno-search&amp;seite=11\">Entwicklung und Entwicklungsst\u00f6rungen der weiblichen Reife<\/a>\u201c.<a href=\"#_ftn13\" name=\"_ftnref13\">[13]<\/a><\/p>\n<p>Sie verstarb am 22. August 1929 bei einem Zugsungl\u00fcck in Schwarzach St. Veith auf der R\u00fcckreise von den Salzburger Festspielen in Begleitung ihrer Schwester Elsa.<\/p>\n<p><img loading=\"lazy\" decoding=\"async\" class=\"alignnone size-medium wp-image-47895\" src=\"https:\/\/ub-blog.meduniwien.ac.at\/blog\/wp-content\/uploads\/2025\/06\/330_bienenfeld_todesanzeige_neue-freie-presse_25.8.1929_2.29-283x300.jpg\" alt=\"\" width=\"283\" height=\"300\" srcset=\"https:\/\/ub.meduniwien.ac.at\/blog\/wp-content\/uploads\/2025\/06\/330_bienenfeld_todesanzeige_neue-freie-presse_25.8.1929_2.29-283x300.jpg 283w, https:\/\/ub.meduniwien.ac.at\/blog\/wp-content\/uploads\/2025\/06\/330_bienenfeld_todesanzeige_neue-freie-presse_25.8.1929_2.29.jpg 673w\" sizes=\"auto, (max-width: 283px) 100vw, 283px\" \/><\/p>\n<p>Bianca Bienenfeld, Todesanzeige, Neue Freie Presse, 25.8.1929, S. 29.<\/p>\n<p>1929 erschienen aus Anlass ihres Todes mehrere Nachrufe, darunter von Heinrich Peham (1871-1930) in der Zeitung <a href=\"https:\/\/anno.onb.ac.at\/cgi-content\/anno?aid=tag&amp;datum=19291109&amp;query=%22bianca+bienenfeld%22&amp;ref=anno-search&amp;seite=4\">Der Tag<\/a>,<a href=\"#_ftn14\" name=\"_ftnref14\">[14]<\/a> von <a href=\"https:\/\/ub-blog.meduniwien.ac.at\/blog\/?p=40387\">Pauline Feldmann<\/a> (1884-1986) in der Zeitschrift <a href=\"https:\/\/anno.onb.ac.at\/cgi-content\/anno-plus?aid=mkp&amp;datum=19290004&amp;query=(text:%22bianca+bienenfeld%22)&amp;ref=anno-search&amp;seite=1320\">Medizinische Klinik<\/a>,<a href=\"#_ftn15\" name=\"_ftnref15\">[15]<\/a> und von <a href=\"https:\/\/remote-access.ez.srv.meduniwien.ac.at\/blog\/?p=31719\">Dora Br\u00fccke-Teleky<\/a> (1879-1963) in der <a href=\"https:\/\/anno.onb.ac.at\/cgi-content\/anno-plus?aid=wmw&amp;datum=1929&amp;page=1037&amp;size=45\">Wiener medizinischen Wochenschrift<\/a>.<a href=\"#_ftn16\" name=\"_ftnref16\">[16]<\/a> Ihre Schwester Elsa Bienenfeld wurde nach dem \u201eAnschluss\u201c im M\u00e4rz 1938 wegen ihrer j\u00fcdischen Herkunft von den Nationalsozialisten verfolgt und am 26. Mai 1942 in Maly Trostinec ermordet.<\/p>\n<p>1933 trat ein aus den Initiatoren, dem Architekten Oskar Strnad (1879-1935) und dem Bildhauer Georg Ehrlich (1897-1966), bestehendes Dr. Bianca Bienenfeld-Komitee an die Gemeinde Wien heran, um auf der Gr\u00fcnanlage am Albertplatz in Wien-Josefstadt ein von den beiden Initiatoren geschaffenes Bianca Bienenfeld-Denkmal genehmigen zu lassen. Die erteilte Genehmigung verfiel, da innerhalb der Jahresfrist keine Aufstellung des Denkmals erfolgte.<a href=\"#_ftn17\" name=\"_ftnref17\">[17]<\/a> Seit April 2025 ist nach ihr in Wien-Leopoldstadt eine Stra\u00dfe benannt.<\/p>\n<p><strong>Quellen:<\/strong><\/p>\n<p>Geburtsbuch der IKG Wien, 1879, Bienenfeld Bianca.<\/p>\n<p>UAW, Med. Fakult\u00e4t, Nationalien\/Studienkataloge, Sign. 134-0586, Bienenfeld Bianca (Nationalien Datum 1902\/03).<\/p>\n<p>UAW, Rektorat, Med. Fakult\u00e4t, Rigorosen- und Promotionsprotokolle, Sign. 195-021a, Bienenfeld Bianca (Rigorosum Datum 4.3.1904).<\/p>\n<p>UAW, Rektorat, Med. Fakult\u00e4t, Rigorosen- und Promotionsprotokolle, Sign. 189-1421, Bienenfeld Bianca (Promotion Datum 10.3.1904).<\/p>\n<p>Friedhofsdatenbank der IKG Wien, Bienenfeld Bianca.<\/p>\n<p><strong>Literatur:<\/strong><\/p>\n<p><a href=\"https:\/\/webapp.uibk.ac.at\/alo\/cat\/card.jsp?id=8545798\">Bienenfeld, Bianca: Das anatomische Verhalten der Muscularis mucosae in Beziehung zu ihrer physiologischen Bedeutung. Bonn: Strauss 1903.<\/a><\/p>\n<p>[Zweigbibliothek f\u00fcr Geschichte der Medizin\/Neuburger Bibliothek, Sign.: 22498]<\/p>\n<p><a href=\"https:\/\/ubsearch.meduniwien.ac.at\/primo-explore\/fulldisplay?docid=UMW_alma2156057650003344&amp;context=L&amp;vid=UMW&amp;lang=de_DE&amp;search_scope=UMW_all&amp;adaptor=Local%20Search%20Engine&amp;tab=default_tab&amp;query=any,contains,bienenfeld&amp;mode=Basic\">Bienenfeld, Bianca: Das Verhalten der Leukozyten bei der Serumkrankheit. Sonderdruck aus: Jahrbuch der Kinderheilkunde und physische Erziehung. Berlin: Verlag von S. Karger 1907.<\/a><\/p>\n<p>[Zweigbibliothek f\u00fcr Geschichte der Medizin\/Separata Bibliothek]<\/p>\n<p><a href=\"https:\/\/ubsearch.meduniwien.ac.at\/primo-explore\/fulldisplay?docid=UMW_alma2156057690003344&amp;context=L&amp;vid=UMW&amp;lang=de_DE&amp;search_scope=UMW_all&amp;adaptor=Local%20Search%20Engine&amp;tab=default_tab&amp;query=any,contains,bienenfeld&amp;mode=Basic\">Bienenfeld, Bianca: Das Verhalten der Frauenmilch zu Lab und S\u00e4ure. Aus dem Laboratorium der Spiegler-Stiftung, Wien (Leiter: S. Fr\u00e4nkel). Sonderdruck aus: Biochemische Zeitschrift. Berlin: Verlag von Julius Springer 1907.<\/a><\/p>\n<p>[Zweigbibliothek f\u00fcr Geschichte der Medizin\/Separata Bibliothek]<\/p>\n<p><a href=\"https:\/\/ubsearch.meduniwien.ac.at\/primo-explore\/fulldisplay?docid=UMW_alma2156057730003344&amp;context=L&amp;vid=UMW&amp;lang=de_DE&amp;search_scope=UMW_all&amp;adaptor=Local%20Search%20Engine&amp;tab=default_tab&amp;query=any,contains,bienenfeld&amp;mode=Basic\">Bienenfeld, Bianca: Beitrag zur Kenntnis des Lipoidgehaltes der Placenta. Aus der I. Universit\u00e4ts-Frauenklinik [Vorstand: Hofrat Schauta] und dem chemischen Laboratorium der L. Spiegler-Stiftung [Vorstand: Prof. S. Fraenkel] in Wien. Sonderdruck aus: Monatsschrift f\u00fcr Geburtsh\u00fclfe und Gyn\u00e4kologie. Berlin: Verlag von S. Karger 1912.<\/a><\/p>\n<p>[Zweigbibliothek f\u00fcr Geschichte der Medizin\/Separata Bibliothek]<\/p>\n<p><a href=\"#_ftnref1\" name=\"_ftn1\">[1]<\/a> Jahres-Bericht \u00fcber das k.k. Akademische Gymnasium Wien in Wien f\u00fcr das Schuljahr 1898\/99, Wien 1899, S. 9.<\/p>\n<p><a href=\"#_ftnref2\" name=\"_ftn2\">[2]<\/a> Frauen-Werke, Nr. 2, 1899, S. 2; Neues Wiener Tagblatt (Tages-Ausgabe), 4.3.1899, S. 2.<\/p>\n<p><a href=\"#_ftnref3\" name=\"_ftn3\">[3]<\/a> Yad Vashem Markovic Vera (<a href=\"https:\/\/collections.yadvashem.org\/en\/names\/13903965\">https:\/\/collections.yadvashem.org\/en\/names\/13903965<\/a>).<\/p>\n<p><a href=\"#_ftnref4\" name=\"_ftn4\">[4]<\/a> Hebammen-Zeitung, 15.9.1904, S. 133.<\/p>\n<p><a href=\"#_ftnref5\" name=\"_ftn5\">[5]<\/a> Wiener medizinische Wochenschrift, Nr. 39, 1919, Sp. 1890-1897.<\/p>\n<p><a href=\"#_ftnref6\" name=\"_ftn6\">[6]<\/a> Wiener medizinische Wochenschrift, Nr. 22, 1925, Sp. 1268-1274.<\/p>\n<p><a href=\"#_ftnref7\" name=\"_ftn7\">[7]<\/a> Wiener medizinische Wochenschrift, Nr. 18, 1926, S. 544-550.<\/p>\n<p><a href=\"#_ftnref8\" name=\"_ftn8\">[8]<\/a> Die Zeit, 30.1.1913, S. 7.<\/p>\n<p><a href=\"#_ftnref9\" name=\"_ftn9\">[9]<\/a> Die Frau und Mutter, H.1, Oktober 1913, S. 2-5; H. 2, November 1913, S. 46-48; H. 3, Dezember 1913, S. 79-81.<\/p>\n<p><a href=\"#_ftnref10\" name=\"_ftn10\">[10]<\/a> Neues Frauenleben, J\u00e4nner 1913, S. 8-13.<\/p>\n<p><a href=\"#_ftnref11\" name=\"_ftn11\">[11]<\/a> Die Frau und Mutter, H. 3, 1916, S.30-32; H. 4, 1917, S. 45-47; H. 5, 1917, S.65-66; H.6, 1917, S. 79-80.<\/p>\n<p><a href=\"#_ftnref12\" name=\"_ftn12\">[12]<\/a> Neues Wiener Journal, 31.5.1925, S. 7.<\/p>\n<p><a href=\"#_ftnref13\" name=\"_ftn13\">[13]<\/a> Die Frau und Mutter, 1928, S. 11-12.<\/p>\n<p><a href=\"#_ftnref14\" name=\"_ftn14\">[14]<\/a> Der Tag, 9.11.1929, S. 4.<\/p>\n<p><a href=\"#_ftnref15\" name=\"_ftn15\">[15]<\/a> Medizinische Klinik, 30.8.1929, S. 1324.<\/p>\n<p><a href=\"#_ftnref16\" name=\"_ftn16\">[16]<\/a> Wiener medizinische Wochenschrift, Nr. 36, 1929, S. 1162-1163.<\/p>\n<p><a href=\"#_ftnref17\" name=\"_ftn17\">[17]<\/a> Rathaus-Korrespondenz, 25. Juli 1933.<\/p>\n<p><strong>Normdaten<\/strong> (Person)<strong>:Bienenfeld, Bianca :<\/strong> <a href=\"https:\/\/ub-blog.meduniwien.ac.at\/blog\/?p=47046\">BBL: 47046<\/a>; <a href=\"https:\/\/portal.dnb.de\/opac.htm?method=simpleSearch&amp;cqlMode=true&amp;query=nid%3D139518231\">GND: 139518231<\/a><\/p>\n<p>VAN SWIETEN BLOG der Universit\u00e4tsbibliothek der Medizinischen Universit\u00e4t Wien<br \/>\nBBL:&nbsp; 47046&nbsp;(16.06.2025)<br \/>\nURL: <a href=\"https:\/\/ub-blog.meduniwien.ac.at\/blog\/?p=47046\">https:\/\/ub-blog.meduniwien.ac.at\/blog\/?p=47046<\/a><\/p>\n<p>Letzte Aktualisierung: 2025.06.16<\/p>\n<p><a href=\"https:\/\/ub-blog.meduniwien.ac.at\/blog\/wp-content\/uploads\/2017\/01\/VanSwietenBlog_M.Hartl_.jpg\"><img loading=\"lazy\" decoding=\"async\" class=\"alignnone wp-image-27008\" src=\"https:\/\/ub-blog.meduniwien.ac.at\/blog\/wp-content\/uploads\/2017\/01\/VanSwietenBlog_M.Hartl_.jpg\" alt=\"Logo Margrit Hartl\" width=\"160\" height=\"54\"><\/a><\/p>\n","protected":false},"excerpt":{"rendered":"<p>Bienenfeld, Bianca \u2013 Frauen\u00e4rztin und Gyn\u00e4kologin im Allgemeinen Krankenhaus Wien und erste Fach\u00e4rztin des Verbandes der Genossenschafts-Krankenkassen Wien Autor: Dr. Walter Mentzel Published online: 16.06.2025 Keywords: Frauen\u00e4rztin, Gyn\u00e4kologin, Allgemeines Krankenhaus Wien, Genossenschafts-Krankenkasse, Medizingeschichte, Wien Bianca Bienenfeld wurde am 10. November 1879 als Tochter einer aus Krakau stammenden j\u00fcdischen Familie in Wien geboren und wuchs in &hellip; <a href=\"https:\/\/ub.meduniwien.ac.at\/blog\/?p=47046\" class=\"more-link\"><span class=\"screen-reader-text\">Aus den medizinhistorischen Best\u00e4nden der Ub MedUni Wien [330]: Bienenfeld, Bianca \u2013 Frauen\u00e4rztin und Gyn\u00e4kologin im Allgemeinen Krankenhaus Wien und erste Fach\u00e4rztin des Verbandes der Genossenschafts-Krankenkassen Wien<\/span> weiterlesen <span class=\"meta-nav\">&rarr;<\/span><\/a><\/p>\n","protected":false},"author":2,"featured_media":0,"comment_status":"open","ping_status":"open","sticky":false,"template":"","format":"standard","meta":{"ngg_post_thumbnail":0,"footnotes":""},"categories":[1,2911,5,1347,2,16,1391],"tags":[1378,2931,3480,3387,3084,1614,3482,3481,1576],"class_list":["post-47046","post","type-post","status-publish","format-standard","hentry","category-allgemeines","category-bio-bibliografisches-lexikon","category-medizingeschichte","category-medizinhistorische-bestaende-der-ub-meduni-wien","category-news","category-news1","category-separata-bibliothek","tag-allgemeines-krankenhaus-wien","tag-biobibiografisches-lexikon","tag-frauenaerztin","tag-genossenschaftskrankenkasse","tag-gynaekologin","tag-medizingeschichte","tag-sanatorium-loew","tag-studentinnenverein","tag-wien"],"views":1464,"_links":{"self":[{"href":"https:\/\/ub.meduniwien.ac.at\/blog\/index.php?rest_route=\/wp\/v2\/posts\/47046","targetHints":{"allow":["GET"]}}],"collection":[{"href":"https:\/\/ub.meduniwien.ac.at\/blog\/index.php?rest_route=\/wp\/v2\/posts"}],"about":[{"href":"https:\/\/ub.meduniwien.ac.at\/blog\/index.php?rest_route=\/wp\/v2\/types\/post"}],"author":[{"embeddable":true,"href":"https:\/\/ub.meduniwien.ac.at\/blog\/index.php?rest_route=\/wp\/v2\/users\/2"}],"replies":[{"embeddable":true,"href":"https:\/\/ub.meduniwien.ac.at\/blog\/index.php?rest_route=%2Fwp%2Fv2%2Fcomments&post=47046"}],"version-history":[{"count":14,"href":"https:\/\/ub.meduniwien.ac.at\/blog\/index.php?rest_route=\/wp\/v2\/posts\/47046\/revisions"}],"predecessor-version":[{"id":49151,"href":"https:\/\/ub.meduniwien.ac.at\/blog\/index.php?rest_route=\/wp\/v2\/posts\/47046\/revisions\/49151"}],"wp:attachment":[{"href":"https:\/\/ub.meduniwien.ac.at\/blog\/index.php?rest_route=%2Fwp%2Fv2%2Fmedia&parent=47046"}],"wp:term":[{"taxonomy":"category","embeddable":true,"href":"https:\/\/ub.meduniwien.ac.at\/blog\/index.php?rest_route=%2Fwp%2Fv2%2Fcategories&post=47046"},{"taxonomy":"post_tag","embeddable":true,"href":"https:\/\/ub.meduniwien.ac.at\/blog\/index.php?rest_route=%2Fwp%2Fv2%2Ftags&post=47046"}],"curies":[{"name":"wp","href":"https:\/\/api.w.org\/{rel}","templated":true}]}}