{"id":4494,"date":"2010-04-01T13:01:57","date_gmt":"2010-04-01T12:01:57","guid":{"rendered":"https:\/\/ub-blog.meduniwien.ac.at\/blog\/?p=4494"},"modified":"2010-04-12T17:34:48","modified_gmt":"2010-04-12T16:34:48","slug":"4494","status":"publish","type":"post","link":"https:\/\/ub.meduniwien.ac.at\/blog\/?p=4494","title":{"rendered":"Fort- und Weiterbildung der Ub Med Uni Wien I\/2010 (Januar &#8211; M\u00e4rz 2010)"},"content":{"rendered":"<p><strong>Aktivit\u00e4ten der Fort- und Weiterbildung sowie nationaler und internationaler Kooperation in den Monaten Januar bis M\u00e4rz 2010:<\/strong><\/p>\n<p><strong>JANUAR 2010<\/strong><\/p>\n<ol>14. Januar 2010<br \/>\nTeilnahme an einer Informationsveranstaltung von <em>Serial Solutions<\/em> \u00fcber <a href=\"http:\/\/www.serialssolutions.com\/summon\/\">SUMMON<\/a> an der UB der Technischen Universit\u00e4t Graz [2]<\/ol>\n<ol>10. Januar 2010<br \/>\nSitzung der ARGE Strategische Planung im <a href=\"http:\/\/www.obvsg.at\">\u00d6sterreichischen Bibliothekenverbund<\/a><\/ol>\n<ol>20. Januar 2010<br \/>\nTeilnahme an der Sitzung einer Arbeitsgruppe der <a href=\"http:\/\/www.uibk.ac.at\/voeb\/arge-dir\/\">Arbeitsgemeinschaft der Bibliotheksdirektorinnen und Bibliotheksdirektoren \u00d6sterreichs<\/a> im <a href=\"http:\/\/www.obvsg.at\">\u00d6sterreichischen Bibliothekenverbund<\/a>: <em>UG Novelle \u00a7\u00a7 85 und 86<\/em><\/ol>\n<p><!--more--><\/p>\n<p><strong>FEBRUAR 2010<\/strong><\/p>\n<ol>8. Februar 2010<br \/>\nTeilnahme am AbteilungsleiterInnenkollegium, Med Uni Wien<\/ol>\n<ol>3. Februar 2010<br \/>\nTeilnahme an einer Informationsveranstaltung der Firma <em>Zeutschel<\/em>: <a href=\"http:\/\/www.zeutschel.de\/produkte\/software_goobi_zed.html\"> GOOBI &#8211; ZED<\/a> <em>Digitalisierungsprojekte &#8211; Software<\/em> an der UB Salzburg [2]<\/ol>\n<p><strong>M\u00c4RZ 2010<\/strong><\/p>\n<ol>3. M\u00e4rz 2010<br \/>\n<a href=\"http:\/\/www.obvsg.at\/wir-ueber-uns\/aktuelles\/artikel\/96\/198\/hash\/eecd82724d\/\">PRIMO-Infotag<\/a> an der UB der Technischen Universit\u00e4t Wien [3]<\/ol>\n<ol>4. M\u00e4rz 2010<br \/>\nTeilnahme an der 1. Mitgliederversammlung der <a href=\"http:\/\/www.konsortien.at\/\">Kooperation e-Medien \u00d6sterreich<\/a> an der UB der Technischen Universit\u00e4t Wien<\/ol>\n<ol>8. M\u00e4rz 2010<br \/>\nSitzung der Vergabekommission des <a href=\"http:\/\/www.ub.tuwien.ac.at\/vfi\/VFI_Preis.html\">VFI-Preises<\/a> (<a href=\"http:\/\/www.ub.tuwien.ac.at\/vfi\/\">Verein zur F\u00f6rderung der Informationswissenschaft<\/a>), OBVSG<\/ol>\n<ol>10. M\u00e4rz 2010<br \/>\nTeilnahme an der Sitzung einer Arbeitsgruppe der <a href=\"http:\/\/www.uibk.ac.at\/voeb\/arge-dir\/\">Arbeitsgemeinschaft der Bibliotheksdirektorinnen und Bibliotheksdirektoren \u00d6sterreichs<\/a> im <a href=\"http:\/\/www.obvsg.at\">\u00d6sterreichischen Bibliothekenverbund<\/a>: <em>UG Novelle \u00a7\u00a7 85 und 86<\/em><\/ol>\n<ol>10. M\u00e4rz 2010<br \/>\nTeilnahme am <a href=\"http:\/\/www.onb.ac.at\/ausbildung\/brainpool_seminare.htm\">Brain Pool-Seminar<\/a> zum Thema &#8222;RAK-Spezial: Periodika&#8220; an der \u00d6sterreichischen Nationalbibliothek<\/ol>\n<ol>10.-11. M\u00e4rz 2010<br \/>\nSitzung der <a href=\"http:\/\/www.uibk.ac.at\/voeb\/arge-dir\/\">Arbeitsgemeinschaft der Bibliotheksdirektorinnen und Bibliotheksdirektoren \u00d6sterreichs<\/a> an der \u00d6sterreichischen Nationalbibliothek<\/ol>\n<ol>12. M\u00e4rz 2010<br \/>\nTeilnahme an Sitzungen des Vorstandes und des Pr\u00e4sidiums der <a href=\"http:\/\/www.univie.ac.at\/voeb\/php\/\">Vereinigung \u00d6sterreichischer Bibliothekarinnen und Bibliothekare (V\u00d6B)<\/a><\/ol>\n<ol>15.-18. M\u00e4rz 2010<br \/>\nTeilnahme am <a href=\"http:\/\/www.bid-kongress2010.de\/\">4. Leipziger Kongress f\u00fcr Information und Bibliothek<\/a>: <em>Menschen wollen Wissen! Bibliotheken im 21. Jahrhundert: international &#8211; interkulturell &#8211; interaktiv.<\/em><\/ol>\n<ol>24. M\u00e4rz 2010<br \/>\nTeilnahme an der Dialogrunde &#8222;<em>Innovationsstelle der UB Wien<\/em>&#8222;<\/ol>\n<ol>25 M\u00e4rz 2010<br \/>\nTeilnahme am AbteilungsleiterInnenkollegium, Med Uni Wien<\/ol>\n<ol>25. M\u00e4rz 2010<br \/>\nTeilnahme am <a href=\"http:\/\/openaccess.univie.ac.at\/archiv\/oaday10\/materialien-oa-tag\/?no_cache=1\">Open Access (OA) Informationstag<\/a> an der Universit\u00e4t Wien<\/ol>\n<p>***********************************************************<\/p>\n<p><em>Fort- und Weiterbildung der Mitarbeiterinnen und Mitarbeiter sowie die aktive Beteiligung in nationalen und internationalen Fachgremien sind wesentliche Kritierien f\u00fcr die positive Weiterentwicklung von Bibliotheken. Um transparent zu machen, wie die Universit\u00e4tsbibliothek der Med Uni Wien diesem Anspruch gerecht zu werden versucht, werden die entsprechenden Ma\u00dfnahmen quartalsweise im Weblog ver\u00f6ffentlicht.<\/p>\n<ol><a href=\"https:\/\/ub-blog.meduniwien.ac.at\/blog\/?p=159\">Fort- und Weiterbildung von MitarbeiterInnen der Ub Med Uni Wien 2007<\/a> (8. Mai 2007)<\/ol>\n<ol><a href=\"https:\/\/ub-blog.meduniwien.ac.at\/blog\/?p=214\">Fort- und Weiterbildung von MitarbeiterInnen der Ub Med Uni Wien II\/2007<\/a> (5. Juli 2007)<\/ol>\n<ol><a href=\"https:\/\/ub-blog.meduniwien.ac.at\/blog\/?p=358\">Fort- und Weiterbildung von MitarbeiterInnen der Ub Med Uni Wien III\/2007<\/a> (1. Oktober 2007)<\/ol>\n<ol><a href=\"https:\/\/ub-blog.meduniwien.ac.at\/blog\/?p=516\">Fort- und Weiterbildung von MitarbeiterInnen der Ub Med Uni Wien IV\/2007<\/a> (2. Januar 2008)<\/ol>\n<ol><a href=\"https:\/\/ub-blog.meduniwien.ac.at\/blog\/?p=871\">Fort- und Weiterbildung von MitarbeiterInnen der Ub Med Uni Wien I\/2008<\/a> (1. April 2008)<\/ol>\n<ol><a href=\"https:\/\/ub-blog.meduniwien.ac.at\/blog\/?p=1013\">Fort- und Weiterbildung von MitarbeiterInnen der Ub Med Uni Wien II\/2008<\/a> (4. Juli 2008)<\/ol>\n<ol><a href=\"https:\/\/ub-blog.meduniwien.ac.at\/blog\/?p=1168\">Fort- und Weiterbildung von MitarbeiterInnen der Ub Med Uni Wien III\/2008<\/a> (1. Oktober 2008)<\/ol>\n<ol><a href=\"https:\/\/ub-blog.meduniwien.ac.at\/blog\/?p=1364\">Fort- und Weiterbildung von MitarbeiterInnen der Ub Med Uni Wien IV\/2008<\/a> (4. Januar 2009)<\/ol>\n<ol><a href=\"https:\/\/ub-blog.meduniwien.ac.at\/blog\/?p=1489\">Fort- und Weiterbildung von MitarbeiterInnen der Ub Med Uni Wien I\/2009<\/a> (7. April 2009)<\/ol>\n<ol><a href=\"https:\/\/ub-blog.meduniwien.ac.at\/blog\/?p=1760\">Fort- und Weiterbildung von MitarbeiterInnen der Ub Med Uni Wien II\/2009<\/a> (1. Juli 2009)<\/ol>\n<ol><a href=\" https:\/\/ub-blog.meduniwien.ac.at\/blog\/?p=2557\">Fort- und Weiterbildung von MitarbeiterInnen der Ub Med Uni Wien III\/2009<\/a> (5. Oktober 2009)<\/ol>\n<ol><a href=\"https:\/\/ub-blog.meduniwien.ac.at\/blog\/?p=3435\">Fort- und Weiterbildung von MitarbeiterInnen der Ub Med Uni Wien IV\/2009<\/a> (7. Januar 2010)<\/ol>\n<p><\/em><\/p>\n<p><img src='https:\/\/ub-blog.meduniwien.ac.at\/blog\/wp-content\/uploads\/2007\/09\/swieten1d.jpg' alt='swieten1d.jpg' \/><br \/>\nBitte zitieren als<br \/>\nVAN SWIETEN BLOG: Informationen der Universit\u00e4tsbibliothek der Med Uni Wien,<br \/>\nNr. 4494 [1. April 2009].<br \/>\nOnline unter der URL: https:\/\/ub-blog.meduniwien.ac.at\/blog\/?p=4494<\/p>\n","protected":false},"excerpt":{"rendered":"<p>Aktivit\u00e4ten der Fort- und Weiterbildung sowie nationaler und internationaler Kooperation in den Monaten Januar bis M\u00e4rz 2010: JANUAR 2010 14. Januar 2010 Teilnahme an einer Informationsveranstaltung von Serial Solutions \u00fcber SUMMON an der UB der Technischen Universit\u00e4t Graz [2] 10. Januar 2010 Sitzung der ARGE Strategische Planung im \u00d6sterreichischen Bibliothekenverbund 20. Januar 2010 Teilnahme an &hellip; <a href=\"https:\/\/ub.meduniwien.ac.at\/blog\/?p=4494\" class=\"more-link\"><span class=\"screen-reader-text\">Fort- und Weiterbildung der Ub Med Uni Wien I\/2010 (Januar &#8211; M\u00e4rz 2010)<\/span> weiterlesen <span class=\"meta-nav\">&rarr;<\/span><\/a><\/p>\n","protected":false},"author":2,"featured_media":0,"comment_status":"open","ping_status":"open","sticky":false,"template":"","format":"standard","meta":{"ngg_post_thumbnail":0,"footnotes":""},"categories":[1,2,16,42],"tags":[161,162],"class_list":["post-4494","post","type-post","status-publish","format-standard","hentry","category-allgemeines","category-news","category-news1","category-ub-med-uni-wien-intern","tag-fortbildung","tag-weiterbildung"],"views":47334,"_links":{"self":[{"href":"https:\/\/ub.meduniwien.ac.at\/blog\/index.php?rest_route=\/wp\/v2\/posts\/4494","targetHints":{"allow":["GET"]}}],"collection":[{"href":"https:\/\/ub.meduniwien.ac.at\/blog\/index.php?rest_route=\/wp\/v2\/posts"}],"about":[{"href":"https:\/\/ub.meduniwien.ac.at\/blog\/index.php?rest_route=\/wp\/v2\/types\/post"}],"author":[{"embeddable":true,"href":"https:\/\/ub.meduniwien.ac.at\/blog\/index.php?rest_route=\/wp\/v2\/users\/2"}],"replies":[{"embeddable":true,"href":"https:\/\/ub.meduniwien.ac.at\/blog\/index.php?rest_route=%2Fwp%2Fv2%2Fcomments&post=4494"}],"version-history":[{"count":13,"href":"https:\/\/ub.meduniwien.ac.at\/blog\/index.php?rest_route=\/wp\/v2\/posts\/4494\/revisions"}],"predecessor-version":[{"id":4496,"href":"https:\/\/ub.meduniwien.ac.at\/blog\/index.php?rest_route=\/wp\/v2\/posts\/4494\/revisions\/4496"}],"wp:attachment":[{"href":"https:\/\/ub.meduniwien.ac.at\/blog\/index.php?rest_route=%2Fwp%2Fv2%2Fmedia&parent=4494"}],"wp:term":[{"taxonomy":"category","embeddable":true,"href":"https:\/\/ub.meduniwien.ac.at\/blog\/index.php?rest_route=%2Fwp%2Fv2%2Fcategories&post=4494"},{"taxonomy":"post_tag","embeddable":true,"href":"https:\/\/ub.meduniwien.ac.at\/blog\/index.php?rest_route=%2Fwp%2Fv2%2Ftags&post=4494"}],"curies":[{"name":"wp","href":"https:\/\/api.w.org\/{rel}","templated":true}]}}