{"id":44850,"date":"2024-09-06T12:10:18","date_gmt":"2024-09-06T11:10:18","guid":{"rendered":"https:\/\/ub-blog.meduniwien.ac.at\/blog\/?p=44850"},"modified":"2025-02-10T12:03:54","modified_gmt":"2025-02-10T11:03:54","slug":"exlibris-carl-sternberg-2-2-2-2-3-2-2","status":"publish","type":"post","link":"https:\/\/ub.meduniwien.ac.at\/blog\/?p=44850","title":{"rendered":"\u201eAus den B\u00fcchern\u201c der medizinhistorischen Bibliotheken der Ub MedUni Wien: Exlibris Hans Wittak"},"content":{"rendered":"<p>Im Van Swieten Blog werden exemplarisch digitalisierte Exlibris aus den B\u00fcchern der <a href=\"https:\/\/ub.meduniwien.ac.at\/zweigbibliotheken\/zweigbibliothek-fuer-geschichte-der-medizin\/medizinhistorische-bibliotheken\/standorte-medizinhistorischer-literatur\/\">medizinhistorischen Bibliotheken<\/a> pr\u00e4sentiert, die im&nbsp; <a href=\"https:\/\/ubsearch.meduniwien.ac.at\/primo-explore\/collectionDiscovery?vid=UMW&amp;collectionId=8150848730003344&amp;lang=de_DE\">\u00bbBibliothekskatalog<\/a> und im <a href=\"https:\/\/repositorium.meduniwien.ac.at\/urn\/urn:nbn:at:at-ubmuw:3-87372\">\u00bbRepositorium<\/a> recherchierbar sind.<\/p>\n<h2>Exlibris Hans Wittak<\/h2>\n<p><strong><br \/>\nPublished online: <\/strong>01.08.2024<\/p>\n<p><strong>Keywords: <\/strong>Exlibris, Holzschnitt, Klische\u00e9druck, Grafik, Bibliophiler, Buchkunst<\/p>\n<p><a href=\"https:\/\/ub-blog.meduniwien.ac.at\/blog\/wp-content\/uploads\/2024\/07\/10021941.jpg\"><img loading=\"lazy\" decoding=\"async\" class=\"wp-image-44852 alignleft\" src=\"https:\/\/ub-blog.meduniwien.ac.at\/blog\/wp-content\/uploads\/2024\/07\/10021941.jpg\" alt=\"\" width=\"349\" height=\"571\"><\/a><strong>B\u00fccher-Exlibris<\/strong><\/p>\n<p>Gezeigt wird eine stilisierte Hell-Dunkel-Darstellung der Entstehung eines Buches auf schwarzem Hintergrund. \u00dcber das Sujet verteilt und auf hellen Hilfslinien in Negativschrift-Versalien ausgef\u00fchrt steht das lateinische Sprichwort &#8222;HABENT SUA FATA LIBELLI&#8220; (B\u00fccher haben ihre Schicksale vgl. Terentianus Maurus).<br \/>\nDargestellt wird:<br \/>\nlinks oben ein bis zur H\u00e4lfte mit Federkiel beschriebenes Blatt Papier;<br \/>\nnach rechts absteigend ein Satzspiegel mit der Initiale &#8222;A&#8220; auf ein Blatt Papier gedruckt;<br \/>\nweiter nach rechts absteigend ein Heftling mit zwei rechtsseitigen Bundschn\u00fcren;<br \/>\nweiter absteigend ganz rechts drei aufgestellte B\u00fccher in der Buchr\u00fcckenansicht sowie darunter ein aufgeschlagenes Buch in der Fu\u00dfschnittansicht;<br \/>\nganz unten links ein aufgeschlagenes Buch mit zwei Buchschlie\u00dfen an der rechten Buchseite sowie links auf dem Vorsatz ein Typografisches Exlibris auf schwarzem Quadrat in heller Schrift &#8222;Dr. H W&#8220;;<br \/>\nauf der untersten hellen Hilfslinie ganz rechts das Monogramm \u201eRK\u201c des Exlibris-K\u00fcnstlers Rudolf K\u00f6hl;<br \/>\nganz oben \u00fcber dem rechteckigen Sujet \u201eEXLIBRIS\u201c sowie ganz unten der Exlibris-Eignername \u201eDr. HANS WITTAK\u201c jeweils in schwarzer Schrift;<br \/>\n<strong><br \/>\n<\/strong><strong>Exlibris in situ<br \/>\n<\/strong>Ein Exlibris stellt neben der kunst- und kulturhistorischen Bedeutung auch ein wichtiges Provenienzmerkmal dar, da der Weg des Buches nachvollzogen werden kann. Dieses Exlibris entstanden um 1928 ist ein grafisch gestalteter Eigentumsvermerk, der in Zettelform (Ma\u00dfe der Darstellung: 82 x 62 mm) auf die Innenseite folgendes Bucheinbandes geklebt wurde.<\/p>\n<p>Buch<\/p>\n<p><a href=\"https:\/\/ubsearch.meduniwien.ac.at\/primo-explore\/fulldisplay?docid=UMW_alma2115744350003344&amp;context=L&amp;vid=UMW&amp;lang=de_DE&amp;adaptor=Local%20Search%20Engine&amp;tab=default_tab\">Freym\u00fcthige Breife an Herrn Grafen von B. \u00fcber den gegenw\u00e4rtigen Zustand der Gelehrsamkeit der Universit\u00e4t und der Schulen zu Wien<\/a><\/p>\n<p>Sattler, Johann Tobias, 1748-1774 [Verfasser]<br \/>\nMieg, Johann Friedrich, 1744-1819 [Verfasser]<br \/>\nAfsprung, Johann Michael, 1748-1808 [Verfasser]<br \/>\n1774 [Jahr]<br \/>\n___<\/p>\n<p><strong>Normdaten<\/strong> (Person, Exlibriseigner)<strong>: Wittak, Hans:<\/strong> VSB: <a href=\"https:\/\/ub-blog.meduniwien.ac.at\/blog\/?p=%2044850\">44850<\/a>; GND: <a href=\"https:\/\/d-nb.info\/gnd\/1090805896\">1090805896<\/a>;<\/p>\n<p><strong>Normdaten<\/strong> (Person, Exlibrisk\u00fcnstler): <strong>K\u00f6hl, Rudolf<\/strong>: VSB: <a href=\"https:\/\/ub-blog.meduniwien.ac.at\/blog\/?p=%2044850\">44850<\/a>; GND: <a href=\"https:\/\/d-nb.info\/gnd\/129220930\">129220930<\/a>;<\/p>\n<p>VAN SWIETEN BLOG der Universit\u00e4tsbibliothek der Medizinischen Universit\u00e4t Wien<br \/>\nURL: <a href=\"https:\/\/ub-blog.meduniwien.ac.at\/blog\/?p=%2044850\">https:\/\/ub-blog.meduniwien.ac.at\/blog\/?p= 44850<\/a><\/p>\n<p>Exlibris Hans Wittak: <a href=\"https:\/\/repositorium.meduniwien.ac.at\/obvumwoa\/content\/titleinfo\/10021938\">https:\/\/repositorium.meduniwien.ac.at\/obvumwoa\/content\/titleinfo\/10021938<\/a><\/p>\n<div>\n<p>Letzte Aktualisierung: 2024 07 25<\/p>\n<p><a href=\"https:\/\/ub-blog.meduniwien.ac.at\/blog\/wp-content\/uploads\/2017\/01\/VanSwietenBlog_M.Hartl_.jpg\"><img loading=\"lazy\" decoding=\"async\" class=\"alignnone wp-image-27008\" src=\"https:\/\/ub-blog.meduniwien.ac.at\/blog\/wp-content\/uploads\/2017\/01\/VanSwietenBlog_M.Hartl_.jpg\" alt=\"Logo Margrit Hartl\" width=\"160\" height=\"54\"><\/a><\/p>\n<\/div>\n<div>&nbsp;<\/div>\n<div><a href=\"https:\/\/ub-blog.meduniwien.ac.at\/blog\/?cat=2542\">Weitere Beitr\u00e4ge: Exlibris<\/a><\/div>\n","protected":false},"excerpt":{"rendered":"<p>Im Van Swieten Blog werden exemplarisch digitalisierte Exlibris aus den B\u00fcchern der medizinhistorischen Bibliotheken pr\u00e4sentiert, die im&nbsp; \u00bbBibliothekskatalog und im \u00bbRepositorium recherchierbar sind. Exlibris Hans Wittak Published online: 01.08.2024 Keywords: Exlibris, Holzschnitt, Klische\u00e9druck, Grafik, Bibliophiler, Buchkunst B\u00fccher-Exlibris Gezeigt wird eine stilisierte Hell-Dunkel-Darstellung der Entstehung eines Buches auf schwarzem Hintergrund. \u00dcber das Sujet verteilt und auf &hellip; <a href=\"https:\/\/ub.meduniwien.ac.at\/blog\/?p=44850\" class=\"more-link\"><span class=\"screen-reader-text\">\u201eAus den B\u00fcchern\u201c der medizinhistorischen Bibliotheken der Ub MedUni Wien: Exlibris Hans Wittak<\/span> weiterlesen <span class=\"meta-nav\">&rarr;<\/span><\/a><\/p>\n","protected":false},"author":2,"featured_media":0,"comment_status":"open","ping_status":"open","sticky":false,"template":"","format":"standard","meta":{"ngg_post_thumbnail":0,"footnotes":""},"categories":[1,24,2542,11,5,1347,2,16],"tags":[2544,1128,3347,2543,3346],"class_list":["post-44850","post","type-post","status-publish","format-standard","hentry","category-allgemeines","category-books-journals","category-exlibris","category-literaturhinweis","category-medizingeschichte","category-medizinhistorische-bestaende-der-ub-meduni-wien","category-news","category-news1","tag-aus-den-buechern","tag-exlibris","tag-exlibris-american-medical-society-of-vienna","tag-exlibris-in-situ","tag-medizin-exlibris"],"views":1305,"_links":{"self":[{"href":"https:\/\/ub.meduniwien.ac.at\/blog\/index.php?rest_route=\/wp\/v2\/posts\/44850","targetHints":{"allow":["GET"]}}],"collection":[{"href":"https:\/\/ub.meduniwien.ac.at\/blog\/index.php?rest_route=\/wp\/v2\/posts"}],"about":[{"href":"https:\/\/ub.meduniwien.ac.at\/blog\/index.php?rest_route=\/wp\/v2\/types\/post"}],"author":[{"embeddable":true,"href":"https:\/\/ub.meduniwien.ac.at\/blog\/index.php?rest_route=\/wp\/v2\/users\/2"}],"replies":[{"embeddable":true,"href":"https:\/\/ub.meduniwien.ac.at\/blog\/index.php?rest_route=%2Fwp%2Fv2%2Fcomments&post=44850"}],"version-history":[{"count":12,"href":"https:\/\/ub.meduniwien.ac.at\/blog\/index.php?rest_route=\/wp\/v2\/posts\/44850\/revisions"}],"predecessor-version":[{"id":46897,"href":"https:\/\/ub.meduniwien.ac.at\/blog\/index.php?rest_route=\/wp\/v2\/posts\/44850\/revisions\/46897"}],"wp:attachment":[{"href":"https:\/\/ub.meduniwien.ac.at\/blog\/index.php?rest_route=%2Fwp%2Fv2%2Fmedia&parent=44850"}],"wp:term":[{"taxonomy":"category","embeddable":true,"href":"https:\/\/ub.meduniwien.ac.at\/blog\/index.php?rest_route=%2Fwp%2Fv2%2Fcategories&post=44850"},{"taxonomy":"post_tag","embeddable":true,"href":"https:\/\/ub.meduniwien.ac.at\/blog\/index.php?rest_route=%2Fwp%2Fv2%2Ftags&post=44850"}],"curies":[{"name":"wp","href":"https:\/\/api.w.org\/{rel}","templated":true}]}}