{"id":42811,"date":"2023-12-20T12:18:40","date_gmt":"2023-12-20T11:18:40","guid":{"rendered":"https:\/\/ub-blog.meduniwien.ac.at\/blog\/?p=42811"},"modified":"2023-12-20T12:18:54","modified_gmt":"2023-12-20T11:18:54","slug":"anne-hajek-praktikum-an-der-ub-meduni-wien-2-2","status":"publish","type":"post","link":"https:\/\/ub.meduniwien.ac.at\/blog\/?p=42811","title":{"rendered":"Sebastian Karas: Praktikum an der UB MedUni Wien"},"content":{"rendered":"<p><strong>Volontariat in der Bibliothek der MedUni Wien.<\/strong><\/p>\n<p>Ich hatte vom 4. bis zum 29. September 2023 die Gelegenheit, ein Volontariat in der Universit\u00e4tsbibliothek der Medizinischen Universit\u00e4t Wien zu absolvieren.<\/p>\n<p>In den ersten Tagen meines Volontariats wurden mir zun\u00e4chst die einzelnen Teilbereiche der Bibliothek vorgestellt und bekam so einen ersten Eindruck von der Arbeit in einer wissenschaftlichen Bibliothek.<br \/>\nIn diesem Kontext lernte ich auch die Zweigbibliotheken Zahnmedizin und Geschichte der Medizin kennen, wobei ich \u2013 aufgrund meines hohen historischen Interesses \u2013 insbesondere den Rundgang durch die Bibliothek im Josephinum als \u00e4u\u00dferst lehrreich und spannend empfand.<\/p>\n<p>Zu meinen Aufgaben w\u00e4hrend des Volontariats z\u00e4hlten u.a. die Betreuung der Hochschulschriften, das Recherchieren in wissenschaftlichen Datenbanken (Embase,Medline, Web of Science etc.), das Scannen von Separata sowie die Mitarbeit beim Literaturlieferdienst.<\/p>\n<p>Vor allem die Datenbankrecherchen und die Arbeit mit den Separata haben mir besonders gut gefallen, da beide Felder f\u00fcr mich ein Novum und eine sehr interessante T\u00e4tigkeit darstellten.<\/p>\n<p>Abschlie\u00dfend m\u00f6chte ich mich stellvertretend f\u00fcr das gesamte Team bei Frau Maga. Cepicka und Herrn Mag. Zach f\u00fcr die tolle Gelegenheit und die wertvollen Arbeitserfahrungen, die ich w\u00e4hrend des Volontariats sammeln konnte, bedanken.<\/p>\n<p><span lang=\"de\"><span style=\"font-family: Times New Roman,serif; font-size: medium;\">&nbsp;<\/span><\/span>Sebastian Karas<\/p>\n","protected":false},"excerpt":{"rendered":"<p>Volontariat in der Bibliothek der MedUni Wien. Ich hatte vom 4. bis zum 29. September 2023 die Gelegenheit, ein Volontariat in der Universit\u00e4tsbibliothek der Medizinischen Universit\u00e4t Wien zu absolvieren. In den ersten Tagen meines Volontariats wurden mir zun\u00e4chst die einzelnen Teilbereiche der Bibliothek vorgestellt und bekam so einen ersten Eindruck von der Arbeit in einer &hellip; <a href=\"https:\/\/ub.meduniwien.ac.at\/blog\/?p=42811\" class=\"more-link\"><span class=\"screen-reader-text\">Sebastian Karas: Praktikum an der UB MedUni Wien<\/span> weiterlesen <span class=\"meta-nav\">&rarr;<\/span><\/a><\/p>\n","protected":false},"author":2,"featured_media":0,"comment_status":"open","ping_status":"open","sticky":false,"template":"","format":"standard","meta":{"ngg_post_thumbnail":0,"footnotes":""},"categories":[1],"tags":[],"class_list":["post-42811","post","type-post","status-publish","format-standard","hentry","category-allgemeines"],"views":1717,"_links":{"self":[{"href":"https:\/\/ub.meduniwien.ac.at\/blog\/index.php?rest_route=\/wp\/v2\/posts\/42811","targetHints":{"allow":["GET"]}}],"collection":[{"href":"https:\/\/ub.meduniwien.ac.at\/blog\/index.php?rest_route=\/wp\/v2\/posts"}],"about":[{"href":"https:\/\/ub.meduniwien.ac.at\/blog\/index.php?rest_route=\/wp\/v2\/types\/post"}],"author":[{"embeddable":true,"href":"https:\/\/ub.meduniwien.ac.at\/blog\/index.php?rest_route=\/wp\/v2\/users\/2"}],"replies":[{"embeddable":true,"href":"https:\/\/ub.meduniwien.ac.at\/blog\/index.php?rest_route=%2Fwp%2Fv2%2Fcomments&post=42811"}],"version-history":[{"count":4,"href":"https:\/\/ub.meduniwien.ac.at\/blog\/index.php?rest_route=\/wp\/v2\/posts\/42811\/revisions"}],"predecessor-version":[{"id":42815,"href":"https:\/\/ub.meduniwien.ac.at\/blog\/index.php?rest_route=\/wp\/v2\/posts\/42811\/revisions\/42815"}],"wp:attachment":[{"href":"https:\/\/ub.meduniwien.ac.at\/blog\/index.php?rest_route=%2Fwp%2Fv2%2Fmedia&parent=42811"}],"wp:term":[{"taxonomy":"category","embeddable":true,"href":"https:\/\/ub.meduniwien.ac.at\/blog\/index.php?rest_route=%2Fwp%2Fv2%2Fcategories&post=42811"},{"taxonomy":"post_tag","embeddable":true,"href":"https:\/\/ub.meduniwien.ac.at\/blog\/index.php?rest_route=%2Fwp%2Fv2%2Ftags&post=42811"}],"curies":[{"name":"wp","href":"https:\/\/api.w.org\/{rel}","templated":true}]}}