{"id":41491,"date":"2023-07-19T07:51:07","date_gmt":"2023-07-19T06:51:07","guid":{"rendered":"https:\/\/ub-blog.meduniwien.ac.at\/blog\/?p=41491"},"modified":"2024-07-19T13:28:10","modified_gmt":"2024-07-19T12:28:10","slug":"34761-2-2-2-2-2-2-3-2-2-2-3-2-2-2-3-2-2-2-3-2-3-5-2-2-2-3-2-2-3-2-2-2-2-2-2-2-2-5-3-2-2-2-2-2-2-2-2-2-2-2-2-2-2-2-2-2-2-2-2-2-2-2-2-2-2-2-2-2-2-2-2-2-3-2-2-2-2-4-2-3-2-3-2-2-2-3-2-2-2-2-2-2","status":"publish","type":"post","link":"https:\/\/ub.meduniwien.ac.at\/blog\/?p=41491","title":{"rendered":"Aus den medizinhistorischen Best\u00e4nden der Ub MedUni Wien [226]: Gruss, Adolf \u2013 Vizepr\u00e4sident der \u00c4rztekammer Wien, Journalist und Verleger, Obmann des Vereins deutscher \u00c4rzte \u00d6sterreichs"},"content":{"rendered":"<p><strong>Gruss, Adolf \u2013 Vizepr\u00e4sident der \u00c4rztekammer Wien, Journalist und Verleger, Obmann des Vereins deutscher \u00c4rzte \u00d6sterreichs<\/strong><\/p>\n<p><strong>Autor:<\/strong> <a href=\"https:\/\/waltermentzel.wordpress.com\/\">Walter Mentzel<\/a><\/p>\n<p><strong>Affiliation:<\/strong> Medizinische Universit\u00e4t Wien, Universit\u00e4tsbibliothek, W\u00e4hringer G\u00fcrtel 18-20, 1090 Wien, \u00d6sterreich<\/p>\n<p><strong>Published online: <\/strong>19.07.2023<strong><br \/>\n<\/strong><\/p>\n<p><strong>Keywords:<\/strong> Gruss Adolf, \u00c4rztekammer Wien, Arzt, Verein deutscher \u00c4rzte \u00d6sterreichs, Journalist, Verleger, \u00c4rztliche Reform-Zeitung, Wien, Medizingeschichte<\/p>\n<p>Adolf Gruss wurde am 9. M\u00e4rz 1854 als Sohn des akademischen Malers Johann Gruss (1820-1901) und Anna Bruder in Leitmeritz in B\u00f6hmen (heute: Litom\u011b\u0159ice\/Tschechien) geboren. 1883 heiratete er Klara B\u00fcchner. Nachdem er zun\u00e4chst ein Doktoratsstudium in Philosophie absolviert hatte, begann er an der Universit\u00e4t Wien mit dem Studium der Medizin, das er am 18. Mai 1888 mit der Promotion abschloss. Nach seiner Promotion f\u00fchrte er eine private Ordination in Wien Wieden und war ab 1889 als Krankenkassenarzt des Gremiums der Wiener Kaufmannschaft t\u00e4tig.<a href=\"#_ftn1\" name=\"_ftnref1\">[1]<\/a> 1896 erfolgte seine Bestellung zum st\u00e4dtischen Arzt in Wien.<a href=\"#_ftn2\" name=\"_ftnref2\">[2]<\/a><\/p>\n<p>Gruss war seit den 1880er Jahren in der Deutschnationalen Partei (Georg Ritter von Sch\u00f6nerer-Richtung) und deren Vorfeldorganisationen und sp\u00e4ter in der 1903 gegr\u00fcndeten deutsch-radikalen Partei um den Politiker und Herausgeber der Ostdeutschen Rundschau, <a href=\"https:\/\/de.wikipedia.org\/wiki\/Karl_Hermann_Wolf\">Karl-Hermann Wolf<\/a> (1862-1941), aktiv. Im Wiener Gemeindebezirk Wieden stand er als Obmann dem \u201eDeutschen Volksverein\u201c der deutschnationalen Partei vor,<a href=\"#_ftn3\" name=\"_ftnref3\">[3]<\/a> 1889 wurde er zum Obmann des Deutschen Gesangsvereins in Wien gew\u00e4hlt,<a href=\"#_ftn4\" name=\"_ftnref4\">[4]<\/a> und 1890 geh\u00f6rte er wie auch Karl-Hermann Wolf den Leitungsorganen des Vereins \u201eDeutsche Geschichte\u201c<a href=\"#_ftn5\" name=\"_ftnref5\">[5]<\/a> an, sowie der im selben Jahr gegr\u00fcndeten Mittelstandsorganisation \u201eSelbsthilfe-Genossenschaft Ostmark\u201c, die bereits einen \u201eArierparagraphen\u201c statuarisch aufwies.<a href=\"#_ftn6\" name=\"_ftnref6\">[6]<\/a> 1891 kandidierte er f\u00fcr die Deutschnationale Partei im 4. Wiener Gemeindebezirk zum 2. Wahlk\u00f6rper f\u00fcr den Wiener Gemeinderat auf der mit der Christlichsozialen Partei gemeinsamen Liste der \u201eAntiliberalen Wahlgemeinschaft\u201c.<a href=\"#_ftn7\" name=\"_ftnref7\">[7]<\/a><\/p>\n<p><strong>Journalist, Redakteur, Verleger der \u00c4rztlichen Reform-Zeitung<\/strong><\/p>\n<p>In diesem Umfeld bet\u00e4tigte sich Gruss schriftstellerisch als auch journalistisch, beispielsweise als Autor im \u201eDeutschnationalen Kalender\u201c, aber auch im J\u00e4nner 1899 im von ihm gegr\u00fcndeten und den Interessen der \u201edeutschen \u00c4rzten\u201c sich verpflichteten \u201e\u00c4rztlichen Reform-Zeitung\u201c, dem Organ des Wiener \u00c4rzte-Vereins und zun\u00e4chst des Vereins der \u00c4rzte Ober\u00f6sterreichs, des Pinzgaus, dem Pongau und jener in Schlesien,<a href=\"#_ftn8\" name=\"_ftnref8\">[8]<\/a> bei der er als Herausgeber und Schriftleiter fungierte.<a href=\"#_ftn9\" name=\"_ftnref9\">[9]<\/a> Hier publizierte er u.a. 1899 \u201e<a href=\"https:\/\/ubsearch.meduniwien.ac.at\/primo-explore\/fulldisplay?docid=UMW_alma2143967820003344&amp;context=L&amp;vid=UMW&amp;lang=de_DE&amp;search_scope=UMW_all&amp;adaptor=Local%20Search%20Engine&amp;tab=default_tab&amp;query=any,contains,gruss%20adolf&amp;mode=Basic\">Natur\u00e4rzte<\/a>\u201c und \u201eDie Vergewaltigung der \u00c4rzte durch die Juristen\u201c, 1900 \u201eBerufszwang und Curpfuscherei\u201c und 1908 \u201eEin Sanit\u00e4tsministerium oder eine Zentralstelle f\u00fcr das gesamte Sanit\u00e4tswesen in \u00d6sterreich\u201c. 1897 erschien von ihm die Monografie \u201e\u00dcber den \u00c4rztestand\u201c und 1911 \u201e\u00c4rztliche Streiflichter und die Eigenart des \u00e4rztlichen Berufes\u201c.<\/p>\n<p><strong>Gr\u00fcnder und Funktion\u00e4r \u00e4rztlicher Standesorganisationen<\/strong><\/p>\n<p>Neben seinem Engagement in deutschnationalen Organisationen trat Gruss seit den 1890er Jahren als Gr\u00fcnder und Funktion\u00e4r \u00e4rztlicher Standes- und Interessensorganisationen auf, wobei er diese als Instrumentarium f\u00fcr seine politischen Ambitionen zu nutzen verstand. Zun\u00e4chst war er 1897 Mitbegr\u00fcnder des deutschnational ausgerichteten Wiener \u00c4rztevereines und bis zu seinem R\u00fccktritt 1905 dessen Obmann.<a href=\"#_ftn10\" name=\"_ftnref10\">[10]<\/a> Ab 1900 geh\u00f6rte er dem Pr\u00e4sidium des im Februar 1900 gegr\u00fcndeten \u201eVerband der \u00c4rzte Wiens\u201c (Pr\u00e4sident Josef Heim) an, wo er auch die Funktion des Vizepr\u00e4sidenten als Obmann des Wiener \u00c4rztevereins einnahm.<a href=\"#_ftn11\" name=\"_ftnref11\">[11]<\/a> In dem im Jahr 1906 gegr\u00fcndeten Reichsverband \u00f6sterreichischer \u00c4rzte erhielt er die Funktion eines Vizepr\u00e4sidenten, ab 1908 stand er dem Verband als dessen Pr\u00e4sident vor.<a href=\"#_ftn12\" name=\"_ftnref12\">[12]<\/a><\/p>\n<p><strong>Verein deutscher \u00c4rzte:<\/strong><\/p>\n<p>Im November 1902 kam es zur Konstituierung eines Komitees zur Vorbereitung eines f\u00fcr April 1903 vorzubereitenden Sozial\u00e4rztlichen Reichskongresses in Wien, das sich zum Ziel setzte einen \u00fcberregionalen \u00c4rzteverein vorzubereiten, in dem der Wiener \u00c4rztekammerpr\u00e4sident Ernst Finger (1856-1939) und sein Vize Adolf Gruss mitwirkten.<a href=\"#_ftn13\" name=\"_ftnref13\">[13]<\/a> Dieses Vorhaben scheiterte an der von Gruss antisemitisch und antitschechisch motivierten Vorgehensweise.<a href=\"#_ftn14\" name=\"_ftnref14\">[14]<\/a> Stattdessen kam es am 31. Mai 1903 in Wien unter dem Vorsitz von Adolf Gruss (1857-1921), Alfred Schmarda (1861-1921) und des Zahnarztes und Mitbegr\u00fcnders der radikal-deutschnationalem Zeitung \u201eOstdeutschen Rundschau\u201c, Vinzenz Wie\u00dfner-Freiwaldau, zur Gr\u00fcndung einer \u00fcberregionalen Organisation f\u00fcr deutschnationale und antisemitische \u00c4rzte: dem <a href=\"https:\/\/ub-blog.meduniwien.ac.at\/blog\/?p=33307\">Verein deutscher \u00c4rzte<\/a>, dem auch Ernst Finger angeh\u00f6rte. Auch hier \u00fcbernahm Adolf Gruss die Obmann-Funktion. Der Verein, der unmittelbar nach seiner Gr\u00fcndung ein Adressbuch \u201edeutsch-arischer\u201c \u00c4rzte herausgab, konstituierte noch 1903 einen \u201earischen\u201c Ausschuss, der in einem Auswahlverfahren die aus dem Kreis der Vereinsmitglieder legitimierte Gruppe um Adolf Gruss, Heinrich Adler (1849-1909), Josef Hein, Karl Jarisch (1839-1915), Josef Scholz (1835-1916), Max Stransky, Wilhelm Svetlich (1849-1914), Alexander Uhlik und Hans Ritter von Woerz, bei der kommenden Wahl zur \u00c4rztekammer in Wien antreten lie\u00df.<a href=\"#_ftn15\" name=\"_ftnref15\">[15]<\/a><\/p>\n<p>Gruss selbst verweigerte als praktizierender Arzt in seiner Ordination die Behandlung j\u00fcdischer Patient:innen.<a href=\"#_ftn16\" name=\"_ftnref16\">[16]<\/a><\/p>\n<p><strong>\u00c4rztekammer Wien:<\/strong><\/p>\n<p>Neben seiner Funktion in der 1906 gegr\u00fcndeten \u201eWirtschaftlichen Organisation der \u00c4rzte Wiens\u201c, geh\u00f6rte er seit 1900 als Vorstandsmitglied der \u00c4rztekammer Wien an,<a href=\"#_ftn17\" name=\"_ftnref17\">[17]<\/a> ab 1908 nahm er die Funktion des Vizepr\u00e4sidenten der Wiener \u00c4rztekammer ein, die er bis zu seinem krankheitsbedingten Ausscheiden im Jahr 1920 behielt<a href=\"#_ftn18\" name=\"_ftnref18\">[18]<\/a> und provisorisch bis zu seinem Tod 1921 weiterf\u00fchrte.<a href=\"#_ftn19\" name=\"_ftnref19\">[19]<\/a> In diesen Funktionen geh\u00f6rte er auch ab 1900 als Delegierter der \u00c4rztekammer Wien dem nieder\u00f6sterreichischen Landes-Sanit\u00e4tsrat an.<a href=\"#_ftn20\" name=\"_ftnref20\">[20]<\/a><\/p>\n<p>1919 erfolgt nach seinem Ansuchen krankheitsbedingt seine Pensionierung als st\u00e4dtischer Oberarzt.<a href=\"#_ftn21\" name=\"_ftnref21\">[21]<\/a> Im April 1920 erhielt er den Titel des Obermedizinalrates verliehen.<a href=\"#_ftn22\" name=\"_ftnref22\">[22]<\/a><\/p>\n<p>In seinen Funktionen in den \u00e4rztlichen Standesvertretungen nahm er auf verschiedenen Ebenen an der Entwicklung des \u00f6sterreichischen Sanit\u00e4tswesens teil. Bereits 1895 trat er als Obmann des Wiener \u00c4rztevereines in einer Petition an das Abgeordnetenhaus gegen die geplante Abstrafung im Falle einer unterlassenen \u00e4rztlichen Anzeigepflicht auf.<a href=\"#_ftn23\" name=\"_ftnref23\">[23]<\/a> Als Funktion\u00e4r der \u00c4rztekammer war er in den parlamentarischen Verhandlungen und in den Aussch\u00fcssen des Abgeordnetenhaus des \u00f6sterreichischen Reichsrates beispielsweise zur Gesetzgebung der Sozialversicherung involviert. 1904 publizierte er zur \u201e<a href=\"https:\/\/ubsearch.meduniwien.ac.at\/primo-explore\/fulldisplay?docid=UMW_alma2143967860003344&amp;context=L&amp;vid=UMW&amp;lang=de_DE&amp;search_scope=UMW_all&amp;adaptor=Local%20Search%20Engine&amp;tab=default_tab&amp;query=any,contains,gruss%20adolf&amp;mode=Basic\">Die Anzeigepflicht des Arztes nach \u00a7 359 des \u00f6sterr. Strafgesetzes<\/a>\u201c, 1910 erschien von ihm im Selbstverlag die Arbeit \u201e<a href=\"https:\/\/ubsearch.meduniwien.ac.at\/primo-explore\/fulldisplay?docid=UMW_alma7114426340003344&amp;context=L&amp;vid=UMW&amp;lang=de_DE&amp;search_scope=UMW_all&amp;adaptor=Local%20Search%20Engine&amp;tab=default_tab&amp;query=any,contains,gruss%20adolf&amp;mode=Basic\">Der Vorentwurf zu einem \u00f6sterr. Strafgesetzbuche, soweit er \u00e4rztliche Interessen ber\u00fchrt<\/a>\u201c, die 1912 im Verlag der \u00f6sterreichischen \u00c4rztekammer ein weiteres Mal ver\u00f6ffentlicht wurde. 1913 erschien von ihm \u201eDie allgemeinen Fahrl\u00e4ssigkeitsparagraphen (\u00a7311 und \u00a7312) des Entwurfes eines \u00f6sterreichischen Strafgesetzbuches im Lichte der Eigenart des \u00e4rztlichen Berufes\u201c.<\/p>\n<p>Gruss verstarb am 11.November 1921 in Wien. Seinen <a href=\"https:\/\/anno.onb.ac.at\/cgi-content\/anno-plus?aid=wmw&amp;datum=19210003&amp;query=text:%22adolf+gruss%22&amp;ref=anno-search&amp;seite=894\">Nachruf<\/a> in der Wiener medizinischen Wochenschrift<a href=\"#_ftn24\" name=\"_ftnref24\">[24]<\/a> verfasste der Arzt, Mitglied des Vereins Deutscher \u00c4rzte und des Vereins der \u00c4rzte in Wieden und Favoriten und Botaniker <a href=\"https:\/\/de.wikipedia.org\/wiki\/August_von_Hayek\">August Edler von Hayek<\/a>.<\/p>\n<p><strong>Quellen:<\/strong><\/p>\n<p>UAW, Rektorat, Med. Fakult\u00e4t, Dekanat, Rigorosenprotokoll, Sign. 177-117a, Gruss Adolf (Rigorosum Datum: 1887).<\/p>\n<p>UAW, Rektorat, Med. Fakult\u00e4t, Rigorosen- und Promotionsprotokolle, Sign. 186-2242, Gruss Adolf (Promotion Datum: 18.5.1888).<\/p>\n<p>Geburts- und Taufbuch, Rk. Erzdi\u00f6zese Wien, St. Florian, Taufbuch, 1889 Sign. 01-51, Folio 200, Guss Johanna.<\/p>\n<p><strong>Literatur:<\/strong><\/p>\n<p><a href=\"https:\/\/ubsearch.meduniwien.ac.at\/primo-explore\/fulldisplay?docid=UMW_alma2148328630003344&amp;context=L&amp;vid=UMW&amp;lang=de_DE&amp;search_scope=UMW_all&amp;adaptor=Local%20Search%20Engine&amp;tab=default_tab&amp;query=any,contains,gruss%20%C3%A4rztestand&amp;mode=Basic\">Gruss, Adolf: \u00dcber den \u00c4rztestand. Wien: Friedrich Schalk\u2019s Verlag 1897.<\/a><\/p>\n<p>[Zweigbibliothek f\u00fcr Geschichte der Medizin\/Neuburger Bibliothek, Sign.: 12445]<\/p>\n<p><a href=\"https:\/\/ubsearch.meduniwien.ac.at\/primo-explore\/fulldisplay?docid=UMW_alma2143967820003344&amp;context=L&amp;vid=UMW&amp;lang=de_DE&amp;search_scope=UMW_all&amp;adaptor=Local%20Search%20Engine&amp;tab=default_tab&amp;query=any,contains,gruss%20adolf&amp;mode=Basic\">Gruss, Adolf: \u201eNatur\u00e4rzte\u201c. Sonderdruck aus: \u00c4rztliche Reform-Zeitung. Wien: im Selbstverlag 1899.<\/a><\/p>\n<p>[Zweigbibliothek f\u00fcr Geschichte der Medizin\/Separata Bibliothek]<\/p>\n<p><a href=\"https:\/\/ubsearch.meduniwien.ac.at\/primo-explore\/fulldisplay?docid=UMW_alma2148328750003344&amp;context=L&amp;vid=UMW&amp;lang=de_DE&amp;search_scope=UMW_all&amp;adaptor=Local%20Search%20Engine&amp;tab=default_tab&amp;query=any,contains,gruss%20curpfuscherei&amp;offset=0\">Gruss, Adolf: Berufszwang und Curpfuscherei. Sonderdruck aus: \u00c4rztliche Reform-Zeitung. Wien: Im Selbstverlage 1900.<\/a><\/p>\n<p>[Zweigbibliothek f\u00fcr Geschichte der Medizin\/Neuburger Bibliothek, Sign.: 31996]<\/p>\n<p><a href=\"https:\/\/ubsearch.meduniwien.ac.at\/primo-explore\/fulldisplay?docid=UMW_alma2143967860003344&amp;context=L&amp;vid=UMW&amp;lang=de_DE&amp;search_scope=UMW_all&amp;adaptor=Local%20Search%20Engine&amp;tab=default_tab&amp;query=any,contains,gruss%20adolf&amp;mode=Basic\">Gruss, Adolf: Die Anzeigepflicht des Arztes nach \u00a7 359 des \u00f6sterr. Strafgesetzes. Sonderdruck. Wien, Leipzig: Wilhelm Braum\u00fcller k.u.k. Hof- und Universit\u00e4ts-Buchh\u00e4ndler 1904.<\/a><\/p>\n<p>[Zweigbibliothek f\u00fcr Geschichte der Medizin\/Separata Bibliothek]<\/p>\n<p><a href=\"https:\/\/ubsearch.meduniwien.ac.at\/primo-explore\/fulldisplay?docid=UMW_alma2148328510003344&amp;context=L&amp;vid=UMW&amp;lang=de_DE&amp;search_scope=UMW_all&amp;adaptor=Local%20Search%20Engine&amp;tab=default_tab&amp;query=any,contains,gruss%20sanit%C3%A4ts-ministerium&amp;offset=0\">Gruss, Adolf: Ein Sanit\u00e4ts-Ministerium oder eine Zentralstelle f\u00fcr das gesamte Sanit\u00e4tswesen in \u00d6sterreich? Referat, gehalten in der Sitzung des Reichsverbandes \u00f6sterreichischer Aerzteorganisationen am 29. M\u00e4rz 1908. Wien: Im Selbstverlage 1908.<\/a><\/p>\n<p>[Zweigbibliothek f\u00fcr Geschichte der Medizin\/Neuburger Bibliothek, Sign.: SA-806]<\/p>\n<p><a href=\"https:\/\/ubsearch.meduniwien.ac.at\/primo-explore\/fulldisplay?docid=UMW_alma2148328670003344&amp;context=L&amp;vid=UMW&amp;lang=de_DE&amp;search_scope=UMW_all&amp;adaptor=Local%20Search%20Engine&amp;tab=default_tab&amp;query=any,contains,gruss%20streiflichter&amp;offset=0\">Gruss, Adolf: Aerztliche Streiflichter und die Eigenart des \u00e4rztlichen Berufes. Vortrag, gehalten in der Hauptversammlung des &gt;Vereines deutscher Aerzte in Oesterreich&lt; am 16. Oktober 1910. [Wien]: [1910].<\/a><\/p>\n<p>[Zweigbibliothek f\u00fcr Geschichte der Medizin\/Neuburger Bibliothek, Sign.: 12987]<\/p>\n<p><a href=\"https:\/\/ubsearch.meduniwien.ac.at\/primo-explore\/fulldisplay?docid=UMW_alma7114426340003344&amp;context=L&amp;vid=UMW&amp;lang=de_DE&amp;search_scope=UMW_all&amp;adaptor=Local%20Search%20Engine&amp;tab=default_tab&amp;query=any,contains,gruss%20adolf&amp;mode=Basic\">Gruss, Adolf: Der Vorentwurf zu einem \u00f6sterr. Strafgesetzbuche, soweit er \u00e4rztliche Interessen ber\u00fchrt. Referat erstattet im Auftrage des XIV. \u00f6sterr. Aerztekammertages u. der IV. Delegiertenversammlung des Reichsverbandes \u00f6sterr. Aerzteorganisationnen (Vorlage f\u00fcr den XV. Aerztekammertag und die V. Deligiertenversammlung des Reichsverbandes.) Wien: Im Selbstver. des Verf. 1910.<\/a><\/p>\n<p>[Zweigbibliothek f\u00fcr Geschichte der Medizin\/Separata Bibliothek]<\/p>\n<p><a href=\"https:\/\/ubsearch.meduniwien.ac.at\/primo-explore\/fulldisplay?docid=UMW_alma2148328710003344&amp;context=L&amp;vid=UMW&amp;lang=de_DE&amp;search_scope=UMW_all&amp;adaptor=Local%20Search%20Engine&amp;tab=default_tab&amp;query=any,contains,gruss%20strafgesetzbuches&amp;offset=0\">Gruss, Adolf: Entwurf eines \u00f6sterreichischen Strafgesetzbuches, soweit er \u00e4rztliche Interessen ber\u00fchrt. Referat f\u00fcr den XVIII. \u00f6sterreichischen Aerztekammertag in Graz. Wien: Verlag des Gesch\u00e4ftsausschusses der \u00f6sterreichischen Aerztekammern 1912.<\/a><\/p>\n<p>[Zweigbibliothek f\u00fcr Geschichte der Medizin\/Neuburger Bibliothek, Sign.: 17413]<\/p>\n<p><a href=\"https:\/\/ubsearch.meduniwien.ac.at\/primo-explore\/fulldisplay?docid=UMW_alma2148328590003344&amp;context=L&amp;vid=UMW&amp;lang=de_DE&amp;search_scope=UMW_all&amp;adaptor=Local%20Search%20Engine&amp;tab=default_tab&amp;query=any,contains,gruss%20strafgesetzbuches&amp;offset=0\">Gruss, Adolf: Die allgemeinen Fahrl\u00e4ssigkeitsparagraphen (\u00a7311 und \u00a7312) des Entwurfes eines \u00f6sterreichischen Strafgesetzbuches im Lichte der Eigenart des \u00e4rztlichen Berufes. Wien: Im Verlage des Gesch\u00e4ftsausschusses der \u00f6sterr. Aerztekammern und des Reichsverbandes \u00f6sterr. Aerzteorganisationen 1913.<\/a><\/p>\n<p>[Zweigbibliothek f\u00fcr Geschichte der Medizin\/Neuburger Bibliothek, Sign.: 7123]<\/p>\n<p><a href=\"https:\/\/ubsearch.meduniwien.ac.at\/primo-explore\/fulldisplay?docid=UMW_alma2148328550003344&amp;context=L&amp;vid=UMW&amp;lang=de_DE&amp;search_scope=UMW_all&amp;adaptor=Local%20Search%20Engine&amp;tab=default_tab&amp;query=any,contains,gruss%20billroths&amp;offset=0\">Gruss, Adolf: Ein noch ungedruckter Brief Billroths. In: Aerztliche Reformzeitung (XV\/18) 1913. S. 226-228.<\/a><\/p>\n<p>[Zweigbibliothek f\u00fcr Geschichte der Medizin\/Neuburger Bibliothek, Sign.: SA-805]<\/p>\n<p><strong>Referenzen:<\/strong><\/p>\n<p><a href=\"#_ftnref1\" name=\"_ftn1\">[1]<\/a> Neues Wiener Tagblatt (Tages-Ausgabe), 1.9.1889, S. 4.<\/p>\n<p><a href=\"#_ftnref2\" name=\"_ftn2\">[2]<\/a> Neues Wiener Journal, 19.3.1896, S. 2.<\/p>\n<p><a href=\"#_ftnref3\" name=\"_ftn3\">[3]<\/a> Ostdeutsche Rundschau, 10.1.1892, S. 5.<\/p>\n<p><a href=\"#_ftnref4\" name=\"_ftn4\">[4]<\/a> Deutsches Volksblatt, 17.11.1889, S. 8.<\/p>\n<p><a href=\"#_ftnref5\" name=\"_ftn5\">[5]<\/a> Ostdeutsche Rundschau, 16.11.1890, S. 3.<\/p>\n<p><a href=\"#_ftnref6\" name=\"_ftn6\">[6]<\/a> Ostdeutsche Rundschau, 23.11.1890, S. 1-2.<\/p>\n<p><a href=\"#_ftnref7\" name=\"_ftn7\">[7]<\/a> Deutsches Volksblatt, 5.4.1891, S. 8.<\/p>\n<p><a href=\"#_ftnref8\" name=\"_ftn8\">[8]<\/a> Rundschau f\u00fcr die Interessen der Pharmacie, Chemie und verwandter F\u00e4cher, 1899, S. 591.<\/p>\n<p><a href=\"#_ftnref9\" name=\"_ftn9\">[9]<\/a> Rundschau f\u00fcr die Interessen der Pharmacie, Chemie und verwandter F\u00e4cher, 1899, S. 88.<\/p>\n<p><a href=\"#_ftnref10\" name=\"_ftn10\">[10]<\/a> Wiener medizinische Wochenschrift, Nr. 7, 1905, Sp. 348.<\/p>\n<p><a href=\"#_ftnref11\" name=\"_ftn11\">[11]<\/a> Die Heilkunde. Monatsschrift f\u00fcr praktische Medicin, 1900, S. 374; Deutsches Volksblatt, 21.2.1900, S. 13.<\/p>\n<p><a href=\"#_ftnref12\" name=\"_ftn12\">[12]<\/a> Allgemeine Wiener medizinische Zeitung, 22.12.1908, S. 571.<\/p>\n<p><a href=\"#_ftnref13\" name=\"_ftn13\">[13]<\/a> Illustriertes Wiener Extrablatt, 26.11.1902, S, 6.<\/p>\n<p><a href=\"#_ftnref14\" name=\"_ftn14\">[14]<\/a> Leitmeritzer Zeitung, 11.2.1903, S. 12.<\/p>\n<p><a href=\"#_ftnref15\" name=\"_ftn15\">[15]<\/a> Ostdeutsche Rundschau, 18.10.1903, S. 6.<\/p>\n<p><a href=\"#_ftnref16\" name=\"_ftn16\">[16]<\/a> Arbeiter-Zeitung, 9.10.1903, S. 9.<\/p>\n<p><a href=\"#_ftnref17\" name=\"_ftn17\">[17]<\/a> Internationale klinische Rundschau, Nr. 48, 1900, S. 970.<\/p>\n<p><a href=\"#_ftnref18\" name=\"_ftn18\">[18]<\/a> Internationale klinische Rundschau, Nr. 42\/43, 1919, S. 238; Neues Wiener Tagblatt (Tages-Ausgabe), 26.10.1919, S.9.<\/p>\n<p><a href=\"#_ftnref19\" name=\"_ftn19\">[19]<\/a> Neues Wiener Journal, 7.11.1921, S. 7.<\/p>\n<p><a href=\"#_ftnref20\" name=\"_ftn20\">[20]<\/a> Neues Wiener Journal, 29.11.1900, S. 6; Wiener Zeitung, 29.12.1909, S. 2.<\/p>\n<p><a href=\"#_ftnref21\" name=\"_ftn21\">[21]<\/a> Reichspost, 30.3.1919, S. 5.<\/p>\n<p><a href=\"#_ftnref22\" name=\"_ftn22\">[22]<\/a> Neue Freie Presse, 10.4.1920, S. 15.<\/p>\n<p><a href=\"#_ftnref23\" name=\"_ftn23\">[23]<\/a> Wiener klinische Wochenschrift, Nr. 17, 1895, S. 321.<\/p>\n<p><a href=\"#_ftnref24\" name=\"_ftn24\">[24]<\/a> Wiener medizinische Wochenschrift, Nr. 49, 1921, Sp. 2189.<\/p>\n<p><strong>Normdaten<\/strong> (Person)<strong>: Gruss, Adolf:<\/strong> BBL: <a href=\"https:\/\/ub-blog.meduniwien.ac.at\/blog\/?p=41491\">41491<\/a>; GND: <a title=\"https:\/\/d-nb.info\/gnd\/172500699\" href=\"https:\/\/d-nb.info\/gnd\/172500699\">172500699<\/a>;<\/p>\n<p>VAN SWIETEN BLOG der Universit\u00e4tsbibliothek der Medizinischen Universit\u00e4t Wien<br \/>\nBBL: 41491 (19.07.2023)<br \/>\nURL: https:\/\/ub-blog.meduniwien.ac.at\/blog\/?p=41491<\/p>\n<p>Letzte Aktualisierung: 2023 07 19<\/p>\n<p><a href=\"https:\/\/ub-blog.meduniwien.ac.at\/blog\/wp-content\/uploads\/2017\/01\/VanSwietenBlog_M.Hartl_.jpg\"><img loading=\"lazy\" decoding=\"async\" class=\"alignnone wp-image-27008\" src=\"https:\/\/ub-blog.meduniwien.ac.at\/blog\/wp-content\/uploads\/2017\/01\/VanSwietenBlog_M.Hartl_.jpg\" alt=\"Logo Margrit Hartl\" width=\"160\" height=\"54\"><\/a><\/p>\n","protected":false},"excerpt":{"rendered":"<p>Gruss, Adolf \u2013 Vizepr\u00e4sident der \u00c4rztekammer Wien, Journalist und Verleger, Obmann des Vereins deutscher \u00c4rzte \u00d6sterreichs Autor: Walter Mentzel Affiliation: Medizinische Universit\u00e4t Wien, Universit\u00e4tsbibliothek, W\u00e4hringer G\u00fcrtel 18-20, 1090 Wien, \u00d6sterreich Published online: 19.07.2023 Keywords: Gruss Adolf, \u00c4rztekammer Wien, Arzt, Verein deutscher \u00c4rzte \u00d6sterreichs, Journalist, Verleger, \u00c4rztliche Reform-Zeitung, Wien, Medizingeschichte Adolf Gruss wurde am 9. M\u00e4rz &hellip; <a href=\"https:\/\/ub.meduniwien.ac.at\/blog\/?p=41491\" class=\"more-link\"><span class=\"screen-reader-text\">Aus den medizinhistorischen Best\u00e4nden der Ub MedUni Wien [226]: Gruss, Adolf \u2013 Vizepr\u00e4sident der \u00c4rztekammer Wien, Journalist und Verleger, Obmann des Vereins deutscher \u00c4rzte \u00d6sterreichs<\/span> weiterlesen <span class=\"meta-nav\">&rarr;<\/span><\/a><\/p>\n","protected":false},"author":2,"featured_media":0,"comment_status":"open","ping_status":"open","sticky":false,"template":"","format":"standard","meta":{"ngg_post_thumbnail":0,"footnotes":""},"categories":[2911,11,5,1347,1389,2,16,1391,2808],"tags":[202,2431,3155,2915,2913,2914,2931,3153,2934,62,1614,3154,3035,1576],"class_list":["post-41491","post","type-post","status-publish","format-standard","hentry","category-bio-bibliografisches-lexikon","category-literaturhinweis","category-medizingeschichte","category-medizinhistorische-bestaende-der-ub-meduni-wien","category-neuburger-bibliothek","category-news","category-news1","category-separata-bibliothek","category-wien","tag-arzt","tag-aerztekammer-wien","tag-aerztliche-reform-zeitung","tag-bbl","tag-bio-bibliografisches-lexikon","tag-bio-bibliographisches-lexikon","tag-biobibiografisches-lexikon","tag-gruss-adolf","tag-journalist","tag-medizin","tag-medizingeschichte","tag-verein-deutscher-aerzte-oesterreichs","tag-verleger","tag-wien"],"views":2629,"_links":{"self":[{"href":"https:\/\/ub.meduniwien.ac.at\/blog\/index.php?rest_route=\/wp\/v2\/posts\/41491","targetHints":{"allow":["GET"]}}],"collection":[{"href":"https:\/\/ub.meduniwien.ac.at\/blog\/index.php?rest_route=\/wp\/v2\/posts"}],"about":[{"href":"https:\/\/ub.meduniwien.ac.at\/blog\/index.php?rest_route=\/wp\/v2\/types\/post"}],"author":[{"embeddable":true,"href":"https:\/\/ub.meduniwien.ac.at\/blog\/index.php?rest_route=\/wp\/v2\/users\/2"}],"replies":[{"embeddable":true,"href":"https:\/\/ub.meduniwien.ac.at\/blog\/index.php?rest_route=%2Fwp%2Fv2%2Fcomments&post=41491"}],"version-history":[{"count":7,"href":"https:\/\/ub.meduniwien.ac.at\/blog\/index.php?rest_route=\/wp\/v2\/posts\/41491\/revisions"}],"predecessor-version":[{"id":44719,"href":"https:\/\/ub.meduniwien.ac.at\/blog\/index.php?rest_route=\/wp\/v2\/posts\/41491\/revisions\/44719"}],"wp:attachment":[{"href":"https:\/\/ub.meduniwien.ac.at\/blog\/index.php?rest_route=%2Fwp%2Fv2%2Fmedia&parent=41491"}],"wp:term":[{"taxonomy":"category","embeddable":true,"href":"https:\/\/ub.meduniwien.ac.at\/blog\/index.php?rest_route=%2Fwp%2Fv2%2Fcategories&post=41491"},{"taxonomy":"post_tag","embeddable":true,"href":"https:\/\/ub.meduniwien.ac.at\/blog\/index.php?rest_route=%2Fwp%2Fv2%2Ftags&post=41491"}],"curies":[{"name":"wp","href":"https:\/\/api.w.org\/{rel}","templated":true}]}}