{"id":40965,"date":"2023-04-02T13:12:29","date_gmt":"2023-04-02T12:12:29","guid":{"rendered":"https:\/\/ub-blog.meduniwien.ac.at\/blog\/?p=40965"},"modified":"2023-04-03T13:22:19","modified_gmt":"2023-04-03T12:22:19","slug":"publikationen-meduni-wien-mitarbeiterinnen-crevenna-richard-ao-univ-prof-dr-med-univ-mba-msc-msc-2-2-2-2-2-2-2","status":"publish","type":"post","link":"https:\/\/ub.meduniwien.ac.at\/blog\/?p=40965","title":{"rendered":"Aktuelle Kinderb\u00fccher zum Internationaler Kinderbuchtag"},"content":{"rendered":"<p>Die Universit\u00e4tsbibliothek pr\u00e4sentiert im Lesesaal und&nbsp; in der virtuellen Buchausstellung die neuen Kinderb\u00fccher zu Wissenschaft und Medizin.<\/p>\n<div>\n<div class=\"result-item-text layout-fill layout-column flex\">\n<div class=\"media-content-type align-self-start\"><span translate=\"mediatype.book\">Buch<\/span><\/div>\n<h3 class=\"item-title\"><a class=\"md-primoExplore-theme\" tabindex=\"0\" href=\"https:\/\/ubsearch.meduniwien.ac.at\/primo-explore\/fulldisplay?docid=UMW_alma2144367900003344&amp;context=L&amp;vid=UMW&amp;lang=de_DE&amp;search_scope=UMW_all&amp;adaptor=Local Search Engine&amp;tab=default_tab&amp;query=any%2Ccontains%2CBK-17.87&amp;facet=searchcreationdate%2Cinclude%2C2021%7C%2C%7C2022&amp;offset=0\" data-emailref=\"UMW_alma2144367900003344\"><span data-field-selector=\"::title\"> <span dir=\"auto\">Ich zeig dir meine Welt : entdecke, wie wir Kinder leben<\/span><\/span><\/a><\/h3>\n<div class=\"item-detail reduce-lines-display\"><span data-field-selector=\"creator\"> <span dir=\"auto\">Edwards, Nicola [VerfasserIn]Stegmaier, Andrea, 1979- [K\u00fcnstlerIn]<\/span><\/span><\/div>\n<div class=\"item-detail reduce-lines-display\"><span data-field-selector=\"creationdate\"> <span dir=\"auto\">2022<\/span><\/span><\/div>\n<\/div>\n<div class=\"result-item-image layout-column\">\n<div class=\"media-content-images\">\n<div class=\"media-thumbnail\">\n<div class=\"\">&nbsp;<\/div>\n<\/div>\n<\/div>\n<\/div>\n<div class=\"text-selector-spacer\">&nbsp;<\/div>\n<div class=\"result-item-text layout-fill layout-column flex\">\n<div class=\"media-content-type align-self-start\"><span translate=\"mediatype.book\">Buch<\/span><\/div>\n<h3 class=\"item-title\"><a class=\"md-primoExplore-theme\" tabindex=\"0\" href=\"https:\/\/ubsearch.meduniwien.ac.at\/primo-explore\/fulldisplay?docid=UMW_alma2144368020003344&amp;context=L&amp;vid=UMW&amp;lang=de_DE&amp;search_scope=UMW_all&amp;adaptor=Local Search Engine&amp;tab=default_tab&amp;query=any%2Ccontains%2CBK-17.87&amp;facet=searchcreationdate%2Cinclude%2C2021%7C%2C%7C2022&amp;offset=0\" data-emailref=\"UMW_alma2144368020003344\"><span class=\"\" data-field-selector=\"::title\"> <span dir=\"auto\">Schau wie schlau : Bionik: wenn Natur die Technik befl\u00fcgelt<\/span><\/span><\/a><\/h3>\n<div class=\"item-detail reduce-lines-display\"><span data-field-selector=\"creator\"> <span dir=\"auto\">Laibl, Melanie, 1973- [VerfasserIn]<\/span><\/span> <span data-field-selector=\"contributor\"> <span dir=\"auto\">Vogl, Lukas, 1990- [IllustratorIn]<\/span><\/span><\/div>\n<div class=\"item-detail reduce-lines-display\"><span data-field-selector=\"creationdate\"> <span dir=\"auto\">2021<\/span><\/span><\/div>\n<\/div>\n<div class=\"md-label\">&nbsp;<\/div>\n<div class=\"text-selector-spacer\">&nbsp;<\/div>\n<div class=\"result-item-text layout-fill layout-column flex\">\n<div class=\"media-content-type align-self-start\"><span translate=\"mediatype.book\">Buch<\/span><\/div>\n<h3 class=\"item-title\"><a class=\"md-primoExplore-theme\" tabindex=\"0\" href=\"https:\/\/ubsearch.meduniwien.ac.at\/primo-explore\/fulldisplay?docid=UMW_alma2144368100003344&amp;context=L&amp;vid=UMW&amp;lang=de_DE&amp;search_scope=UMW_all&amp;adaptor=Local Search Engine&amp;tab=default_tab&amp;query=any%2Ccontains%2CBK-17.87&amp;facet=searchcreationdate%2Cinclude%2C2021%7C%2C%7C2022&amp;offset=0\" data-emailref=\"UMW_alma2144368100003344\"><span class=\"\" data-field-selector=\"::title\"> <span dir=\"auto\">Das Buch vom Dreck : eine nicht ganz so feine Geschichte von Schmutz, Krankheit und Hygiene<\/span><\/span><\/a><\/h3>\n<div class=\"item-detail reduce-lines-display\"><span data-field-selector=\"creator\"> <span dir=\"auto\">Utnik-Struga\u0142a, Monika, 1981- [VerfasserIn]<\/span><\/span> <span data-field-selector=\"contributor\"> <span dir=\"auto\">Socha, Piotr, 1966- [IllustratorIn]Traupe, Dorothea, 1983- [\u00dcbersetzerIn]<\/span><\/span><\/div>\n<div class=\"item-detail reduce-lines-display\"><span data-field-selector=\"creationdate\"> <span dir=\"auto\">2022<\/span><\/span><\/div>\n<\/div>\n<div class=\"list-item-wrapper ng-enter-prepare\" role=\"listitem\" data-page=\"Page 1.2\">\n<div class=\"result-item-actions layout-row\" role=\"region\" aria-label=\"Aktionen f\u00fcr Das Buch vom Dreck : eine nicht ganz so feine Geschichte von Schmutz, Krankheit und Hygiene\">&nbsp;<\/div>\n<div class=\"action-list-content\">&nbsp;<\/div>\n<\/div>\n<div class=\"list-item-wrapper ng-enter-prepare\" role=\"listitem\" data-page=\"Page 1.3\">\n<div id=\"SEARCH_RESULT_RECORDID_UMW_alma2144367940003344\" class=\"list-item-primary-content result-item-primary-content has-checkbox layout-row\" tabindex=\"0\" data-recordid=\"UMW_alma2144367940003344\"><span class=\"list-item-count\">4<\/span><\/div>\n<\/div>\n<div class=\"result-item-image layout-column\">\n<div class=\"media-content-images\">\n<div class=\"media-thumbnail\">\n<div class=\"\">&nbsp;<\/div>\n<\/div>\n<\/div>\n<\/div>\n<div class=\"text-selector-spacer\">&nbsp;<\/div>\n<div class=\"result-item-text layout-fill layout-column flex\">\n<div class=\"media-content-type align-self-start\"><span translate=\"mediatype.book\">Buch<\/span><\/div>\n<h3 class=\"item-title\"><a class=\"md-primoExplore-theme\" tabindex=\"0\" href=\"https:\/\/ubsearch.meduniwien.ac.at\/primo-explore\/fulldisplay?docid=UMW_alma2144367940003344&amp;context=L&amp;vid=UMW&amp;lang=de_DE&amp;search_scope=UMW_all&amp;adaptor=Local Search Engine&amp;tab=default_tab&amp;query=any%2Ccontains%2CBK-17.87&amp;facet=searchcreationdate%2Cinclude%2C2021%7C%2C%7C2022&amp;offset=0\" data-emailref=\"UMW_alma2144367940003344\"><span class=\"\" data-field-selector=\"::title\"> <span dir=\"auto\">Was ist Krieg?<\/span><\/span><\/a><\/h3>\n<div class=\"item-detail reduce-lines-display\"><span data-field-selector=\"creator\"> <span dir=\"auto\">Altarriba, Eduard [VerfasserIn]<\/span><\/span> <span data-field-selector=\"contributor\"> <span dir=\"auto\">Bachhausen, Ursula, 1965- [\u00dcbersetzerIn]<\/span><\/span><\/div>\n<div class=\"item-detail reduce-lines-display\"><span data-field-selector=\"creationdate\"> <span dir=\"auto\">2022<\/span><\/span><\/div>\n<div class=\"search-result-availability-line-wrapper\">\n<div class=\"layout-align-start-start layout-row\">\n<div class=\"layout-row\">&nbsp;<\/div>\n<\/div>\n<\/div>\n<\/div>\n<div class=\"list-item-wrapper ng-enter-prepare\" role=\"listitem\" data-page=\"Page 1.3\">\n<div class=\"action-list-content\">&nbsp;<\/div>\n<\/div>\n<div class=\"list-item-wrapper ng-enter-prepare\" role=\"listitem\" data-page=\"Page 1.4\">\n<div id=\"SEARCH_RESULT_RECORDID_UMW_alma2144367980003344\" class=\"list-item-primary-content result-item-primary-content has-checkbox layout-row\" tabindex=\"0\" data-recordid=\"UMW_alma2144367980003344\"><span class=\"list-item-count\">5<\/span><\/div>\n<\/div>\n<div class=\"result-item-image layout-column\">\n<div class=\"media-content-images\">\n<div class=\"media-thumbnail\">\n<div class=\"\">&nbsp;<\/div>\n<\/div>\n<\/div>\n<\/div>\n<div class=\"text-selector-spacer\">&nbsp;<\/div>\n<div class=\"result-item-text layout-fill layout-column flex\">\n<div class=\"media-content-type align-self-start\"><span translate=\"mediatype.book\">Buch<\/span><\/div>\n<h3 class=\"item-title\"><a class=\"md-primoExplore-theme\" tabindex=\"0\" href=\"https:\/\/ubsearch.meduniwien.ac.at\/primo-explore\/fulldisplay?docid=UMW_alma2144367980003344&amp;context=L&amp;vid=UMW&amp;lang=de_DE&amp;search_scope=UMW_all&amp;adaptor=Local Search Engine&amp;tab=default_tab&amp;query=any%2Ccontains%2CBK-17.87&amp;facet=searchcreationdate%2Cinclude%2C2021%7C%2C%7C2022&amp;offset=0\" data-emailref=\"UMW_alma2144367980003344\"><span class=\"\" data-field-selector=\"::title\"> <span dir=\"auto\">Wie alles begann : die wunderbare Geschichte unserer Erde<\/span><\/span><\/a><\/h3>\n<div class=\"item-detail reduce-lines-display\"><span data-field-selector=\"creator\"> <span dir=\"auto\">Bestard, Aina, 1981- [VerfasserIn]<\/span><\/span> <span data-field-selector=\"contributor\"> <span dir=\"auto\">Bachhausen, Ursula, 1965- [\u00dcbersetzerIn]<\/span><\/span><\/div>\n<div class=\"item-detail reduce-lines-display\"><span data-field-selector=\"creationdate\"> <span dir=\"auto\">2022<\/span><\/span><\/div>\n<\/div>\n<div class=\"list-item-wrapper ng-enter-prepare\" role=\"listitem\" data-page=\"Page 1.4\">\n<div class=\"result-item-actions layout-row\" role=\"region\" aria-label=\"Aktionen f\u00fcr Wie alles begann : die wunderbare Geschichte unserer Erde\">&nbsp;<\/div>\n<div class=\"action-list-content\">&nbsp;<\/div>\n<\/div>\n<div class=\"list-item-wrapper ng-enter-prepare\" role=\"listitem\" data-page=\"Page 1.5\">\n<div id=\"SEARCH_RESULT_RECORDID_UMW_alma2144368060003344\" class=\"list-item-primary-content result-item-primary-content has-checkbox layout-row\" tabindex=\"0\" data-recordid=\"UMW_alma2144368060003344\"><span class=\"list-item-count\">6<\/span><\/div>\n<\/div>\n<div class=\"result-item-image layout-column\">\n<div class=\"media-content-images\">\n<div class=\"media-thumbnail\">\n<div class=\"\">&nbsp;<\/div>\n<\/div>\n<\/div>\n<\/div>\n<div class=\"text-selector-spacer\">&nbsp;<\/div>\n<div class=\"result-item-text layout-fill layout-column flex\">\n<div class=\"media-content-type align-self-start\"><span translate=\"mediatype.book\">Buch<\/span><\/div>\n<h3 class=\"item-title\"><a class=\"md-primoExplore-theme\" tabindex=\"0\" href=\"https:\/\/ubsearch.meduniwien.ac.at\/primo-explore\/fulldisplay?docid=UMW_alma2144368060003344&amp;context=L&amp;vid=UMW&amp;lang=de_DE&amp;search_scope=UMW_all&amp;adaptor=Local Search Engine&amp;tab=default_tab&amp;query=any%2Ccontains%2CBK-17.87&amp;facet=searchcreationdate%2Cinclude%2C2021%7C%2C%7C2022&amp;offset=0\" data-emailref=\"UMW_alma2144368060003344\"><span class=\"\" data-field-selector=\"::title\"> <span dir=\"auto\">Sam und die Evolution : eine kurze Geschichte der Evolutionsbiologie<\/span><\/span><\/a><\/h3>\n<div class=\"item-detail reduce-lines-display\"><span data-field-selector=\"creator\"> <span dir=\"auto\">Grill, Andrea, 1975- [VerfasserIn]<\/span><\/span> <span data-field-selector=\"contributor\"> <span dir=\"auto\">Sch\u00f6bitz, Raffaela, 1987- [IllustratorIn]<\/span><\/span><\/div>\n<div class=\"item-detail reduce-lines-display\"><span data-field-selector=\"creationdate\"> <span dir=\"auto\">2022<\/span><\/span><\/div>\n<div>&nbsp;<\/div>\n<\/div>\n<p>Hier geht\u00b4s zur&nbsp;<\/p>\n<\/div>\n<div>\n<h2><a href=\"https:\/\/ubsearch.meduniwien.ac.at\/primo-explore\/collectionDiscovery?vid=UMW&amp;collectionId=8136227840003344&amp;lang=de_DE\"><strong>\u00bb virtuellen Kinderbuchausstellung<\/strong><\/a><a href=\"https:\/\/ubsearch.meduniwien.ac.at\/primo-explore\/collectionDiscovery?vid=UMW&amp;collectionId=8136227840003344&amp;lang=de_DE\"><strong>&nbsp;\u00bb <\/strong><\/a><\/h2>\n<\/div>\n","protected":false},"excerpt":{"rendered":"<p>Die Universit\u00e4tsbibliothek pr\u00e4sentiert im Lesesaal und&nbsp; in der virtuellen Buchausstellung die neuen Kinderb\u00fccher zu Wissenschaft und Medizin. Buch Ich zeig dir meine Welt : entdecke, wie wir Kinder leben Edwards, Nicola [VerfasserIn]Stegmaier, Andrea, 1979- [K\u00fcnstlerIn] 2022 &nbsp; &nbsp; Buch Schau wie schlau : Bionik: wenn Natur die Technik befl\u00fcgelt Laibl, Melanie, 1973- [VerfasserIn] Vogl, Lukas, &hellip; <a href=\"https:\/\/ub.meduniwien.ac.at\/blog\/?p=40965\" class=\"more-link\"><span class=\"screen-reader-text\">Aktuelle Kinderb\u00fccher zum Internationaler Kinderbuchtag<\/span> weiterlesen <span class=\"meta-nav\">&rarr;<\/span><\/a><\/p>\n","protected":false},"author":2,"featured_media":0,"comment_status":"open","ping_status":"open","sticky":false,"template":"","format":"standard","meta":{"ngg_post_thumbnail":0,"footnotes":""},"categories":[1,24,11,2,16,7,40],"tags":[2783,2784],"class_list":["post-40965","post","type-post","status-publish","format-standard","hentry","category-allgemeines","category-books-journals","category-literaturhinweis","category-news","category-news1","category-online-katalog","category-sammlungen","tag-kinderbuch","tag-medizinische-kinderbuecher"],"views":4112,"_links":{"self":[{"href":"https:\/\/ub.meduniwien.ac.at\/blog\/index.php?rest_route=\/wp\/v2\/posts\/40965","targetHints":{"allow":["GET"]}}],"collection":[{"href":"https:\/\/ub.meduniwien.ac.at\/blog\/index.php?rest_route=\/wp\/v2\/posts"}],"about":[{"href":"https:\/\/ub.meduniwien.ac.at\/blog\/index.php?rest_route=\/wp\/v2\/types\/post"}],"author":[{"embeddable":true,"href":"https:\/\/ub.meduniwien.ac.at\/blog\/index.php?rest_route=\/wp\/v2\/users\/2"}],"replies":[{"embeddable":true,"href":"https:\/\/ub.meduniwien.ac.at\/blog\/index.php?rest_route=%2Fwp%2Fv2%2Fcomments&post=40965"}],"version-history":[{"count":6,"href":"https:\/\/ub.meduniwien.ac.at\/blog\/index.php?rest_route=\/wp\/v2\/posts\/40965\/revisions"}],"predecessor-version":[{"id":40972,"href":"https:\/\/ub.meduniwien.ac.at\/blog\/index.php?rest_route=\/wp\/v2\/posts\/40965\/revisions\/40972"}],"wp:attachment":[{"href":"https:\/\/ub.meduniwien.ac.at\/blog\/index.php?rest_route=%2Fwp%2Fv2%2Fmedia&parent=40965"}],"wp:term":[{"taxonomy":"category","embeddable":true,"href":"https:\/\/ub.meduniwien.ac.at\/blog\/index.php?rest_route=%2Fwp%2Fv2%2Fcategories&post=40965"},{"taxonomy":"post_tag","embeddable":true,"href":"https:\/\/ub.meduniwien.ac.at\/blog\/index.php?rest_route=%2Fwp%2Fv2%2Ftags&post=40965"}],"curies":[{"name":"wp","href":"https:\/\/api.w.org\/{rel}","templated":true}]}}