{"id":40858,"date":"2023-03-27T09:49:56","date_gmt":"2023-03-27T08:49:56","guid":{"rendered":"https:\/\/ub-blog.meduniwien.ac.at\/blog\/?p=40858"},"modified":"2024-09-20T09:06:04","modified_gmt":"2024-09-20T08:06:04","slug":"34761-2-2-2-2-2-2-3-2-2-2-3-2-2-2-3-2-2-2-3-2-3-5-2-2-2-3-2-2-3-2-2-2-2-2-2-2-2-5-3-2-2-2-2-2-2-2-2-2-2-2-2-2-2-2-2-2-2-2-2-2-2-2-2-2-2-2-2-2-2-2-2-2-3-2-2-2-2-4-2-3","status":"publish","type":"post","link":"https:\/\/ub.meduniwien.ac.at\/blog\/?p=40858","title":{"rendered":"Aus den medizinhistorischen Best\u00e4nden der Ub MedUni Wien [213]: Fasal, Paul \u2013 Dermatologe \u2013 Lepraforscher, NS-Verfolgter"},"content":{"rendered":"<p><strong>Fasal, Paul\u2013 Dermatologe \u2013 Lepraforscher, NS-Verfolgter<\/strong><\/p>\n<p>Text: Walter Mentzel<\/p>\n<p>Paul Fasal wurde am 9. Oktober 1904 als Sohn des Dermatologen <a href=\"https:\/\/ub-blog.meduniwien.ac.at\/blog\/?p=40813\">Hugo Fasal <\/a>(1873-1941) und Betti Pollak von Rudin in Wien geboren. Er war mit der in Kremsm\u00fcnster in Ober\u00f6sterreich geborenen Medizinerin Elfriede Hitzler (*30.8.1909) verheiratet. Nachdem er das Akademische Gymnasium in Wien besucht hatte, studierte er seit 1924 an der Universit\u00e4t Wien Medizin und schloss das Studium am 4. M\u00e4rz 1929 mit seiner Promotion ab. Danach arbeitete er als Hilfsarzt an der Universit\u00e4tsklinik f\u00fcr Syphilidologie und Dermatologie unter dem Vorstand Professor Wilhelm Kerl (1880-1945). 1929 publizierte er gemeinsam mit Emmerich Farkas am Pathologischen Institut der Poliklinik in Wien unter dessen Vorstand Professor <a href=\"https:\/\/ub-blog.meduniwien.ac.at\/blog\/?p=28342\">Carl Sternberg<\/a> (1872-1935) die Studie \u201e<a href=\"https:\/\/ubsearch.meduniwien.ac.at\/primo-explore\/fulldisplay?docid=UMW_alma2145858270003344&amp;context=L&amp;vid=UMW&amp;lang=de_DE&amp;search_scope=UMW_all&amp;adaptor=Local%20Search%20Engine&amp;tab=default_tab&amp;query=any,contains,paul%20fasal&amp;mode=Basic\">\u00dcber die k\u00f6rnchenf\u00f6rmigen Kalkeinlagerungen in der Arterienmedia<\/a>\u201c, 1932 erschien von ihm an der Universit\u00e4tsklinik der Aufsatz \u201e<a href=\"https:\/\/anno.onb.ac.at\/cgi-content\/anno-plus?aid=wmw&amp;datum=19320003&amp;query=text:%22paul+fasal%22&amp;ref=anno-search&amp;seite=167\">Experimentelle Untersuchungen \u00fcber die Resorption salbeninkorportierten Schwefels und klinische Ergebnisse bei Verwendung einer neuen Schwefelsalbe<\/a>\u201c,<a href=\"#_ftn1\" name=\"_ftnref1\">[1]<\/a> und 1934 die Arbeit \u201e<a href=\"https:\/\/ubsearch.meduniwien.ac.at\/primo-explore\/fulldisplay?docid=UMW_alma2145948670003344&amp;context=L&amp;vid=UMW&amp;lang=de_DE&amp;search_scope=UMW_all&amp;adaptor=Local%20Search%20Engine&amp;tab=default_tab&amp;query=any,contains,paul%20fasal&amp;mode=Basic\">Experimentelle Untersuchungen \u00fcber die Resorption salbeninkorporierten Schwefels und klinische Ergebnisse bei Verwendung einer neuen Schwefelsalbe<\/a>\u201c.<\/p>\n<p>1933 wurde er zun\u00e4chst zum Assistenten und danach im Juni 1935 zum interimistischen Leiter der Dermatologischen Abteilung des Krankenhauses Wieden ernannt.<a href=\"#_ftn2\" name=\"_ftnref2\">[2]<\/a> Seine letzte Ver\u00f6ffentlichung in \u00d6sterreich erschien 1938 als Sonderdruck der Zeitschrift \u201eDer Chirurg\u201c aus der Dermatologischen Abteilung des Krankenhaus Wieden in Wien \u00fcber die \u201e<a href=\"https:\/\/ubsearch.meduniwien.ac.at\/primo-explore\/fulldisplay?docid=UMW_alma2145948710003344&amp;context=L&amp;vid=UMW&amp;lang=de_DE&amp;search_scope=UMW_all&amp;adaptor=Local%20Search%20Engine&amp;tab=default_tab&amp;query=any,contains,paul%20fasal&amp;mode=Basic\">Versorgung und Behandlung von Brandwunden<\/a>\u201c. Vor seiner Flucht aus \u00d6sterreich entwickelte er die Brandsalbe \u201eTebege\u201c, die w\u00e4hrend des Zweiten Weltkrieges in den Luftschutzapotheken des Deutschen Reiches Anwendung fand. Er war Mitglied der Gesellschaft der \u00c4rzte in Wien.<\/p>\n<p>Paul Fasal, der j\u00fcdischer Herkunft war, fl\u00fcchtete mit seiner Familie 1938 aus \u00d6sterreich nach Britisch-Malaya, wo er im Auftrag der britischen Regierung am Institute for Medical Research in Kuala Lumpur arbeitete und zur Tropendermatologie forschte. Auf der Insel Penang studierte er die Filariose und in der Leprakolonie von Sungei Buloh die Lepra. 1941 emigrierte er mit seiner Familie in die USA und arbeitete zun\u00e4chst als Assistenzarzt im Hahnemann Hospital. 1943 erhielt er sein State Board Examination, er\u00f6ffnete ein Jahr darauf in San Francisco eine Privatpraxis und arbeitete von 1945 bis 1948 als Teilzeitarzt an der San Francisco City Clinic. 1948 wurde Fasal im Rang eines Diplomaten in das Board of Dermatology and Syphilology aufgenommen und 1949 zum Zivilberater f\u00fcr Pathologie und Dermatopathologie am Letterman Army Hospital ernannt. 1950 trat er der Abteilung f\u00fcr Dermatologie an der University of California Medical School in San Francisco als Clinical Instructor bei, danach wurde er zum Clinical Associate Professor of Dermatology an der Standford University, School of Medicine, ernannt. 1954 war er Berater f\u00fcr Lepra am Department of Public Health des Staates Kalifornien, und zwischen 1960 bis 1978 Leiter des Lepradienstes des United States Public Health Service Hospital in San Francisco.<\/p>\n<p>Fasal war viele Jahre Mitglied des Gremiums f\u00fcr Dermatopathologie der American Academy of Dermatology und der Pacific Dermatological Association, 1954 Sekret\u00e4r des medizinischen Personals am Marin General Hospital, Chief of Specialties am Ross General Hospital, 1957 Chief of Medicine am San Rafael General Hospital und zwischen 1954 und 1958 beratendes Mitglied des Marin County Tumor Board. Er geh\u00f6rte zu den international renommiertesten Lepraforschern und erhielt zahlreiche Auszeichnungen, darunter 1969 die Outstanding Civilian Service Medal der US-Armee und 1972 vom Pr\u00e4sidenten Richard Nixon (1912-1994) den Distinguished Service Award des Ministeriums f\u00fcr Gesundheit, Bildung und Soziales der US-Regierung.<\/p>\n<p>Sein schon in seiner fr\u00fchen Kindheit gepflegtes Hobbie der Fotografie wandte er in seinem Fach der Dermatologie an. Seine Illustrationen wurden in zahlreichen Publikationen und Lehrb\u00fcchern verwendet.<\/p>\n<p>Paul Fasal verstarb am 14. November 1991 in San Mateo, Kalifornien.<\/p>\n<p>Quellen:<\/p>\n<p>Matriken der IKG Wien, Geburtsbuch 1904, Fasal Paul.<\/p>\n<p>UAW, Rektorat, Med. Fakult\u00e4t, Rigorosen- und Promotionsprotokolle, Sign. 197-0143, Fasal Paul (Rigorosum Datum: 5.2.1929)<\/p>\n<p>UAW, Rektorat, Med. Fakult\u00e4t, Rigorosen- und Promotionsprotokolle, Sign. 193-2589 (Promotion Datum: 4.3.1929), Fasal Paul.<\/p>\n<p>\u00d6StA, AdR, E-uReang, VVSt., VA, Zl. 761, Fasal Paul.<\/p>\n<p>United States Social Security Death Index, &nbsp;Paul Fasal, 14 Nov. 1991; U.S. Social Security Administration, Death Master File, (Alexandria, Virginia: National Technical Information Service).<\/p>\n<p>California Death Index, 1940-1997, Paul Fasal, 14 Nov. 1991; Department of Public Health Services, Sacramento.<\/p>\n<p>Literatur:<\/p>\n<p><a href=\"https:\/\/ubsearch.meduniwien.ac.at\/primo-explore\/fulldisplay?docid=UMW_alma2145858270003344&amp;context=L&amp;vid=UMW&amp;lang=de_DE&amp;search_scope=UMW_all&amp;adaptor=Local%20Search%20Engine&amp;tab=default_tab&amp;query=any,contains,paul%20fasal&amp;mode=Basic\">Farkas, Emmerich und Paul Fasal: \u00dcber die k\u00f6rnchenf\u00f6rmigen Kalkeinlagerungen in der Arterienmedia. Aus dem pathologischen Institut der Poliklinik Wien. (Vorstand: Prof. Carl Sternberg) (Mit 2 Abbildungen im Text) Sonderdruck aus: Beitr\u00e4ge zur pathologischen Anatomie und zur allgemeinen Pathologie. Jena: Verlag von Gustav Fischer 1929.<\/a><\/p>\n<p><a href=\"https:\/\/ub-blog.meduniwien.ac.at\/blog\/wp-content\/uploads\/2016\/12\/Separata_M.Hartl_.gif\"><img loading=\"lazy\" decoding=\"async\" class=\"alignnone wp-image-26858\" src=\"https:\/\/ub-blog.meduniwien.ac.at\/blog\/wp-content\/uploads\/2016\/12\/Separata_M.Hartl_.gif\" alt=\"\" width=\"147\" height=\"62\"><\/a><\/p>\n<p>[Zweigbibliothek f\u00fcr Geschichte der Medizin\/Separata Bibliothek]<\/p>\n<p><a href=\"https:\/\/ubsearch.meduniwien.ac.at\/primo-explore\/fulldisplay?docid=UMW_alma2145948670003344&amp;context=L&amp;vid=UMW&amp;lang=de_DE&amp;search_scope=UMW_all&amp;adaptor=Local%20Search%20Engine&amp;tab=default_tab&amp;query=any,contains,paul%20fasal&amp;mode=Basic\">Fasal, Paul: Experimentelle Untersuchungen \u00fcber die Resorption salbeninkorporierten Schwefels und klinische Ergebnisse bei Verwendung einer neuen Schwefelsalbe. Sonderdruck aus: Wiener medizinische Wochenschrift. Wien: Verlag von Moritz Perles 1934.<\/a><\/p>\n<p><a href=\"https:\/\/ub-blog.meduniwien.ac.at\/blog\/wp-content\/uploads\/2016\/12\/Separata_M.Hartl_.gif\"><img loading=\"lazy\" decoding=\"async\" class=\"alignnone wp-image-26858\" src=\"https:\/\/ub-blog.meduniwien.ac.at\/blog\/wp-content\/uploads\/2016\/12\/Separata_M.Hartl_.gif\" alt=\"\" width=\"147\" height=\"62\"><\/a><\/p>\n<p>[Zweigbibliothek f\u00fcr Geschichte der Medizin\/Separata Bibliothek]<\/p>\n<p><a href=\"https:\/\/ubsearch.meduniwien.ac.at\/primo-explore\/fulldisplay?docid=UMW_alma2145948710003344&amp;context=L&amp;vid=UMW&amp;lang=de_DE&amp;search_scope=UMW_all&amp;adaptor=Local%20Search%20Engine&amp;tab=default_tab&amp;query=any,contains,paul%20fasal&amp;mode=Basic\">Fasal, Paul: Versorgung und Behandlung von Brandwunden. Aus der Dermatologischen Abteilung des Krankenhauses Wieden in Wien (Vorstand: Primararzt Dr. J. Konrad) Sonderdruck aus: Der Chirurg. Berlin: Verlag von Julius Springer 1938.<\/a><\/p>\n<p><a href=\"https:\/\/ub-blog.meduniwien.ac.at\/blog\/wp-content\/uploads\/2016\/12\/Separata_M.Hartl_.gif\"><img loading=\"lazy\" decoding=\"async\" class=\"alignnone wp-image-26858\" src=\"https:\/\/ub-blog.meduniwien.ac.at\/blog\/wp-content\/uploads\/2016\/12\/Separata_M.Hartl_.gif\" alt=\"\" width=\"147\" height=\"62\"><\/a><\/p>\n<p>[Zweigbibliothek f\u00fcr Geschichte der Medizin\/Separata Bibliothek]<\/p>\n<p>Keywords:<\/p>\n<p>Fasal Paul, Dermatologie, Lepraforschung, Krankenhaus Wieden, San Francisco, Kalifornien, USA, Medizingeschichte, Wien,&nbsp; Arzt<\/p>\n<p><a href=\"#_ftnref1\" name=\"_ftn1\">[1]<\/a> Wiener medizinische Wochenschrift, Nr. 6, 1932, S. 191-193.<\/p>\n<p><a href=\"#_ftnref2\" name=\"_ftn2\">[2]<\/a> Der Tag, 1.6.1935, S. 7.<\/p>\n<p><a href=\"https:\/\/ub.meduniwien.ac.at\/zweigbibliotheken\/zweigbibliothek-fuer-geschichte-der-medizin\/medizinhistorische-bibliotheken\/bio-bibliografisches-lexikon\/\">Bio-bibliografisches Lexikon (BBL)\/Liste aller Beitr\u00e4ge der VS-Blog-Serie: Aus den medizinhistorischen Best\u00e4nden der Ub MedUni Wien<\/a><\/p>\n<p>Normdaten&nbsp;(Person) <strong>Fasal, Paul: <\/strong><a href=\"https:\/\/ub-blog.meduniwien.ac.at\/blog\/?p=40858\">BBL: 40858<\/a>; GND: <a title=\"https:\/\/d-nb.info\/gnd\/1284122093\" href=\"https:\/\/d-nb.info\/gnd\/1284122093\">1284122093<\/a>;<\/p>\n<p>Bitte zitieren als VAN SWIETEN BLOG der Universit\u00e4tsbibliothek der Medizinischen Universit\u00e4t Wien, BBL: 40858 (23.03.2023); Letzte Aktualisierung: 2023 03 27<br \/>\nOnline unter der URL: https:\/\/ub-blog.meduniwien.ac.at\/blog\/?p=40858<\/p>\n<p><a href=\"https:\/\/ub-blog.meduniwien.ac.at\/blog\/wp-content\/uploads\/2017\/01\/VanSwietenBlog_M.Hartl_.jpg\"><img loading=\"lazy\" decoding=\"async\" class=\"alignnone wp-image-27008\" src=\"https:\/\/ub-blog.meduniwien.ac.at\/blog\/wp-content\/uploads\/2017\/01\/VanSwietenBlog_M.Hartl_.jpg\" alt=\"Logo Margrit Hartl\" width=\"160\" height=\"54\"><\/a><\/p>\n","protected":false},"excerpt":{"rendered":"<p>Fasal, Paul\u2013 Dermatologe \u2013 Lepraforscher, NS-Verfolgter Text: Walter Mentzel Paul Fasal wurde am 9. Oktober 1904 als Sohn des Dermatologen Hugo Fasal (1873-1941) und Betti Pollak von Rudin in Wien geboren. Er war mit der in Kremsm\u00fcnster in Ober\u00f6sterreich geborenen Medizinerin Elfriede Hitzler (*30.8.1909) verheiratet. Nachdem er das Akademische Gymnasium in Wien besucht hatte, studierte &hellip; <a href=\"https:\/\/ub.meduniwien.ac.at\/blog\/?p=40858\" class=\"more-link\"><span class=\"screen-reader-text\">Aus den medizinhistorischen Best\u00e4nden der Ub MedUni Wien [213]: Fasal, Paul \u2013 Dermatologe \u2013 Lepraforscher, NS-Verfolgter<\/span> weiterlesen <span class=\"meta-nav\">&rarr;<\/span><\/a><\/p>\n","protected":false},"author":2,"featured_media":0,"comment_status":"open","ping_status":"open","sticky":false,"template":"","format":"standard","meta":{"ngg_post_thumbnail":0,"footnotes":""},"categories":[2911,11,5,1347,2,16,2816,1391,2808],"tags":[202,2915,2913,2914,2931,1501,3122,3124,3127,2881,3125,62,1614,3027,2814,3126,1707,1576],"class_list":["post-40858","post","type-post","status-publish","format-standard","hentry","category-bio-bibliografisches-lexikon","category-literaturhinweis","category-medizingeschichte","category-medizinhistorische-bestaende-der-ub-meduni-wien","category-news","category-news1","category-ns-verfolgung","category-separata-bibliothek","category-wien","tag-arzt","tag-bbl","tag-bio-bibliografisches-lexikon","tag-bio-bibliographisches-lexikon","tag-biobibiografisches-lexikon","tag-dermatologie","tag-fasal-hugo","tag-fasal-paul","tag-kalifornien","tag-krankenhaus-wieden","tag-lepraforschung","tag-medizin","tag-medizingeschichte","tag-ns-verfolgte","tag-ns-verfolgter","tag-san-francisco","tag-usa","tag-wien"],"views":2974,"_links":{"self":[{"href":"https:\/\/ub.meduniwien.ac.at\/blog\/index.php?rest_route=\/wp\/v2\/posts\/40858","targetHints":{"allow":["GET"]}}],"collection":[{"href":"https:\/\/ub.meduniwien.ac.at\/blog\/index.php?rest_route=\/wp\/v2\/posts"}],"about":[{"href":"https:\/\/ub.meduniwien.ac.at\/blog\/index.php?rest_route=\/wp\/v2\/types\/post"}],"author":[{"embeddable":true,"href":"https:\/\/ub.meduniwien.ac.at\/blog\/index.php?rest_route=\/wp\/v2\/users\/2"}],"replies":[{"embeddable":true,"href":"https:\/\/ub.meduniwien.ac.at\/blog\/index.php?rest_route=%2Fwp%2Fv2%2Fcomments&post=40858"}],"version-history":[{"count":11,"href":"https:\/\/ub.meduniwien.ac.at\/blog\/index.php?rest_route=\/wp\/v2\/posts\/40858\/revisions"}],"predecessor-version":[{"id":45542,"href":"https:\/\/ub.meduniwien.ac.at\/blog\/index.php?rest_route=\/wp\/v2\/posts\/40858\/revisions\/45542"}],"wp:attachment":[{"href":"https:\/\/ub.meduniwien.ac.at\/blog\/index.php?rest_route=%2Fwp%2Fv2%2Fmedia&parent=40858"}],"wp:term":[{"taxonomy":"category","embeddable":true,"href":"https:\/\/ub.meduniwien.ac.at\/blog\/index.php?rest_route=%2Fwp%2Fv2%2Fcategories&post=40858"},{"taxonomy":"post_tag","embeddable":true,"href":"https:\/\/ub.meduniwien.ac.at\/blog\/index.php?rest_route=%2Fwp%2Fv2%2Ftags&post=40858"}],"curies":[{"name":"wp","href":"https:\/\/api.w.org\/{rel}","templated":true}]}}