{"id":40761,"date":"2023-03-15T08:28:37","date_gmt":"2023-03-15T07:28:37","guid":{"rendered":"https:\/\/ub-blog.meduniwien.ac.at\/blog\/?p=40761"},"modified":"2023-03-16T08:29:09","modified_gmt":"2023-03-16T07:29:09","slug":"zweigbibliothek-fuer-geschichte-der-medizin-zurueck-im-josephinum","status":"publish","type":"post","link":"https:\/\/ub.meduniwien.ac.at\/blog\/?p=40761","title":{"rendered":"ZWEIGBIBLIOTHEK F\u00dcR GESCHICHTE DER MEDIZIN ZUR\u00dcCK IM JOSEPHINUM!"},"content":{"rendered":"<p><strong><a href=\"https:\/\/ub.meduniwien.ac.at\/zweigbibliotheken\/zweigbibliothek-fuer-geschichte-der-medizin\/\">Zweigbibliothek f\u00fcr Geschichte der Medizin zur\u00fcck im Josephinum<\/a><\/strong><\/p>\n<p>Ab Montag, 20. M\u00e4rz 2023, nimmt die Zweigbibliothek f\u00fcr Geschichte der Medizin ihren Betrieb im Josephinum wieder auf. Nach mehr als drei Jahren Umbau und Renovierung l\u00e4dt der <strong>neue Forscher:innen-Lesesaal<\/strong> im zweiten Stock des Josephinums zum Lernen und Recherchieren ein.<\/p>\n<p><strong>\u00d6ffnungszeiten<\/strong><\/p>\n<p>Ab 20.03.2023<\/p>\n<p>Montag bis Donnerstag: 09:00-12:00 und 13:00-16:00<\/p>\n<p>Freitag: 09:00-12:00<\/p>\n<p>Samstag, Sonn- und Feiertag geschlossen!<\/p>\n<p><strong>Zugang<\/strong><\/p>\n<p>Der Zugang zur Bibliothek erfolgt im Ehrenhof des Josephinums \u2013 linker Eingang (bitte l\u00e4uten).<\/p>\n<p>Die Bibliothek befindet sich im 2. Stock\/Zi. 02.78b<\/p>\n<p><strong>Kontakt<\/strong><\/p>\n<p><strong>Zweigbibliothek f\u00fcr Geschichte der Medizin<\/strong><\/p>\n<p>W\u00e4hringer Stra\u00dfe 25<\/p>\n<p>1090 Wien<\/p>\n<p>Tel.: +43 (0)1 40160-26190<\/p>\n<p>E-Mail: <a href=\"mailto:bibliothek@meduniwien.ac.at\">bibliothek@meduniwien.ac.at<\/a><\/p>\n<p><a href=\"https:\/\/ub.meduniwien.ac.at\/zweigbibliotheken\/zweigbibliothek-fuer-geschichte-der-medizin\/\">https:\/\/ub.meduniwien.ac.at\/zweigbibliotheken\/zweigbibliothek-fuer-geschichte-der-medizin\/<\/a><\/p>\n<p><strong><a href=\"https:\/\/ub-blog.meduniwien.ac.at\/blog\/wp-content\/uploads\/2023\/03\/UBMed-900_ForscherInnen-Lesesaal.jpg\"><img loading=\"lazy\" decoding=\"async\" class=\"alignnone size-full wp-image-40762\" src=\"https:\/\/ub-blog.meduniwien.ac.at\/blog\/wp-content\/uploads\/2023\/03\/UBMed-900_ForscherInnen-Lesesaal.jpg\" alt=\"\" width=\"4128\" height=\"3096\" srcset=\"https:\/\/ub.meduniwien.ac.at\/blog\/wp-content\/uploads\/2023\/03\/UBMed-900_ForscherInnen-Lesesaal.jpg 4128w, https:\/\/ub.meduniwien.ac.at\/blog\/wp-content\/uploads\/2023\/03\/UBMed-900_ForscherInnen-Lesesaal-300x225.jpg 300w, https:\/\/ub.meduniwien.ac.at\/blog\/wp-content\/uploads\/2023\/03\/UBMed-900_ForscherInnen-Lesesaal-768x576.jpg 768w, https:\/\/ub.meduniwien.ac.at\/blog\/wp-content\/uploads\/2023\/03\/UBMed-900_ForscherInnen-Lesesaal-800x600.jpg 800w\" sizes=\"auto, (max-width: 4128px) 100vw, 4128px\" \/><\/a><\/strong><\/p>\n<p><strong><a href=\"https:\/\/ub-blog.meduniwien.ac.at\/blog\/wp-content\/uploads\/2023\/03\/Plan_ZBfGdM.jpg\"><img loading=\"lazy\" decoding=\"async\" class=\"alignnone size-full wp-image-40767\" src=\"https:\/\/ub-blog.meduniwien.ac.at\/blog\/wp-content\/uploads\/2023\/03\/Plan_ZBfGdM.jpg\" alt=\"\" width=\"1149\" height=\"1088\" srcset=\"https:\/\/ub.meduniwien.ac.at\/blog\/wp-content\/uploads\/2023\/03\/Plan_ZBfGdM.jpg 1149w, https:\/\/ub.meduniwien.ac.at\/blog\/wp-content\/uploads\/2023\/03\/Plan_ZBfGdM-300x284.jpg 300w, https:\/\/ub.meduniwien.ac.at\/blog\/wp-content\/uploads\/2023\/03\/Plan_ZBfGdM-768x727.jpg 768w, https:\/\/ub.meduniwien.ac.at\/blog\/wp-content\/uploads\/2023\/03\/Plan_ZBfGdM-800x758.jpg 800w\" sizes=\"auto, (max-width: 1149px) 100vw, 1149px\" \/><\/a><\/strong><\/p>\n","protected":false},"excerpt":{"rendered":"<p>Zweigbibliothek f\u00fcr Geschichte der Medizin zur\u00fcck im Josephinum Ab Montag, 20. M\u00e4rz 2023, nimmt die Zweigbibliothek f\u00fcr Geschichte der Medizin ihren Betrieb im Josephinum wieder auf. Nach mehr als drei Jahren Umbau und Renovierung l\u00e4dt der neue Forscher:innen-Lesesaal im zweiten Stock des Josephinums zum Lernen und Recherchieren ein. \u00d6ffnungszeiten Ab 20.03.2023 Montag bis Donnerstag: 09:00-12:00 &hellip; <a href=\"https:\/\/ub.meduniwien.ac.at\/blog\/?p=40761\" class=\"more-link\"><span class=\"screen-reader-text\">ZWEIGBIBLIOTHEK F\u00dcR GESCHICHTE DER MEDIZIN ZUR\u00dcCK IM JOSEPHINUM!<\/span> weiterlesen <span class=\"meta-nav\">&rarr;<\/span><\/a><\/p>\n","protected":false},"author":2,"featured_media":0,"comment_status":"open","ping_status":"open","sticky":false,"template":"","format":"standard","meta":{"ngg_post_thumbnail":0,"footnotes":""},"categories":[1,5,2,16],"tags":[],"class_list":["post-40761","post","type-post","status-publish","format-standard","hentry","category-allgemeines","category-medizingeschichte","category-news","category-news1"],"views":1751,"_links":{"self":[{"href":"https:\/\/ub.meduniwien.ac.at\/blog\/index.php?rest_route=\/wp\/v2\/posts\/40761","targetHints":{"allow":["GET"]}}],"collection":[{"href":"https:\/\/ub.meduniwien.ac.at\/blog\/index.php?rest_route=\/wp\/v2\/posts"}],"about":[{"href":"https:\/\/ub.meduniwien.ac.at\/blog\/index.php?rest_route=\/wp\/v2\/types\/post"}],"author":[{"embeddable":true,"href":"https:\/\/ub.meduniwien.ac.at\/blog\/index.php?rest_route=\/wp\/v2\/users\/2"}],"replies":[{"embeddable":true,"href":"https:\/\/ub.meduniwien.ac.at\/blog\/index.php?rest_route=%2Fwp%2Fv2%2Fcomments&post=40761"}],"version-history":[{"count":6,"href":"https:\/\/ub.meduniwien.ac.at\/blog\/index.php?rest_route=\/wp\/v2\/posts\/40761\/revisions"}],"predecessor-version":[{"id":40775,"href":"https:\/\/ub.meduniwien.ac.at\/blog\/index.php?rest_route=\/wp\/v2\/posts\/40761\/revisions\/40775"}],"wp:attachment":[{"href":"https:\/\/ub.meduniwien.ac.at\/blog\/index.php?rest_route=%2Fwp%2Fv2%2Fmedia&parent=40761"}],"wp:term":[{"taxonomy":"category","embeddable":true,"href":"https:\/\/ub.meduniwien.ac.at\/blog\/index.php?rest_route=%2Fwp%2Fv2%2Fcategories&post=40761"},{"taxonomy":"post_tag","embeddable":true,"href":"https:\/\/ub.meduniwien.ac.at\/blog\/index.php?rest_route=%2Fwp%2Fv2%2Ftags&post=40761"}],"curies":[{"name":"wp","href":"https:\/\/api.w.org\/{rel}","templated":true}]}}