{"id":40648,"date":"2023-03-06T12:57:17","date_gmt":"2023-03-06T11:57:17","guid":{"rendered":"https:\/\/ub-blog.meduniwien.ac.at\/blog\/?p=40648"},"modified":"2023-04-03T11:15:20","modified_gmt":"2023-04-03T10:15:20","slug":"fresh-ebooks-2017-9-2-2-2-3-2-2-2-2-2-2-2-2-2-2-2-2-2-2-2-2-3-2-2-2-2-2","status":"publish","type":"post","link":"https:\/\/ub.meduniwien.ac.at\/blog\/?p=40648","title":{"rendered":"2023-03: FRESH eBOOKS: Optische Koh\u00e4renztomographie des vorderen Augenabschnitts : Atlas; Medikament\u00f6se Tumortherapie von Kopf-Hals-Tumoren;.."},"content":{"rendered":"<div class=\"result-item-text layout-fill layout-column flex\">\n<div>\n<div class=\"result-item-text layout-fill layout-column flex\">\n<div class=\"md-secondary-container\">Alle aktuellen eBooks der Universit\u00e4tsbibliothek k\u00f6nnen im Volltext&nbsp; am Campus der MedUni Wien oder via <a title=\"\u00d6ffnet externen Link in neuem Fenster\" href=\"https:\/\/login.ez.srv.meduniwien.ac.at\/login?url=http:\/\/remote-access.ez.srv.meduniwien.ac.at\" target=\"_blank\" rel=\"noopener\"><u><strong>Remote Access (Homeoffice, Dienstreise&#8230;)<\/strong><\/u><\/a> abgerufen werden.<\/div>\n<div><span class=\"teaser__text\">Externe Benutzer:innen k\u00f6nnen nach Erhalt der Bibliothekskarte \u00fcber das WLAN MUW-Bibliothek im Lesesaal der UB eBooks downloaden.<\/span><\/div>\n<div class=\"md-secondary-container\">\n<div class=\"result-item-text layout-fill layout-column flex\">\n<div>\n<div class=\"result-item-text layout-fill layout-column flex\">\n<div class=\"results-title results-title-favorites layout-row\">&nbsp;<\/div>\n<div id=\"SEARCH_RESULT_RECORDID_UMW_alma5145648470003344\" class=\"list-item-primary-content result-item-primary-content layout-row has-checkbox\" tabindex=\"0\" data-recordid=\"UMW_alma5145648470003344\"><span class=\"list-item-count\">1<\/span><\/div>\n<div class=\"md-label\">&nbsp;<\/div>\n<div class=\"result-item-image layout-column\">\n<div class=\"media-content-images\">\n<div class=\"media-thumbnail\">\n<div><img decoding=\"async\" class=\"main-img fan-img-1\" src=\"https:\/\/syndetics.com\/index.aspx?isbn=9783662632734\/SC.JPG&amp;client=primo\" alt=\"\"><\/div>\n<div class=\"text-selector-spacer\">&nbsp;<\/div>\n<\/div>\n<\/div>\n<\/div>\n<div class=\"result-item-text layout-fill layout-column flex\">\n<div class=\"media-content-type align-self-start\"><span translate=\"mediatype.ebook\">E-Book<\/span><\/div>\n<h3 class=\"item-title\"><a class=\"md-primoExplore-theme\" tabindex=\"0\" href=\"https:\/\/ubsearch.meduniwien.ac.at\/primo-explore\/fulldisplay?docid=UMW_alma5145648470003344&amp;context=L&amp;vid=UMW&amp;lang=de_DE\" data-emailref=\"UMW_alma5145648470003344\"><span class=\"\" data-field-selector=\"::title\"> <span dir=\"auto\">Optische Koh\u00e4renztomographie des vorderen Augenabschnitts : Atlas<\/span><\/span><\/a><\/h3>\n<div class=\"item-detail reduce-lines-display\"><span data-field-selector=\"contributor\"> <span dir=\"auto\">Heindl, Ludwig M [HerausgeberIn]Siebelmann, Sebastian [HerausgeberIn]<\/span><\/span><\/div>\n<div class=\"item-detail reduce-lines-display\"><span data-field-selector=\"creationdate\"> <span dir=\"auto\">2022<\/span><\/span><\/div>\n<\/div>\n<div class=\"md-secondary-container\">&nbsp;<\/div>\n<div id=\"SEARCH_RESULT_RECORDID_UMW_alma5145648590003344\" class=\"list-item-primary-content result-item-primary-content layout-row has-checkbox\" tabindex=\"0\" data-recordid=\"UMW_alma5145648590003344\"><span class=\"list-item-count\">2<\/span><\/div>\n<div class=\"md-label\">&nbsp;<\/div>\n<div class=\"result-item-image layout-column\">\n<div class=\"media-content-images\">\n<div class=\"media-thumbnail\">\n<div><img decoding=\"async\" class=\"main-img fan-img-1\" src=\"https:\/\/syndetics.com\/index.aspx?isbn=9783662632215\/SC.JPG&amp;client=primo\" alt=\"\"><\/div>\n<div>&nbsp;<\/div>\n<\/div>\n<\/div>\n<\/div>\n<div class=\"media-content-type align-self-start\"><span translate=\"mediatype.ebook\">E-Book<\/span><\/div>\n<div class=\"result-item-text layout-fill layout-column flex\">\n<h3 class=\"item-title\"><a class=\"md-primoExplore-theme\" tabindex=\"0\" href=\"https:\/\/ubsearch.meduniwien.ac.at\/primo-explore\/fulldisplay?docid=UMW_alma5145648590003344&amp;context=L&amp;vid=UMW&amp;lang=de_DE\" data-emailref=\"UMW_alma5145648590003344\"><span class=\"\" data-field-selector=\"::title\"> <span dir=\"auto\">H\u00fcfttotalendoprothese: minimalinvasiver anterolateraler Zugang<\/span><\/span><\/a><\/h3>\n<div class=\"item-detail reduce-lines-display\"><span data-field-selector=\"creator\"> <span dir=\"auto\">Roth, Andreas [VerfasserIn]Roth, Andreas [VerfasserIn]<\/span><\/span><\/div>\n<div class=\"item-detail reduce-lines-display\"><span data-field-selector=\"creationdate\"> <span dir=\"auto\">2022<\/span><\/span><\/div>\n<\/div>\n<div class=\"md-secondary-container\">&nbsp;<\/div>\n<div id=\"SEARCH_RESULT_RECORDID_UMW_alma5145648530003344\" class=\"list-item-primary-content result-item-primary-content layout-row has-checkbox\" tabindex=\"0\" data-recordid=\"UMW_alma5145648530003344\"><span class=\"list-item-count\">3<\/span><\/div>\n<div class=\"md-label\">&nbsp;<\/div>\n<div class=\"result-item-image layout-column\">\n<div class=\"media-content-images\">\n<div class=\"media-thumbnail\">\n<div><img decoding=\"async\" class=\"main-img fan-img-1\" src=\"https:\/\/syndetics.com\/index.aspx?isbn=9783662628089\/SC.JPG&amp;client=primo\" alt=\"\"><\/div>\n<div>&nbsp;<\/div>\n<\/div>\n<\/div>\n<\/div>\n<div class=\"result-item-text layout-fill layout-column flex\">\n<div class=\"media-content-type align-self-start\"><span translate=\"mediatype.ebook\">E-Book<\/span><\/div>\n<h3 class=\"item-title\"><a class=\"md-primoExplore-theme\" tabindex=\"0\" href=\"https:\/\/ubsearch.meduniwien.ac.at\/primo-explore\/fulldisplay?docid=UMW_alma5145648530003344&amp;context=L&amp;vid=UMW&amp;lang=de_DE\" data-emailref=\"UMW_alma5145648530003344\"><span class=\"\" data-field-selector=\"::title\"> <span dir=\"auto\">Medikament\u00f6se Tumortherapie von Kopf-Hals-Tumoren<\/span><\/span><\/a><\/h3>\n<div class=\"item-detail reduce-lines-display\"><span data-field-selector=\"contributor\"> <span dir=\"auto\">M\u00fcller-Richter, Urs [HerausgeberIn]<\/span><\/span><\/div>\n<div class=\"action-list-content\"><span data-field-selector=\"creationdate\"> <span dir=\"auto\">2022<\/span><\/span><\/div>\n<\/div>\n<div class=\"md-secondary-container\">&nbsp;<\/div>\n<div id=\"SEARCH_RESULT_RECORDID_UMW_alma5145648350003344\" class=\"list-item-primary-content result-item-primary-content layout-row has-checkbox\" tabindex=\"0\" data-recordid=\"UMW_alma5145648350003344\"><span class=\"list-item-count\">4<\/span><\/div>\n<div class=\"md-label\">&nbsp;<\/div>\n<div class=\"result-item-image layout-column\">\n<div class=\"media-content-images\">\n<div class=\"media-thumbnail\">\n<div><img decoding=\"async\" class=\"main-img fan-img-1\" src=\"https:\/\/syndetics.com\/index.aspx?isbn=9783662666777\/SC.JPG&amp;client=primo\" alt=\"\"><\/div>\n<div>&nbsp;<\/div>\n<\/div>\n<\/div>\n<\/div>\n<div class=\"result-item-text layout-fill layout-column flex\">\n<div class=\"media-content-type align-self-start\"><span translate=\"mediatype.ebook\">E-Book<\/span><\/div>\n<h3 class=\"item-title\"><a class=\"md-primoExplore-theme\" tabindex=\"0\" href=\"https:\/\/ubsearch.meduniwien.ac.at\/primo-explore\/fulldisplay?docid=UMW_alma5145648350003344&amp;context=L&amp;vid=UMW&amp;lang=de_DE\" data-emailref=\"UMW_alma5145648350003344\"><span class=\"\" data-field-selector=\"::title\"> <span dir=\"auto\">ECMO : Ein Manual f\u00fcr die Intensivmedizin<\/span><\/span><\/a><\/h3>\n<div class=\"item-detail reduce-lines-display\"><span data-field-selector=\"creator\"> <span dir=\"auto\">R\u00e4pple, Daniel [VerfasserIn]R\u00e4pple, Daniel [VerfasserIn]<\/span><\/span><\/div>\n<div class=\"action-list-content\"><span data-field-selector=\"creationdate\"> <span dir=\"auto\">2022<\/span><\/span><\/div>\n<\/div>\n<div class=\"md-secondary-container\">&nbsp;<\/div>\n<div id=\"SEARCH_RESULT_RECORDID_UMW_alma5145648710003344\" class=\"list-item-primary-content result-item-primary-content layout-row has-checkbox\" tabindex=\"0\" data-recordid=\"UMW_alma5145648710003344\"><span class=\"list-item-count\">5<\/span><\/div>\n<div class=\"md-label\">&nbsp;<\/div>\n<div class=\"result-item-image layout-column\">\n<div class=\"media-content-images\">\n<div class=\"media-thumbnail\">\n<div><img decoding=\"async\" class=\"main-img fan-img-1\" src=\"https:\/\/syndetics.com\/index.aspx?isbn=9783662664179\/SC.JPG&amp;client=primo\" alt=\"\"><\/div>\n<div>&nbsp;<\/div>\n<\/div>\n<\/div>\n<\/div>\n<div class=\"text-selector-spacer\">&nbsp;<\/div>\n<div class=\"result-item-text layout-fill layout-column flex\">\n<div class=\"media-content-type align-self-start\"><span translate=\"mediatype.ebook\">E-Book<\/span><\/div>\n<h3 class=\"item-title\"><a class=\"md-primoExplore-theme\" tabindex=\"0\" href=\"https:\/\/ubsearch.meduniwien.ac.at\/primo-explore\/fulldisplay?docid=UMW_alma5145648710003344&amp;context=L&amp;vid=UMW&amp;lang=de_DE\" data-emailref=\"UMW_alma5145648710003344\"><span class=\"\" data-field-selector=\"::title\"> <span dir=\"auto\">Die Rhizarthrose : Eine \u00dcbersicht f\u00fcr \u00c4rzte aller Fachrichtungen<\/span><\/span><\/a><\/h3>\n<div class=\"item-detail reduce-lines-display\"><span data-field-selector=\"creator\"> <span dir=\"auto\">Ayache, Ali [VerfasserIn]Ayache, Ali [VerfasserIn]Unglaub, Frank [VerfasserIn]<\/span><\/span><\/div>\n<div class=\"action-list-content\"><span data-field-selector=\"creationdate\"> <span dir=\"auto\">2022<\/span><\/span><\/div>\n<\/div>\n<div class=\"md-secondary-container\">&nbsp;<\/div>\n<div id=\"SEARCH_RESULT_RECORDID_UMW_alma5145648500003344\" class=\"list-item-primary-content result-item-primary-content layout-row has-checkbox\" tabindex=\"0\" data-recordid=\"UMW_alma5145648500003344\"><span class=\"list-item-count\">6<\/span><\/div>\n<div class=\"md-label\">&nbsp;<\/div>\n<div class=\"result-item-image layout-column\">\n<div class=\"media-content-images\">\n<div class=\"media-thumbnail\">\n<div><img decoding=\"async\" class=\"main-img fan-img-1\" src=\"https:\/\/syndetics.com\/index.aspx?isbn=9783662647448\/SC.JPG&amp;client=primo\" alt=\"\"><\/div>\n<div>&nbsp;<\/div>\n<\/div>\n<\/div>\n<\/div>\n<div class=\"text-selector-spacer\">&nbsp;<\/div>\n<div class=\"result-item-text layout-fill layout-column flex\">\n<div class=\"media-content-type align-self-start\"><span translate=\"mediatype.ebook\">E-Book<\/span><\/div>\n<h3 class=\"item-title\"><a class=\"md-primoExplore-theme\" tabindex=\"0\" href=\"https:\/\/ubsearch.meduniwien.ac.at\/primo-explore\/fulldisplay?docid=UMW_alma5145648500003344&amp;context=L&amp;vid=UMW&amp;lang=de_DE\" data-emailref=\"UMW_alma5145648500003344\"><span class=\"\" data-field-selector=\"::title\"> <span dir=\"auto\">Nutrazeutika &#8211; Pflanzliche Lebensmittel mit Wirkung : Indikation \u2013 Zubereiten \u2013 Anwenden<\/span><\/span><\/a><\/h3>\n<div class=\"item-detail reduce-lines-display\"><span data-field-selector=\"creator\"> <span dir=\"auto\">Buchart, Karin [VerfasserIn]Buchart, Karin [VerfasserIn]<\/span><\/span><\/div>\n<div class=\"action-list-content\"><span data-field-selector=\"creationdate\"> <span dir=\"auto\">2022<\/span><\/span><\/div>\n<\/div>\n<div class=\"md-secondary-container\">&nbsp;<\/div>\n<div id=\"SEARCH_RESULT_RECORDID_UMW_alma5145648770003344\" class=\"list-item-primary-content result-item-primary-content layout-row has-checkbox\" tabindex=\"0\" data-recordid=\"UMW_alma5145648770003344\"><span class=\"list-item-count\">7<\/span><\/div>\n<div class=\"md-label\">&nbsp;<\/div>\n<div class=\"result-item-image layout-column\">\n<div class=\"media-content-images\">\n<div class=\"media-thumbnail\">\n<div><img decoding=\"async\" class=\"main-img fan-img-1\" src=\"https:\/\/syndetics.com\/index.aspx?isbn=9783658403584\/SC.JPG&amp;client=primo\" alt=\"\"><\/div>\n<div>&nbsp;<\/div>\n<\/div>\n<\/div>\n<\/div>\n<div class=\"text-selector-spacer\">&nbsp;<\/div>\n<div class=\"result-item-text layout-fill layout-column flex\">\n<div class=\"media-content-type align-self-start\"><span translate=\"mediatype.ebook\">E-Book<\/span><\/div>\n<h3 class=\"item-title\"><a class=\"md-primoExplore-theme\" tabindex=\"0\" href=\"https:\/\/ubsearch.meduniwien.ac.at\/primo-explore\/fulldisplay?docid=UMW_alma5145648770003344&amp;context=L&amp;vid=UMW&amp;lang=de_DE\" data-emailref=\"UMW_alma5145648770003344\"><span class=\"\" data-field-selector=\"::title\"> <span dir=\"auto\">Untersuchung von linearen und zirkul\u00e4ren Transkripten des TRAM1- und S100A6-Genlokus im Kontext des Harnblasenkarzinoms<\/span><\/span><\/a><\/h3>\n<div class=\"item-detail reduce-lines-display\"><span data-field-selector=\"creator\"> <span dir=\"auto\">Dubois, Josephine [VerfasserIn]Dubois, Josephine [VerfasserIn]<\/span><\/span><\/div>\n<div class=\"action-list-content\"><span data-field-selector=\"creationdate\"> <span dir=\"auto\">2022<\/span><\/span><\/div>\n<\/div>\n<div class=\"md-secondary-container\">&nbsp;<\/div>\n<div id=\"SEARCH_RESULT_RECORDID_UMW_alma5145648440003344\" class=\"list-item-primary-content result-item-primary-content layout-row has-checkbox\" tabindex=\"0\" data-recordid=\"UMW_alma5145648440003344\"><span class=\"list-item-count\">8<\/span><\/div>\n<div class=\"md-label\">&nbsp;<\/div>\n<div class=\"result-item-image layout-column\">\n<div class=\"media-content-images\">\n<div class=\"media-thumbnail\">\n<div><img decoding=\"async\" class=\"main-img fan-img-1\" src=\"https:\/\/syndetics.com\/index.aspx?isbn=9783662654392\/SC.JPG&amp;client=primo\" alt=\"\"><\/div>\n<div>&nbsp;<\/div>\n<\/div>\n<\/div>\n<\/div>\n<div class=\"text-selector-spacer\">&nbsp;<\/div>\n<div class=\"result-item-text layout-fill layout-column flex\">\n<div class=\"media-content-type align-self-start\"><span translate=\"mediatype.ebook\">E-Book<\/span><\/div>\n<h3 class=\"item-title\"><a class=\"md-primoExplore-theme\" tabindex=\"0\" href=\"https:\/\/ubsearch.meduniwien.ac.at\/primo-explore\/fulldisplay?docid=UMW_alma5145648440003344&amp;context=L&amp;vid=UMW&amp;lang=de_DE\" data-emailref=\"UMW_alma5145648440003344\"><span class=\"\" data-field-selector=\"::title\"> <span dir=\"auto\">Herzschrittmacher-Nachsorge f\u00fcr Einsteiger<\/span><\/span><\/a><\/h3>\n<div class=\"item-detail reduce-lines-display\"><span data-field-selector=\"creator\"> <span dir=\"auto\">Gazarek, Steffen [VerfasserIn]Gazarek, Steffen [VerfasserIn]Restle, Christian [VerfasserIn]<\/span><\/span><\/div>\n<div class=\"action-list-content\"><span data-field-selector=\"creationdate\"> <span dir=\"auto\">2022<\/span><\/span><\/div>\n<\/div>\n<div class=\"md-secondary-container\">&nbsp;<\/div>\n<div id=\"SEARCH_RESULT_RECORDID_UMW_alma5145137730003344\" class=\"list-item-primary-content result-item-primary-content layout-row has-checkbox\" tabindex=\"0\" data-recordid=\"UMW_alma5145137730003344\"><span class=\"list-item-count\">9<\/span><\/div>\n<div class=\"md-label\">&nbsp;<\/div>\n<div class=\"result-item-image layout-column\">\n<div class=\"media-content-images\">\n<div class=\"media-thumbnail\">\n<div><img decoding=\"async\" class=\"main-img fan-img-1\" src=\"https:\/\/syndetics.com\/index.aspx?isbn=9783658401672\/SC.JPG&amp;client=primo\" alt=\"\"><\/div>\n<div>&nbsp;<\/div>\n<\/div>\n<\/div>\n<\/div>\n<div class=\"text-selector-spacer\">&nbsp;<\/div>\n<div class=\"result-item-text layout-fill layout-column flex\">\n<div class=\"media-content-type align-self-start\"><span translate=\"mediatype.ebook\">E-Book<\/span><\/div>\n<h3 class=\"item-title\"><a class=\"md-primoExplore-theme\" tabindex=\"0\" href=\"https:\/\/ubsearch.meduniwien.ac.at\/primo-explore\/fulldisplay?docid=UMW_alma5145137730003344&amp;context=L&amp;vid=UMW&amp;lang=de_DE\" data-emailref=\"UMW_alma5145137730003344\"><span class=\"\" data-field-selector=\"::title\"> <span dir=\"auto\">Sequenz und Struktur des Pro-Enteropeptidase-Gens als Basis f\u00fcr Mutationsanalysen bei angeborenem Enteropeptidasemangel<\/span><\/span><\/a><\/h3>\n<div class=\"item-detail reduce-lines-display\"><span data-field-selector=\"creator\"> <span dir=\"auto\">B\u00fcck, Cornelius [VerfasserIn]B\u00fcck, Cornelius [VerfasserIn]<\/span><\/span><\/div>\n<div class=\"action-list-content\"><span data-field-selector=\"creationdate\"> <span dir=\"auto\">2022<\/span><\/span><\/div>\n<\/div>\n<div class=\"md-secondary-container\">&nbsp;<\/div>\n<div id=\"SEARCH_RESULT_RECORDID_UMW_alma5145137580003344\" class=\"list-item-primary-content result-item-primary-content layout-row has-checkbox\" tabindex=\"0\" data-recordid=\"UMW_alma5145137580003344\"><span class=\"list-item-count\">10<\/span><\/div>\n<div class=\"md-label\">&nbsp;<\/div>\n<div class=\"result-item-image layout-column\">\n<div class=\"media-content-images\">\n<div class=\"media-thumbnail\">\n<div><img decoding=\"async\" class=\"main-img fan-img-1\" src=\"https:\/\/syndetics.com\/index.aspx?isbn=9783662664445\/SC.JPG&amp;client=primo\" alt=\"\"><\/div>\n<div>&nbsp;<\/div>\n<\/div>\n<\/div>\n<\/div>\n<div class=\"text-selector-spacer\">&nbsp;<\/div>\n<div class=\"result-item-text layout-fill layout-column flex\">\n<div class=\"media-content-type align-self-start\"><span translate=\"mediatype.ebook\">E-Book<\/span><\/div>\n<h3 class=\"item-title\"><a class=\"md-primoExplore-theme\" tabindex=\"0\" href=\"https:\/\/ubsearch.meduniwien.ac.at\/primo-explore\/fulldisplay?docid=UMW_alma5145137580003344&amp;context=L&amp;vid=UMW&amp;lang=de_DE\" data-emailref=\"UMW_alma5145137580003344\"><span class=\"\" data-field-selector=\"::title\"> <span dir=\"auto\">\u00c4rztliche Weiterbildung effektiv gestalten : Psychologisches Know-how f\u00fcr \u00c4rztinnen und \u00c4rzte in F\u00fchrungspositionen<\/span><\/span><\/a><\/h3>\n<div class=\"item-detail reduce-lines-display\"><span data-field-selector=\"creator\"> <span dir=\"auto\">Marquardt, Michael [VerfasserIn]Marquardt, Michael [VerfasserIn]<\/span><\/span><\/div>\n<div class=\"action-list-content\"><span data-field-selector=\"creationdate\"> <span dir=\"auto\">2022<\/span><\/span><\/div>\n<\/div>\n<div class=\"md-secondary-container\">&nbsp;<\/div>\n<div id=\"SEARCH_RESULT_RECORDID_UMW_alma5145137790003344\" class=\"list-item-primary-content result-item-primary-content has-checkbox layout-row\" tabindex=\"0\" data-recordid=\"UMW_alma5145137790003344\"><span class=\"list-item-count\">11<\/span><\/div>\n<div class=\"md-label\">&nbsp;<\/div>\n<div class=\"result-item-image layout-column\">\n<div class=\"media-content-images\">\n<div class=\"media-thumbnail\">\n<div><img decoding=\"async\" class=\"main-img fan-img-1\" src=\"https:\/\/syndetics.com\/index.aspx?isbn=9783662659847\/SC.JPG&amp;client=primo\" alt=\"\"><\/div>\n<div class=\"text-selector-spacer\">&nbsp;<\/div>\n<\/div>\n<\/div>\n<\/div>\n<div class=\"result-item-text layout-fill layout-column flex\">\n<div class=\"media-content-type align-self-start\"><span translate=\"mediatype.ebook\">E-Book<\/span><\/div>\n<h3 class=\"item-title\"><a class=\"md-primoExplore-theme\" tabindex=\"0\" href=\"https:\/\/ubsearch.meduniwien.ac.at\/primo-explore\/fulldisplay?docid=UMW_alma5145137790003344&amp;context=L&amp;vid=UMW&amp;lang=de_DE\" data-emailref=\"UMW_alma5145137790003344\"><span class=\"\" data-field-selector=\"::title\"> <span dir=\"auto\">Mehr Bewegung im Arbeitsalltag : Fit und gesund im B\u00fcro und im Home-Office<\/span><\/span><\/a><\/h3>\n<div class=\"item-detail reduce-lines-display\"><span data-field-selector=\"creator\"> <span dir=\"auto\">Joisten, Christine [VerfasserIn]Joisten, Christine [VerfasserIn]Friesen, David [VerfasserIn]Philipp, Annalena [VerfasserIn]<\/span><\/span><\/div>\n<div class=\"action-list-content\"><span data-field-selector=\"creationdate\"> <span dir=\"auto\">2022<\/span><\/span><\/div>\n<\/div>\n<div class=\"md-secondary-container\">&nbsp;<\/div>\n<div id=\"SEARCH_RESULT_RECORDID_UMW_alma5145137490003344\" class=\"list-item-primary-content result-item-primary-content has-checkbox layout-row\" tabindex=\"0\" data-recordid=\"UMW_alma5145137490003344\"><span class=\"list-item-count\">12<\/span><\/div>\n<div class=\"md-label\">&nbsp;<\/div>\n<div class=\"result-item-image layout-column\">\n<div class=\"media-content-images\">\n<div class=\"media-thumbnail\">\n<div><img decoding=\"async\" class=\"main-img fan-img-1\" src=\"https:\/\/syndetics.com\/index.aspx?isbn=9783662649701\/SC.JPG&amp;client=primo\" alt=\"\"><\/div>\n<\/div>\n<\/div>\n<\/div>\n<div class=\"text-selector-spacer\">&nbsp;<\/div>\n<div class=\"result-item-text layout-fill layout-column flex\">\n<div class=\"media-content-type align-self-start\"><span translate=\"mediatype.ebook\">E-Book<\/span><\/div>\n<h3 class=\"item-title\"><a class=\"md-primoExplore-theme\" tabindex=\"0\" href=\"https:\/\/ubsearch.meduniwien.ac.at\/primo-explore\/fulldisplay?docid=UMW_alma5145137490003344&amp;context=L&amp;vid=UMW&amp;lang=de_DE\" data-emailref=\"UMW_alma5145137490003344\"><span class=\"\" data-field-selector=\"::title\"> <span dir=\"auto\">Praxis Verhaltenstherapie : Methoden und Anwendungsbeispiele<\/span><\/span><\/a><\/h3>\n<div class=\"item-detail reduce-lines-display\"><span data-field-selector=\"contributor\"> <span dir=\"auto\">Gatterer, Dr. Gerald [HerausgeberIn]<\/span><\/span><\/div>\n<div class=\"action-list-content\"><span data-field-selector=\"creationdate\"> <span dir=\"auto\">2022<\/span><\/span><\/div>\n<\/div>\n<div class=\"md-secondary-container\">&nbsp;<\/div>\n<div id=\"SEARCH_RESULT_RECORDID_UMW_alma5145137700003344\" class=\"list-item-primary-content result-item-primary-content has-checkbox layout-row\" tabindex=\"0\" data-recordid=\"UMW_alma5145137700003344\"><span class=\"list-item-count\">13<\/span><\/div>\n<div class=\"md-label\">&nbsp;<\/div>\n<div class=\"result-item-image layout-column\">\n<div class=\"media-content-images\">\n<div class=\"media-thumbnail\">\n<div><img decoding=\"async\" class=\"main-img fan-img-1\" src=\"https:\/\/syndetics.com\/index.aspx?isbn=9783658395964\/SC.JPG&amp;client=primo\" alt=\"\"><\/div>\n<div>&nbsp;<\/div>\n<\/div>\n<\/div>\n<\/div>\n<div class=\"media-content-type align-self-start\">&nbsp;<span translate=\"mediatype.ebook\">E-Book<\/span><\/div>\n<div class=\"result-item-text layout-fill layout-column flex\">\n<h3 class=\"item-title\"><a class=\"md-primoExplore-theme\" tabindex=\"0\" href=\"https:\/\/ubsearch.meduniwien.ac.at\/primo-explore\/fulldisplay?docid=UMW_alma5145137700003344&amp;context=L&amp;vid=UMW&amp;lang=de_DE\" data-emailref=\"UMW_alma5145137700003344\"><span class=\"\" data-field-selector=\"::title\"> <span dir=\"auto\">Das probabilistische SIR-Modell (PSIR) im Pandemieprozess : Projektmanagement in der Vorsorge und der Begleitung<\/span><\/span><\/a><\/h3>\n<div class=\"item-detail reduce-lines-display\"><span data-field-selector=\"creator\"> <span dir=\"auto\">Hellwig, Marcus [VerfasserIn]Hellwig, Marcus [VerfasserIn]<\/span><\/span><\/div>\n<div class=\"action-list-content\"><span data-field-selector=\"creationdate\"> <span dir=\"auto\">2022<\/span><\/span><\/div>\n<\/div>\n<div class=\"md-secondary-container\">&nbsp;<\/div>\n<div id=\"SEARCH_RESULT_RECORDID_UMW_alma5145138060003344\" class=\"list-item-primary-content result-item-primary-content has-checkbox layout-row\" tabindex=\"0\" data-recordid=\"UMW_alma5145138060003344\"><span class=\"list-item-count\">14<\/span><\/div>\n<div class=\"md-label\">&nbsp;<\/div>\n<div class=\"result-item-image layout-column\">\n<div class=\"media-content-images\">\n<div class=\"media-thumbnail\">\n<div><img decoding=\"async\" class=\"main-img fan-img-1\" src=\"https:\/\/syndetics.com\/index.aspx?isbn=9783658382995\/SC.JPG&amp;client=primo\" alt=\"\"><\/div>\n<div>&nbsp;<\/div>\n<\/div>\n<\/div>\n<\/div>\n<div class=\"media-content-type align-self-start\">&nbsp;<span translate=\"mediatype.ebook\">E-Book<\/span><\/div>\n<div class=\"result-item-text layout-fill layout-column flex\">\n<h3 class=\"item-title\"><a class=\"md-primoExplore-theme\" tabindex=\"0\" href=\"https:\/\/ubsearch.meduniwien.ac.at\/primo-explore\/fulldisplay?docid=UMW_alma5145138060003344&amp;context=L&amp;vid=UMW&amp;lang=de_DE\" data-emailref=\"UMW_alma5145138060003344\"><span class=\"\" data-field-selector=\"::title\"> <span dir=\"auto\">Qualit\u00e4tsmanagement im Gesundheitswesen : Grundlagen f\u00fcr Studium und Praxis<\/span><\/span><\/a><\/h3>\n<div class=\"item-detail reduce-lines-display\"><span data-field-selector=\"creator\"> <span dir=\"auto\">Hensen, Peter [VerfasserIn]Hensen, Peter [VerfasserIn]<\/span><\/span><\/div>\n<div class=\"item-detail reduce-lines-display\"><span data-field-selector=\"creationdate\"> <span dir=\"auto\">2022<\/span><\/span><\/div>\n<div class=\"md-secondary-container\">&nbsp;<\/div>\n<\/div>\n<div id=\"SEARCH_RESULT_RECORDID_UMW_alma2143867420003344\" class=\"list-item-primary-content result-item-primary-content has-checkbox layout-row\" tabindex=\"0\" data-recordid=\"UMW_alma2143867420003344\"><span class=\"list-item-count\">15<\/span><\/div>\n<div class=\"md-label\">&nbsp;<\/div>\n<div class=\"result-item-image layout-column\">\n<div class=\"media-content-images\">\n<div class=\"media-thumbnail\">\n<div><img decoding=\"async\" class=\"main-img fan-img-1\" src=\"https:\/\/books.google.com\/books\/content?id=GtiXzgEACAAJ&amp;printsec=frontcover&amp;img=1&amp;zoom=5\" alt=\"\"><\/div>\n<div>&nbsp;<\/div>\n<\/div>\n<\/div>\n<\/div>\n<div class=\"media-content-type align-self-start\">&nbsp;<span translate=\"mediatype.book\">Buch<\/span><\/div>\n<div class=\"result-item-text layout-fill layout-column flex\">\n<h3 class=\"item-title\"><a class=\"md-primoExplore-theme\" tabindex=\"0\" href=\"https:\/\/ubsearch.meduniwien.ac.at\/primo-explore\/fulldisplay?docid=UMW_alma2143867420003344&amp;context=L&amp;vid=UMW&amp;lang=de_DE\" data-emailref=\"UMW_alma2143867420003344\"><span class=\"\" data-field-selector=\"::title\"> <span dir=\"auto\">First aid for the USMLE Step 1 2022 : a student-to-student guide<\/span><\/span><\/a><\/h3>\n<div class=\"item-detail reduce-lines-display\"><span data-field-selector=\"contributor\"> <span dir=\"auto\">Le, Tao [HerausgeberIn]Sochat, Matthew [HerausgeberIn]Bhushan, Vikas [HerausgeberIn]Kaparaliotis, Panagiotis [HerausgeberIn]Qiu, Connie [HerausgeberIn]Chalise, Anup [HerausgeberIn]Coleman, Caroline [HerausgeberIn]Kallianos, Kimberly [HerausgeberIn]<\/span><\/span><\/div>\n<div class=\"item-detail reduce-lines-display\"><span data-field-selector=\"creationdate\"> <span dir=\"auto\">2022<\/span><\/span><\/div>\n<div><span class=\"list-item-count\"><img loading=\"lazy\" decoding=\"async\" class=\"alignnone wp-image-27008\" src=\"https:\/\/ub-blog.meduniwien.ac.at\/blog\/wp-content\/uploads\/2017\/01\/VanSwietenBlog_M.Hartl_.jpg\" alt=\"Logo Margrit Hartl\" width=\"176\" height=\"64\"><\/span><\/div>\n<\/div>\n<div class=\"results-title results-title-favorites layout-row\">\n<div class=\"result-item-text layout-fill layout-column flex\">\n<div class=\"search-result-availability-line-wrapper\">&nbsp;<\/div>\n<\/div>\n<\/div>\n<\/div>\n<\/div>\n<\/div>\n<\/div>\n<\/div>\n<\/div>\n<\/div>\n","protected":false},"excerpt":{"rendered":"<p>Alle aktuellen eBooks der Universit\u00e4tsbibliothek k\u00f6nnen im Volltext&nbsp; am Campus der MedUni Wien oder via Remote Access (Homeoffice, Dienstreise&#8230;) abgerufen werden. Externe Benutzer:innen k\u00f6nnen nach Erhalt der Bibliothekskarte \u00fcber das WLAN MUW-Bibliothek im Lesesaal der UB eBooks downloaden. &nbsp; 1 &nbsp; &nbsp; E-Book Optische Koh\u00e4renztomographie des vorderen Augenabschnitts : Atlas Heindl, Ludwig M [HerausgeberIn]Siebelmann, Sebastian &hellip; <a href=\"https:\/\/ub.meduniwien.ac.at\/blog\/?p=40648\" class=\"more-link\"><span class=\"screen-reader-text\">2023-03: FRESH eBOOKS: Optische Koh\u00e4renztomographie des vorderen Augenabschnitts : Atlas; Medikament\u00f6se Tumortherapie von Kopf-Hals-Tumoren;..<\/span> weiterlesen <span class=\"meta-nav\">&rarr;<\/span><\/a><\/p>\n","protected":false},"author":2,"featured_media":0,"comment_status":"open","ping_status":"open","sticky":false,"template":"","format":"standard","meta":{"ngg_post_thumbnail":0,"footnotes":""},"categories":[1,24,8,1136,11,2,16,7],"tags":[1617,2747],"class_list":["post-40648","post","type-post","status-publish","format-standard","hentry","category-allgemeines","category-books-journals","category-e-books","category-ebooks-neu","category-literaturhinweis","category-news","category-news1","category-online-katalog","tag-e-books","tag-ebooks"],"views":1598,"_links":{"self":[{"href":"https:\/\/ub.meduniwien.ac.at\/blog\/index.php?rest_route=\/wp\/v2\/posts\/40648","targetHints":{"allow":["GET"]}}],"collection":[{"href":"https:\/\/ub.meduniwien.ac.at\/blog\/index.php?rest_route=\/wp\/v2\/posts"}],"about":[{"href":"https:\/\/ub.meduniwien.ac.at\/blog\/index.php?rest_route=\/wp\/v2\/types\/post"}],"author":[{"embeddable":true,"href":"https:\/\/ub.meduniwien.ac.at\/blog\/index.php?rest_route=\/wp\/v2\/users\/2"}],"replies":[{"embeddable":true,"href":"https:\/\/ub.meduniwien.ac.at\/blog\/index.php?rest_route=%2Fwp%2Fv2%2Fcomments&post=40648"}],"version-history":[{"count":5,"href":"https:\/\/ub.meduniwien.ac.at\/blog\/index.php?rest_route=\/wp\/v2\/posts\/40648\/revisions"}],"predecessor-version":[{"id":40959,"href":"https:\/\/ub.meduniwien.ac.at\/blog\/index.php?rest_route=\/wp\/v2\/posts\/40648\/revisions\/40959"}],"wp:attachment":[{"href":"https:\/\/ub.meduniwien.ac.at\/blog\/index.php?rest_route=%2Fwp%2Fv2%2Fmedia&parent=40648"}],"wp:term":[{"taxonomy":"category","embeddable":true,"href":"https:\/\/ub.meduniwien.ac.at\/blog\/index.php?rest_route=%2Fwp%2Fv2%2Fcategories&post=40648"},{"taxonomy":"post_tag","embeddable":true,"href":"https:\/\/ub.meduniwien.ac.at\/blog\/index.php?rest_route=%2Fwp%2Fv2%2Ftags&post=40648"}],"curies":[{"name":"wp","href":"https:\/\/api.w.org\/{rel}","templated":true}]}}