{"id":40633,"date":"2023-03-02T09:16:12","date_gmt":"2023-03-02T08:16:12","guid":{"rendered":"https:\/\/ub-blog.meduniwien.ac.at\/blog\/?p=40633"},"modified":"2023-03-02T09:16:52","modified_gmt":"2023-03-02T08:16:52","slug":"neuerwerbungen-an-der-zweigbibliothek-fuer-zahnmedizin-2-2","status":"publish","type":"post","link":"https:\/\/ub.meduniwien.ac.at\/blog\/?p=40633","title":{"rendered":"Neuzug\u00e4nge an der Zweigbibliothek f\u00fcr Zahnmedizin"},"content":{"rendered":"<p>Die Zweigbibliothek f\u00fcr Zahnmedizin erweitert ihren Bestand kontinuierlich um zahlreiche interessante Neuerwerbungen. Wir freuen uns, Ihnen die Liste der aktuellen Neuerwerbungen im M\u00e4rz vorstellen zu k\u00f6nnen:<\/p>\n<div aria-labelledby=\"modalTitle\" aria-describedby=\"modalDescription\">\n<div role=\"document\">\n<div class=\"layout-column-print\">\n<div id=\"full-view-container\" class=\"full-view-container layout-xs-column layout-sm-column layout-gt-sm-row flex\">\n<div class=\"full-view-inner-container flex\">\n<div id=\"brief\" class=\"\" tabindex=\"-1\">\n<div class=\"section-body \">\n<div id=\"SEARCH_RESULT_RECORDID_UMW_alma2145347790003344_FULL_VIEW\" class=\"list-item-primary-content result-item-primary-content layout-row\" tabindex=\"-1\" role=\"none\" data-recordid=\"UMW_alma2145347790003344\">\n<div class=\"result-item-image layout-column\">\n<div class=\"media-content-images\">\n<div class=\"media-thumbnail\">\n<div><img decoding=\"async\" class=\"main-img fan-img-1\" src=\"https:\/\/syndetics.com\/index.aspx?isbn=9781119793557\/SC.JPG&amp;client=primo\" alt=\"\"><\/div>\n<\/div>\n<\/div>\n<\/div>\n<div class=\"result-item-text layout-fill layout-column flex\">\n<p><a class=\"md-primoExplore-theme full-view-mouse-pointer\" tabindex=\"-1\" href=\"https:\/\/ubsearch.meduniwien.ac.at\/primo-explore\/fulldisplay?docid=UMW_alma2145347790003344&amp;context=L&amp;vid=UMW&amp;lang=de_DE&amp;search_scope=UMW_all&amp;adaptor=Local Search Engine&amp;tab=default_tab&amp;query=any%2Ccontains%2CChaar%20%20E.%3A%20Practical%20Techniques%20in%20Periodontics%20and%20Implant%20Dentistry&amp;mode=Basic\" data-emailref=\"UMW_alma2145347790003344\"><span class=\"\" data-field-selector=\"::title\"><span dir=\"auto\"><mark>Practical techniques in periodontics and implant dentistry<\/mark><\/span><\/span><\/a><span data-field-selector=\"creator\"><br \/>\n<span dir=\"auto\">El <mark>Chaar<\/mark>, Edgard [VerfasserIn]El <mark>Chaar<\/mark>, Edgard [VerfasserIn]<\/span><\/span><span data-field-selector=\"creationdate\"><br \/>\n<span dir=\"auto\">2023<\/span><\/span><\/p>\n<\/div>\n<\/div>\n<\/div>\n<\/div>\n<\/div>\n<div>&nbsp;<img decoding=\"async\" class=\"main-img fan-img-1\" src=\"https:\/\/syndetics.com\/index.aspx?isbn=9781119795001\/SC.JPG&amp;client=primo\" alt=\"\"><\/div>\n<div class=\"full-view-inner-container flex\">\n<div id=\"brief\" class=\"\" tabindex=\"-1\">\n<div class=\"section-body \">\n<div id=\"SEARCH_RESULT_RECORDID_UMW_alma2145347790003344_FULL_VIEW\" class=\"list-item-primary-content result-item-primary-content layout-row\" tabindex=\"-1\" role=\"none\" data-recordid=\"UMW_alma2145347790003344\">\n<div class=\"result-item-text layout-fill layout-column flex\">\n<div>\n<div class=\"result-item-image layout-column\">\n<div class=\"media-content-images\">\n<div class=\"media-thumbnail\">\n<div><a class=\"md-primoExplore-theme full-view-mouse-pointer\" tabindex=\"-1\" href=\"https:\/\/ubsearch.meduniwien.ac.at\/primo-explore\/fulldisplay?docid=UMW_alma2145347670003344&amp;context=L&amp;vid=UMW&amp;lang=de_DE&amp;search_scope=UMW_all&amp;adaptor=Local Search Engine&amp;tab=default_tab&amp;query=any%2Ccontains%2CHarding%20%20J.%3A%20Care%20of%20Head%20and%20Neck%20Cancer%20Patients%20for%20Dental%20Hygienists%20and%20Therapists&amp;mode=Basic\" data-emailref=\"UMW_alma2145347670003344\"><span class=\"\" data-field-selector=\"::title\"> <span dir=\"auto\"><mark>Care of head and neck cancer patients for dental hygienists and dental therapists<\/mark><\/span><\/span><\/a><\/div>\n<\/div>\n<\/div>\n<\/div>\n<div class=\"result-item-text layout-fill layout-column flex\">\n<div class=\"item-detail reduce-lines-display\"><span data-field-selector=\"contributor\"> <span dir=\"auto\"><mark>Harding<\/mark>, Jocelyn <mark>J<\/mark>. [HerausgeberIn]<\/span><\/span><\/div>\n<div class=\"item-detail reduce-lines-display\"><span data-field-selector=\"creationdate\"> <span dir=\"auto\">2023<\/span><\/span><\/div>\n<div>&nbsp;<\/div>\n<div>\n<div class=\"result-item-image layout-column\">\n<div class=\"media-content-images\">\n<div class=\"media-thumbnail\">\n<div><img decoding=\"async\" class=\"main-img fan-img-1\" src=\"https:\/\/syndetics.com\/index.aspx?isbn=9781119438885\/SC.JPG&amp;client=primo\" alt=\"\"><\/div>\n<\/div>\n<\/div>\n<\/div>\n<div class=\"text-selector-spacer\">\n<p><span id=\"zoteroSingleRecord\" class=\"urlToXmlPnxSingleRecord\" title=\"https:\/\/ubsearch.meduniwien.ac.at\/primo_library\/libweb\/webservices\/rest\/primo-explore\/v1\/pnxs\/xml\/L\/UMW_alma2145347630003344?vid=UMW&amp;lang=de_DE&amp;search_scope=UMW_all&amp;adaptor=Local Search Engine&amp;inst=UMW&amp;showPnx=true&amp;jwtAsParam=eyJraWQiOiJwcmltb0V4cGxvcmVQcml2YXRlS2V5LVVNVyIsImFsZyI6IkVTMjU2In0.eyJpc3MiOiJQcmltbyIsImp0aSI6IiIsImV4cCI6MTY3NzgzMDY2MSwiaWF0IjoxNjc3NzQ0MjYxLCJ1c2VyIjoiYW5vbnltb3VzLTAzMDJfMDgwNDIxIiwidXNlck5hbWUiOm51bGwsInVzZXJHcm91cCI6IkdVRVNUIiwiYm9yR3JvdXBJZCI6bnVsbCwidWJpZCI6bnVsbCwiaW5zdGl0dXRpb24iOiJVTVciLCJ2aWV3SW5zdGl0dXRpb25Db2RlIjoiVU1XIiwiaXAiOiIxNDkuMTQ4LjIyNC4yMyIsInBkc1JlbW90ZUluc3QiOm51bGwsIm9uQ2FtcHVzIjoidHJ1ZSIsImxhbmd1YWdlIjoiZGVfREUiLCJhdXRoZW50aWNhdGlvblByb2ZpbGUiOiIiLCJ2aWV3SWQiOiJVTVciLCJpbHNBcGlJZCI6bnVsbCwic2FtbFNlc3Npb25JbmRleCI6IiIsImp3dEFsdGVybmF0aXZlQmVhY29uSW5zdGl0dXRpb25Db2RlIjoiVU1XIn0.byuJ3_CxPbLNMLXqObb9GaMNbirSJtkH3NYEdOxHbk3PCCWms1SnHQoGRm28BpsDTIXODM7IxCimr4SmDtlKOA\" aria-hidden=\"true\" data-url=\"https:\/\/ubsearch.meduniwien.ac.at\/primo_library\/libweb\/webservices\/rest\/primo-explore\/v1\/pnxs\/xml\/L\/UMW_alma2145347630003344?vid=UMW&amp;lang=de_DE&amp;search_scope=UMW_all&amp;adaptor=Local Search Engine&amp;inst=UMW&amp;showPnx=true&amp;jwtAsParam=eyJraWQiOiJwcmltb0V4cGxvcmVQcml2YXRlS2V5LVVNVyIsImFsZyI6IkVTMjU2In0.eyJpc3MiOiJQcmltbyIsImp0aSI6IiIsImV4cCI6MTY3NzgzMDY2MSwiaWF0IjoxNjc3NzQ0MjYxLCJ1c2VyIjoiYW5vbnltb3VzLTAzMDJfMDgwNDIxIiwidXNlck5hbWUiOm51bGwsInVzZXJHcm91cCI6IkdVRVNUIiwiYm9yR3JvdXBJZCI6bnVsbCwidWJpZCI6bnVsbCwiaW5zdGl0dXRpb24iOiJVTVciLCJ2aWV3SW5zdGl0dXRpb25Db2RlIjoiVU1XIiwiaXAiOiIxNDkuMTQ4LjIyNC4yMyIsInBkc1JlbW90ZUluc3QiOm51bGwsIm9uQ2FtcHVzIjoidHJ1ZSIsImxhbmd1YWdlIjoiZGVfREUiLCJhdXRoZW50aWNhdGlvblByb2ZpbGUiOiIiLCJ2aWV3SWQiOiJVTVciLCJpbHNBcGlJZCI6bnVsbCwic2FtbFNlc3Npb25JbmRleCI6IiIsImp3dEFsdGVybmF0aXZlQmVhY29uSW5zdGl0dXRpb25Db2RlIjoiVU1XIn0.byuJ3_CxPbLNMLXqObb9GaMNbirSJtkH3NYEdOxHbk3PCCWms1SnHQoGRm28BpsDTIXODM7IxCimr4SmDtlKOA\"><\/span><a class=\"md-primoExplore-theme full-view-mouse-pointer\" tabindex=\"-1\" href=\"https:\/\/ubsearch.meduniwien.ac.at\/primo-explore\/fulldisplay?docid=UMW_alma2145347630003344&amp;context=L&amp;vid=UMW&amp;lang=de_DE&amp;search_scope=UMW_all&amp;adaptor=Local Search Engine&amp;tab=default_tab&amp;query=any%2Ccontains%2CBerglundh%2C%20T.%3A%20Lindhe's%20Clinical%20Periodontology%20and%20Implant%20Dentistry&amp;offset=0\" data-emailref=\"UMW_alma2145347630003344\"><span class=\"\" data-field-selector=\"::title\"><span dir=\"auto\"><mark>Lindhe&#8217;s clinical periodontology and implant dentistry<\/mark><\/span><\/span><\/a><span data-field-selector=\"creator\"><span dir=\"auto\"><br \/>\nLang, Niklaus P., 1942- [VerfasserIn]Lang, Niklaus P., 1942- [VerfasserIn]<\/span><\/span> <span data-field-selector=\"contributor\"> <span dir=\"auto\">Lang, Nikolaus P. [HerausgeberIn]<mark>Berglundh,<\/mark> Tord [HerausgeberIn]Giannobile, William V. [HerausgeberIn]Sanz, Mariano [HerausgeberIn]<\/span><\/span><\/p>\n<\/div>\n<\/div>\n<\/div>\n<\/div>\n<\/div>\n<\/div>\n<\/div>\n<\/div>\n<\/div>\n<\/div>\n<\/div>\n<\/div>\n<\/div>\n<h2><img loading=\"lazy\" decoding=\"async\" class=\"wp-image-38464 alignnone\" src=\"https:\/\/ub-blog.meduniwien.ac.at\/blog\/wp-content\/uploads\/2022\/02\/ZB_Zahn_M.Hartl_-300x291.jpg\" alt=\"Grafik_Margrit Hartl\" width=\"109\" height=\"107\" srcset=\"https:\/\/ub.meduniwien.ac.at\/blog\/wp-content\/uploads\/2022\/02\/ZB_Zahn_M.Hartl_-300x291.jpg 300w, https:\/\/ub.meduniwien.ac.at\/blog\/wp-content\/uploads\/2022\/02\/ZB_Zahn_M.Hartl_.jpg 670w\" sizes=\"auto, (max-width: 109px) 100vw, 109px\" \/><a href=\"https:\/\/www.unizahnklinik-wien.at\/ueber-uns\/unsere-bibliothek\/\">\u00d6ffnungszeiten <\/a><\/h2>\n<p><a href=\"https:\/\/ub-blog.meduniwien.ac.at\/blog\/wp-content\/uploads\/2022\/02\/Zahn_ubmed360-1.jpg\"><img loading=\"lazy\" decoding=\"async\" class=\"alignnone size-full wp-image-38452\" src=\"https:\/\/ub-blog.meduniwien.ac.at\/blog\/wp-content\/uploads\/2022\/02\/Zahn_ubmed360-1.jpg\" alt=\"\" width=\"600\" height=\"643\" srcset=\"https:\/\/ub.meduniwien.ac.at\/blog\/wp-content\/uploads\/2022\/02\/Zahn_ubmed360-1.jpg 600w, https:\/\/ub.meduniwien.ac.at\/blog\/wp-content\/uploads\/2022\/02\/Zahn_ubmed360-1-280x300.jpg 280w\" sizes=\"auto, (max-width: 600px) 100vw, 600px\" \/><\/a><a href=\"https:\/\/www.unizahnklinik-wien.at\/ueber-uns\/unsere-bibliothek\/\"><img loading=\"lazy\" decoding=\"async\" class=\"wp-image-38448 alignnone\" src=\"https:\/\/ub-blog.meduniwien.ac.at\/blog\/wp-content\/uploads\/2022\/02\/ZB_Zahn_Logo_M.Hartl_-800x240.jpg\" alt=\"\" width=\"357\" height=\"107\" srcset=\"https:\/\/ub.meduniwien.ac.at\/blog\/wp-content\/uploads\/2022\/02\/ZB_Zahn_Logo_M.Hartl_-800x240.jpg 800w, https:\/\/ub.meduniwien.ac.at\/blog\/wp-content\/uploads\/2022\/02\/ZB_Zahn_Logo_M.Hartl_-300x90.jpg 300w, https:\/\/ub.meduniwien.ac.at\/blog\/wp-content\/uploads\/2022\/02\/ZB_Zahn_Logo_M.Hartl_-768x230.jpg 768w\" sizes=\"auto, (max-width: 357px) 100vw, 357px\" \/><\/a><\/p>\n","protected":false},"excerpt":{"rendered":"<p>Die Zweigbibliothek f\u00fcr Zahnmedizin erweitert ihren Bestand kontinuierlich um zahlreiche interessante Neuerwerbungen. Wir freuen uns, Ihnen die Liste der aktuellen Neuerwerbungen im M\u00e4rz vorstellen zu k\u00f6nnen: Practical techniques in periodontics and implant dentistry El Chaar, Edgard [VerfasserIn]El Chaar, Edgard [VerfasserIn] 2023 &nbsp; Care of head and neck cancer patients for dental hygienists and dental therapists &hellip; <a href=\"https:\/\/ub.meduniwien.ac.at\/blog\/?p=40633\" class=\"more-link\"><span class=\"screen-reader-text\">Neuzug\u00e4nge an der Zweigbibliothek f\u00fcr Zahnmedizin<\/span> weiterlesen <span class=\"meta-nav\">&rarr;<\/span><\/a><\/p>\n","protected":false},"author":2,"featured_media":0,"comment_status":"open","ping_status":"open","sticky":false,"template":"","format":"standard","meta":{"ngg_post_thumbnail":0,"footnotes":""},"categories":[1],"tags":[],"class_list":["post-40633","post","type-post","status-publish","format-standard","hentry","category-allgemeines"],"views":1367,"_links":{"self":[{"href":"https:\/\/ub.meduniwien.ac.at\/blog\/index.php?rest_route=\/wp\/v2\/posts\/40633","targetHints":{"allow":["GET"]}}],"collection":[{"href":"https:\/\/ub.meduniwien.ac.at\/blog\/index.php?rest_route=\/wp\/v2\/posts"}],"about":[{"href":"https:\/\/ub.meduniwien.ac.at\/blog\/index.php?rest_route=\/wp\/v2\/types\/post"}],"author":[{"embeddable":true,"href":"https:\/\/ub.meduniwien.ac.at\/blog\/index.php?rest_route=\/wp\/v2\/users\/2"}],"replies":[{"embeddable":true,"href":"https:\/\/ub.meduniwien.ac.at\/blog\/index.php?rest_route=%2Fwp%2Fv2%2Fcomments&post=40633"}],"version-history":[{"count":13,"href":"https:\/\/ub.meduniwien.ac.at\/blog\/index.php?rest_route=\/wp\/v2\/posts\/40633\/revisions"}],"predecessor-version":[{"id":40647,"href":"https:\/\/ub.meduniwien.ac.at\/blog\/index.php?rest_route=\/wp\/v2\/posts\/40633\/revisions\/40647"}],"wp:attachment":[{"href":"https:\/\/ub.meduniwien.ac.at\/blog\/index.php?rest_route=%2Fwp%2Fv2%2Fmedia&parent=40633"}],"wp:term":[{"taxonomy":"category","embeddable":true,"href":"https:\/\/ub.meduniwien.ac.at\/blog\/index.php?rest_route=%2Fwp%2Fv2%2Fcategories&post=40633"},{"taxonomy":"post_tag","embeddable":true,"href":"https:\/\/ub.meduniwien.ac.at\/blog\/index.php?rest_route=%2Fwp%2Fv2%2Ftags&post=40633"}],"curies":[{"name":"wp","href":"https:\/\/api.w.org\/{rel}","templated":true}]}}