{"id":40029,"date":"2022-11-17T15:25:54","date_gmt":"2022-11-17T14:25:54","guid":{"rendered":"https:\/\/ub-blog.meduniwien.ac.at\/blog\/?p=40029"},"modified":"2024-08-28T08:17:40","modified_gmt":"2024-08-28T07:17:40","slug":"34761-2-2-2-2-2-2-3-2-2-2-3-2-2-2-3-2-2-2-3-2-3-5-2-2-2-3-2-2-3-2-2-2-2-2-2-2-2-5-3-2-2-2-2-2-2-2-2-2-2-2-2-2-2-2-2-2-2-2-2-2-2-2-2-2","status":"publish","type":"post","link":"https:\/\/ub.meduniwien.ac.at\/blog\/?p=40029","title":{"rendered":"Aus den medizinhistorischen Best\u00e4nden der Ub MedUni Wien [194]: Teleky, Hermann \u2013 Arzt und Funktion\u00e4r in medizinischen Vereinen"},"content":{"rendered":"<p><strong>Teleky, Hermann \u2013 Arzt und Funktion\u00e4r in medizinischen Vereinen<\/strong><\/p>\n<p>Text: Walter Mentzel<\/p>\n<p>Hermann Teleky wurde am 22. Dezember 1837 in Bittsee an der Waag (heute: Bytca Zilinsky kraj\/Slowakei) als Sohn von Simon Teleki und Therese Teleki geboren. 1867 heiratete er die Wienerin Marie Koritschoner (1848-1927) mit der er die Kinder, den Sozialmediziner <a href=\"https:\/\/ub-blog.meduniwien.ac.at\/blog\/?p=34585\">Ludwig Teleky<\/a> (1872-1957), die Krankenpflegerin Elsa Teleky (1874-?) und die Gyn\u00e4kologin <a href=\"https:\/\/ub-blog.meduniwien.ac.at\/blog\/?tag=dora-bruecke-teleky\">Dora Br\u00fccke-Teleky<\/a> (1879-1963) hatte.<\/p>\n<p>Teleky kam 1855 nach Wien und begann mit dem Studium der Medizin an der Universit\u00e4t Wien, das er im Juni 1861 mit dem Doktorat der Medizin und im Dezember 1863 mit den Doktorat der Chirurgie abschloss.<a href=\"#_ftn1\" name=\"_ftnref1\">[1]<\/a> Zwischen 1861 und 1867 arbeitete er als Sekundararzt im Wiedner Krankenhaus und im Rudolfsspital und widmete sich danach seiner \u00e4rztlichen Praxis in Wien 1, Fleischmarkt 4.<\/p>\n<p>Teleky engagierte sich vor allem im \u00e4rztlichen Vereinswesen, wo er verschiedenste Funktionen einnahm. Dazu z\u00e4hlen seine Mitgliedschaft und Funktion im Vorstand des wissenschaftlichen Ausschusses des Wiener Doktoren-Kollegiums, dessen Mitglied er seit 1866 war,<a href=\"#_ftn2\" name=\"_ftnref2\">[2]<\/a> die Mitgliedschaft in der Gesellschaft der \u00c4rzte in Wien, in die er 1870 zun\u00e4chst als ordentliches Mitglied beitrat und Funktionen in den Verwaltungsgremien aus\u00fcbte,<a href=\"#_ftn3\" name=\"_ftnref3\">[3]<\/a> sowie seine Mitgliedschaft in der Sektion Wien des nieder\u00f6sterreichischen \u00c4rztevereins, wo er auch 1880 die Funktion des stellvertretenden Pr\u00e4sidenten einnahm.<a href=\"#_ftn4\" name=\"_ftnref4\">[4]<\/a> Nachdem er 1894 an der Wahl der Wiener \u00c4rztekammer teilnahm, kam es zu seiner Wahl im Mai 1894.<a href=\"#_ftn5\" name=\"_ftnref5\">[5]<\/a> Weiters war er als Mitglied im Verband der Gesellschaft f\u00fcr innere Medizin und Kinderheilkunde<a href=\"#_ftn6\" name=\"_ftnref6\">[6]<\/a> sowie im Vorstand des <a href=\"https:\/\/ub-blog.meduniwien.ac.at\/blog\/?tag=verein-lupusheilstaette\">Verein Lupusheilst\u00e4tte<\/a> t\u00e4tig.<a href=\"#_ftn7\" name=\"_ftnref7\">[7]<\/a><\/p>\n<p>Von Teleky sind einige Publikationen erhalten, darunter seine 1888 erschienene Arbeit \u201e<a href=\"https:\/\/ubsearch.meduniwien.ac.at\/primo-explore\/fulldisplay?docid=UMW_alma2144218560003344&amp;context=L&amp;vid=UMW&amp;lang=de_DE&amp;search_scope=UMW_all&amp;adaptor=Local%20Search%20Engine&amp;tab=default_tab&amp;query=any,contains,teleky%20hermann&amp;mode=Basic\">Ueber Diabetes Mellitus. Bemerkungen gelegentlich der von Prof. Seegen im Wiener Medizinischen Doctoren-Collegium gehaltenen Vortr\u00e4ge<\/a>\u201c, der 1892 publizierte Aufsatz \u201e<a href=\"https:\/\/ubsearch.meduniwien.ac.at\/primo-explore\/fulldisplay?docid=UMW_alma2144218480003344&amp;context=L&amp;vid=UMW&amp;lang=de_DE&amp;search_scope=UMW_all&amp;adaptor=Local%20Search%20Engine&amp;tab=default_tab&amp;query=any,contains,teleky%20hermann&amp;mode=Basic\">Pankreasdiabetes und Icterus gravis<\/a>\u201c und sein in der k.k. Gesellschaft der \u00c4rzte in Wien am 3. Februar 1893 gehaltene Vortrag \u201e<a href=\"https:\/\/ubsearch.meduniwien.ac.at\/primo-explore\/fulldisplay?docid=UMW_alma2144218520003344&amp;context=L&amp;vid=UMW&amp;lang=de_DE&amp;search_scope=UMW_all&amp;adaptor=Local%20Search%20Engine&amp;tab=default_tab&amp;query=any,contains,teleky%20hermann&amp;mode=Basic\">Ueber subjective und objective Kopfger\u00e4usche<\/a>\u201c, der als Sonderdruck ver\u00f6ffentlicht wurde. Diese Arbeiten befinden sich in der Separata-Bibliothek an der Zweigbibliothek f\u00fcr Geschichte der Medizin. Ebenfalls an der Zweigbibliothek befindet sich von ihm im Bestand der Neuburger-Bibliothek seine 1907 ver\u00f6ffentlichte Publikation zur \u201e<a href=\"https:\/\/webapp.uibk.ac.at\/alo\/cat\/card.jsp?id=8653302\">Lupusheilst\u00e4tte und Lupusheim in Wien<\/a>\u201c sowie sein 1885 publizierte Artikel \u201e<a href=\"https:\/\/webapp.uibk.ac.at\/alo\/cat\/card.jsp?id=8653304\">\u00dcber den mechanischen Verschluss des Anus praeternaturalis<\/a>\u201c und weiters seine 1886 erschienene Arbeit \u201e<a href=\"https:\/\/webapp.uibk.ac.at\/alo\/cat\/card.jsp?id=8653303\">\u00dcber Meningitis cerebrospinalis infectiosa<\/a>\u201c.<\/p>\n<p>In der Hebammen-Zeitung ver\u00f6ffentlichte er 1889 die Artikelserie \u201e<a href=\"https:\/\/anno.onb.ac.at\/cgi-content\/anno?aid=hez&amp;datum=18891130&amp;query=%22dr.+h.+teleky%22&amp;ref=anno-search&amp;seite=4\">Die Ern\u00e4hrung des schulpflichtigen Kindes<\/a>\u201c (<a href=\"https:\/\/anno.onb.ac.at\/cgi-content\/anno?aid=hez&amp;datum=18891215&amp;query=%22dr.+h.+teleky%22&amp;ref=anno-search&amp;seite=5\">2. Teil<\/a>)<a href=\"#_ftn8\" name=\"_ftnref8\">[8]<\/a>, und 1890 seinen vor dem Unterst\u00fctzungsverein f\u00fcr Hebammen in Wien gehaltenen Vortrag \u201e<a href=\"https:\/\/anno.onb.ac.at\/cgi-content\/anno?aid=hez&amp;datum=18900430&amp;query=%22hermann+teleky%22&amp;ref=anno-search&amp;seite=1\">\u00dcber Wahl und Behandlung der Ammen<\/a>\u201c.<a href=\"#_ftn9\" name=\"_ftnref9\">[9]<\/a><\/p>\n<p>Teleky geh\u00f6rte auch jenem Unterst\u00fctzerkreis um Marie Lang und den Gr\u00fcnder des Vereins zur Verbesserung der Frauenkleidung, <a href=\"https:\/\/ub-blog.meduniwien.ac.at\/blog\/?p=35867\">Hugo Klein<\/a>, an, die sich zum Ziel setzten im Rahmen der Lebensreformbewegung aus gesundheitlichen wie emanzipatorischen Gr\u00fcnden eine Ver\u00e4nderung der Frauenmode zu propagieren. Dazu erstellte er 1902 ein medizinisches Gutachten \u00fcber die negativen Folgen des Tragens des Mieders, die in der von der Sozialarbeiterin, Frauenrechtlerin und Gr\u00fcnderin des Verein Settlement, Marie Lang (1858-1934), herausgegebenen Zeitschrift \u201eDokumente der Frauen\u201c gemeinsam mit jenen Stellungnahmen von Hugo Klein, Josef Breuer (1842-1925), Heinrich Adler, Markus Hajek (1861-1941), <a href=\"https:\/\/ub-blog.meduniwien.ac.at\/blog\/?p=35134\">Max Kassowitz<\/a>, Richard Krafft-Ebing oder <a href=\"https:\/\/ub-blog.meduniwien.ac.at\/blog\/?p=31775\">Friedrich Schauta<\/a> u.a. sowie den Ausf\u00fchrungen des Malers und Grafikers <a href=\"https:\/\/de.wikipedia.org\/wiki\/Alfred_Roller\">Alfred Roller<\/a> (1864-1935), des Modesch\u00f6pfers <a href=\"https:\/\/de.wikipedia.org\/wiki\/Christoph_Drecoll\">Christoph Drecoll<\/a> (1851-1939), des Architekten <a href=\"https:\/\/de.wikipedia.org\/wiki\/Adolf_Loos\">Adolf Loos<\/a> (1870-1933), des Schriftstellers <a href=\"https:\/\/de.wikipedia.org\/wiki\/Hermann_Bahr\">Hermann Bahr<\/a> (1863-1934) und eines Aphorismus von <a href=\"https:\/\/de.wikipedia.org\/wiki\/Peter_Altenberg\">Peter Altenberg<\/a> (1859-1919) publiziert wurden.<a href=\"#_ftn10\" name=\"_ftnref10\">[10]<\/a><\/p>\n<p>1911 wurde zu seinem 50-j\u00e4hrigen Promotionsjubil\u00e4um eine Teleky-Stiftung f\u00fcr wohlt\u00e4tige Zwecke errichtet.<\/p>\n<p>Hermann Teleky verstarb am 31. M\u00e4rz 1921 in Wien.<\/p>\n<p><a href=\"https:\/\/ub-blog.meduniwien.ac.at\/blog\/wp-content\/uploads\/2022\/11\/Dr.HermannTeleky.jpg\"><img loading=\"lazy\" decoding=\"async\" class=\"alignnone size-full wp-image-40031\" src=\"https:\/\/ub-blog.meduniwien.ac.at\/blog\/wp-content\/uploads\/2022\/11\/Dr.HermannTeleky.jpg\" alt=\"\" width=\"822\" height=\"484\" srcset=\"https:\/\/ub.meduniwien.ac.at\/blog\/wp-content\/uploads\/2022\/11\/Dr.HermannTeleky.jpg 822w, https:\/\/ub.meduniwien.ac.at\/blog\/wp-content\/uploads\/2022\/11\/Dr.HermannTeleky-300x177.jpg 300w, https:\/\/ub.meduniwien.ac.at\/blog\/wp-content\/uploads\/2022\/11\/Dr.HermannTeleky-768x452.jpg 768w, https:\/\/ub.meduniwien.ac.at\/blog\/wp-content\/uploads\/2022\/11\/Dr.HermannTeleky-800x471.jpg 800w\" sizes=\"auto, (max-width: 822px) 100vw, 822px\" \/><\/a><\/p>\n<p>Neue Freie Presse, 9.4.1921, S. 14<\/p>\n<p>Quellen:<\/p>\n<p>Matriken der IKG Wien, Trauungsbuch, 1879, Teleky Hermann, Koritschoner Marie.<\/p>\n<p>UAW, Med. Fakult\u00e4t, Nationalien\/Studienkataloge, Sign. 134-0433, Teleky Hermann (Nationalien Datum: 1890\/91).<\/p>\n<p>UAW, Med. Fak., Promotionsprotokoll, Sign. 181-915, Teleky Hermann (Promotion Datum: 10.6.1861).<\/p>\n<p>UAW, Med. Fak., Promotionsprotokoll, Sign. 181-606, Teleky Hermann (Promotion Chirurgie Datum: 11.12.1863).<\/p>\n<p>Friedhofsdatenbank Wien, Teleky Hermann.<\/p>\n<p>Literatur:<\/p>\n<p><a href=\"https:\/\/ubsearch.meduniwien.ac.at\/primo-explore\/fulldisplay?docid=UMW_alma2144218560003344&amp;context=L&amp;vid=UMW&amp;lang=de_DE&amp;search_scope=UMW_all&amp;adaptor=Local%20Search%20Engine&amp;tab=default_tab&amp;query=any,contains,teleky%20hermann&amp;mode=Basic\">Teleky, Hermann: Ueber Diabetes Mellitus. Bemerkungen gelegentlich der von Prof. Seegen im Wiener Medizinischen Doctoren-Collegium gehaltenen Vortr\u00e4ge. Sonderdruck aus: Wiener medizinische Bl\u00e4tter. Wien: L. Bergmann &amp; Comp. 1888.<\/a><\/p>\n<p><a href=\"https:\/\/ub-blog.meduniwien.ac.at\/blog\/wp-content\/uploads\/2016\/12\/Separata_M.Hartl_.gif\"><img loading=\"lazy\" decoding=\"async\" class=\"alignnone wp-image-26858\" src=\"https:\/\/ub-blog.meduniwien.ac.at\/blog\/wp-content\/uploads\/2016\/12\/Separata_M.Hartl_.gif\" alt=\"\" width=\"144\" height=\"66\"><\/a><\/p>\n<p>[Zweigbibliothek f\u00fcr Geschichte der Medizin\/Separata Bibliothek]<\/p>\n<p><a href=\"https:\/\/ubsearch.meduniwien.ac.at\/primo-explore\/fulldisplay?docid=UMW_alma2144218480003344&amp;context=L&amp;vid=UMW&amp;lang=de_DE&amp;search_scope=UMW_all&amp;adaptor=Local%20Search%20Engine&amp;tab=default_tab&amp;query=any,contains,teleky%20hermann&amp;mode=Basic\">Teleky, Hermann. Pankreasdiabetes und Icterus gravis. Sonderdruck aus: Wiener klinische Wochenschrift. Wien: Wilhelm Braum\u00fcller k.u.k. Hof- und Universit\u00e4ts-Buchh\u00e4ndler 1902.<\/a><\/p>\n<p><a href=\"https:\/\/ub-blog.meduniwien.ac.at\/blog\/wp-content\/uploads\/2016\/12\/Separata_M.Hartl_.gif\"><img loading=\"lazy\" decoding=\"async\" class=\"alignnone wp-image-26858\" src=\"https:\/\/ub-blog.meduniwien.ac.at\/blog\/wp-content\/uploads\/2016\/12\/Separata_M.Hartl_.gif\" alt=\"\" width=\"144\" height=\"66\"><\/a><\/p>\n<p>[Zweigbibliothek f\u00fcr Geschichte der Medizin\/Separata Bibliothek]<\/p>\n<p><a href=\"https:\/\/ubsearch.meduniwien.ac.at\/primo-explore\/fulldisplay?docid=UMW_alma2144218520003344&amp;context=L&amp;vid=UMW&amp;lang=de_DE&amp;search_scope=UMW_all&amp;adaptor=Local%20Search%20Engine&amp;tab=default_tab&amp;query=any,contains,teleky%20hermann&amp;mode=Basic\">Teleky, Hermann: Ueber subjective und objective Kopfger\u00e4usche. Nach einem k.k. Gesellschaft der Aerzte am 3. Februar 1893 gehaltenen Vortrage. Sonderdruck aus: Wiener medizinische Bl\u00e4tter. Wien Verlag von L. Bergmann 1893.<\/a><\/p>\n<p><a href=\"https:\/\/ub-blog.meduniwien.ac.at\/blog\/wp-content\/uploads\/2016\/12\/Separata_M.Hartl_.gif\"><img loading=\"lazy\" decoding=\"async\" class=\"alignnone wp-image-26858\" src=\"https:\/\/ub-blog.meduniwien.ac.at\/blog\/wp-content\/uploads\/2016\/12\/Separata_M.Hartl_.gif\" alt=\"\" width=\"144\" height=\"66\"><\/a><\/p>\n<p>[Zweigbibliothek f\u00fcr Geschichte der Medizin\/Separata Bibliothek]<\/p>\n<p>Keywords:<\/p>\n<p>Teleky Hermann, Teleky Ludwig, Doktoren-Kollegium, Lupusheilst\u00e4tte, Gesellschaft der \u00c4rzte in Wien, Nieder\u00f6sterreichische \u00c4rzteverein, Medizingeschichte, Wien<\/p>\n<p><a href=\"#_ftnref1\" name=\"_ftn1\">[1]<\/a> Wiener medizinische Wochenschrift, Nr. 49, 1864, Sp. 765.<\/p>\n<p><a href=\"#_ftnref2\" name=\"_ftn2\">[2]<\/a> Wiener klinische Rundschau, Nr. 24\/26, 1919, S. 143; Allgemeine Wiener medizinische Zeitung, 27.11.1866, S. 387.<\/p>\n<p><a href=\"#_ftnref3\" name=\"_ftn3\">[3]<\/a> Wiener medizinische Wochenschrift, Nr. 24, 1870, Sp. 465; Wiener Zeitung, 23.3.1898, S. 5; Illustrieres Wiener Extrablatt, 12.4.1901, S. 15.<\/p>\n<p><a href=\"#_ftnref4\" name=\"_ftn4\">[4]<\/a> Wiener Allgemeine Zeitung, 23.12.1880, S. 5.<\/p>\n<p><a href=\"#_ftnref5\" name=\"_ftn5\">[5]<\/a> Allgemeine Wiener medizinische Zeitung, 27.3.1894, S. 10.; Neues Wiener Journal, 27.5.1894, S. 4.<\/p>\n<p><a href=\"#_ftnref6\" name=\"_ftn6\">[6]<\/a> Neue Freie Presse, 25.12.1913, S. 14.<\/p>\n<p><a href=\"#_ftnref7\" name=\"_ftn7\">[7]<\/a> Die Zeit, 23.1.1905, S. 5.<\/p>\n<p><a href=\"#_ftnref8\" name=\"_ftn8\">[8]<\/a> Hebammen-Zeitung, 30.11.1889, S. 4; 15.12.1889, S. 5.<\/p>\n<p><a href=\"#_ftnref9\" name=\"_ftn9\">[9]<\/a> Hebammen-Zeitung, 30.4.1890, S. 57-60.<\/p>\n<p><a href=\"#_ftnref10\" name=\"_ftn10\">[10]<\/a> Dokumente der Frauen, Bd. 7, 1902, S. 674.<\/p>\n<p>Normdaten&nbsp;(Person)&nbsp;<strong><span class=\"rpHighlightAllClass rpHighlightSubjectClass\" title=\"\" role=\"heading\" aria-level=\"2\">&nbsp;Teleky, Hermann:<\/span><\/strong> <a href=\"https:\/\/ub-blog.meduniwien.ac.at\/blog\/?p=40029\">BBL: 40029;<\/a> GND: <a title=\"https:\/\/d-nb.info\/gnd\/1155616995\" href=\"https:\/\/d-nb.info\/gnd\/1155616995\">1155616995<\/a><\/p>\n<p><a href=\"https:\/\/ub.meduniwien.ac.at\/ueber-uns\/medizinhistorische-bibliotheken-der-ub-meduni\/highlights-medizinhistorischer-buecher-u-zeitschriften\/bio-bibliografisches-lexikon\/\">Bio-bibliografisches Lexikon (BBL)\/Liste aller Beitr\u00e4ge der VS-Blog-Serie: Aus den medizinhistorischen Best\u00e4nden der Ub MedUni Wien<\/a><\/p>\n<p>Bitte zitieren als VAN SWIETEN BLOG der Universit\u00e4tsbibliothek der Medizinischen Universit\u00e4t Wien, BBL: 40029 (17.11.2022); Letzte Aktualisierung: 2022 11 17<br \/>\nOnline unter der URL: https:\/\/ub-blog.meduniwien.ac.at\/blog\/?p=40029<\/p>\n<p><img loading=\"lazy\" decoding=\"async\" class=\"alignnone wp-image-28234\" src=\"https:\/\/ub-blog.meduniwien.ac.at\/blog\/wp-content\/uploads\/2017\/09\/VanSwietenBlog_MHartl.gif\" alt=\"Van Swieten Blog Logo Margrit Hartl\" width=\"188\" height=\"64\"><\/p>\n","protected":false},"excerpt":{"rendered":"<p>Teleky, Hermann \u2013 Arzt und Funktion\u00e4r in medizinischen Vereinen Text: Walter Mentzel Hermann Teleky wurde am 22. Dezember 1837 in Bittsee an der Waag (heute: Bytca Zilinsky kraj\/Slowakei) als Sohn von Simon Teleki und Therese Teleki geboren. 1867 heiratete er die Wienerin Marie Koritschoner (1848-1927) mit der er die Kinder, den Sozialmediziner Ludwig Teleky (1872-1957), &hellip; <a href=\"https:\/\/ub.meduniwien.ac.at\/blog\/?p=40029\" class=\"more-link\"><span class=\"screen-reader-text\">Aus den medizinhistorischen Best\u00e4nden der Ub MedUni Wien [194]: Teleky, Hermann \u2013 Arzt und Funktion\u00e4r in medizinischen Vereinen<\/span> weiterlesen <span class=\"meta-nav\">&rarr;<\/span><\/a><\/p>\n","protected":false},"author":2,"featured_media":0,"comment_status":"open","ping_status":"open","sticky":false,"template":"","format":"standard","meta":{"ngg_post_thumbnail":0,"footnotes":""},"categories":[2911,11,5,1347,2,16,2816,1391,2808],"tags":[202,2915,2913,2914,2931,2779,1502,3059,1614,3060,3057,3058,1576],"class_list":["post-40029","post","type-post","status-publish","format-standard","hentry","category-bio-bibliografisches-lexikon","category-literaturhinweis","category-medizingeschichte","category-medizinhistorische-bestaende-der-ub-meduni-wien","category-news","category-news1","category-ns-verfolgung","category-separata-bibliothek","category-wien","tag-arzt","tag-bbl","tag-bio-bibliografisches-lexikon","tag-bio-bibliographisches-lexikon","tag-biobibiografisches-lexikon","tag-doktoren-kollegium","tag-gesellschaft-der-aerzte-in-wien","tag-lupusheilstaette","tag-medizingeschichte","tag-niederoesterreichische-aerzteverein","tag-teleky-hermann","tag-teleky-ludwig","tag-wien"],"views":4205,"_links":{"self":[{"href":"https:\/\/ub.meduniwien.ac.at\/blog\/index.php?rest_route=\/wp\/v2\/posts\/40029","targetHints":{"allow":["GET"]}}],"collection":[{"href":"https:\/\/ub.meduniwien.ac.at\/blog\/index.php?rest_route=\/wp\/v2\/posts"}],"about":[{"href":"https:\/\/ub.meduniwien.ac.at\/blog\/index.php?rest_route=\/wp\/v2\/types\/post"}],"author":[{"embeddable":true,"href":"https:\/\/ub.meduniwien.ac.at\/blog\/index.php?rest_route=\/wp\/v2\/users\/2"}],"replies":[{"embeddable":true,"href":"https:\/\/ub.meduniwien.ac.at\/blog\/index.php?rest_route=%2Fwp%2Fv2%2Fcomments&post=40029"}],"version-history":[{"count":7,"href":"https:\/\/ub.meduniwien.ac.at\/blog\/index.php?rest_route=\/wp\/v2\/posts\/40029\/revisions"}],"predecessor-version":[{"id":45220,"href":"https:\/\/ub.meduniwien.ac.at\/blog\/index.php?rest_route=\/wp\/v2\/posts\/40029\/revisions\/45220"}],"wp:attachment":[{"href":"https:\/\/ub.meduniwien.ac.at\/blog\/index.php?rest_route=%2Fwp%2Fv2%2Fmedia&parent=40029"}],"wp:term":[{"taxonomy":"category","embeddable":true,"href":"https:\/\/ub.meduniwien.ac.at\/blog\/index.php?rest_route=%2Fwp%2Fv2%2Fcategories&post=40029"},{"taxonomy":"post_tag","embeddable":true,"href":"https:\/\/ub.meduniwien.ac.at\/blog\/index.php?rest_route=%2Fwp%2Fv2%2Ftags&post=40029"}],"curies":[{"name":"wp","href":"https:\/\/api.w.org\/{rel}","templated":true}]}}