{"id":39552,"date":"2022-08-31T10:28:57","date_gmt":"2022-08-31T09:28:57","guid":{"rendered":"https:\/\/ub-blog.meduniwien.ac.at\/blog\/?p=39552"},"modified":"2024-09-20T10:14:13","modified_gmt":"2024-09-20T09:14:13","slug":"34761-2-2-2-2-2-2-3-2-2-2-3-2-2-2-3-2-2-2-3-2-3-5-2-2-2-3-2-2-3-2-2-2-2-2-2-2-2-5-3-2-2-2-2-2-2-2-2-2-2-2-2-2-2-2-2","status":"publish","type":"post","link":"https:\/\/ub.meduniwien.ac.at\/blog\/?p=39552","title":{"rendered":"Aus den medizinhistorischen Best\u00e4nden der Ub MedUni Wien [185]: Seng, Walter \u2013 Chirurg und Spitalsleiter \u2013 Wien \u2013 S\u00e3o Paulo"},"content":{"rendered":"<p><strong>Seng, Walter \u2013 Chirurg und Spitalsleiter \u2013 Wien \u2013 S\u00e3o Paulo <\/strong><\/p>\n<p>Text: Walter Mentzel<\/p>\n<p>Walter Seng wurde am 23. Mai 1873 als Sohn des Realit\u00e4tenbesitzers Ignaz Seng und Magdalena Maria Pestinski in Krems in Nieder\u00f6sterreich geboren. Sein Taufpate war der Wiener Mediziner, Chefarzt der Donau-Dampfschifffahrtsgesellschaft und des Kapuziner-Ordens, Viktor Seng (1841-1898).<\/p>\n<p>Seng studierte an der Wiener Universit\u00e4t zun\u00e4chst Philosophie und Chemie und danach Medizin und schloss beide Studienrichtungen mit der Promotion ab, jenes der Medizin im Jahr 1898. Bereits 1896 ver\u00f6ffentlichte er einen Aufsatz \u201eStudien \u00fcber denen Desoxal\u00e4ther\u201c am chemischen Laboratorium bei Professor Adolf Lieben (1836-1914).<a href=\"#_ftn1\" name=\"_ftnref1\">[1]<\/a> Im selben Jahr wurde er nach der Ableistung des Milit\u00e4rdienstes beim Feldj\u00e4ger-Bataillon Nr. 10 zum stellvertretenden Assistenzarzt beim Garnisonsspital Nr. 1 in Wien ernannt. Nach Abschluss des Studiums begann er als Aspirant an der Rudolfstiftung in Wien mit seiner medizinischen Laufbahn. 1899 publizierte er gemeinsam mit dem damaligen Assistenten am staatlichen sero-therapeutischen Institut, Rudolf Kraus (1868-1932), in der Wiener klinischen Wochenschrift die Studie \u201e<a href=\"https:\/\/anno.onb.ac.at\/cgi-content\/anno?aid=wkw&amp;datum=18990105&amp;query=%22dr.+w.+seng%22&amp;ref=anno-search&amp;seite=1\">Ein Beitrag zur Kenntnis des Mechanismus der Agglutination<\/a>\u201c.<a href=\"#_ftn2\" name=\"_ftnref2\">[2]<\/a> Ebenfalls 1899 erschien von ihm in der Zeitschrift f\u00fcr Hygiene seine Arbeit \u201e<a href=\"https:\/\/ubsearch.meduniwien.ac.at\/primo-explore\/fulldisplay?docid=UMW_alma2143358740003344&amp;context=L&amp;vid=UMW&amp;lang=de_DE&amp;search_scope=UMW_all&amp;adaptor=Local%20Search%20Engine&amp;tab=default_tab&amp;query=any,contains,Ueber%20die%20qualitativen%20und%20quantitativen%20Verh%C3%A4ltnisse&amp;offset=0\">Ueber die qualitativen und quantitativen Verh\u00e4ltnisse der Eiweissk\u00f6rper im Diphtherieheilserum<\/a>\u201c, die sich heute in der Separata-Bibliothek an der Zweigbibliothek f\u00fcr Geschichte der Medizin befindet.<\/p>\n<p>Seng war seit J\u00e4nner 1899 Mitglied des Wiener medizinischen Klubs<a href=\"#_ftn3\" name=\"_ftnref3\">[3]<\/a> und seit M\u00e4rz Mitglied der Gesellschaft der \u00c4rzte in Wien.<a href=\"#_ftn4\" name=\"_ftnref4\">[4]<\/a> An seinem Wohnort in Wien 9, Frankgasse 6, f\u00fchrte er auch ab 1898 seine private Arztpraxis.<a href=\"#_ftn5\" name=\"_ftnref5\">[5]<\/a><\/p>\n<p>1900 arbeitete Seng an der II. chirurgischen Klinik bei Carl Ignatz Gussenbauer (1842-1903), wo sich zu dieser Zeit der aus S\u00e3o Paulo in Brasilien stammende Herausgeber der Zeitschrift \u201eDiario Popular\u201c, Jos\u00e9 Maria Lisboa (1838-1918), einer Operation unterzog. 1901 emigrierte Seng nach Brasilien, lie\u00df sich zun\u00e4chst in Rio de Janeiro nieder und heiratete noch im selben Jahr die Tochter von Jos\u00e9&nbsp; Lisboa, Maria Mercedes Lisboa (1880-1939).<\/p>\n<p>Seng unterst\u00fctzte in S\u00e3o Paulo die von der Krankenschwester Maria Beata Heinrich (1867-1941) betriebene und von ihr gegr\u00fcndete <a href=\"https:\/\/www.apartamento203.com.br\/2018\/10\/23\/sobre-o-hospital-cheio-de-historia-santa-catarina\/\">Ambulanz<\/a>. Mit Unterst\u00fctzung des Bundesstaates S\u00e3o Paulo kam es angeregt durch Heinrich und Seng 1904 zur Errichtung eines <a href=\"https:\/\/redesantacatarina.org.br\/hospital\/santacatarina-paulista\/SitePages\/institucional\/institucional.aspx\">Krankenhauses<\/a> und 1906 zu dessen Erweiterung mit dem <a href=\"https:\/\/belgianclub.com.br\/pt-br\/heritage\/est%C3%A1tua-de-santa-catarina-s%C3%A3o-paulo\">Sanatorium Santa Catarina Paulista<\/a>. Seng wurde Vorstand des Spitals und avancierte zu einem der bekanntesten Chirurgen Brasiliens.<a href=\"#_ftn6\" name=\"_ftnref6\">[6]<\/a> In Brasilien engagierte er sich innerhalb der \u00f6sterreichischen Emigrant*innen-Community und stand als Pr\u00e4sident dem \u00f6sterreichisch-ungarischen Hilfsverein in S\u00e3o Paulo vor,<a href=\"#_ftn7\" name=\"_ftnref7\">[7]<\/a> wof\u00fcr er 1909 im \u00f6sterreichisch-ungarischen Konsulat in S\u00e3o Paulo den Franz-Josephs-Orden erhielt.<a href=\"#_ftn8\" name=\"_ftnref8\">[8]<\/a><\/p>\n<p>Walter Seng verstarb am 28. Juni 1931 in S\u00e3o Paulo. An ihn erinnert heute in S\u00e3o Paulo ein Geb\u00e4ude, das seinen Namen tr\u00e4gt, sowie eine nach ihm benannte Stra\u00dfe (<a href=\"https:\/\/www.google.at\/maps\/place\/R.+Dr.+Seng+-+Bela+Vista,+S%C3%A3o+Paulo+-+SP,+01331-020,+Brasilien\/@-23.5623332,-46.6504969,17z\/data=!3m1!4b1!4m5!3m4!1s0x94ce59b7e902fd69:0x91454ca10f51cbe!8m2!3d-23.5623332!4d-46.6504969\">Rua Doutor Seng<\/a>).<\/p>\n<p>Quellen:<\/p>\n<p>UAW, Med. Fak., Promotionsprotokoll, Sign. 188-1126, Seng Walter (Promotion Datum: 31.3.1898)<\/p>\n<p>Matriken Nieder\u00f6sterreich, Rk Di\u00f6zese St. P\u00f6lten, Krems-St. Veit, Taufbuch 01-21, 1873, Folio 203, Seng Walter.<\/p>\n<p><a href=\"https:\/\/rl.art.br\/arquivos\/6335928.pdf?1526296581\">Campana Carlos Luiz, Mem\u00f3rias sociedade brasileira de m\u00e9dicos escritores literarias, 2015<\/a>.<\/p>\n<p>Literatruliste:<\/p>\n<p><a href=\"https:\/\/ubsearch.meduniwien.ac.at\/primo-explore\/fulldisplay?docid=UMW_alma2143358740003344&amp;context=L&amp;vid=UMW&amp;lang=de_DE&amp;search_scope=UMW_all&amp;adaptor=Local%20Search%20Engine&amp;tab=default_tab&amp;query=any,contains,Ueber%20die%20qualitativen%20und%20quantitativen%20Verh%C3%A4ltnisse&amp;offset=0\">Seng, Walter: Ueber die qualitativen und quantitativen Verh\u00e4ltnisse im Diphtherieheilserum. (Aus dem k.k. Institut f\u00fcr die Herstellung von Diphtherieheilserum, Vorstand: Prof. Paltauf, und dem chemischen Institut der k.k. Krankenanstalt Rudolfstiftung, Vorstand: Dr. E. Freud) Sonderdruck aus: Zeitschrift f\u00fcr Hygiene und Infectionskrankheiten. Leipzig: Verlag von Veit &amp; Comp. 1899.<\/a><\/p>\n<p><a href=\"https:\/\/ub-blog.meduniwien.ac.at\/blog\/wp-content\/uploads\/2016\/11\/Separata_M.Hartl_.jpg\"><img loading=\"lazy\" decoding=\"async\" class=\"alignnone wp-image-26881\" src=\"https:\/\/ub-blog.meduniwien.ac.at\/blog\/wp-content\/uploads\/2016\/11\/Separata_M.Hartl_.jpg\" alt=\"\" width=\"128\" height=\"42\" srcset=\"https:\/\/ub.meduniwien.ac.at\/blog\/wp-content\/uploads\/2016\/11\/Separata_M.Hartl_.jpg 520w, https:\/\/ub.meduniwien.ac.at\/blog\/wp-content\/uploads\/2016\/11\/Separata_M.Hartl_-300x100.jpg 300w\" sizes=\"auto, (max-width: 128px) 100vw, 128px\" \/><\/a><\/p>\n<p>[Zweigbibliothek f\u00fcr Geschichte der Medizin\/Separata Bibliothek]<\/p>\n<p>Keywords:<\/p>\n<p>Seng Walter, Chirurg, Rio de Janeiro, Brasilien, Spitalsleiter, Rudolfstiftung, Arzt, Medizingeschichte, Wien<\/p>\n<p><a href=\"#_ftnref1\" name=\"_ftn1\">[1]<\/a> Monatshefte f\u00fcr Chemie. 1896. S. 613-635.<\/p>\n<p><a href=\"#_ftnref2\" name=\"_ftn2\">[2]<\/a> Wiener klinische Wochenschrift. 5.1.1899. S. 1-4.<\/p>\n<p><a href=\"#_ftnref3\" name=\"_ftn3\">[3]<\/a> Wiener klinische Wochenschrift. 26.1.1899. S. 93.<\/p>\n<p><a href=\"#_ftnref4\" name=\"_ftn4\">[4]<\/a> Wiener klinische Wochenschrift. 30.3.1899. S. 359.<\/p>\n<p><a href=\"#_ftnref5\" name=\"_ftn5\">[5]<\/a> Wiener medizinische Wochenschrift. Nr. 23. 1898. Sp. 1135.<\/p>\n<p><a href=\"#_ftnref6\" name=\"_ftn6\">[6]<\/a> Neues Wiener Tagblatt (Tages-Ausgabe). 29.3.1922. S. 6.<\/p>\n<p><a href=\"#_ftnref7\" name=\"_ftn7\">[7]<\/a> Neues Wiener Journal. 1.12.1908. S. 18.<\/p>\n<p><a href=\"#_ftnref8\" name=\"_ftn8\">[8]<\/a> Grazer Volksblatt. 6.8.1909. S. 5.<\/p>\n<p>Normdaten&nbsp;(Person) <strong>Seng, Walter : <\/strong> <a href=\"https:\/\/ub-blog.meduniwien.ac.at\/blog\/?p=39552\">BBL:&nbsp;39552; <\/a>GND: <a href=\"http:\/\/d-nb.info\/gnd\/1267287985\" target=\"_blank\" rel=\"noopener\">1267287985<\/a><\/p>\n<p><a href=\"https:\/\/ub.meduniwien.ac.at\/ueber-uns\/medizinhistorische-bibliotheken-der-ub-meduni\/highlights-medizinhistorischer-buecher-u-zeitschriften\/bio-bibliografisches-lexikon\/\">Bio-bibliografisches Lexikon (BBL)\/Liste aller Beitr\u00e4ge der VS-Blog-Serie: Aus den medizinhistorischen Best\u00e4nden der Ub MedUni Wien<\/a><\/p>\n<p>Bitte zitieren als VAN SWIETEN BLOG der Universit\u00e4tsbibliothek der Medizinischen Universit\u00e4t Wien, BBL: 39552 (31.08.2022); Letzte Aktualisierung: 2022 08 31<br \/>\nOnline unter der URL: https:\/\/ub-blog.meduniwien.ac.at\/blog\/?p=39552<\/p>\n<p><img loading=\"lazy\" decoding=\"async\" class=\"alignnone wp-image-28234\" src=\"https:\/\/ub-blog.meduniwien.ac.at\/blog\/wp-content\/uploads\/2017\/09\/VanSwietenBlog_MHartl.gif\" alt=\"Van Swieten Blog Logo Margrit Hartl\" width=\"188\" height=\"64\"><\/p>\n","protected":false},"excerpt":{"rendered":"<p>Seng, Walter \u2013 Chirurg und Spitalsleiter \u2013 Wien \u2013 S\u00e3o Paulo Text: Walter Mentzel Walter Seng wurde am 23. Mai 1873 als Sohn des Realit\u00e4tenbesitzers Ignaz Seng und Magdalena Maria Pestinski in Krems in Nieder\u00f6sterreich geboren. Sein Taufpate war der Wiener Mediziner, Chefarzt der Donau-Dampfschifffahrtsgesellschaft und des Kapuziner-Ordens, Viktor Seng (1841-1898). Seng studierte an der &hellip; <a href=\"https:\/\/ub.meduniwien.ac.at\/blog\/?p=39552\" class=\"more-link\"><span class=\"screen-reader-text\">Aus den medizinhistorischen Best\u00e4nden der Ub MedUni Wien [185]: Seng, Walter \u2013 Chirurg und Spitalsleiter \u2013 Wien \u2013 S\u00e3o Paulo<\/span> weiterlesen <span class=\"meta-nav\">&rarr;<\/span><\/a><\/p>\n","protected":false},"author":2,"featured_media":0,"comment_status":"open","ping_status":"open","sticky":false,"template":"","format":"standard","meta":{"ngg_post_thumbnail":0,"footnotes":""},"categories":[2911,2815,11,5,1347,2,16,1391,2808],"tags":[202,2915,2913,2914,3031,2956,1614,3030,1754,3029,3033,1576],"class_list":["post-39552","post","type-post","status-publish","format-standard","hentry","category-bio-bibliografisches-lexikon","category-krankenanstalten","category-literaturhinweis","category-medizingeschichte","category-medizinhistorische-bestaende-der-ub-meduni-wien","category-news","category-news1","category-separata-bibliothek","category-wien","tag-arzt","tag-bbl","tag-bio-bibliografisches-lexikon","tag-bio-bibliographisches-lexikon","tag-brasilien","tag-chirurg","tag-medizingeschichte","tag-rio-de-janeiro","tag-rudolfstiftung","tag-seng-walter","tag-spitalsleiter","tag-wien"],"views":3005,"_links":{"self":[{"href":"https:\/\/ub.meduniwien.ac.at\/blog\/index.php?rest_route=\/wp\/v2\/posts\/39552","targetHints":{"allow":["GET"]}}],"collection":[{"href":"https:\/\/ub.meduniwien.ac.at\/blog\/index.php?rest_route=\/wp\/v2\/posts"}],"about":[{"href":"https:\/\/ub.meduniwien.ac.at\/blog\/index.php?rest_route=\/wp\/v2\/types\/post"}],"author":[{"embeddable":true,"href":"https:\/\/ub.meduniwien.ac.at\/blog\/index.php?rest_route=\/wp\/v2\/users\/2"}],"replies":[{"embeddable":true,"href":"https:\/\/ub.meduniwien.ac.at\/blog\/index.php?rest_route=%2Fwp%2Fv2%2Fcomments&post=39552"}],"version-history":[{"count":11,"href":"https:\/\/ub.meduniwien.ac.at\/blog\/index.php?rest_route=\/wp\/v2\/posts\/39552\/revisions"}],"predecessor-version":[{"id":45563,"href":"https:\/\/ub.meduniwien.ac.at\/blog\/index.php?rest_route=\/wp\/v2\/posts\/39552\/revisions\/45563"}],"wp:attachment":[{"href":"https:\/\/ub.meduniwien.ac.at\/blog\/index.php?rest_route=%2Fwp%2Fv2%2Fmedia&parent=39552"}],"wp:term":[{"taxonomy":"category","embeddable":true,"href":"https:\/\/ub.meduniwien.ac.at\/blog\/index.php?rest_route=%2Fwp%2Fv2%2Fcategories&post=39552"},{"taxonomy":"post_tag","embeddable":true,"href":"https:\/\/ub.meduniwien.ac.at\/blog\/index.php?rest_route=%2Fwp%2Fv2%2Ftags&post=39552"}],"curies":[{"name":"wp","href":"https:\/\/api.w.org\/{rel}","templated":true}]}}