{"id":39429,"date":"2022-08-04T10:44:01","date_gmt":"2022-08-04T09:44:01","guid":{"rendered":"https:\/\/ub-blog.meduniwien.ac.at\/blog\/?p=39429"},"modified":"2024-09-19T15:46:52","modified_gmt":"2024-09-19T14:46:52","slug":"34761-2-2-2-2-2-2-3-2-2-2-3-2-2-2-3-2-2-2-3-2-3-5-2-2-2-3-2-2-3-2-2-2-2-2-2-2-2-5-3-2-2-2-2-2-2-2-2-2-2-2-2-2","status":"publish","type":"post","link":"https:\/\/ub.meduniwien.ac.at\/blog\/?p=39429","title":{"rendered":"Aus den medizinhistorischen Best\u00e4nden der Ub MedUni Wien [182]: Laub, Moriz \u2013 Em. Abteilungsassistent an der Krankenanstalt Rudolf-Stiftung, Pr\u00e4sident der Kassen\u00e4rzte der kaufm\u00e4nnischen Angestellten, Vorstandsmitglied der Wiener \u00c4rztekammer, NS-Verfolgter"},"content":{"rendered":"<p><strong>Laub, Moriz \u2013 Em. Abteilungsassistent an der Krankenanstalt Rudolf-Stiftung, Pr\u00e4sident der Kassen\u00e4rzte der kaufm\u00e4nnischen Angestellten, Vorstandsmitglied der Wiener \u00c4rztekammer, NS-Verfolgter<\/strong><\/p>\n<p>Text: Walter Mentzel<\/p>\n<p>Moriz Laub wurde am 19. Februar 1869 als Sohn von Jakob Laub (1841-1916) und Mariam Nussbeck in Sadagora in der Bukowina (heute: Sadhora\/Ukraine) geboren. 1900 heiratete er die in Wien geborenen Bertha Marmorek (1876-?), mit der er gemeinsam die beiden Kinder Gertrud Renee (*7.6.1902) und <a href=\"https:\/\/ub-blog.meduniwien.ac.at\/blog\/?p=39612\">Rudolf (1908-1999)<\/a> hatte.<\/p>\n<p>Laub studierte in Wien an der Universit\u00e4t Medizin, schloss das Studium im M\u00e4rz 1893 mit der Promotion ab, und begann danach als praktischer Arzt und Vertragsarzt bei der Wiener Krankenkasse in Wien Landstra\u00dfe seine berufliche Laufbahn. Daneben arbeitete er als Abteilungsassistent bis zu seiner Emeritierung an der k.k. Krankenanstalt Rudolf-Stiftung.<\/p>\n<p>Neben seiner Vortragst\u00e4tigkeit in wissenschaftlichen Vereinen, wie im Wissenschaftlichen Club,<a href=\"#_ftn1\" name=\"_ftnref1\">[1]<\/a> in dem er sich vor dem Ersten Weltkrieg auch als Mitglied des Ausschusses engagierte,<a href=\"#_ftn2\" name=\"_ftnref2\">[2]<\/a> hielt er Vortr\u00e4ge in der Gesellschaft der \u00c4rzte in Wien, der er seit 1899 als Mitglied angeh\u00f6rte,<a href=\"#_ftn3\" name=\"_ftnref3\">[3]<\/a> und der Gesellschaft f\u00fcr innere Medizin und Kinderheilkunde, in der er ebenfalls als Mitglied war. Weiters war er Mitglied der Ophthalmologischen Gesellschaft in Wien. Im Rahmen der \u201eVolkst\u00fcmlichen Vortr\u00e4ge\u201c des Wiener Volksbildungs-Vereines hielt er vor dem Ersten Weltkrieg popul\u00e4rwissenschaftlich aufbereitete Vortr\u00e4ge zu medizinischen Themen.<a href=\"#_ftn4\" name=\"_ftnref4\">[4]<\/a> Vor allem aber war er als Referent in sozialdemokratischen und gewerkschaftlichen Organisationen aktiv.<a href=\"#_ftn5\" name=\"_ftnref5\">[5]<\/a> Im Rahmen der Tuberkulosebek\u00e4mpfung bot er 1911 kostenlos eine Tuberkulinbehandlung bei der Genossenschaft der W\u00e4schewarenerzeuger, Sticker u.a. an.<a href=\"#_ftn6\" name=\"_ftnref6\">[6]<\/a><\/p>\n<p>1915 publizierte er in den von <a href=\"https:\/\/ub-blog.meduniwien.ac.at\/blog\/?p=34585\">Ludwig Teleky<\/a> herausgegebenen Zeitschrift \u201eWiener Arbeiten aus dem Gebiet der Sozialen Medizin\u201c eine an der Tuberkulosef\u00fcrsorgestelle der Gremialkrankenkasse der Wiener Kaufmannschaft durchgef\u00fchrte Studie zu \u201e<a href=\"https:\/\/ubsearch.meduniwien.ac.at\/primo-explore\/fulldisplay?docid=UMW_alma2137977840003344&amp;context=L&amp;vid=UMW&amp;lang=de_DE&amp;search_scope=UMW_all&amp;adaptor=Local%20Search%20Engine&amp;tab=default_tab&amp;query=lsr02,exact,AC16331049\">Grundlagen und Ergebnisse ambulatorischer Tuberkulinbehandlung<\/a>. Sie befindet sich an der Zweigbibliothek f\u00fcr Geschichte der Medizin. Hier befinden sich auch in der Separata-Bibliothek vier Arbeiten und zwar \u201e<a href=\"https:\/\/ubsearch.meduniwien.ac.at\/primo-explore\/fulldisplay?docid=UMW_alma2142638540003344&amp;context=L&amp;vid=UMW&amp;lang=de_DE&amp;search_scope=UMW_all&amp;adaptor=Local%20Search%20Engine&amp;tab=default_tab&amp;query=any,contains,laub%20ambul*&amp;mode=Basic\">Grundlagen und Ergebnisse ambulatorischer Tuberkulinbehandlung<\/a>\u201c, aus dem Jahr 1906 die Studie \u201e<a href=\"https:\/\/ubsearch.meduniwien.ac.at\/primo-explore\/fulldisplay?docid=UMW_alma2142638700003344&amp;context=L&amp;vid=UMW&amp;lang=de_DE&amp;search_scope=UMW_all&amp;adaptor=Local%20Search%20Engine&amp;tab=default_tab&amp;query=any,contains,laub%20Praxis&amp;offset=0\">\u00dcber die Wirkung einiger dem Adrenalin verwandten Ketonbasen in der rhinologischen Praxis<\/a>\u201c, aus dem Jahr 1899 die an der II. medizinischen Abteilung der Rudolf-Stiftung erstellte Studie \u201e<a href=\"https:\/\/ubsearch.meduniwien.ac.at\/primo-explore\/fulldisplay?docid=UMW_alma2142638660003344&amp;context=L&amp;vid=UMW&amp;lang=de_DE&amp;search_scope=UMW_all&amp;adaptor=Local%20Search%20Engine&amp;tab=default_tab&amp;query=any,contains,Fall%20von%20Pneumopericardium&amp;offset=0\">Ein Fall von Pneumopericardium<\/a>\u201c, und die 1909 gemeinsam mit J. Novotny am staatlichen serotherapeutischen Institut in Wien entstandene Arbeit \u201e<a href=\"https:\/\/ubsearch.meduniwien.ac.at\/primo-explore\/fulldisplay?docid=UMW_alma2142638620003344&amp;context=L&amp;vid=UMW&amp;lang=de_DE&amp;search_scope=UMW_all&amp;adaptor=Local%20Search%20Engine&amp;tab=default_tab&amp;query=any,contains,komplementbindende%20Substanzen%20bei%20Tuberkulose&amp;offset=0\">Ueber komplementbindende Substanzen bei Tuberkulose<\/a>\u201c.<\/p>\n<p>Laub war \u00fcber viele Jahre in den Interessensvertretungen der Wiener \u00c4rzteschaft und der Wiener Krankenkassen aktiv. 1904 und 1907 \u2013 noch als Kandidat der Freisinnigen \u00c4rzteschaft \u2013 und 1911 kandidierte er bei den \u00c4rztekammerwahlen in Wien. Im Jahr 1919 wurde er zum Vorstandsmitglied der Wiener \u00c4rztekammer gew\u00e4hlt.<a href=\"#_ftn7\" name=\"_ftnref7\">[7]<\/a> In der Wiener \u00c4rztekammer vertrat er die Interessen der Kassen\u00e4rzte. Nach dem Ersten Weltkrieg war er noch Mitglied der Wirtschaftlichen Organisation der \u00c4rzte Wiens,<a href=\"#_ftn8\" name=\"_ftnref8\">[8]<\/a> Delegierter der Wiener \u00c4rztekammer im Wiener Landessanit\u00e4tsrat<a href=\"#_ftn9\" name=\"_ftnref9\">[9]<\/a> und Pr\u00e4sident der Kassen\u00e4rzte der kaufm\u00e4nnischen Angestellten. Seit 1919 war er noch Delegierter der Wiener \u00c4rztekammer im Zentraltuberkuloseambulatorium des Volksgesundheitsamtes.<a href=\"#_ftn10\" name=\"_ftnref10\">[10]<\/a><\/p>\n<p>Daneben engagierte er sich in der \u201eMensa academica judaica\u201c als deren Pr\u00e4sident,<a href=\"#_ftn11\" name=\"_ftnref11\">[11]<\/a> und unterst\u00fctzte den zionistischen Keren Kayemeth (J\u00fcdischen Nationalfond).<a href=\"#_ftn12\" name=\"_ftnref12\">[12]<\/a> Vor dem Ersten Weltkrieg geh\u00f6rte er auch als Mitglied der Bukowinaer Landsmannschaft \u201eBuchenland\u201c mit Sitz in Wien an, als dessen Pr\u00e4sident <a href=\"https:\/\/ub-blog.meduniwien.ac.at\/blog\/?p=26812\">Wilhelm Stekel<\/a> vorstand<a href=\"#_ftn13\" name=\"_ftnref13\">[13]<\/a>.<\/p>\n<p>W\u00e4hrend des Ersten Weltkrieges war er als Chefarzt im Hilfsspital des von Erzherzog Leopold Salvator zur Verf\u00fcgung gestellten Palais t\u00e4tig.<a href=\"#_ftn14\" name=\"_ftnref14\">[14]<\/a> 1916 erhielt er das Ehrenzeichen zweiter Klasse vom Roten Kreuz mit der Kriegsdekoration und 1917 das Ritterkreuz des Franz Josephs-Ordens verliehen.<a href=\"#_ftn15\" name=\"_ftnref15\">[15]<\/a> Im Dezember 1918 geh\u00f6rte er zu den Unterzeichnern des Aufrufes der \u00d6sterreichisch-israelitischen Union \u201eEin Bekenntnis zur Republik Deutsch\u00f6sterreich\u201c.<a href=\"#_ftn16\" name=\"_ftnref16\">[16]<\/a> 1920 wurde ihm der Titel eines Medizinalrates verliehen.<a href=\"#_ftn17\" name=\"_ftnref17\">[17]<\/a><\/p>\n<p>Laub war in der Ersten Republik Mitglied der \u00e4rztlichen Fachgruppe der Sozialistischen Vereinigung geistiger Arbeiter<a href=\"#_ftn18\" name=\"_ftnref18\">[18]<\/a> und in der Vereinigung der sozialdemokratischen \u00c4rzte Wiens aktiv.<a href=\"#_ftn19\" name=\"_ftnref19\">[19]<\/a> In dieser Funktion, als auch in jener als Funktion\u00e4r und Vorstandsmitglied der Wiener \u00c4rztekammer, trat er gegen den \u00a7 144 (Schwangerschaftsabbruch)<a href=\"#_ftn20\" name=\"_ftnref20\">[20]<\/a> und gegen die damit verbundenen Versch\u00e4rfungen des Strafrechtes sowie der damit einhergehenden Kriminalisierung der \u00c4rzt*innenschaft auf. 1924 erschien von ihm als Artikel in der Wiener medizinischen Wochenschrift der von ihm am 25. Mai 1924 auf der Tagung der Vereinigung der sozialdemokratischen \u00c4rzte gehaltene Vortrag unter dem Titel \u201e<a href=\"https:\/\/anno.onb.ac.at\/cgi-content\/anno-plus?aid=wmw&amp;datum=19240003&amp;query=text:%22moritz+laub%22&amp;ref=anno-search&amp;seite=716\">Die Berufspflicht und das Berufsrecht des Arztes. Die rechtlichen Bestimmungen \u00fcber die Unterbrechung der Schwangerschaft<\/a>\u201c.<a href=\"#_ftn21\" name=\"_ftnref21\">[21]<\/a> Im selben Jahr wurde er vom Handelsgericht zum st\u00e4ndigen Sachverst\u00e4ndigen f\u00fcr das Fach \u201eWirtschaftliche Interessen der \u00c4rzte und der Heilanstalten\u201c bestellt.<a href=\"#_ftn22\" name=\"_ftnref22\">[22]<\/a> Nach dem Krieg wirkte er auch noch in der Tuberkulosef\u00fcrsorgestelle der Handlungsgehilfen.<\/p>\n<p>Moriz Laub und seine Ehefrau Bertha wurden nach dem \u201eAnschluss\u201c im M\u00e4rz 1938 von den Nationalsozialisten wegen ihrer j\u00fcdischen Herkunft verfolgt. 1939 wurden Laub von den Nationalsozialisten die Pensionsanspr\u00fcche aberkannt. Ihm gelang es mit seiner Ehefrau Bertha kurz vor ihrer Deportation in das Ghetto Theresienstadt die Flucht nach England, wo er 1944 in Chapel En Le Frith in Derbyshire verstarb. Bertha emigrierte nach seinem Tod in die USA, wo sie verarmt in New York lebte. Ihre beabsichtigte R\u00fcckkehr nach Wien scheiterte, da die von ihr beanspruchte Rente und deren Zusicherung als Voraussetzung f\u00fcr ihre R\u00fcckkehr durch die Wiener Krankenkasse ignoriert und danach abschl\u00e4gig behandelt worden war.<a href=\"#_ftn23\" name=\"_ftnref23\">[23]<\/a> Dar\u00fcber berichteten 1949 die Zeitungen Neues \u00d6sterreich in der <a href=\"https:\/\/anno.onb.ac.at\/cgi-content\/anno?aid=nos&amp;datum=19490130&amp;query=%22dr.+laub%22&amp;ref=anno-search&amp;seite=5\">Ausgabe vom 30. J\u00e4nner 1949<\/a>, <a href=\"https:\/\/anno.onb.ac.at\/cgi-content\/anno?aid=nos&amp;datum=19490525&amp;query=%22moritz+laub%22&amp;ref=anno-search&amp;seite=4\">vom 25. Mai 1949<\/a> und vom <a href=\"https:\/\/anno.onb.ac.at\/cgi-content\/anno?aid=nos&amp;datum=19491106&amp;query=%22moritz+laub%22&amp;ref=anno-search&amp;seite=5\">6. November 1949<\/a>, sowie die <a href=\"https:\/\/anno.onb.ac.at\/cgi-content\/anno?aid=san&amp;datum=19490201&amp;query=%22moriz+laub%22&amp;ref=anno-search&amp;seite=3\">Salzburger Nachrichten<\/a> am 1. Februar 1949. Bertha Laub lebte zuletzt bei ihrem ebenfalls von den Nationalsozialisten aus \u00d6sterreich vertriebenen Sohn, dem Mediziner Rudolf Laub, in South Carolina und verstarb am 13. J\u00e4nner 1952 in Columbia.<\/p>\n<p>Quellen:<\/p>\n<p>AUW, Rektorat, Med. Fakult\u00e4t, Rigorosenprotokoll 1872-1894, Sign. 177-231a, Laub Moses (Rigorosum Datum 1890).<\/p>\n<p>AUW, Rektorat, Med. Fakult\u00e4t, Promotionsprotokoll 1874-1890, Sign. 187-855, Laub Moriz Moses (Promotion Datum 11.3.1893).<\/p>\n<p>\u00d6StA, AdR, E-uReang, \u00d6StA, VA, Zl. 4751, Laub Moritz (19.2.1869)<\/p>\n<p>Moriz und Bertha Laub: <a href=\"https:\/\/billiongraves.com\/grave\/Moriz-Laub\/35681419?referrer=myheritage\">https:\/\/billiongraves.com\/grave\/Moriz-Laub\/35681419?referrer=myheritage<\/a><\/p>\n<p>Death certificates (South Carolina), 1915-1963, Standard Certificate of Death, Laub Bertha.<\/p>\n<p>England and Wales Death Registration Index 1837-2007, Laub Moritz.<\/p>\n<p>Literaturliste:<\/p>\n<p><a href=\"https:\/\/ubsearch.meduniwien.ac.at\/primo-explore\/fulldisplay?docid=UMW_alma2142638540003344&amp;context=L&amp;vid=UMW&amp;lang=de_DE&amp;search_scope=UMW_all&amp;adaptor=Local%20Search%20Engine&amp;tab=default_tab&amp;query=any,contains,laub%20ambul*&amp;mode=Basic\">Laub, Moriz: Grundlagen und Ergebnisse ambulatorischer Tuberkulinbehandlung. Sonderdruck aus: Das \u00d6sterreichische Sanit\u00e4tswesen. Wien: Verlag von Alfred H\u00f6lder, k.k. Hof u. Universit\u00e4ts-Buchh\u00e4ndler 1915.<\/a><\/p>\n<p><a href=\"https:\/\/ub-blog.meduniwien.ac.at\/blog\/wp-content\/uploads\/2016\/12\/Separata_M.Hartl_.gif\"><img loading=\"lazy\" decoding=\"async\" class=\"alignnone wp-image-26858\" src=\"https:\/\/ub-blog.meduniwien.ac.at\/blog\/wp-content\/uploads\/2016\/12\/Separata_M.Hartl_.gif\" alt=\"\" width=\"120\" height=\"43\"><\/a><\/p>\n<p>[Zweigbibliothek f\u00fcr Geschichte der Medizin\/Separata Bibliothek]<\/p>\n<p><a href=\"https:\/\/ubsearch.meduniwien.ac.at\/primo-explore\/fulldisplay?docid=UMW_alma2142638700003344&amp;context=L&amp;vid=UMW&amp;lang=de_DE&amp;search_scope=UMW_all&amp;adaptor=Local%20Search%20Engine&amp;tab=default_tab&amp;query=any,contains,laub%20Praxis&amp;offset=0\">Laub, Moriz: \u00dcber die Wirkung einiger dem Adrenalin verwandter Ketonbasen in der rhinologischen Praxis. Aus der I. laryngo-rhinologischen Abteilung des Kaiser Franz Joseph-Ambulatoriums (Vorstand Dr. M. Weil). Sonderdruck aus: Wiener medizinische Wochenschrift. Wien: Verlag von Moritz Perles k.u.k. Hofbuchhandlung 1906.<\/a><\/p>\n<p><a href=\"https:\/\/ub-blog.meduniwien.ac.at\/blog\/wp-content\/uploads\/2016\/12\/Separata_M.Hartl_.gif\"><img loading=\"lazy\" decoding=\"async\" class=\"alignnone wp-image-26858\" src=\"https:\/\/ub-blog.meduniwien.ac.at\/blog\/wp-content\/uploads\/2016\/12\/Separata_M.Hartl_.gif\" alt=\"\" width=\"120\" height=\"43\"><\/a><\/p>\n<p>[Zweigbibliothek f\u00fcr Geschichte der Medizin\/Separata Bibliothek]<\/p>\n<p><a href=\"https:\/\/ubsearch.meduniwien.ac.at\/primo-explore\/fulldisplay?docid=UMW_alma2142638620003344&amp;context=L&amp;vid=UMW&amp;lang=de_DE&amp;search_scope=UMW_all&amp;adaptor=Local%20Search%20Engine&amp;tab=default_tab&amp;query=any,contains,komplementbindende%20Substanzen%20bei%20Tuberkulose&amp;offset=0\">Laub, Moriz und J. Novotny: Ueber komplementbindende Substanzen bei Tuberkulose. Aus dem staatlichen serotherapeutischen Institute in Wien (Vorstand: Hofrat Prof. Paltauf). Sonderdruck aus: Wiener klinische Wochenschrift. Wien und Leipzig: Wilhelm Braum\u00fcller k.u.k. Hof- und Universit\u00e4ts-Buchh\u00e4ndler 1909.<\/a><\/p>\n<p><a href=\"https:\/\/ub-blog.meduniwien.ac.at\/blog\/wp-content\/uploads\/2016\/12\/Separata_M.Hartl_.gif\"><img loading=\"lazy\" decoding=\"async\" class=\"alignnone wp-image-26858\" src=\"https:\/\/ub-blog.meduniwien.ac.at\/blog\/wp-content\/uploads\/2016\/12\/Separata_M.Hartl_.gif\" alt=\"\" width=\"120\" height=\"43\"><\/a><\/p>\n<p>[Zweigbibliothek f\u00fcr Geschichte der Medizin\/Separata Bibliothek]<\/p>\n<p><a href=\"https:\/\/ubsearch.meduniwien.ac.at\/primo-explore\/fulldisplay?docid=UMW_alma2142638660003344&amp;context=L&amp;vid=UMW&amp;lang=de_DE&amp;search_scope=UMW_all&amp;adaptor=Local%20Search%20Engine&amp;tab=default_tab&amp;query=any,contains,Fall%20von%20Pneumopericardium&amp;offset=0\">Laub, Moriz: Ein Fall von Pneumopericardium. Aus der II. medicinischen Abtheilung der k.k. Krankenanstalt Rudolf-Stiftung in Wien (Primararzt Dr. E. Bamberger). Sonderdruck aus: Wiener klinische Wochenschrift. Wien: Wilhelm Braum\u00fcller k.u.k. Hof- und Universit\u00e4ts-Buchh\u00e4ndler 1899.<\/a><\/p>\n<p>[Zweigbibliothek f\u00fcr Geschichte der Medizin\/Separata Bibliothek]<\/p>\n<p>Keywords: \u00c4rztekammer Wien, Moriz Laub, NS-Verfolgung, Rudolf-Stiftung, Sozialmedizin, Tuberkulose, Arzt, Wien<\/p>\n<p><a href=\"#_ftnref1\" name=\"_ftn1\">[1]<\/a> Neue Freie Presse. 10.3.1898. S. 7.<\/p>\n<p><a href=\"#_ftnref2\" name=\"_ftn2\">[2]<\/a> Die Zeit. 1.2.1909. S. 4.<\/p>\n<p><a href=\"#_ftnref3\" name=\"_ftn3\">[3]<\/a> Wiener klinische Wochenschrift. Nr. 13. 1899. S. 359.<\/p>\n<p><a href=\"#_ftnref4\" name=\"_ftn4\">[4]<\/a> Die Zeit. 12.3.1911. S. 9; Arbeiter Zeitung. 1.3.1911. S. 12.<\/p>\n<p><a href=\"#_ftnref5\" name=\"_ftn5\">[5]<\/a> Arbeiter Zeitung. 5.3.1909. S. 10.<\/p>\n<p><a href=\"#_ftnref6\" name=\"_ftn6\">[6]<\/a> Arbeiter Zeitung. 21.5.1911. S. 8.<\/p>\n<p><a href=\"#_ftnref7\" name=\"_ftn7\">[7]<\/a> Wiener medizinische Wochenschrift. Nr. 12. 1919. Sp. 609.<\/p>\n<p><a href=\"#_ftnref8\" name=\"_ftn8\">[8]<\/a> Wiener medizinische Wochenschrift. Nr. 27. 1926. Sp. 837.<\/p>\n<p><a href=\"#_ftnref9\" name=\"_ftn9\">[9]<\/a> Wiener Kommunal-Kalender und st\u00e4dtisches Jahrbuch. Wien 1922. S. 47.<\/p>\n<p><a href=\"#_ftnref10\" name=\"_ftn10\">[10]<\/a> Wiener medizinische Wochenschrift. Nr. 38. 1919. Sp. 1869.<\/p>\n<p><a href=\"#_ftnref11\" name=\"_ftn11\">[11]<\/a> Neues Wiener Tagblatt (Tages-Ausgabe). 12.5.1935. S. 12.<\/p>\n<p><a href=\"#_ftnref12\" name=\"_ftn12\">[12]<\/a> Die Stimme. 9.2.1938. S. 5.<\/p>\n<p><a href=\"#_ftnref13\" name=\"_ftn13\">[13]<\/a> Czernowitzer Tagblatt. 11.1.1910. S. 3<\/p>\n<p><a href=\"#_ftnref14\" name=\"_ftn14\">[14]<\/a> Die Zeit. 30.9.1914. S. 4.<\/p>\n<p><a href=\"#_ftnref15\" name=\"_ftn15\">[15]<\/a> Wiener Zeitung. 17.5.1916. S. 3; Wiener medizinische Wochenschrift. Nr. 27. 1917. Sp. 1211.<\/p>\n<p><a href=\"#_ftnref16\" name=\"_ftn16\">[16]<\/a> Neue Freie Presse. 3.12.1918. S. 4.<\/p>\n<p><a href=\"#_ftnref17\" name=\"_ftn17\">[17]<\/a> Wiener medizinische Wochenschrift. Nr. 42. 1920. Sp. 1772.<\/p>\n<p><a href=\"#_ftnref18\" name=\"_ftn18\">[18]<\/a> Arbeiter Zeitung. 2.7.1919. S. 10.<\/p>\n<p><a href=\"#_ftnref19\" name=\"_ftn19\">[19]<\/a> Wiener medizinische Wochenschrift. Nr. 22. 1924. Sp. 1143.<\/p>\n<p><a href=\"#_ftnref20\" name=\"_ftn20\">[20]<\/a> Arbeiter Zeitung. 15.4.1923. S. 10.<\/p>\n<p><a href=\"#_ftnref21\" name=\"_ftn21\">[21]<\/a> Wiener medizinische Wochenschrift. Nr. 30. 1924. Sp. 1587-1589.<\/p>\n<p><a href=\"#_ftnref22\" name=\"_ftn22\">[22]<\/a> Wiener medizinische Wochenschrift. Nr. 46. 1924. Sp. 2434.<\/p>\n<p><a href=\"#_ftnref23\" name=\"_ftn23\">[23]<\/a> Neues \u00d6sterreich. 25.5.1949. S. 4.<\/p>\n<p>Normdaten&nbsp;(Person) <strong>Laub, Moriz Moses : <\/strong><a href=\"https:\/\/ub-blog.meduniwien.ac.at\/blog\/?p=39429\"> BBL:&nbsp;39429;<\/a> <a href=\"https:\/\/de.wikipedia.org\/wiki\/Gemeinsame_Normdatei\">GND: <\/a><a title=\"https:\/\/d-nb.info\/gnd\/1264961014\" href=\"https:\/\/d-nb.info\/gnd\/1264961014\">1264961014<\/a><\/p>\n<p><a href=\"https:\/\/ub.meduniwien.ac.at\/ueber-uns\/medizinhistorische-bibliotheken-der-ub-meduni\/highlights-medizinhistorischer-buecher-u-zeitschriften\/bio-bibliografisches-lexikon\/\">Bio-bibliografisches Lexikon (BBL)\/Liste aller Beitr\u00e4ge der VS-Blog-Serie: Aus den medizinhistorischen Best\u00e4nden der Ub MedUni Wien<\/a><\/p>\n<p>Bitte zitieren als VAN SWIETEN BLOG der Universit\u00e4tsbibliothek der Medizinischen Universit\u00e4t Wien, BBL: 39429 (04.08.2022); Letzte Aktualisierung: 2022 08 04<br \/>\nOnline unter der URL: https:\/\/ub-blog.meduniwien.ac.at\/blog\/?p=39429<\/p>\n<p><img loading=\"lazy\" decoding=\"async\" class=\"alignnone wp-image-28234\" src=\"https:\/\/ub-blog.meduniwien.ac.at\/blog\/wp-content\/uploads\/2017\/09\/VanSwietenBlog_MHartl.gif\" alt=\"Van Swieten Blog Logo Margrit Hartl\" width=\"188\" height=\"64\"><\/p>\n","protected":false},"excerpt":{"rendered":"<p>Laub, Moriz \u2013 Em. Abteilungsassistent an der Krankenanstalt Rudolf-Stiftung, Pr\u00e4sident der Kassen\u00e4rzte der kaufm\u00e4nnischen Angestellten, Vorstandsmitglied der Wiener \u00c4rztekammer, NS-Verfolgter Text: Walter Mentzel Moriz Laub wurde am 19. Februar 1869 als Sohn von Jakob Laub (1841-1916) und Mariam Nussbeck in Sadagora in der Bukowina (heute: Sadhora\/Ukraine) geboren. 1900 heiratete er die in Wien geborenen Bertha &hellip; <a href=\"https:\/\/ub.meduniwien.ac.at\/blog\/?p=39429\" class=\"more-link\"><span class=\"screen-reader-text\">Aus den medizinhistorischen Best\u00e4nden der Ub MedUni Wien [182]: Laub, Moriz \u2013 Em. Abteilungsassistent an der Krankenanstalt Rudolf-Stiftung, Pr\u00e4sident der Kassen\u00e4rzte der kaufm\u00e4nnischen Angestellten, Vorstandsmitglied der Wiener \u00c4rztekammer, NS-Verfolgter<\/span> weiterlesen <span class=\"meta-nav\">&rarr;<\/span><\/a><\/p>\n","protected":false},"author":2,"featured_media":0,"comment_status":"open","ping_status":"open","sticky":false,"template":"","format":"standard","meta":{"ngg_post_thumbnail":0,"footnotes":""},"categories":[1153,2810,2911,2815,11,5,1347,2,16,2816,1391,2808],"tags":[202,2431,2915,2913,2914,1614,3021,1942,3022,1550,2420,1576],"class_list":["post-39429","post","type-post","status-publish","format-standard","hentry","category-1-weltkrieg-medizin","category-aerztliche-standesvertretungen","category-bio-bibliografisches-lexikon","category-krankenanstalten","category-literaturhinweis","category-medizingeschichte","category-medizinhistorische-bestaende-der-ub-meduni-wien","category-news","category-news1","category-ns-verfolgung","category-separata-bibliothek","category-wien","tag-arzt","tag-aerztekammer-wien","tag-bbl","tag-bio-bibliografisches-lexikon","tag-bio-bibliographisches-lexikon","tag-medizingeschichte","tag-moriz-laub","tag-ns-verfolgung","tag-rudolf-stiftung","tag-sozialmedizin","tag-tuberkulose","tag-wien"],"views":2926,"_links":{"self":[{"href":"https:\/\/ub.meduniwien.ac.at\/blog\/index.php?rest_route=\/wp\/v2\/posts\/39429","targetHints":{"allow":["GET"]}}],"collection":[{"href":"https:\/\/ub.meduniwien.ac.at\/blog\/index.php?rest_route=\/wp\/v2\/posts"}],"about":[{"href":"https:\/\/ub.meduniwien.ac.at\/blog\/index.php?rest_route=\/wp\/v2\/types\/post"}],"author":[{"embeddable":true,"href":"https:\/\/ub.meduniwien.ac.at\/blog\/index.php?rest_route=\/wp\/v2\/users\/2"}],"replies":[{"embeddable":true,"href":"https:\/\/ub.meduniwien.ac.at\/blog\/index.php?rest_route=%2Fwp%2Fv2%2Fcomments&post=39429"}],"version-history":[{"count":7,"href":"https:\/\/ub.meduniwien.ac.at\/blog\/index.php?rest_route=\/wp\/v2\/posts\/39429\/revisions"}],"predecessor-version":[{"id":45536,"href":"https:\/\/ub.meduniwien.ac.at\/blog\/index.php?rest_route=\/wp\/v2\/posts\/39429\/revisions\/45536"}],"wp:attachment":[{"href":"https:\/\/ub.meduniwien.ac.at\/blog\/index.php?rest_route=%2Fwp%2Fv2%2Fmedia&parent=39429"}],"wp:term":[{"taxonomy":"category","embeddable":true,"href":"https:\/\/ub.meduniwien.ac.at\/blog\/index.php?rest_route=%2Fwp%2Fv2%2Fcategories&post=39429"},{"taxonomy":"post_tag","embeddable":true,"href":"https:\/\/ub.meduniwien.ac.at\/blog\/index.php?rest_route=%2Fwp%2Fv2%2Ftags&post=39429"}],"curies":[{"name":"wp","href":"https:\/\/api.w.org\/{rel}","templated":true}]}}