{"id":38693,"date":"2022-03-29T01:21:36","date_gmt":"2022-03-29T00:21:36","guid":{"rendered":"https:\/\/ub-blog.meduniwien.ac.at\/blog\/?p=38693"},"modified":"2024-08-21T11:39:45","modified_gmt":"2024-08-21T10:39:45","slug":"34761-2-2-2-2-2-2-3-2-2-2-3-2-2-2-3-2-2-2-3-2-3-5-2-2-2-3-2-2-3-2-2-2-2-2-2-2-2-4","status":"publish","type":"post","link":"https:\/\/ub.meduniwien.ac.at\/blog\/?p=38693","title":{"rendered":"Aus den medizinhistorischen Best\u00e4nden der Ub MedUni Wien [165]: Mra\u010dek, Franz &#8211; Professor f\u00fcr Dermatologie und Geschlechtskrankheiten"},"content":{"rendered":"<p><strong>Mra<\/strong><strong>\u010dek, Franz \u2013 Professor f\u00fcr Dermatologie und Geschlechtskrankheiten <\/strong><\/p>\n<p>Text: Walter Mentzel<\/p>\n<p>Franz Mra\u010dek wurde am 1. April 1848 in Beneschau in B\u00f6hmen (heute: Bene\u0161ov\/Tschechien) geboren und war mit Sophie, geborene Edle von Kogerer (1861-1932), verheiratet.<\/p>\n<p>Nach seinem Studium der Medizin an der Universit\u00e4t Wien und seiner Promotion 1876 durchlief Mra\u010dek als Sekundararzt in seiner weiteren Ausbildung die Kliniken von Adalbert Ducheck (1824-1882), <a href=\"https:\/\/ub-blog.meduniwien.ac.at\/blog\/?p=26903\">Ferdinand Hebra<\/a> (1816-1880), Leopold Dittel (1815-1898) und Carl Ludwig Sigmund (1810-1883), dessen Assistent er bis 1880 war. 1880 habilitierte er sich zum Privatdozenten f\u00fcr Dermatologie und Syphilidologie und 1889 erfolgte seine Ernennung zum Primarius an der Abteilung f\u00fcr Haut- und Geschlechtskrankheiten an der Krankenanstalt Rudolfstiftung. Diese Funktion \u00fcbte er bis zu seinem Ableben aus.<a href=\"#_ftn1\" name=\"_ftnref1\">[1]<\/a> 1896 erhielt er den Titel eines a.o. Professor und darauf den Titel Titular-Ordinarius.<a href=\"#_ftn2\" name=\"_ftnref2\">[2]<\/a><\/p>\n<p><a href=\"https:\/\/ub-blog.meduniwien.ac.at\/blog\/wp-content\/uploads\/2022\/03\/Franz-Mracek.jpg\"><img loading=\"lazy\" decoding=\"async\" class=\"alignnone size-full wp-image-38698\" src=\"https:\/\/ub-blog.meduniwien.ac.at\/blog\/wp-content\/uploads\/2022\/03\/Franz-Mracek.jpg\" alt=\"\" width=\"453\" height=\"631\" srcset=\"https:\/\/ub.meduniwien.ac.at\/blog\/wp-content\/uploads\/2022\/03\/Franz-Mracek.jpg 453w, https:\/\/ub.meduniwien.ac.at\/blog\/wp-content\/uploads\/2022\/03\/Franz-Mracek-215x300.jpg 215w\" sizes=\"auto, (max-width: 453px) 100vw, 453px\" \/><br \/>\n<\/a>Bild: Franz Mra\u010dek, ca. 1900<\/p>\n<p>In seinen Arbeiten besch\u00e4ftigte er sich mit klinischen und pathologisch-anatomischen Fragen auf dem Gebiet der Syphilidologie. Die <a href=\"https:\/\/ubsearch.meduniwien.ac.at\/primo-explore\/search?query=any,contains,mracek%20franz&amp;tab=default_tab&amp;search_scope=UMW_all&amp;vid=UMW&amp;offset=0\">Zweigbibliothek f\u00fcr Geschichte der Medizin besitzt in ihrer Separata-Bibliothek<\/a> eine Reihe von seinen Arbeiten. Weiters sind in der Zweigbibliothek f\u00fcr Geschichte der Medizin das von ihm edierte und zwischen 1902 und 1909 herausgegebene vierb\u00e4ndige \u201e<a href=\"https:\/\/ubsearch.meduniwien.ac.at\/primo-explore\/search?vid=UMW&amp;query=addsrcrid,exact,AC00526034&amp;tab=default_tab\">Handbuch der Hautkrankheiten<\/a>\u201c und ein 1908 erschienener \u201e<a href=\"https:\/\/ubsearch.meduniwien.ac.at\/primo-explore\/fulldisplay?docid=UMW_alma2113306870003344&amp;context=L&amp;vid=UMW&amp;lang=de_DE&amp;search_scope=UMW_all&amp;adaptor=Local%20Search%20Engine&amp;isFrbr=true&amp;tab=default_tab&amp;query=any,contains,mracek%20franz&amp;offset=0\">Atlas der Syphilis und der venerischen Krankheiten mit einem Grundriss der Pathologie und Therapie derselben<\/a>\u201c erhalten, sowie der 1911 erschienene \u201e<a href=\"https:\/\/ubsearch.meduniwien.ac.at\/primo-explore\/fulldisplay?docid=UMW_alma2112978140003344&amp;context=L&amp;vid=UMW&amp;lang=de_DE&amp;search_scope=UMW_all&amp;adaptor=Local%20Search%20Engine&amp;tab=default_tab&amp;query=any,contains,mracek%20franz&amp;offset=10\">Franz Mracek\u00b4s Atlas und Grundriss der Haut-Krankheiten<\/a>\u201c (= Lehmann\u00b4s medizinische Handatlanten\/Bd. 5).<\/p>\n<p>Mra\u010dek war Mitglied des nieder\u00f6sterreichischen Landessanit\u00e4tsrates, Ausschussmitglied der \u00d6sterreichischen Gesellschaft vom Roten Kreuz (\u00f6sterreichischen patriotischen Hilfsverein) und Mitbegr\u00fcnder der Wiener Dermatologischen Gesellschaft.<a href=\"#_ftn3\" name=\"_ftnref3\">[3]<\/a> Weiters war er Ehrenb\u00fcrger von Bad Hall in Ober\u00f6sterreich.<\/p>\n<p>Franz Mra\u010dek verstarb am 8. April 1908 in Wien.<\/p>\n<p>Quellen:<\/p>\n<p>AUW, Rektorat, Med. Fakult\u00e4t, Rigorosen- und Promotionsprotokolle 1872, Sign. 177.241, Mra\u010dek Franz (Rigorosum-Datum: 1876).<\/p>\n<p>AUW, Rektorat, Med. Fakult\u00e4t, Rigorosen- und Promotionsprotokolle, Sign. 186-425, Mra\u010dek Franz (Promotions-Sponsions-Datum: 5.4.1876).<\/p>\n<p>UAW, Rektoratsarchiv, Akademischer Senat, Akten-Sonderreihe, Personalbl\u00e4tter, Senat S 304.857 Mra\u010dek, Franz (01.04.1848-08.04.1908)<\/p>\n<p>Sterbebuch, RL, Erzdi\u00f6zese Wien, Bezirk: 1, Unsere Liebe Frau zu den Schotten, Sign. 03-23, Folio115, Mra\u010dek Franz.<\/p>\n<p>Literaturliste:<\/p>\n<p><a href=\"https:\/\/ubsearch.meduniwien.ac.at\/primo-explore\/fulldisplay?docid=UMW_alma7116442970003344&amp;context=L&amp;vid=UMW&amp;lang=de_DE&amp;search_scope=UMW_all&amp;adaptor=Local%20Search%20Engine&amp;tab=default_tab&amp;query=addsrcrid,exact,AC00526034\">Mra\u010dek, Franz: Handbuch der Hautkrankheiten. Bd. 1-4,2. Wien: H\u00f6lder 1902-1909.<\/a><\/p>\n<p>[Zweigbibliothek f\u00fcr Geschichte der Medizin\/Neuburger Bibliothek, Sign.: 55552]<\/p>\n<p><a href=\"https:\/\/ub-blog.meduniwien.ac.at\/blog\/wp-content\/uploads\/2019\/01\/Neuburger_MHartl.jpg\"><img loading=\"lazy\" decoding=\"async\" class=\"alignnone wp-image-31957\" src=\"https:\/\/ub-blog.meduniwien.ac.at\/blog\/wp-content\/uploads\/2019\/01\/Neuburger_MHartl.jpg\" alt=\"\" width=\"165\" height=\"58\"><\/a><\/p>\n<p><a href=\"https:\/\/ubsearch.meduniwien.ac.at\/primo-explore\/fulldisplay?docid=UMW_alma2113306870003344&amp;context=L&amp;vid=UMW&amp;lang=de_DE&amp;search_scope=UMW_all&amp;adaptor=Local%20Search%20Engine&amp;isFrbr=true&amp;tab=default_tab&amp;query=any,contains,mracek%20franz&amp;offset=0\">Mra\u010dek, Franz.: Atlas der Syphilis und der venerischen Krankheiten. Mit einem Grundriss der Pathologie und Therapie derselben. (= Lehmann\u2019s medizinische Handatlanten\/6) M\u00fcnchen: Lehmann 1908.<\/a><\/p>\n<p>[Zweigbibliothek f\u00fcr Geschichte der Medizin\/Wolf Bibliothek, Sign.: WOB-326]<\/p>\n<p><a href=\"https:\/\/ub-blog.meduniwien.ac.at\/blog\/wp-content\/uploads\/2017\/03\/wolf.jpg\"><img loading=\"lazy\" decoding=\"async\" class=\"alignnone wp-image-27363\" src=\"https:\/\/ub-blog.meduniwien.ac.at\/blog\/wp-content\/uploads\/2017\/03\/wolf.jpg\" alt=\"\" width=\"150\" height=\"61\" srcset=\"https:\/\/ub.meduniwien.ac.at\/blog\/wp-content\/uploads\/2017\/03\/wolf.jpg 331w, https:\/\/ub.meduniwien.ac.at\/blog\/wp-content\/uploads\/2017\/03\/wolf-300x120.jpg 300w\" sizes=\"auto, (max-width: 150px) 100vw, 150px\" \/><\/a><\/p>\n<p><a href=\"https:\/\/ubsearch.meduniwien.ac.at\/primo-explore\/fulldisplay?docid=UMW_alma2112978140003344&amp;context=L&amp;vid=UMW&amp;lang=de_DE&amp;search_scope=UMW_all&amp;adaptor=Local%20Search%20Engine&amp;tab=default_tab&amp;query=any,contains,mracek%20franz&amp;offset=10\">Mra\u010dek, Franz und Albert Jesionek: Franz Mra\u010dek\u2019s Atlas und Grundriss der Haut-Krankheiten. (Lehmann\u2019s medizinische Handatlanten\/5) M\u00fcnchen: Lehmann 1911.<\/a><\/p>\n<p>[Zweigbibliothek f\u00fcr Geschichte der Medizin\/Wolf Bibliothek, Sign.: WOB-325]<\/p>\n<p><a href=\"https:\/\/ub-blog.meduniwien.ac.at\/blog\/wp-content\/uploads\/2017\/03\/wolf.jpg\"><img loading=\"lazy\" decoding=\"async\" class=\"alignnone wp-image-27363\" src=\"https:\/\/ub-blog.meduniwien.ac.at\/blog\/wp-content\/uploads\/2017\/03\/wolf.jpg\" alt=\"\" width=\"150\" height=\"61\" srcset=\"https:\/\/ub.meduniwien.ac.at\/blog\/wp-content\/uploads\/2017\/03\/wolf.jpg 331w, https:\/\/ub.meduniwien.ac.at\/blog\/wp-content\/uploads\/2017\/03\/wolf-300x120.jpg 300w\" sizes=\"auto, (max-width: 150px) 100vw, 150px\" \/><\/a><\/p>\n<p>Keywords:<br \/>\nDermatologe, Karl Mra\u010dek, Geschlechtskrankheiten, Arzt, Wien, Wolf Bibliothek, Neuburger Bibliothek. Separata Bibliothek<\/p>\n<p><a href=\"#_ftnref1\" name=\"_ftn1\">[1]<\/a> Die Zeit. 9.4.1908. S. 6.<\/p>\n<p><a href=\"#_ftnref2\" name=\"_ftn2\">[2]<\/a> Wiener klinische Rundschau. Nr. 16. 1908. S. 256-257; M\u00e4hrisches Tagblatt. 9.4.1908. S. 6.<\/p>\n<p><a href=\"#_ftnref3\" name=\"_ftn3\">[3]<\/a> Allgemeine Wiener medizinische Zeitung. 14.4.1908. S. 172.<\/p>\n<p><a href=\"#_ftnref1\" name=\"_ftn1\">[1]<\/a> Teplitz-Sch\u00f6nauer Anzeiger. 25.2.1915. S. 5.<\/p>\n<p><a href=\"#_ftnref2\" name=\"_ftn2\">[2]<\/a> Wiener medizinische Wochenschrift. Nr. 10. 1916. Sp. 381.<\/p>\n<p><a href=\"#_ftnref3\" name=\"_ftn3\">[3]<\/a> Kleine Volks-Zeitung. 5.2.1932. S. 7.<\/p>\n<p><a href=\"#_ftnref4\" name=\"_ftn4\">[4]<\/a> Die Unzufriedene. 14.8.1926. S. 7<\/p>\n<p><a href=\"#_ftnref5\" name=\"_ftn5\"><\/a><a href=\"#_ftnref14\" name=\"_ftn14\"><\/a><a href=\"#_ftnref15\" name=\"_ftn15\"><\/a><a href=\"https:\/\/ub-blog.meduniwien.ac.at\/blog\/wp-content\/uploads\/2016\/12\/Separata_M.Hartl_.gif\"><img loading=\"lazy\" decoding=\"async\" class=\"alignnone wp-image-26858\" src=\"https:\/\/ub-blog.meduniwien.ac.at\/blog\/wp-content\/uploads\/2016\/12\/Separata_M.Hartl_.gif\" alt=\"\" width=\"132\" height=\"58\"><\/a><\/p>\n<p>Normdaten&nbsp;(Person) <strong>Mra\u010dek, Franz : <\/strong> <a href=\"https:\/\/ub-blog.meduniwien.ac.at\/blog\/?p=38693\">BBL: 38693;<\/a><a href=\"https:\/\/de.wikipedia.org\/wiki\/Gemeinsame_Normdatei\">&nbsp;<br \/>\nGND<\/a>:&nbsp;<a title=\"https:\/\/d-nb.info\/gnd\/142664340\" href=\"https:\/\/d-nb.info\/gnd\/142664340\">142664340<\/a><\/p>\n<p><a href=\"https:\/\/ub.meduniwien.ac.at\/ueber-uns\/medizinhistorische-bibliotheken-der-ub-meduni\/highlights-medizinhistorischer-buecher-u-zeitschriften\/bio-bibliografisches-lexikon\/\">Bio-bibliografisches Lexikon (BBL)\/Liste aller Beitr\u00e4ge der VS-Blog-Serie: Aus den medizinhistorischen Best\u00e4nden der Ub MedUni Wien<\/a><\/p>\n<p>Bitte zitieren als VAN SWIETEN BLOG der Universit\u00e4tsbibliothek der Medizinischen Universit\u00e4t Wien, BBL: 38693 (21.03.2022); Letzte Aktualisierung: 2022 03 21<br \/>\nOnline unter der URL:<a href=\"https:\/\/ub-blog.meduniwien.ac.at\/blog\/?p=38693\"> https:\/\/ub-blog.meduniwien.ac.at\/blog\/?p=38693<\/a><a href=\"https:\/\/ub-blog.meduniwien.ac.at\/blog\/wp-content\/uploads\/2017\/09\/VanSwietenBlog_MHartl.gif\"><br \/>\n<\/a><a href=\"https:\/\/ub-blog.meduniwien.ac.at\/blog\/wp-content\/uploads\/2017\/09\/VanSwietenBlog_MHartl.gif\"><img loading=\"lazy\" decoding=\"async\" class=\"alignnone wp-image-28234\" src=\"https:\/\/ub-blog.meduniwien.ac.at\/blog\/wp-content\/uploads\/2017\/09\/VanSwietenBlog_MHartl.gif\" alt=\"Van Swieten Blog Logo Margrit Hartl\" width=\"188\" height=\"64\"><\/a><\/p>\n","protected":false},"excerpt":{"rendered":"<p>Mra\u010dek, Franz \u2013 Professor f\u00fcr Dermatologie und Geschlechtskrankheiten Text: Walter Mentzel Franz Mra\u010dek wurde am 1. April 1848 in Beneschau in B\u00f6hmen (heute: Bene\u0161ov\/Tschechien) geboren und war mit Sophie, geborene Edle von Kogerer (1861-1932), verheiratet. Nach seinem Studium der Medizin an der Universit\u00e4t Wien und seiner Promotion 1876 durchlief Mra\u010dek als Sekundararzt in seiner weiteren &hellip; <a href=\"https:\/\/ub.meduniwien.ac.at\/blog\/?p=38693\" class=\"more-link\"><span class=\"screen-reader-text\">Aus den medizinhistorischen Best\u00e4nden der Ub MedUni Wien [165]: Mra\u010dek, Franz &#8211; Professor f\u00fcr Dermatologie und Geschlechtskrankheiten<\/span> weiterlesen <span class=\"meta-nav\">&rarr;<\/span><\/a><\/p>\n","protected":false},"author":2,"featured_media":0,"comment_status":"open","ping_status":"open","sticky":false,"template":"","format":"standard","meta":{"ngg_post_thumbnail":0,"footnotes":""},"categories":[2911,2815,11,5,1347,1389,2,16,1391,2808,1394],"tags":[202,2915,2913,2914,2890,2981,1614,2982,1361,1507,1576,2224],"class_list":["post-38693","post","type-post","status-publish","format-standard","hentry","category-bio-bibliografisches-lexikon","category-krankenanstalten","category-literaturhinweis","category-medizingeschichte","category-medizinhistorische-bestaende-der-ub-meduni-wien","category-neuburger-bibliothek","category-news","category-news1","category-separata-bibliothek","category-wien","category-wolf-bibliothek","tag-arzt","tag-bbl","tag-bio-bibliografisches-lexikon","tag-bio-bibliographisches-lexikon","tag-dermatologe","tag-geschlechtskrankheiten","tag-medizingeschichte","tag-neuburger-bibliothek-separata-bibliothek","tag-separata-bibliothek","tag-syphilidologie","tag-wien","tag-wolf-bibliothek"],"views":2707,"_links":{"self":[{"href":"https:\/\/ub.meduniwien.ac.at\/blog\/index.php?rest_route=\/wp\/v2\/posts\/38693","targetHints":{"allow":["GET"]}}],"collection":[{"href":"https:\/\/ub.meduniwien.ac.at\/blog\/index.php?rest_route=\/wp\/v2\/posts"}],"about":[{"href":"https:\/\/ub.meduniwien.ac.at\/blog\/index.php?rest_route=\/wp\/v2\/types\/post"}],"author":[{"embeddable":true,"href":"https:\/\/ub.meduniwien.ac.at\/blog\/index.php?rest_route=\/wp\/v2\/users\/2"}],"replies":[{"embeddable":true,"href":"https:\/\/ub.meduniwien.ac.at\/blog\/index.php?rest_route=%2Fwp%2Fv2%2Fcomments&post=38693"}],"version-history":[{"count":13,"href":"https:\/\/ub.meduniwien.ac.at\/blog\/index.php?rest_route=\/wp\/v2\/posts\/38693\/revisions"}],"predecessor-version":[{"id":45075,"href":"https:\/\/ub.meduniwien.ac.at\/blog\/index.php?rest_route=\/wp\/v2\/posts\/38693\/revisions\/45075"}],"wp:attachment":[{"href":"https:\/\/ub.meduniwien.ac.at\/blog\/index.php?rest_route=%2Fwp%2Fv2%2Fmedia&parent=38693"}],"wp:term":[{"taxonomy":"category","embeddable":true,"href":"https:\/\/ub.meduniwien.ac.at\/blog\/index.php?rest_route=%2Fwp%2Fv2%2Fcategories&post=38693"},{"taxonomy":"post_tag","embeddable":true,"href":"https:\/\/ub.meduniwien.ac.at\/blog\/index.php?rest_route=%2Fwp%2Fv2%2Ftags&post=38693"}],"curies":[{"name":"wp","href":"https:\/\/api.w.org\/{rel}","templated":true}]}}