{"id":38028,"date":"2022-02-14T13:58:03","date_gmt":"2022-02-14T12:58:03","guid":{"rendered":"https:\/\/ub-blog.meduniwien.ac.at\/blog\/?p=38028"},"modified":"2022-02-17T11:04:37","modified_gmt":"2022-02-17T10:04:37","slug":"exlibris-carl-sternberg-2-2-2-2-2-2-3-2-2-2-2-2-2-3-2-3-2-2-2-2-2","status":"publish","type":"post","link":"https:\/\/ub.meduniwien.ac.at\/blog\/?p=38028","title":{"rendered":"&#8222;Aus den B\u00fcchern&#8220; der medizinhistorischen Bibliotheken der Ub MedUni Wien [26]: Exlibris Karl Klammer"},"content":{"rendered":"<p>Im Van Swieten Blog werden exemplarisch digitalisierte Exlibris aus medizinhistorischen B\u00fcchern &#8222;<strong>Exlibris in situ&#8220;<\/strong>, der Zweigbibliothek f\u00fcr Geschichte der Medizin, pr\u00e4sentiert, die im&nbsp; Bibliothekskatalog recherchierbar sind.<\/p>\n<h3 class=\"item-title\"><a class=\"md-primoExplore-theme full-view-mouse-pointer\" tabindex=\"-1\" href=\"https:\/\/ubsearch.meduniwien.ac.at\/primo-explore\/fulldisplay?docid=UMW_alma5127676940003344&amp;context=L&amp;vid=UMW&amp;lang=de_DE&amp;tab=default_tab\" data-emailref=\"UMW_alma5127676940003344\"><span class=\"\" data-field-selector=\"::title\"> <span dir=\"auto\">Exlibris Karl Klammer<\/span><\/span><\/a><\/h3>\n<div class=\"item-detail reduce-lines-display\"><span data-field-selector=\"creator\"> <span dir=\"auto\">Hesshaimer, Ludwig, 1872-1956<\/span><\/span><\/div>\n<p><strong><br \/>\n<\/strong><span data-field-selector=\"contributor\"><span dir=\"auto\"><a href=\"https:\/\/ub-blog.meduniwien.ac.at\/blog\/wp-content\/uploads\/2022\/01\/Klammer_Exlibris.jpg\"><img loading=\"lazy\" decoding=\"async\" class=\"alignnone  wp-image-38031\" src=\"https:\/\/ub-blog.meduniwien.ac.at\/blog\/wp-content\/uploads\/2022\/01\/Klammer_Exlibris-544x800.jpg\" alt=\"\" width=\"283\" height=\"489\"><\/a><br \/>\n<\/span><\/span><\/p>\n<p><strong>Pferde-Exlibris<\/strong><\/p>\n<p>Rechts vorne zu Pferde sitzt ein k.u.k. Dragoner in Adjustierung in h\u00fcgeliger Landschaft nach links auf die im Hintergrund befindliche Silhouette einer Stadt blickend. Um eine gesteigerte Tiefenwirkung des Bildmotivs zu erzeugen, ist links im Bildvordergrund eine Repoussoir-Figur, ein Eichenbaum, platziert, dessen Wurzeln dekorativ den Eignernamen &#8222;Karl Klammer\u201c umrahmen. Darunter sind mittig die Signatur &#8222;Ludwig Hesshaimer&#8220; und das Jahr &#8222;1928&#8220; gesetzt. Druckfarbe: blau<\/p>\n<p><strong>Exlibris in situ:<\/strong><\/p>\n<h3 class=\"item-title\"><a class=\"md-primoExplore-theme full-view-mouse-pointer\" tabindex=\"-1\" href=\"https:\/\/ubsearch.meduniwien.ac.at\/primo-explore\/fulldisplay?docid=UMW_alma2115471450003344&amp;context=L&amp;vid=UMW&amp;lang=de_DE&amp;search_scope=UMW_all&amp;adaptor=Local Search Engine&amp;isFrbr=true&amp;tab=default_tab\" data-emailref=\"UMW_alma2115471450003344\"><span class=\"\" data-field-selector=\"::title\"> <span dir=\"auto\">H\u00e4user und Menschen von Wien<\/span><\/span><\/a><\/h3>\n<div>\n<div class=\"item-detail reduce-lines-display\">\n<div class=\"item-detail reduce-lines-display\"><span data-field-selector=\"creationdate\"><span data-field-selector=\"creationdate\"><span dir=\"auto\"><a href=\"https:\/\/de.wikipedia.org\/wiki\/Hermine_Cloeter\"> Cloeter, Hermine, 1879-1970<\/a> [Verfasser]<br \/>\n1920<\/span><\/span><\/span>&nbsp;<\/div>\n<div><a href=\"https:\/\/ub-blog.meduniwien.ac.at\/blog\/wp-content\/uploads\/2022\/01\/Klammer.jpg\"><img loading=\"lazy\" decoding=\"async\" class=\"alignnone size-large wp-image-38029\" src=\"https:\/\/ub-blog.meduniwien.ac.at\/blog\/wp-content\/uploads\/2022\/01\/Klammer-305x800.jpg\" alt=\"\" width=\"305\" height=\"800\" srcset=\"https:\/\/ub.meduniwien.ac.at\/blog\/wp-content\/uploads\/2022\/01\/Klammer-305x800.jpg 305w, https:\/\/ub.meduniwien.ac.at\/blog\/wp-content\/uploads\/2022\/01\/Klammer-114x300.jpg 114w, https:\/\/ub.meduniwien.ac.at\/blog\/wp-content\/uploads\/2022\/01\/Klammer.jpg 306w\" sizes=\"auto, (max-width: 305px) 100vw, 305px\" \/><\/a><\/div>\n<\/div>\n<\/div>\n<div>&nbsp;<\/div>\n<div>@Exlibris-Eigner: Karl Klammer in: Wikipedia \u2013 Die Freie Enzyklop\u00e4die: URL: <a href=\"https:\/\/de.wikipedia.org\/wiki\/Karl_Anton_Klammer\">https:\/\/de.wikipedia.org\/wiki\/Karl_Anton_Klammer<\/a>(Stand: 03.01.2022)<\/div>\n<div>&nbsp;<\/div>\n<div>@Exlibris-K\u00fcnstler: Ludwig Hesshaimer in: Wikipedia \u2013 Die Freie Enzyklop\u00e4die: URL:<a href=\"https:\/\/de.wikipedia.org\/wiki\/Ludwig_Hesshaimer\">&nbsp;<\/a><a href=\"https:\/\/de.wikipedia.org\/wiki\/Ludwig_Hesshaimer\">https:\/\/de.wikipedia.org\/wiki\/Ludwig_Hesshaimer<\/a> (Stand: 03.01.2022)<\/div>\n<div>&nbsp;<\/div>\n<p>___________________________<\/p>\n<div>\n<p>Ein <strong>Exlibris<\/strong> ist ein grafisch gestalteter Eigentumsvermerk, der entweder in Zettelform auf die Innenseite von Bucheinb\u00e4nden geklebt oder eingestempelt wird. Bucheignerzeichen gibt es bereits seit dem Ende des 15. Jahrhunderts. Sie stellen neben ihrer kunst- und kulturhistorischen Bedeutung auch ein wichtiges Provenienzmerkmal dar, da der Weg eines Buches nachvollzogen werden kann. Aufgrund vielf\u00e4ltigster Exlibris von k\u00fcnstlerischem Wert sind diese auch begehrte Objekte von Sammlungen und buchk\u00fcnstlerischer Bet\u00e4tigung &#8222;Exlibris-Kunst&#8220; geworden.<\/p>\n<\/div>\n<div><a href=\"https:\/\/ub-blog.meduniwien.ac.at\/blog\/?s=Exlibris\">Weitere Beitr\u00e4ge: Exlibris<\/a><\/div>\n","protected":false},"excerpt":{"rendered":"<p>Im Van Swieten Blog werden exemplarisch digitalisierte Exlibris aus medizinhistorischen B\u00fcchern &#8222;Exlibris in situ&#8220;, der Zweigbibliothek f\u00fcr Geschichte der Medizin, pr\u00e4sentiert, die im&nbsp; Bibliothekskatalog recherchierbar sind. Exlibris Karl Klammer Hesshaimer, Ludwig, 1872-1956 Pferde-Exlibris Rechts vorne zu Pferde sitzt ein k.u.k. Dragoner in Adjustierung in h\u00fcgeliger Landschaft nach links auf die im Hintergrund befindliche Silhouette einer &hellip; <a href=\"https:\/\/ub.meduniwien.ac.at\/blog\/?p=38028\" class=\"more-link\"><span class=\"screen-reader-text\">&#8222;Aus den B\u00fcchern&#8220; der medizinhistorischen Bibliotheken der Ub MedUni Wien [26]: Exlibris Karl Klammer<\/span> weiterlesen <span class=\"meta-nav\">&rarr;<\/span><\/a><\/p>\n","protected":false},"author":2,"featured_media":0,"comment_status":"open","ping_status":"open","sticky":false,"template":"","format":"standard","meta":{"ngg_post_thumbnail":0,"footnotes":""},"categories":[1,24,2542,11,5,1347,2,16],"tags":[2544,1128,2543],"class_list":["post-38028","post","type-post","status-publish","format-standard","hentry","category-allgemeines","category-books-journals","category-exlibris","category-literaturhinweis","category-medizingeschichte","category-medizinhistorische-bestaende-der-ub-meduni-wien","category-news","category-news1","tag-aus-den-buechern","tag-exlibris","tag-exlibris-in-situ"],"views":2705,"_links":{"self":[{"href":"https:\/\/ub.meduniwien.ac.at\/blog\/index.php?rest_route=\/wp\/v2\/posts\/38028","targetHints":{"allow":["GET"]}}],"collection":[{"href":"https:\/\/ub.meduniwien.ac.at\/blog\/index.php?rest_route=\/wp\/v2\/posts"}],"about":[{"href":"https:\/\/ub.meduniwien.ac.at\/blog\/index.php?rest_route=\/wp\/v2\/types\/post"}],"author":[{"embeddable":true,"href":"https:\/\/ub.meduniwien.ac.at\/blog\/index.php?rest_route=\/wp\/v2\/users\/2"}],"replies":[{"embeddable":true,"href":"https:\/\/ub.meduniwien.ac.at\/blog\/index.php?rest_route=%2Fwp%2Fv2%2Fcomments&post=38028"}],"version-history":[{"count":13,"href":"https:\/\/ub.meduniwien.ac.at\/blog\/index.php?rest_route=\/wp\/v2\/posts\/38028\/revisions"}],"predecessor-version":[{"id":38036,"href":"https:\/\/ub.meduniwien.ac.at\/blog\/index.php?rest_route=\/wp\/v2\/posts\/38028\/revisions\/38036"}],"wp:attachment":[{"href":"https:\/\/ub.meduniwien.ac.at\/blog\/index.php?rest_route=%2Fwp%2Fv2%2Fmedia&parent=38028"}],"wp:term":[{"taxonomy":"category","embeddable":true,"href":"https:\/\/ub.meduniwien.ac.at\/blog\/index.php?rest_route=%2Fwp%2Fv2%2Fcategories&post=38028"},{"taxonomy":"post_tag","embeddable":true,"href":"https:\/\/ub.meduniwien.ac.at\/blog\/index.php?rest_route=%2Fwp%2Fv2%2Ftags&post=38028"}],"curies":[{"name":"wp","href":"https:\/\/api.w.org\/{rel}","templated":true}]}}