{"id":37876,"date":"2022-01-01T00:29:36","date_gmt":"2021-12-31T23:29:36","guid":{"rendered":"https:\/\/ub-blog.meduniwien.ac.at\/blog\/?p=37876"},"modified":"2022-01-05T12:21:28","modified_gmt":"2022-01-05T11:21:28","slug":"gastautor-prof-dr-peter-heilig-neuromagie-und-unfaelle-2-2-2-2-3-2-2-2-2-2-2-2-2-2-2-2-2-2-2-2-2-2-2-2-2-2-2-2-2-2-2-2-2-2-2-2-2-2-2-2-2","status":"publish","type":"post","link":"https:\/\/ub.meduniwien.ac.at\/blog\/?p=37876","title":{"rendered":"Gastautor Prof. Dr. Peter Heilig: ge danken"},"content":{"rendered":"<h3>ge danken<\/h3>\n<p>&#8222;Eine neue Art von Denken ist notwendig, wenn die Menschheit weiterleben will.&#8220;<br \/>\nAlbert Einstein<\/p>\n<p><a href=\"https:\/\/ub-blog.meduniwien.ac.at\/blog\/wp-content\/uploads\/2022\/01\/EinstM.jpg\"><img loading=\"lazy\" decoding=\"async\" class=\"alignnone wp-image-37901\" src=\"https:\/\/ub-blog.meduniwien.ac.at\/blog\/wp-content\/uploads\/2022\/01\/EinstM.jpg\" alt=\"\" width=\"396\" height=\"458\"><\/a><\/p>\n<p>Was hatte Einstein gemeint mit dieser kryptischen Aussage? Die Antwort auf die Frage fehlt in seinen Biographien. Sicher h\u00e4tte Goedel mehr dar\u00fcber gewusst, denn mit ihm pflegte er &#8222;die gr\u00f6\u00dfte intellektuelle Freundschaft seit Plato und Sokrates&#8220;. Aber auch in den Schriften Goedels findet sich kein Hinweis auf die postulierte neue Denkungsart.<\/p>\n<p><a href=\"https:\/\/ub-blog.meduniwien.ac.at\/blog\/wp-content\/uploads\/2022\/01\/Einst.M2_.jpg\"><img loading=\"lazy\" decoding=\"async\" class=\"alignnone wp-image-37902\" src=\"https:\/\/ub-blog.meduniwien.ac.at\/blog\/wp-content\/uploads\/2022\/01\/Einst.M2_.jpg\" alt=\"\" width=\"419\" height=\"288\"><\/a><\/p>\n<p>&#8222;Was zur kontinuierlichen Entwicklung der Mathematik notwendig w\u00e4re&#8220;, ist ein Verfahren oder eine Technik, welches in uns einen neuen Bewusstseinszustand hervorbringen soll, in dem wir die von uns verwendeten Grundbegriffe unseres Denkens detaillieren oder andere bisher unbekannte Grundbegriffe erfassen\u201c (K G\u00f6del), all dies (&#8218;mathematisch-platonisch&#8216;) ausschlie\u00dflich der Mathematik reserviert, abgegrenzt von der &#8218;Wirklichkeit&#8216;. Goedel tr\u00e4umte davon &#8222;f\u00fcr die Metaphysik dasselbe vollbringen zu k\u00f6nnen wie Newton f\u00fcr die Physik &#8211; what I could publish&#8220;: Manches blieb unver\u00f6ffentlicht, z.B. \u201cIs Mathematics a Syntax of Language?\u201d (G\u00f6del 1953\/9-III, &#8211; 9-V)<\/p>\n<p><a href=\"https:\/\/ub-blog.meduniwien.ac.at\/blog\/wp-content\/uploads\/2022\/01\/EistGoedel.jpg\"><img loading=\"lazy\" decoding=\"async\" class=\"alignnone size-full wp-image-37903\" src=\"https:\/\/ub-blog.meduniwien.ac.at\/blog\/wp-content\/uploads\/2022\/01\/EistGoedel.jpg\" alt=\"\" width=\"524\" height=\"334\" srcset=\"https:\/\/ub.meduniwien.ac.at\/blog\/wp-content\/uploads\/2022\/01\/EistGoedel.jpg 524w, https:\/\/ub.meduniwien.ac.at\/blog\/wp-content\/uploads\/2022\/01\/EistGoedel-300x191.jpg 300w\" sizes=\"auto, (max-width: 524px) 100vw, 524px\" \/><\/a><\/p>\n<p>Anders hat Einstein gedacht, neu, intuitiv, oft &#8217;nonverbal&#8216; &#8211; on dit; auf anderen Ebenen. Er l\u00f6ste scheinbare Widerspr\u00fcche samt vermeintlicher &#8218;Unvereinbarkeiten&#8216; auf, wie z. B. Welle\/Teilchen, Raum\/Zeit, Licht..etc., sprengte Dimensionen und kr\u00f6nte all dies mit der brillant &#8218;einfachen&#8216; Formel, kristallklar, logisch und wie von anspruchsvollen Mathematikern gefordert &#8211; aesthetisch. Musik spielte dabei eine besondere, eine inspirierende Rolle. Den h\u00f6chsten Stellenwert jedoch hatte der spirituelle Austausch mit G\u00f6del.<br \/>\nA.E. sagte einmal, er &#8222;ginge nur ins B\u00fcro um des Privilegs willen mit Kurt G\u00f6del den Heimweg anzutreten.&#8220; (his work didn\u2019t mean much any more, and that he mainly came to the institute to have the privilege of walking home with G\u00f6del.\u201d) Im Jahre 1949 erhielt G\u00f6del, von Einstein pers\u00f6nlich \u00fcberreicht, den ersten Albert-Einstein-Preis. Nach Kurt G\u00f6dels tragischem Tod tauchte der ber\u00fchmte &#8218;verlorene Brief&#8216; auf: The P=NP Question. Er hatte ein Problem gefunden, das er nicht l\u00f6sen konnte &#8211; dies war ihm nicht oft passiert. Ein Physik-Nobelpreistr\u00e4ger wurde gefragt, welche Frage er einem allwissenden, allm\u00e4chtigen Au\u00dferirdischen stellen w\u00fcrde &#8211; &#8222;Ich w\u00fcrde fragen, ob P=NP.&#8220; Vielleicht ist auch die Frage nach optimalen Bedingungen f\u00fcr das Weiterleben der Gattung homo sapiens &#8211; bisher &#8211; aber nur scheinbar nicht ersch\u00f6pfend zu beantworten.<\/p>\n<p><a href=\"https:\/\/ub-blog.meduniwien.ac.at\/blog\/wp-content\/uploads\/2022\/01\/Erd\u00f6s.jpg\"><img loading=\"lazy\" decoding=\"async\" class=\"alignnone wp-image-37909\" src=\"https:\/\/ub-blog.meduniwien.ac.at\/blog\/wp-content\/uploads\/2022\/01\/Erd\u00f6s-800x800.jpg\" alt=\"\" width=\"370\" height=\"426\"><\/a><\/p>\n<p>Oder doch &#8211; vielleicht von genialen Denkern, etwa vom Schlage eines Paul Erd\u0151s: Er war &#8222;arguably the most prolific mathematician of the 20th century, in terms of both the number of problems he solved and the number of problems he convinced others to tackle.&#8220;<br \/>\nPaul Erd\u00f6s: Eine ber\u00fchmte Erd\u00f6s-Anekdote ist die \u201cDinner conversation story\u201d: &#8222;Apparently Erd\u00f6s was at a conference and found himself seated at a table of experts all from some arcane area of mathematics\u2013let\u2019s call it area A. Paul knew nothing about their area. The rest of the table was having a lively discussion about the big open question in their area A. Erd\u00f6s, of course, could not follow any of the discussion, since he knew none of the terms from A. Slowly, by asking lots of questions, \u201cwhat does that term mean?\u201d and \u201cwhy is that true?\u201d and so on, Erd\u00f6s began to understand the open problem of area A. Once he finally understood the problem, once the definitions and basic facts had been made clear to him, he was able to solve their open problem. Right there. Right then.&#8220;<\/p>\n<h3><a href=\"https:\/\/ub-blog.meduniwien.ac.at\/blog\/wp-content\/uploads\/2022\/01\/B\u00f6ckJ.jpg\"><img loading=\"lazy\" decoding=\"async\" class=\"alignnone wp-image-37913\" src=\"https:\/\/ub-blog.meduniwien.ac.at\/blog\/wp-content\/uploads\/2022\/01\/B\u00f6ckJ-699x800.jpg\" alt=\"\" width=\"308\" height=\"348\"><\/a><\/h3>\n<p>&#8222;Was ich besonders sch\u00e4tze, ist das klare Denken&#8220; Josef B\u00f6ck, Augenarzt.<\/p>\n<p><a href=\"https:\/\/ub-blog.meduniwien.ac.at\/blog\/wp-content\/uploads\/2022\/01\/Chargaff.jpg\"><img loading=\"lazy\" decoding=\"async\" class=\"alignnone size-full wp-image-37904\" src=\"https:\/\/ub-blog.meduniwien.ac.at\/blog\/wp-content\/uploads\/2022\/01\/Chargaff.jpg\" alt=\"\" width=\"312\" height=\"413\" srcset=\"https:\/\/ub.meduniwien.ac.at\/blog\/wp-content\/uploads\/2022\/01\/Chargaff.jpg 312w, https:\/\/ub.meduniwien.ac.at\/blog\/wp-content\/uploads\/2022\/01\/Chargaff-227x300.jpg 227w\" sizes=\"auto, (max-width: 312px) 100vw, 312px\" \/><\/a><\/p>\n<p>Alles klar? Eine Bilanz:<\/p>\n<p>Atom: <a href=\"https:\/\/ub-blog.meduniwien.ac.at\/blog\/?p=36689\">Chargaff: &#8222;Die Zukunft wird uns verfluchen&#8220;<\/a>.<br \/>\n<a href=\"https:\/\/www.biodiversityaustria.at\/perspektivenpapier-pa\/\">Biodiversit\u00e4t: Zerst\u00f6rung via &#8218;viribus unitis&#8216;<\/a> &#8211; in der Folge Pandemien.. <a href=\"https:\/\/ub-blog.meduniwien.ac.at\/blog\/?p=33426\">Von den Tiefen der Meere<\/a> \u00fcber bodenzerst\u00f6rende Agrar-Monster-Monokulturen, Regenwaldrodungen, Br\u00e4nde, gnadenlos verschwendete seltene Erden, Kunstlicht-Exzesse, auch bei Tageslicht (Tagfahrlicht, DRL), Ressourcenpl\u00fcnderungen, Denaturierungen, jede Art von<a href=\"https:\/\/ub-blog.meduniwien.ac.at\/blog\/?p=33250\"> Verm\u00fcllung &#8211; bis ins All<\/a>, samt Kessler-Syndrom (\u201ecollisional cascading\u201c), unfassbarerweise auch willk\u00fcrlich, quasi aus &#8218;Jux und Tollerei&#8216; verursacht, (Wirtschafts-)-Krieg-Industrien; apropos: Adam Smith&#8217;s Metapher der unsichtbaren Hand als &#8218;regulierende&#8216; Kraft des Marktes erwies sich als Irrtum, auch neoliberale Sumpfbl\u00fcten inklusive ma\u00dfloser Energieverschwendung f\u00fcr Darknet-&#8218;Shitcoins&#8216;-Blockchains-(sic: zit. Trend-Coverstory zum Kryptow\u00e4hrung-Lotto). Aus verfahrenen oekonomischen und anderen Sackgassen f\u00fchren keine &#8218;halben Wege,&#8216; wie von Grillparzer vision\u00e4r formuliert. Bruderzwiste, nicht nur dort, &#8218;wo die Sonne nie unterging&#8216; sowie &#8218;Glaubens&#8217;Kriege im Namen eines jeweils Allerh\u00f6chsten, zum Erzwingen einer jeweils gepachteten absoluten Wahrheit, nach dem Motto &#8222;.. sonst schlag ich dir den Sch\u00e4del ein&#8220;, sind . . Hier wird die Liste unterbrochen, auch aus Platzgr\u00fcnden.<\/p>\n<p><img loading=\"lazy\" decoding=\"async\" class=\"alignnone wp-image-37905\" src=\"https:\/\/ub-blog.meduniwien.ac.at\/blog\/wp-content\/uploads\/2022\/01\/Charghaff2.jpg\" alt=\"\" width=\"345\" height=\"469\"><\/p>\n<p>Zu Ende gedacht, w\u00e4ren JETZT einige AUS-SCHALTER umzulegen. Nicht irgendwann..<\/p>\n<p>ad Klimakonferenzen: Absagen und eine d\u00fcnne Brosch\u00fcre (kein Papier!) herausgeben: Was wurde verwirklicht, was renaturiert ? Was, bevor &#8218;das System kippt&#8216;.<\/p>\n<h3><a href=\"https:\/\/ub-blog.meduniwien.ac.at\/blog\/wp-content\/uploads\/2022\/01\/s.movie-operator.jpg\"><img loading=\"lazy\" decoding=\"async\" class=\"alignnone size-large wp-image-37914\" src=\"https:\/\/ub-blog.meduniwien.ac.at\/blog\/wp-content\/uploads\/2022\/01\/s.movie-operator-621x800.jpg\" alt=\"\" width=\"474\" height=\"611\" srcset=\"https:\/\/ub.meduniwien.ac.at\/blog\/wp-content\/uploads\/2022\/01\/s.movie-operator-621x800.jpg 621w, https:\/\/ub.meduniwien.ac.at\/blog\/wp-content\/uploads\/2022\/01\/s.movie-operator-233x300.jpg 233w, https:\/\/ub.meduniwien.ac.at\/blog\/wp-content\/uploads\/2022\/01\/s.movie-operator-768x989.jpg 768w\" sizes=\"auto, (max-width: 474px) 100vw, 474px\" \/><\/a><\/h3>\n<p>Abschlie\u00dfend, am H\u00f6hepunkt des Pandemie-Faschings &#8211; aus gegebenem Anlass:<br \/>\nDigitaler Dumpfbackenfilter, Redeverbot, Schreib- und Rencontre-Verbot, FakeNews-Poenalisierung, Phasendreher oder Stummschalter am Mikrophon (im Parlament z.B.), Bullshit-Spray (zuletzt in Iowa im Einsatz gesehen), ein hochwertiges Produkt, welches jede Art h\u00f6heren Bl\u00f6dsinns mit einem Spr\u00fchsto\u00df neutralisiert, inklusive verbliebener \u00fcbler Ger\u00fcche, vergleichbar mit den &#8218;automatic clean air diffusors&#8216; und erinnernd an die gute alte Zeit der Stummfilm-Kintop-Flit-Spritzen; wichtig: &#8218;Verkehrtscheiber&#8216; aus dem Verkehr ziehen, erweiterte Produkthaftung, Nachhaftung (30 Jahre plus Haftung der Nachkommen, wie bei Medizinern), im schlimmsten Fall w\u00e4re umgehend ein Sachwalter bestellen &#8211; selbstverst\u00e4ndlich auch bei nachweislich verr\u00fcckt gewordenen Potentaten (lt. med. Attest).<br \/>\nObige Formulierungen: im Sinne Viktor Frankls, welcher \u00fcber Galgenhumor-Bl\u00f6deleien verst\u00e4ndnisinnig lachen konnte.<\/p>\n<p><a href=\"https:\/\/ub-blog.meduniwien.ac.at\/blog\/wp-content\/uploads\/2021\/11\/vfr-1.jpg\"><img loading=\"lazy\" decoding=\"async\" class=\"alignnone wp-image-37825\" src=\"https:\/\/ub-blog.meduniwien.ac.at\/blog\/wp-content\/uploads\/2021\/11\/vfr-1-623x800.jpg\" alt=\"\" width=\"380\" height=\"532\"><\/a><\/p>\n<p>zur &#8218;Fehlerkultur&#8216;:<br \/>\n*In science, especially mathematics, we all try to do correct work, but sometimes the right error can be very important. Rockets: There was a paper published in the early 1900\u2019s on the possibility of a chemical rocket ever getting into orbit. The paper gave a careful and tight IP that showed this was impossible. Of course, today, there are countless satellites in orbit around the Earth, so where was the error in the IP? The paper used careful and correct laws of physics and reasonable assumptions about the amount of energy that could be obtained from chemical reactions. The mistake was simple: the proof assumed implicitly that the rocket had constant mass. Clearly, as a rocket burns fuel it gets lighter, and this was the mistake that killed the IP (impossibility proof).<br \/>\nAuch Vladimir Horowitz hatte Fehler gemacht.<a href=\"https:\/\/ub-blog.meduniwien.ac.at\/blog\/wp-content\/uploads\/2022\/01\/Horowitz.jpg\"><img loading=\"lazy\" decoding=\"async\" class=\"alignnone wp-image-37910\" src=\"https:\/\/ub-blog.meduniwien.ac.at\/blog\/wp-content\/uploads\/2022\/01\/Horowitz-718x800.jpg\" alt=\"\" width=\"398\" height=\"463\"><\/a><\/p>\n<p>Kurt Friedrich G\u00f6del (1906 &#8211; 1978) Schulabschluss (Vorzug, Schw\u00e4chen in Mathematik), Dissertation und Habilitation in Wien, &#8218;logischer Positivist&#8216;, Mitglied des Wiener Kreises, war schon als Kind &#8222;der Herr Warum.&#8220; G\u00f6del\u2019s philosophical view : &#8222;realism, namely the belief that mathematics is a descriptive science in the way that the empirical sciences are.&#8220;<br \/>\nG\u00f6del K (1931) &#8222;\u00dcber formal unentscheidbare S\u00e4tze der Principia Mathematica und verwandter Systeme, I.&#8220; Monatshefte f\u00fcr Mathematik und Physik. 38, 173-198<br \/>\nG\u00f6del K (1995) \u201cIs mathematics a syntax of language?\u201d, lecture manuscript. 334\u2013356.<br \/>\nLipton RJ (2010) The P=NP Question and G\u00f6del&#8217;s Lost Letter. Springer<br \/>\nhttps:\/\/citeseerx.ist.psu.edu\/viewdoc\/download?doi=10.1.1.455.7731&#038;rep=rep1&#038;type=pdf<br \/>\nhttps:\/\/plato.stanford.edu\/entries\/goedel-incompleteness\/<br \/>\n&#8212;<br \/>\nhttps:\/\/www.britannica.com\/biography\/Paul-Erdos<br \/>\nHolt J (2019) When Einstein walked with G\u00f6del: Excursions to the Edge of Thought, FARRAR STRAUSS &amp; GIROUX bzw. Kindle (2018)<br \/>\nYourgrau P (2005) G\u00f6del, Einstein und die Folgen. Verm\u00e4chtnis einer ungew\u00f6hnlichen Freundschaft C. H. Beck<br \/>\nhttps:\/\/www.information-philosophie.de\/?a=1&#038;t=888&#038;n=2&#038;y=1&#038;c=50<\/p>\n<p>ge danken: mhd. danc, ahd. danc; das Substantiv geh\u00f6rt zur Sippe von &#8218;denken&#8216;: denkbar dankbar (- f\u00fcr das wertvolle Geschenk des Denkens und der freien Entscheidung)<\/p>\n<p>Gender: beyond<\/p>\n<p>*********************<br \/>\n<strong>Katharina und Peter Heilig<\/strong><br \/>\n<strong> VIDEO ON DEMAND: KUNSTLICHT IN UNSEREN AUGEN<\/strong>:<br \/>\n<a id=\"LPlnk478487\" href=\"https:\/\/youtu.be\/k9k_wG5lacA\" target=\"_blank\" rel=\"noopener noreferrer\">https:\/\/youtu.be\/k9k_wG5lacA<\/a><\/p>\n<p><a href=\"https:\/\/ub-blog.meduniwien.ac.at\/blog\/?s=heilig\">Weitere Beitr\u00e4ge \u00bb<\/a><\/p>\n","protected":false},"excerpt":{"rendered":"<p>ge danken &#8222;Eine neue Art von Denken ist notwendig, wenn die Menschheit weiterleben will.&#8220; Albert Einstein Was hatte Einstein gemeint mit dieser kryptischen Aussage? Die Antwort auf die Frage fehlt in seinen Biographien. Sicher h\u00e4tte Goedel mehr dar\u00fcber gewusst, denn mit ihm pflegte er &#8222;die gr\u00f6\u00dfte intellektuelle Freundschaft seit Plato und Sokrates&#8220;. Aber auch in &hellip; <a href=\"https:\/\/ub.meduniwien.ac.at\/blog\/?p=37876\" class=\"more-link\"><span class=\"screen-reader-text\">Gastautor Prof. Dr. Peter Heilig: ge danken<\/span> weiterlesen <span class=\"meta-nav\">&rarr;<\/span><\/a><\/p>\n","protected":false},"author":2,"featured_media":0,"comment_status":"closed","ping_status":"closed","sticky":false,"template":"","format":"standard","meta":{"ngg_post_thumbnail":0,"footnotes":""},"categories":[1,33,2,16],"tags":[],"class_list":["post-37876","post","type-post","status-publish","format-standard","hentry","category-allgemeines","category-gastbeitrage","category-news","category-news1"],"views":1047,"_links":{"self":[{"href":"https:\/\/ub.meduniwien.ac.at\/blog\/index.php?rest_route=\/wp\/v2\/posts\/37876","targetHints":{"allow":["GET"]}}],"collection":[{"href":"https:\/\/ub.meduniwien.ac.at\/blog\/index.php?rest_route=\/wp\/v2\/posts"}],"about":[{"href":"https:\/\/ub.meduniwien.ac.at\/blog\/index.php?rest_route=\/wp\/v2\/types\/post"}],"author":[{"embeddable":true,"href":"https:\/\/ub.meduniwien.ac.at\/blog\/index.php?rest_route=\/wp\/v2\/users\/2"}],"replies":[{"embeddable":true,"href":"https:\/\/ub.meduniwien.ac.at\/blog\/index.php?rest_route=%2Fwp%2Fv2%2Fcomments&post=37876"}],"version-history":[{"count":15,"href":"https:\/\/ub.meduniwien.ac.at\/blog\/index.php?rest_route=\/wp\/v2\/posts\/37876\/revisions"}],"predecessor-version":[{"id":37988,"href":"https:\/\/ub.meduniwien.ac.at\/blog\/index.php?rest_route=\/wp\/v2\/posts\/37876\/revisions\/37988"}],"wp:attachment":[{"href":"https:\/\/ub.meduniwien.ac.at\/blog\/index.php?rest_route=%2Fwp%2Fv2%2Fmedia&parent=37876"}],"wp:term":[{"taxonomy":"category","embeddable":true,"href":"https:\/\/ub.meduniwien.ac.at\/blog\/index.php?rest_route=%2Fwp%2Fv2%2Fcategories&post=37876"},{"taxonomy":"post_tag","embeddable":true,"href":"https:\/\/ub.meduniwien.ac.at\/blog\/index.php?rest_route=%2Fwp%2Fv2%2Ftags&post=37876"}],"curies":[{"name":"wp","href":"https:\/\/api.w.org\/{rel}","templated":true}]}}