{"id":37643,"date":"2021-10-19T16:05:04","date_gmt":"2021-10-19T15:05:04","guid":{"rendered":"https:\/\/ub-blog.meduniwien.ac.at\/blog\/?p=37643"},"modified":"2021-10-19T16:00:57","modified_gmt":"2021-10-19T15:00:57","slug":"laengere-oeffnungszeiten-ab-4-oktober-2021-2-2-2-2","status":"publish","type":"post","link":"https:\/\/ub.meduniwien.ac.at\/blog\/?p=37643","title":{"rendered":"L\u00e4ngere \u00d6ffnungszeiten! 2,5G-NACHWEIS ERFORDERLICH!"},"content":{"rendered":"<p class=\"x_MsoNormal\"><span lang=\"DE-AT\">Liebe Bibliotheksbenutzer*innen!<\/span><\/p>\n<p class=\"x_MsoNormal\"><span lang=\"DE-AT\">Rechtzeitig zu Beginn des Wintersemesters 2021\/22 wird die Universit\u00e4tsbibliothek l\u00e4ngere \u00d6ffnungszeiten bieten.<\/span><\/p>\n<p class=\"x_MsoNormal\"><span lang=\"DE-AT\">&nbsp;<\/span><span lang=\"DE-AT\">Ab Montag, <b>4. Oktober 2021<\/b>, gelten folgende \u00d6ffnungszeiten:<\/span><\/p>\n<p class=\"x_MsoNormal\"><b><span lang=\"DE-AT\">MO-FR: 8:00-20:00<\/span><\/b><\/p>\n<p class=\"x_MsoNormal\">Die B\u00fccherregale sind wieder frei zug\u00e4nglich \u2013 es darf also nach Lust und Laune geschm\u00f6kert werden!<\/p>\n<p class=\"x_MsoNormal\">Weiters bietet die Bibliothek zurzeit 50 Lern- und Lesepl\u00e4tze an. Wenn Sie einen Leseplatz nutzen wollen, melden Sie sich bitte beim Informations- und Entlehnschalter an. <span lang=\"DE-AT\">F\u00fcr die Benutzung eines Leseplatzes ist eine g\u00fcltige Entlehnberechtigung n\u00f6tig.<\/span><\/p>\n<p class=\"x_MsoNormal\">Der Zugang findet auch weiterhin \u00fcber den <a href=\"https:\/\/ub.meduniwien.ac.at\/fileadmin\/ub\/Service_PDF\/Wegweiser_PUC102020.jpg\" target=\"_blank\" rel=\"noopener noreferrer\">AKH-Au\u00dfenbereich<\/a> statt.<\/p>\n<p class=\"x_MsoNormal\">Bitte beachten Sie die <b>2,5G<\/b>-Pflicht sowie die <b>FFP2<\/b>-Maskenpflicht im AKH!<\/p>\n<p class=\"x_MsoNormal\"><strong>Wir freuen uns auf Ihren Besuch!<\/strong><\/p>\n<p><span lang=\"DE-AT\"><a href=\"https:\/\/ub-blog.meduniwien.ac.at\/blog\/wp-content\/uploads\/2021\/09\/ub_zeit.jpg\"><img loading=\"lazy\" decoding=\"async\" class=\"alignnone wp-image-37559\" src=\"https:\/\/ub-blog.meduniwien.ac.at\/blog\/wp-content\/uploads\/2021\/09\/ub_zeit.jpg\" alt=\"\" width=\"427\" height=\"110\" srcset=\"https:\/\/ub.meduniwien.ac.at\/blog\/wp-content\/uploads\/2021\/09\/ub_zeit.jpg 505w, https:\/\/ub.meduniwien.ac.at\/blog\/wp-content\/uploads\/2021\/09\/ub_zeit-300x77.jpg 300w\" sizes=\"auto, (max-width: 427px) 100vw, 427px\" \/><\/a><\/span><\/p>\n","protected":false},"excerpt":{"rendered":"<p>Liebe Bibliotheksbenutzer*innen! Rechtzeitig zu Beginn des Wintersemesters 2021\/22 wird die Universit\u00e4tsbibliothek l\u00e4ngere \u00d6ffnungszeiten bieten. &nbsp;Ab Montag, 4. Oktober 2021, gelten folgende \u00d6ffnungszeiten: MO-FR: 8:00-20:00 Die B\u00fccherregale sind wieder frei zug\u00e4nglich \u2013 es darf also nach Lust und Laune geschm\u00f6kert werden! Weiters bietet die Bibliothek zurzeit 50 Lern- und Lesepl\u00e4tze an. Wenn Sie einen Leseplatz nutzen &hellip; <a href=\"https:\/\/ub.meduniwien.ac.at\/blog\/?p=37643\" class=\"more-link\"><span class=\"screen-reader-text\">L\u00e4ngere \u00d6ffnungszeiten! 2,5G-NACHWEIS ERFORDERLICH!<\/span> weiterlesen <span class=\"meta-nav\">&rarr;<\/span><\/a><\/p>\n","protected":false},"author":363,"featured_media":0,"comment_status":"open","ping_status":"open","sticky":false,"template":"","format":"standard","meta":{"ngg_post_thumbnail":0,"footnotes":""},"categories":[1,2,16,6],"tags":[1615],"class_list":["post-37643","post","type-post","status-publish","format-standard","hentry","category-allgemeines","category-news","category-news1","category-offnungszeiten","tag-offnungszeiten"],"views":1360,"_links":{"self":[{"href":"https:\/\/ub.meduniwien.ac.at\/blog\/index.php?rest_route=\/wp\/v2\/posts\/37643","targetHints":{"allow":["GET"]}}],"collection":[{"href":"https:\/\/ub.meduniwien.ac.at\/blog\/index.php?rest_route=\/wp\/v2\/posts"}],"about":[{"href":"https:\/\/ub.meduniwien.ac.at\/blog\/index.php?rest_route=\/wp\/v2\/types\/post"}],"author":[{"embeddable":true,"href":"https:\/\/ub.meduniwien.ac.at\/blog\/index.php?rest_route=\/wp\/v2\/users\/363"}],"replies":[{"embeddable":true,"href":"https:\/\/ub.meduniwien.ac.at\/blog\/index.php?rest_route=%2Fwp%2Fv2%2Fcomments&post=37643"}],"version-history":[{"count":5,"href":"https:\/\/ub.meduniwien.ac.at\/blog\/index.php?rest_route=\/wp\/v2\/posts\/37643\/revisions"}],"predecessor-version":[{"id":37670,"href":"https:\/\/ub.meduniwien.ac.at\/blog\/index.php?rest_route=\/wp\/v2\/posts\/37643\/revisions\/37670"}],"wp:attachment":[{"href":"https:\/\/ub.meduniwien.ac.at\/blog\/index.php?rest_route=%2Fwp%2Fv2%2Fmedia&parent=37643"}],"wp:term":[{"taxonomy":"category","embeddable":true,"href":"https:\/\/ub.meduniwien.ac.at\/blog\/index.php?rest_route=%2Fwp%2Fv2%2Fcategories&post=37643"},{"taxonomy":"post_tag","embeddable":true,"href":"https:\/\/ub.meduniwien.ac.at\/blog\/index.php?rest_route=%2Fwp%2Fv2%2Ftags&post=37643"}],"curies":[{"name":"wp","href":"https:\/\/api.w.org\/{rel}","templated":true}]}}