{"id":3733,"date":"2010-02-05T09:18:04","date_gmt":"2010-02-05T08:18:04","guid":{"rendered":"https:\/\/ub-blog.meduniwien.ac.at\/blog\/?p=3733"},"modified":"2010-03-29T08:26:02","modified_gmt":"2010-03-29T07:26:02","slug":"denkattacken-von-dr-piero-lercher-das-kopenhagener-klimamarchen","status":"publish","type":"post","link":"https:\/\/ub.meduniwien.ac.at\/blog\/?p=3733","title":{"rendered":"Denkattacken von Dr. Piero Lercher: Das Kopenhagener Klimam\u00e4rchen"},"content":{"rendered":"<p><img loading=\"lazy\" decoding=\"async\" class=\"alignleft size-full wp-image-3750\" title=\"Denkattacken\" src=\"https:\/\/ub-blog.meduniwien.ac.at\/blog\/wp-content\/uploads\/2010\/02\/denkattacken.jpg\" alt=\"Denkattacken\" width=\"342\" height=\"120\" srcset=\"https:\/\/ub.meduniwien.ac.at\/blog\/wp-content\/uploads\/2010\/02\/denkattacken.jpg 342w, https:\/\/ub.meduniwien.ac.at\/blog\/wp-content\/uploads\/2010\/02\/denkattacken-300x105.jpg 300w\" sizes=\"auto, (max-width: 342px) 100vw, 342px\" \/> von Dr. Piero Lercher<\/p>\n<p class=\"MsoNormal\" style=\"margin: 0cm 0cm 0pt;\"><strong style=\"mso-bidi-font-weight: normal;\"><span style=\"font-size: 14pt; font-family: &quot;Verdana&quot;,&quot;sans-serif&quot;; mso-bidi-font-family: Arial;\">Das Kopenhagener Klimam\u00e4rchen<\/span><\/strong><\/p>\n<p><strong>Es trafen sich einmal hochrangige Personen des Planeten Erde, die \u201eedlen\u201c Vertreter des Volkes, h\u00fcllten sich in kostbare Gew\u00e4nder, konferierten und irrten planlos umher. Sie diskutierten \u00fcber CO2, haben dieses Gas jedoch selbst und noch viel mehr \u201ehei\u00dfe Luft\u201c ventiliert. So geschehen anl\u00e4sslich der letzten Weltklimakonferenz in Kopenhagen im Dezember 2009.<!--more--><br \/>\nInhalt der Abschlusserkl\u00e4rung war letztendlich, dass die Erderw\u00e4rmung auf zwei Grad begrenzt werden muss; konkrete Vorgaben zur Verringerung unseres klimasch\u00e4dlichen Treibens sind aber nicht enthalten. Und selbst dieser Mini-Kompromiss der Staatengemeinschaft schaffte es nicht durch die Schlussabstimmung; er wurde vom UN-Plenum lediglich zur Kenntnis genommen.<br \/>\nHalbherzigkeit und eigenn\u00fctzige Interessen statt Verantwortung und Mut haben die Klimaverhandlungen in Kopenhagen dominiert. Die Weltbev\u00f6lkerung hat sich eine politische Erkl\u00e4rung als Richtschnur f\u00fcr eine vern\u00fcnftige Klimapolitik erwartet, die Verhandlungen standen jedoch unter dem Einfluss einer kaltbl\u00fctigen Finanz- und Industriepolitik sowie geopolitischer Machtspiele.<\/strong><\/p>\n<p><strong>Es gibt zwar immer wieder Stimmen, die sagen, dass gar kein Klimawandel existiert, respektive dieser als ein nat\u00fcrliches Ph\u00e4nomen oder als eine &#8222;Laune der Natur&#8220; abgeurteilt wird. Die Eintrittswahrscheinlichkeit katastrophaler Ereignisse wird gegenw\u00e4rtig auch sehr unterschiedlich bewertet. Jede klimatologische Studie wird sofort mit einer Gegenstudie beantwortet und die Bev\u00f6lkerung wird mit Pro- und Kontra-Argumenten permanent verunsichert. Letztendlich wei\u00df niemand so ganz genau, welche Zusammenh\u00e4nge bestehen und welche Folgen zu erwarten sind.<\/strong><\/p>\n<p><strong>Wie auch immer, das Scheitern der Klimakonferenz ist vor allem f\u00fcr die von den aktuellen \u201eWetterkapriolen\u201c schon heute betroffenen Menschen ein Desaster. Einen weiteren Zeitaufschub k\u00f6nnen wir uns nicht leisten, wenn wir ein klimabedingtes Chaos verhindern wollen.<br \/>\nEs ist im Moment nicht zu bef\u00fcrchten, dass in K\u00fcrze nur noch die Alpen als Inselgruppe im Atlantik erhalten bleiben. Die Malediven und viele andere Inseln und Staaten hingegen, deren Territorien gro\u00dfteils unter 1 Meter Seeh\u00f6he liegen, sind von einem Anstieg des Meeresspiegels bereits akut in ihrer Existenz bedroht. Die westliche Welt, mit ihren Wohlstandsstrukturen und Automatismen darf nicht \u00fcbersehen, dass letztendlich das Zusammenleben von Millionen Menschen bedroht ist. Klimaver\u00e4nderungen f\u00fchren zu sozialen Effekten, die wiederum apokalyptische Reaktionen ausl\u00f6sen. Im Zuge dieser Entwicklungen wird Gewalt zunehmend als Probleml\u00f6sungsstrategie angesehen und die wirklich gro\u00dfe Gefahr ist, dass ein Zusammenbruch der politischen und sozialen Ordnung in weiten Teilen der Welt zu Chaos und Anarchie f\u00fchrt. Es resultieren gewaltige Migrationsbewegungen der V\u00f6lker. Im schlimmsten Fall drohen sogar Klimakriege um sicheren Lebensraum, Wasser, Nahrungsmittel und Energiereserven.<\/strong><\/p>\n<p><strong>Tatsache ist, dass unsere Politiker auf diese Szenarien nicht oder nur ungen\u00fcgend vorbereitet sind. Die Erdbebenkatastrophe in Haiti hat modellhaft und ansatzweise aufgezeigt, wozu Chaos und Anarchie f\u00fchren k\u00f6nnen. Manche Entscheidungstr\u00e4ger weisen sogar eine perfide \u201eKreativit\u00e4t\u201c auf, indem sie unserem klimafeindlichen Habitus mit einer Forcierung der Kernenergie als rettende Zukunftsstrategie schmeicheln.<br \/>\nDie Devise lautet jetzt endg\u00fcltig: \u201eZur\u00fcck zum Verstand\u201c!!!<br \/>\nDie Staatengemeinschaft darf sich nicht der Verantwortung f\u00fcr die Lebensgrundlagen der gegenw\u00e4rtigen und kommenden Generationen entziehen. Wir sind alle aufgefordert hier nachhaltig und umweltfreundlich zu agieren. Die Umwelt kann ohne uns leben &#8211; wir Menschen jedoch ohne sie nicht.<\/strong><\/p>\n<p><img loading=\"lazy\" decoding=\"async\" class=\"alignleft size-full wp-image-3755\" title=\"eure Umweltverschmutzung stinkt mir...copyright by Piero Lercher 1991\" src=\"https:\/\/ub-blog.meduniwien.ac.at\/blog\/wp-content\/uploads\/2010\/02\/eure-umweltverschmutzung-st.jpg\" alt=\"eure Umweltverschmutzung stinkt mir...copyright by Piero Lercher 1991\" width=\"526\" height=\"469\" srcset=\"https:\/\/ub.meduniwien.ac.at\/blog\/wp-content\/uploads\/2010\/02\/eure-umweltverschmutzung-st.jpg 526w, https:\/\/ub.meduniwien.ac.at\/blog\/wp-content\/uploads\/2010\/02\/eure-umweltverschmutzung-st-300x267.jpg 300w\" sizes=\"auto, (max-width: 526px) 100vw, 526px\" \/><br \/>\n<strong><\/strong><\/p>\n<p><strong>Lebenslauf von Dr. Piero Lercher<\/strong><br \/>\n__________________________________________________________________________________\u00a0<br \/>\nKurzfassung<\/p>\n<p><img loading=\"lazy\" decoding=\"async\" title=\"Piero Lercher\" src=\"https:\/\/ub-blog.meduniwien.ac.at\/blog\/wp-content\/uploads\/2010\/02\/lercher1.jpg\" alt=\"Piero Lercher\" width=\"185\" height=\"268\" align=\"left\" \/><\/p>\n<p class=\"MsoNormal\" style=\"margin: 0cm 0cm 0pt;\"><strong><span style=\"font-size: 8pt; font-family: &quot;Verdana&quot;,&quot;sans-serif&quot;; mso-ansi-language: EN-GB;\" lang=\"EN-GB\">Dr. med. univ. <\/span><\/strong><strong><span style=\"font-size: 8pt; font-family: &quot;Verdana&quot;,&quot;sans-serif&quot;; mso-ansi-language: EN-US;\" lang=\"EN-US\">Piero LERCHER<\/span><\/strong><span style=\"font-size: 8pt; font-family: &quot;Verdana&quot;,&quot;sans-serif&quot;; mso-ansi-language: EN-US;\" lang=\"EN-US\">, <\/span><\/p>\n<p class=\"MsoNormal\" style=\"margin: 0cm 0cm 0pt;\"><span style=\"font-size: 8pt; line-height: 150%; font-family: &quot;Verdana&quot;,&quot;sans-serif&quot;;\">Sportarzt, Pr\u00e4ventiv-, Umwelt- und Arbeitsmediziner, Autor diverser Fachpublikationen und B\u00fccher, Medizinjournalist und Karikaturist. <\/span><\/p>\n<p class=\"MsoNormal\" style=\"margin: 0cm 0cm 0pt;\">\u00a0<\/p>\n<p class=\"MsoNormal\" style=\"margin: 0cm 0cm 0pt; line-height: 150%; text-align: justify; punctuation-wrap: hanging; mso-vertical-align-alt: auto;\"><span style=\"font-size: 8pt; line-height: 150%; font-family: &quot;Verdana&quot;,&quot;sans-serif&quot;;\">Mitglied des \u00c4rzteteams im Gesundheits- und Pr\u00e4ventionszentrum \u201eGesund in Sch\u00f6nbrunn\u201c: <a href=\"http:\/\/www.gesundinschoenbrunn.at\/\">www.gesundinschoenbrunn.at<\/a> ,<br \/>\nMitglied des <strong><span style=\"font-weight: normal; font-family: &quot;Verdana&quot;,&quot;sans-serif&quot;; mso-bidi-font-family: Arial;\">Organizing boards des Austrian Voice Instituts: <a href=\"http:\/\/www.austrianvoice.at\/\">www.austrianvoice.at<\/a><\/span><\/strong><\/span><\/p>\n<p class=\"MsoNormal\" style=\"margin: 0cm 0cm 0pt; line-height: 150%; text-align: justify; punctuation-wrap: hanging; mso-vertical-align-alt: auto;\"><span style=\"font-size: 8pt; line-height: 150%; font-family: &quot;Verdana&quot;,&quot;sans-serif&quot;;\">Konzeption, Koordination und Realisation diverser interdisziplin\u00e4rer, pr\u00e4ventivmedizinischer Projekte,<br \/>\nseit 1995 div. Lehrauftr\u00e4ge (u.a. BFI, \u00d6sterr. Akademie der \u00c4rzte, Universit\u00e4t Wien),<br \/>\nseit 2003 Lehrbeauftragter der Kinderuni Wien.<\/span><\/p>\n<p class=\"MsoNormal\" style=\"margin: 0cm 0cm 0pt; line-height: 150%; text-align: justify; punctuation-wrap: hanging; mso-vertical-align-alt: auto;\">\u00a0<\/p>\n<p class=\"MsoNormal\" style=\"margin: 0cm 0cm 0pt; line-height: 150%; text-align: justify; punctuation-wrap: hanging; mso-vertical-align-alt: auto;\"><span style=\"font-size: 8pt; line-height: 150%; font-family: &quot;Verdana&quot;,&quot;sans-serif&quot;;\">Seit 2004 Lehrbeauftragter an der Medizinischen Universit\u00e4t Wien: u.a. f\u00fcr die Bereiche:<\/span><\/p>\n<p class=\"MsoNormal\" style=\"margin: 0cm 0cm 0pt 36pt; text-indent: -18pt; line-height: 150%; text-align: justify; punctuation-wrap: hanging; mso-vertical-align-alt: auto; mso-list: l0 level1 lfo1;\"><span style=\"font-size: 8pt; line-height: 150%; font-family: Symbol; mso-fareast-font-family: Symbol; mso-bidi-font-family: Symbol;\"><span style=\"mso-list: Ignore;\">\u00b7<span style=\"font: 7pt &quot;Times New Roman&quot;;\">\u00a0\u00a0\u00a0\u00a0\u00a0\u00a0\u00a0\u00a0\u00a0 <\/span><\/span><\/span><span style=\"font-size: 8pt; line-height: 150%; font-family: &quot;Verdana&quot;,&quot;sans-serif&quot;;\">\u00c4rztliche Gespr\u00e4chsf\u00fchrung<\/span><\/p>\n<p class=\"MsoNormal\" style=\"margin: 0cm 0cm 0pt 36pt; text-indent: -18pt; line-height: 150%; text-align: justify; punctuation-wrap: hanging; mso-vertical-align-alt: auto; mso-list: l0 level1 lfo1;\"><span style=\"font-size: 8pt; line-height: 150%; font-family: Symbol; mso-fareast-font-family: Symbol; mso-bidi-font-family: Symbol;\"><span style=\"mso-list: Ignore;\">\u00b7<span style=\"font: 7pt &quot;Times New Roman&quot;;\">\u00a0\u00a0\u00a0\u00a0\u00a0\u00a0\u00a0\u00a0\u00a0 <\/span><\/span><\/span><span style=\"font-size: 8pt; line-height: 150%; font-family: &quot;Verdana&quot;,&quot;sans-serif&quot;;\">Physikalische Krankenuntersuchung<\/span><\/p>\n<p class=\"MsoNormal\" style=\"margin: 0cm 0cm 0pt 36pt; text-indent: -18pt; line-height: 150%; text-align: justify; punctuation-wrap: hanging; mso-vertical-align-alt: auto; mso-list: l0 level1 lfo1;\"><span style=\"font-size: 8pt; line-height: 150%; font-family: Symbol; mso-fareast-font-family: Symbol; mso-bidi-font-family: Symbol;\"><span style=\"mso-list: Ignore;\">\u00b7<span style=\"font: 7pt &quot;Times New Roman&quot;;\">\u00a0\u00a0\u00a0\u00a0\u00a0\u00a0\u00a0\u00a0\u00a0 <\/span><\/span><\/span><span style=\"font-size: 8pt; line-height: 150%; font-family: &quot;Verdana&quot;,&quot;sans-serif&quot;;\">\u00c4rztliches Berufsbild<\/span><\/p>\n<p class=\"MsoNormal\" style=\"margin: 0cm 0cm 0pt 36pt; text-indent: -18pt; line-height: 150%; text-align: justify; punctuation-wrap: hanging; mso-vertical-align-alt: auto; mso-list: l0 level1 lfo1;\"><span style=\"font-size: 8pt; line-height: 150%; font-family: Symbol; mso-fareast-font-family: Symbol; mso-bidi-font-family: Symbol;\"><span style=\"mso-list: Ignore;\">\u00b7<span style=\"font: 7pt &quot;Times New Roman&quot;;\">\u00a0\u00a0\u00a0\u00a0\u00a0\u00a0\u00a0\u00a0\u00a0 <\/span><\/span><\/span><span style=\"font-size: 8pt; line-height: 150%; font-family: &quot;Verdana&quot;,&quot;sans-serif&quot;;\">Problemorientiertes Lernen<\/span><\/p>\n<p class=\"MsoNormal\" style=\"margin: 0cm 0cm 0pt; line-height: 150%; text-align: justify; punctuation-wrap: hanging; mso-vertical-align-alt: auto;\"><span style=\"font-size: 8pt; line-height: 150%; font-family: &quot;Verdana&quot;,&quot;sans-serif&quot;;\">Publikumsvortr\u00e4ge bei \u00f6ffentlichen Gesundheitsveranstaltungen, bei \u201eUniversity-Meets-Public\u201c, Firmenevents, etc., div. TV- oder Radiointerviews (u.a. ORF: Primavera, Wien Heute; ATV: Bericht \u00fcber die Gesundheits-Gourmet Days; \u00d61, Radio Wien, Radio K\u00e4rnten, Radio Ticino), Ern\u00e4hrungs- und Lifestyle-Beratung \u201e\u00d6sterreichs N\u00e4chstes Topmodel 2009\u201c<\/span><\/p>\n<p class=\"MsoNormal\" style=\"margin: 0cm 0cm 0pt; line-height: 150%; text-align: justify; punctuation-wrap: hanging; mso-vertical-align-alt: auto;\">\u00a0<\/p>\n<p class=\"MsoNormal\" style=\"margin: 0cm 0cm 0pt; line-height: 150%; text-align: justify; punctuation-wrap: hanging; mso-vertical-align-alt: auto;\"><span style=\"font-size: 8pt; line-height: 150%; font-family: &quot;Verdana&quot;,&quot;sans-serif&quot;;\">Organisatorischer Leiter und Mitglied des Leitungsgremiums des Universit\u00e4tslehrganges \u201eMaster of Public Health-Vienna\u201c: <a href=\"http:\/\/www.mph-vienna.at\/\">www.mph-vienna.at<\/a><\/span><\/p>\n<p class=\"MsoNormal\" style=\"margin: 0cm 0cm 0pt; line-height: 150%; text-align: justify; punctuation-wrap: hanging; mso-vertical-align-alt: auto;\"><span style=\"font-size: 8pt; line-height: 150%; font-family: &quot;Verdana&quot;,&quot;sans-serif&quot;;\">Seit 2009 Editor in Chief der Zeitschrift <strong style=\"mso-bidi-font-weight: normal;\">sport- und pr\u00e4ventivmedizin<\/strong>: <a href=\"http:\/\/www.springer.com\/springerwiennewyork\/medicine\/journal\/12534\">http:\/\/www.springer.com\/springerwiennewyork\/medicine\/journal\/12534<\/a><\/span><\/p>\n<p class=\"MsoNormal\" style=\"margin: 0cm 0cm 0pt; line-height: 150%; text-align: justify; punctuation-wrap: hanging; mso-vertical-align-alt: auto;\"><span style=\"font-size: 8pt; line-height: 150%; font-family: &quot;Verdana&quot;,&quot;sans-serif&quot;;\">\u00a0<\/span><\/p>\n<p class=\"MsoNormal\" style=\"margin: 0cm 0cm 0pt; line-height: 150%; text-align: justify;\"><span style=\"font-size: 8pt; line-height: 150%; font-family: &quot;Verdana&quot;,&quot;sans-serif&quot;;\">Mitgliedschaften: u.a. Vorstandsmitglied des \u00d6sterreichischen \u00c4rztekunstvereines: <a href=\"http:\/\/www.aerztekunstverein.at\/\"><span style=\"color: #800080;\">www.aerztekunstverein.at<\/span><\/a>, \u00d6GSMP (\u00d6sterreichische Gesellschaft f\u00fcr Sport- und Pr\u00e4ventivmedizin: <a href=\"http:\/\/www.sportmedizingesellschaft.at\/\">www.sportmedizingesellschaft.at<\/a> ), Ordo Equestris Vini Europae<\/span><\/p>\n<p>Weitere Beitr\u00e4ge von Dr. Piero Lercher im Van Swieten Blog:<\/p>\n<p><a href=\"https:\/\/ub-blog.meduniwien.ac.at\/blog\/?p=390\">Karikatur: \u201cNervenzelle\u201d von Dr. Piero Lercher<\/a><br \/>\n<a href=\"https:\/\/ub-blog.meduniwien.ac.at\/blog\/?p=354\">Karikatur: \u201cGrosser Pandab\u00e4r\u201d von Dr. Piero Lercher<\/a><br \/>\n<a href=\"https:\/\/ub-blog.meduniwien.ac.at\/blog\/?p=319\">Denkattacken: Cartoons und Karikaturen von Piero Lercher<\/a><br \/>\n<a href=\"https:\/\/ub-blog.meduniwien.ac.at\/blog\/?p=250\">Karikatur: \u201cDAS HERZ\u201d von Dr. Piero Lercher<\/a><br \/>\n<a href=\"https:\/\/ub-blog.meduniwien.ac.at\/blog\/?p=251\">Gast-Contributor: Dr. Piero Lercher<\/a><\/p>\n","protected":false},"excerpt":{"rendered":"<p>von Dr. Piero Lercher Das Kopenhagener Klimam\u00e4rchen Es trafen sich einmal hochrangige Personen des Planeten Erde, die \u201eedlen\u201c Vertreter des Volkes, h\u00fcllten sich in kostbare Gew\u00e4nder, konferierten und irrten planlos umher. Sie diskutierten \u00fcber CO2, haben dieses Gas jedoch selbst und noch viel mehr \u201ehei\u00dfe Luft\u201c ventiliert. So geschehen anl\u00e4sslich der letzten Weltklimakonferenz in Kopenhagen &hellip; <a href=\"https:\/\/ub.meduniwien.ac.at\/blog\/?p=3733\" class=\"more-link\"><span class=\"screen-reader-text\">Denkattacken von Dr. Piero Lercher: Das Kopenhagener Klimam\u00e4rchen<\/span> weiterlesen <span class=\"meta-nav\">&rarr;<\/span><\/a><\/p>\n","protected":false},"author":2,"featured_media":0,"comment_status":"open","ping_status":"open","sticky":false,"template":"","format":"standard","meta":{"ngg_post_thumbnail":0,"footnotes":""},"categories":[1,33,11,2,16],"tags":[150],"class_list":["post-3733","post","type-post","status-publish","format-standard","hentry","category-allgemeines","category-gastbeitrage","category-literaturhinweis","category-news","category-news1","tag-denkattacken"],"views":60119,"_links":{"self":[{"href":"https:\/\/ub.meduniwien.ac.at\/blog\/index.php?rest_route=\/wp\/v2\/posts\/3733","targetHints":{"allow":["GET"]}}],"collection":[{"href":"https:\/\/ub.meduniwien.ac.at\/blog\/index.php?rest_route=\/wp\/v2\/posts"}],"about":[{"href":"https:\/\/ub.meduniwien.ac.at\/blog\/index.php?rest_route=\/wp\/v2\/types\/post"}],"author":[{"embeddable":true,"href":"https:\/\/ub.meduniwien.ac.at\/blog\/index.php?rest_route=\/wp\/v2\/users\/2"}],"replies":[{"embeddable":true,"href":"https:\/\/ub.meduniwien.ac.at\/blog\/index.php?rest_route=%2Fwp%2Fv2%2Fcomments&post=3733"}],"version-history":[{"count":53,"href":"https:\/\/ub.meduniwien.ac.at\/blog\/index.php?rest_route=\/wp\/v2\/posts\/3733\/revisions"}],"predecessor-version":[{"id":4343,"href":"https:\/\/ub.meduniwien.ac.at\/blog\/index.php?rest_route=\/wp\/v2\/posts\/3733\/revisions\/4343"}],"wp:attachment":[{"href":"https:\/\/ub.meduniwien.ac.at\/blog\/index.php?rest_route=%2Fwp%2Fv2%2Fmedia&parent=3733"}],"wp:term":[{"taxonomy":"category","embeddable":true,"href":"https:\/\/ub.meduniwien.ac.at\/blog\/index.php?rest_route=%2Fwp%2Fv2%2Fcategories&post=3733"},{"taxonomy":"post_tag","embeddable":true,"href":"https:\/\/ub.meduniwien.ac.at\/blog\/index.php?rest_route=%2Fwp%2Fv2%2Ftags&post=3733"}],"curies":[{"name":"wp","href":"https:\/\/api.w.org\/{rel}","templated":true}]}}