{"id":34645,"date":"2020-04-01T06:03:19","date_gmt":"2020-04-01T05:03:19","guid":{"rendered":"https:\/\/ub-blog.meduniwien.ac.at\/blog\/?p=34645"},"modified":"2020-04-01T07:00:06","modified_gmt":"2020-04-01T06:00:06","slug":"zusammenstellung-freier-informationsquellen-zu-covid-19","status":"publish","type":"post","link":"https:\/\/ub.meduniwien.ac.at\/blog\/?p=34645","title":{"rendered":"Zusammenstellung freier Informationsquellen zu COVID-19"},"content":{"rendered":"<p><a href=\"https:\/\/dbis.ur.de\/\/fachliste.php?bib_id=corona\" target=\"_blank\" rel=\"noopener\"><img loading=\"lazy\" decoding=\"async\" class=\"alignnone size-full wp-image-34646\" src=\"https:\/\/ub-blog.meduniwien.ac.at\/blog\/wp-content\/uploads\/2020\/03\/Clipboard01.jpg\" alt=\"\" width=\"407\" height=\"81\" border=\"2\" srcset=\"https:\/\/ub.meduniwien.ac.at\/blog\/wp-content\/uploads\/2020\/03\/Clipboard01.jpg 407w, https:\/\/ub.meduniwien.ac.at\/blog\/wp-content\/uploads\/2020\/03\/Clipboard01-300x60.jpg 300w\" sizes=\"auto, (max-width: 407px) 100vw, 407px\" \/><\/a><\/p>\n<p>Eine \u00fcbersichtliche Zusammenfassung von frei zug\u00e4nglichen Informationsquellen (eBooks, eJournals, Verlagsplattformen, Datenbanken&#8230;) zum Thema COVID-19 finden Sie unter folgendem Link:<\/p>\n<p><a href=\"https:\/\/dbis.ur.de\/\/fachliste.php?bib_id=corona\" target=\"_blank\" rel=\"noopener\">bibs vs. virus<\/a><\/p>\n<p>Diese Datenbank wird von <a href=\"https:\/\/dbis.ur.de\/\/index.php?bib_id=corona&amp;colors=3&amp;ocolors=40&amp;ref=partner\" target=\"_blank\" rel=\"noopener\">Bibliothekaren der Universit\u00e4tsbibliothek W\u00fcrzburg<\/a> bef\u00fcllt und aktuell gehalten.<\/p>\n","protected":false},"excerpt":{"rendered":"<p>Eine \u00fcbersichtliche Zusammenfassung von frei zug\u00e4nglichen Informationsquellen (eBooks, eJournals, Verlagsplattformen, Datenbanken&#8230;) zum Thema COVID-19 finden Sie unter folgendem Link: bibs vs. virus Diese Datenbank wird von Bibliothekaren der Universit\u00e4tsbibliothek W\u00fcrzburg bef\u00fcllt und aktuell gehalten.<\/p>\n","protected":false},"author":19,"featured_media":0,"comment_status":"open","ping_status":"open","sticky":false,"template":"","format":"standard","meta":{"ngg_post_thumbnail":0,"footnotes":""},"categories":[1],"tags":[2620],"class_list":["post-34645","post","type-post","status-publish","format-standard","hentry","category-allgemeines","tag-covid"],"views":1714,"_links":{"self":[{"href":"https:\/\/ub.meduniwien.ac.at\/blog\/index.php?rest_route=\/wp\/v2\/posts\/34645","targetHints":{"allow":["GET"]}}],"collection":[{"href":"https:\/\/ub.meduniwien.ac.at\/blog\/index.php?rest_route=\/wp\/v2\/posts"}],"about":[{"href":"https:\/\/ub.meduniwien.ac.at\/blog\/index.php?rest_route=\/wp\/v2\/types\/post"}],"author":[{"embeddable":true,"href":"https:\/\/ub.meduniwien.ac.at\/blog\/index.php?rest_route=\/wp\/v2\/users\/19"}],"replies":[{"embeddable":true,"href":"https:\/\/ub.meduniwien.ac.at\/blog\/index.php?rest_route=%2Fwp%2Fv2%2Fcomments&post=34645"}],"version-history":[{"count":6,"href":"https:\/\/ub.meduniwien.ac.at\/blog\/index.php?rest_route=\/wp\/v2\/posts\/34645\/revisions"}],"predecessor-version":[{"id":34652,"href":"https:\/\/ub.meduniwien.ac.at\/blog\/index.php?rest_route=\/wp\/v2\/posts\/34645\/revisions\/34652"}],"wp:attachment":[{"href":"https:\/\/ub.meduniwien.ac.at\/blog\/index.php?rest_route=%2Fwp%2Fv2%2Fmedia&parent=34645"}],"wp:term":[{"taxonomy":"category","embeddable":true,"href":"https:\/\/ub.meduniwien.ac.at\/blog\/index.php?rest_route=%2Fwp%2Fv2%2Fcategories&post=34645"},{"taxonomy":"post_tag","embeddable":true,"href":"https:\/\/ub.meduniwien.ac.at\/blog\/index.php?rest_route=%2Fwp%2Fv2%2Ftags&post=34645"}],"curies":[{"name":"wp","href":"https:\/\/api.w.org\/{rel}","templated":true}]}}