{"id":34526,"date":"2020-02-23T10:13:29","date_gmt":"2020-02-23T09:13:29","guid":{"rendered":"https:\/\/ub-blog.meduniwien.ac.at\/blog\/?p=34526"},"modified":"2020-03-02T10:18:16","modified_gmt":"2020-03-02T09:18:16","slug":"judith-huber-praktikum-an-der-ub-meduni-wien-2-2-2-2-2-2","status":"publish","type":"post","link":"https:\/\/ub.meduniwien.ac.at\/blog\/?p=34526","title":{"rendered":"Barbara Aleric: Berufspraktische Tage an der UB MedUni Wien"},"content":{"rendered":"<p><strong>Berufspraktische Tage an der UB MedUni <\/strong><\/p>\n<p>Mein Name ist Barbara Aleric, ich bin 13 Jahre alt, und ich habe vom 27. \u2013 30. Januar 2020 als Sch\u00fclerin der BRG 18s mein erstes Praktikum absolviert.<br \/>\nErstmal wurde ich sehr lieb vom Personal der Universit\u00e4tsbibliothek aufgenommen. Zuerst habe ich eine kurze F\u00fchrung durch die Bibliothek gehabt bevor es mit der Arbeit begann. Am ersten Tag habe ich sofort drei verschiedene Jobs kennengelernt und im Laufe der n\u00e4chsten drei Tage habe ich fast alle Jobs, die es in einer Bibliothek gibt (Buchhaltung, Entlehn Schalter, Lizenzierung der Artikel, etc.) kennengelernt.<br \/>\nObwohl es nur vier Tage waren, war es eine meiner lehrreichsten und zugleich lustigsten Erlebnisse meines Lebens. Ich hoffe noch mehr Sch\u00fcler werden die Gelegenheit haben dieses Praktikum zu absolvieren.<\/p>\n<p>Barbara Aleric<br \/>\n<strong><br \/>\n<\/strong><a href=\"https:\/\/ub-blog.meduniwien.ac.at\/blog\/?s=Praktikum+an+der+UB+MedUni+Wien\">Weitere Beitr\u00e4ge: Praktikum an der UB MedUni Wien<\/a><\/p>\n","protected":false},"excerpt":{"rendered":"<p>Berufspraktische Tage an der UB MedUni Mein Name ist Barbara Aleric, ich bin 13 Jahre alt, und ich habe vom 27. \u2013 30. Januar 2020 als Sch\u00fclerin der BRG 18s mein erstes Praktikum absolviert. Erstmal wurde ich sehr lieb vom Personal der Universit\u00e4tsbibliothek aufgenommen. Zuerst habe ich eine kurze F\u00fchrung durch die Bibliothek gehabt bevor &hellip; <a href=\"https:\/\/ub.meduniwien.ac.at\/blog\/?p=34526\" class=\"more-link\"><span class=\"screen-reader-text\">Barbara Aleric: Berufspraktische Tage an der UB MedUni Wien<\/span> weiterlesen <span class=\"meta-nav\">&rarr;<\/span><\/a><\/p>\n","protected":false},"author":2,"featured_media":0,"comment_status":"open","ping_status":"open","sticky":false,"template":"","format":"standard","meta":{"ngg_post_thumbnail":0,"footnotes":""},"categories":[24,2,16,46,42],"tags":[1623,254],"class_list":["post-34526","post","type-post","status-publish","format-standard","hentry","category-books-journals","category-news","category-news1","category-praktikum","category-ub-med-uni-wien-intern","tag-praktikum","tag-praktikum-an-der-ub-med-uni-wien"],"views":3117,"_links":{"self":[{"href":"https:\/\/ub.meduniwien.ac.at\/blog\/index.php?rest_route=\/wp\/v2\/posts\/34526","targetHints":{"allow":["GET"]}}],"collection":[{"href":"https:\/\/ub.meduniwien.ac.at\/blog\/index.php?rest_route=\/wp\/v2\/posts"}],"about":[{"href":"https:\/\/ub.meduniwien.ac.at\/blog\/index.php?rest_route=\/wp\/v2\/types\/post"}],"author":[{"embeddable":true,"href":"https:\/\/ub.meduniwien.ac.at\/blog\/index.php?rest_route=\/wp\/v2\/users\/2"}],"replies":[{"embeddable":true,"href":"https:\/\/ub.meduniwien.ac.at\/blog\/index.php?rest_route=%2Fwp%2Fv2%2Fcomments&post=34526"}],"version-history":[{"count":3,"href":"https:\/\/ub.meduniwien.ac.at\/blog\/index.php?rest_route=\/wp\/v2\/posts\/34526\/revisions"}],"predecessor-version":[{"id":34529,"href":"https:\/\/ub.meduniwien.ac.at\/blog\/index.php?rest_route=\/wp\/v2\/posts\/34526\/revisions\/34529"}],"wp:attachment":[{"href":"https:\/\/ub.meduniwien.ac.at\/blog\/index.php?rest_route=%2Fwp%2Fv2%2Fmedia&parent=34526"}],"wp:term":[{"taxonomy":"category","embeddable":true,"href":"https:\/\/ub.meduniwien.ac.at\/blog\/index.php?rest_route=%2Fwp%2Fv2%2Fcategories&post=34526"},{"taxonomy":"post_tag","embeddable":true,"href":"https:\/\/ub.meduniwien.ac.at\/blog\/index.php?rest_route=%2Fwp%2Fv2%2Ftags&post=34526"}],"curies":[{"name":"wp","href":"https:\/\/api.w.org\/{rel}","templated":true}]}}