{"id":33967,"date":"2019-01-31T15:00:30","date_gmt":"2019-01-31T14:00:30","guid":{"rendered":"https:\/\/ub-blog.meduniwien.ac.at\/blog\/?p=33967"},"modified":"2021-04-09T14:39:32","modified_gmt":"2021-04-09T13:39:32","slug":"publikationen-und-praesentationen-von-mitarbeiterinnen-der-ub-meduni-wien-2018","status":"publish","type":"post","link":"https:\/\/ub.meduniwien.ac.at\/blog\/?p=33967","title":{"rendered":"Publikationen und Pr\u00e4sentationen von MitarbeiterInnen der UB MedUni Wien 2018"},"content":{"rendered":"<p><strong>P U B L I K A T I O N E N <\/strong><\/p>\n<p><strong>BIBLIOTHEK: FORSCHUNG UND PRAXIS<\/strong><\/p>\n<p>Bauer B,<br \/>\n<a href=\"https:\/\/www.degruyter.com\/downloadpdf\/j\/bfup.2018.42.issue-1\/bfp-2018-0018\/bfp-2018-0018.pdf\">Aktuelle Entwicklungen an den \u00f6sterreichischen Bibliotheken 2016<\/a><br \/>\n<strong>Bibliothek: Forschung und Praxis<\/strong> 42 (2018), H. 1, 141\u2013153.<br \/>\n<a href=\"https:\/\/doi.org\/10.1515\/bfp-2018-0018\">doi: https:\/\/doi.org\/10.1515\/bfp-2018-0018<\/a><\/p>\n<p>Bauer B, Capellaro C, Ferus A, Fessler G, Granat R, H\u00f6lbling L, Kaier C, Koren-Wilhelmer F, Kromp B, Seissl M, Zarka T.<br \/>\n<a href=\"https:\/\/www.degruyter.com\/downloadpdf\/j\/bfup.2018.42.issue-3\/bfp-2018-0062\/bfp-2018-0062.pdf\">Austrian Transition to Open Access (AT2OA)<\/a><br \/>\n<strong>Bibliothek: Forschung und Praxis<\/strong> 42 (2018), H. 3, 463\u2013475.<br \/>\n<a href=\"https:\/\/doi.org\/10.1515\/bfp-2018-0062\">doi: https:\/\/doi.org\/10.1515\/bfp-2018-0062<\/a><\/p>\n<p><strong>GMS MEDIZIN \u2013 BIBLIOTHEK \u2013 INFORMATION<\/strong><\/p>\n<p>Bauer B.<br \/>\n<a href=\"https:\/\/www.egms.de\/static\/en\/journals\/mbi\/2018-18\/mbi000402.shtml\">Kooperation von Medizinbibliotheken<\/a> [Editorial] [Schwerpunktthema: Kooperation von Medizinbibliotheken]<br \/>\n<strong>GMS Medizin \u2013 Bibliothek \u2013 Information<\/strong> 18 (2018), H. 1-2, Doc1.<br \/>\n<a href=\"https:\/\/dx.doi.org\/10.3205\/mbi000402\">doi: 10.3205\/mbi000402<\/a><\/p>\n<p>Bauer B.<br \/>\n<a href=\"https:\/\/www.egms.de\/static\/en\/journals\/mbi\/2018-18\/mbi000404.shtml\">Medizinbibliothekarische Bibliografie 2017.<\/a><br \/>\n<strong>GMS Medizin \u2013 Bibliothek \u2013 Information<\/strong> 18 (2018), H. 1-2, Doc03.<br \/>\n<a href=\"https:\/\/dx.doi.org\/10.3205\/mbi000404\">doi: 10.3205\/mbi000404<\/a><\/p>\n<p>Bauer B.<br \/>\n<a href=\"https:\/\/www.egms.de\/static\/en\/journals\/mbi\/2018-18\/mbi000408.shtml\">Kooperationen bei der Literatur- und Informationsversorgung von medizinischen Fakult\u00e4ten und Hochschulen in \u00d6sterreich<\/a> [Schwerpunktthema: Kooperation von Medizinbibliotheken]<br \/>\n<strong>GMS Medizin \u2013 Bibliothek \u2013 Information<\/strong> 18 (2018), H. 1-2, Doc07.<br \/>\n<a href=\"https:\/\/dx.doi.org\/10.3205\/mbi000408\">doi: 10.3205\/mbi000408<\/a><\/p>\n<p>Bauer B.<br \/>\n<a href=\"https:\/\/www.egms.de\/static\/en\/journals\/mbi\/2018-18\/mbi000409.shtml\">10 Fragen von Bruno Bauer an Dietrich Nelle, den Interimsdirektor von ZB MED \u2013 Informationszentrum Lebenswissenschaften<\/a> [Interview] [Schwerpunktthema: Kooperation von Medizinbibliotheken]<br \/>\n<strong>GMS Medizin \u2013 Bibliothek \u2013 Information<\/strong> 18 (2018), H. 1-2, Doc08.<br \/>\n<a href=\"https:\/\/dx.doi.org\/10.3205\/mbi000409\">doi: 10.3205\/mbi000409<\/a><\/p>\n<p>Bauer B.<br \/>\n<a href=\"https:\/\/www.egms.de\/static\/en\/journals\/mbi\/2018-18\/mbi000410.shtml\">Medizinbibliotheken: offen und innovativ aus Tradition<\/a> [Editorial] [Schwerpunktthema: AGMB Jahrestagung in Oldenburg 2018: Medizinbibliotheken: offen und innovativ aus Tradition]<br \/>\n<strong>GMS Medizin \u2013 Bibliothek \u2013 Information<\/strong> 18 (2018), H. 3, Doc09.<br \/>\n<a href=\"https:\/\/dx.doi.org\/10.3205\/mbi000410\">doi: 10.3205\/mbi000410<\/a><\/p>\n<p>Bauer B.<br \/>\n<a href=\"https:\/\/www.egms.de\/static\/en\/journals\/mbi\/2018-18\/mbi000416.shtml\">Sieben Jahre kontinuierlicher Verbesserungsprozess gem\u00e4\u00df DIN EN ISO 9001: Ein Erfahrungsbericht \u00fcber die erfolgreiche Nutzung dieses Qualit\u00e4tsmanagementsystems an der Universit\u00e4tsbibliothek der Medizinischen Universit\u00e4t Wien<\/a> [Schwerpunktthema: AGMB Jahrestagung in Oldenburg 2018: Medizinbibliotheken: offen und innovativ aus Tradition]<br \/>\n<strong>GMS Medizin \u2013 Bibliothek \u2013 Information<\/strong> 18 (2018), H. 3, Doc15.<br \/>\n<a href=\"https:\/\/dx.doi.org\/10.3205\/mbi000416\">doi: 10.3205\/mbi000416<\/a><\/p>\n<p><strong>MITTEILUNGEN DER VEREINIGUNG \u00d6STERREICHISCHER BIBLIOTHEKARINNEN UND BIBLIOTHEKARE<\/strong><\/p>\n<p>Bauer B, Ferus A.<br \/>\n<a href=\"https:\/\/ojs.univie.ac.at\/index.php\/voebm\/article\/view\/2037\">\u00d6sterreichische Repositorien in OpenDOAR und re3data.org: Entwicklung und Status von Infrastrukturen f\u00fcr Green Open Access und Forschungsdaten<\/a><br \/>\n<strong>Mitteilungen der Vereinigung \u00d6sterreichischer Bibliothekarinnen und Bibliothekare<\/strong> 71 (2018), H. 1, 70-86.<br \/>\n<a href=\"http:\/\/doi.org\/10.31263\/voebm.v71i1.2037\">DOI: https:\/\/doi.org\/10.31263\/voebm.v71i1.2037<\/a><\/p>\n<p>Bauer B, Lackner M, Schubert B.<br \/>\n<a href=\"https:\/\/ojs.univie.ac.at\/index.php\/voebm\/article\/view\/2130\">Der \u00d6sterreichische Bibliothekenverbund im Umbruch: Neues Bibliotheksverwaltungssystem Alma als Impuls f\u00fcr die Zukunft<\/a><br \/>\n<strong>Mitteilungen der Vereinigung \u00d6sterreichischer Bibliothekarinnen und Bibliothekare<\/strong> 71 (2018), H. 2, 260-266.<br \/>\n<a href=\"https:\/\/doi.org\/10.31263\/voebm.v71i2.2130\">DOI: https:\/\/doi.org\/10.31263\/voebm.v71i2.2130<\/a><\/p>\n<p>Bauer B, Lackner M, Schubert B.<br \/>\n<a href=\"https:\/\/ojs.univie.ac.at\/index.php\/voebm\/article\/view\/2136\">Implementierung des neuen Bibliotheksmanagementsystems Alma an 14 Einrichtungen im \u00d6sterreichischen Bibliothekenverbund \u2013 Feedback aus der Perspektive der Functional Experts<\/a><br \/>\n<strong>Mitteilungen der Vereinigung \u00d6sterreichischer Bibliothekarinnen und Bibliothekare<\/strong> 71 (2018), H. 2, 320-350.<br \/>\n<a href=\"https:\/\/doi.org\/10.31263\/voebm.v71i2.2136\">DOI: https:\/\/doi.org\/10.31263\/voebm.v71i2.2136<\/a><\/p>\n<p>Bauer B, Hamedinger W.<br \/>\n<a href=\"https:\/\/ojs.univie.ac.at\/index.php\/voebm\/article\/view\/2138\">Alma im \u00d6sterreichischen Bibliothekenverbund und die Perspektiven f\u00fcr die \u00d6sterreichische Bibliothekenverbund und Service GmbH. 10 Fragen von Bruno Bauer an Wolfgang Hamedinger, Gesch\u00e4ftsf\u00fchrer der OBVSG<\/a><br \/>\n<strong>Mitteilungen der Vereinigung \u00d6sterreichischer Bibliothekarinnen und Bibliothekare<\/strong> 71 (2018), H. 2, 356-371.<br \/>\n<a href=\"https:\/\/doi.org\/10.31263\/voebm.v71i2.2138\">DOI: https:\/\/doi.org\/10.31263\/voebm.v71i2.2138<\/a><\/p>\n<p>Bauer B, Blumesberger S, Kann B, Steiner C, Stumpf M, W\u00f6dl U.<br \/>\n<a href=\"https:\/\/ojs.univie.ac.at\/index.php\/voebm\/article\/view\/2170\">Kooperativer Bericht vom 107. Deutschen Bibliothekartag: \u201eoffen &amp; vernetzt\u201c (Berlin, 12.\u201315. Juni 2018)<\/a><br \/>\n<strong>Mitteilungen der Vereinigung \u00d6sterreichischer Bibliothekarinnen und Bibliothekare<\/strong> 71 (2018), H. 3-4, 475-507.<br \/>\n<a href=\"https:\/\/doi.org\/10.31263\/voebm.v71i3-4.2170\">DOI: https:\/\/doi.org\/10.31263\/voebm.v71i3-4.2170<\/a><\/p>\n<p>Bauer B.<br \/>\n<a href=\"https:\/\/ojs.univie.ac.at\/index.php\/voebm\/article\/view\/2171\">Pr\u00e4sentation der European Open Science Cloud an der Universit\u00e4t Wien (Wien, 23. November 2018))<\/a><br \/>\n<strong>Mitteilungen der Vereinigung \u00d6sterreichischer Bibliothekarinnen und Bibliothekare<\/strong> 71 (2018), H. 3-4, 524-529.<br \/>\n<a href=\"https:\/\/doi.org\/10.31263\/voebm.v71i3-4.2171\">DOI: https:\/\/doi.org\/10.31263\/voebm.v71i3-4.2171<\/a><\/p>\n<p><strong>OPEN PASSWORD<\/strong><\/p>\n<p>Bauer B, Hohoff U.<br \/>\n<a href=\"https:\/\/www.password-online.de\/?wysija-page=1&amp;controller=email&amp;action=view&amp;email_id=387&amp;wysijap=subscriptions\">20 Jahre Subito. Marke in der Literaturversorgung, funktionierende Infrastruktur f\u00fcr Bibliotheken, fairer und zuverl\u00e4ssiger Partner. Bruno Bauer im Gespr\u00e4ch mit Ulrich Hohoff .<\/a> [20 Jahre Subito III (Teil 2)].<br \/>\n<strong>Open Password<\/strong>, 16.01.2018.<\/p>\n<p><strong>ZEITSCHRIFT F\u00dcR BIBLIOTHEKSWESEN UND BIBLIOGRAPHIE<\/strong><\/p>\n<p>Bauer B.<br \/>\n<a href=\"https:\/\/zs.thulb.uni-jena.de\/receive\/jportal_jparticle_00562273\">Medizinbibliotheken: inter:disziplin\u00e4r \u2013 inter:national \u2013 inter:aktiv. Jahrestagung der Arbeitsgemeinschaft f\u00fcr Medizinisches Bibliothekswesen (AGMB) vom 25. bis 27. September 2017 in Wien.<\/a><br \/>\n<strong>Zeitschrift f\u00fcr Bibliothekswesen und Bibliographie<\/strong> 65 (2018), H. 2-3, 125-129.<br \/>\n<a href=\"http:\/\/dx.doi.org\/10.3196\/18642950186523154\">DOI http:\/\/dx.doi.org\/10.3196\/18642950186523154<\/a><\/p>\n<p><strong>P R \u00c4 S E N T A T I O N E N <\/strong><\/p>\n<p><strong>15. Mai 2019<\/strong><\/p>\n<p>Bauer B. (Moderation)<br \/>\n<a href=\"https:\/\/www.obvsg.at\/bibliothekenverbund\/verbundtag-archiv\/verbundtag-2018\/\">Verbundtag 2018<\/a><br \/>\n<a href=\"https:\/\/www.obvsg.at\/fileadmin\/files\/bibverb\/vbtag\/2018\/vbt18_agenda.pdf\">Programm des Verbundtags 2019<\/a><br \/>\nUniversit\u00e4tsbibliothek Klagenfurt &#8211; 15.05.2019<\/p>\n<p><strong>15. November 2018<\/strong><\/p>\n<p>Bauer B.<br \/>\nStatusbericht zur Erhebung: Bibliothekssysteme und DSGVO<br \/>\nSitzung des Forums Universit\u00e4tsbibliotheken \u00d6sterreichs (<a href=\"https:\/\/ubifo.wordpress.com\/\">UBIFO<\/a>)<br \/>\nUniversit\u00e4tsbibliothek Salzburg &#8211; 15.11.2018<\/p>\n<p><strong>11. September 2018<\/strong><br \/>\nBauer B, Arning U, Schmitz, J. (Moderation)<br \/>\n<a href=\"https:\/\/www.agmb.de\/de_DE\/2018-treffpunkte\">Neues zum Open Access-Publizieren in GMS Medizin \u2013 Bibliothek \u2013 Information<\/a> (Treffpunkt 1b)<br \/>\nAGMB Jahrestagung an der Carl von Ossietzky Universit\u00e4t Oldenburg, 10.-12.09.2018<\/p>\n<p><strong>12. September 2018<\/strong><\/p>\n<p>Bauer B.<br \/>\n<a href=\"https:\/\/www.egms.de\/static\/de\/meetings\/agmb2018\/18agmb07.shtml\">Sieben Jahre kontinuierlicher Verbesserungsprozess gem\u00e4\u00df DIN EN ISO 9001: ein Erfahrungsbericht<\/a><br \/>\nAGMB Jahrestagung an der Carl von Ossietzky Universit\u00e4t Oldenburg, 10.-12.09.2018<\/p>\n<p>\u2014\u2014\u2014\u2014\u2014\u2014\u2014\u2014\u2014\u2014\u2014\u2014\u2014\u2014\u2014\u2014\u2014\u2014\u2014\u2014\u2014\u2014\u2014\u2014\u2014\u2014\u2014\u2014\u2014\u2014\u2014\u2014\u2014\u2014\u2014\u2014\u2014\u2014\u2014\u2014\u2014-<br \/>\nZusammenstellung der Publikationen und Pr\u00e4sentationen von Mitarbeiterinnen und Mitarbeitern der Universit\u00e4tsbibliothek der Med Uni Wien <a href=\"https:\/\/ub-blog.meduniwien.ac.at\/blog\/?p=111\">2006<\/a>, <a href=\"https:\/\/ub-blog.meduniwien.ac.at\/blog\/?p=554\">2007<\/a>, <a href=\"https:\/\/ub-blog.meduniwien.ac.at\/blog\/?p=1369\">2008<\/a>, <a href=\"https:\/\/ub-blog.meduniwien.ac.at\/blog\/?p=3482\">2009<\/a>, <a href=\"https:\/\/ub-blog.meduniwien.ac.at\/blog\/?p=7632\">2010<\/a>, <a href=\"https:\/\/ub-blog.meduniwien.ac.at\/blog\/?p=9903\">2011<\/a>, <a href=\"https:\/\/ub-blog.meduniwien.ac.at\/blog\/?p=14494\">2012<\/a>, <a href=\"https:\/\/ub-blog.meduniwien.ac.at\/blog\/?p=17494\">2013<\/a>, <a href=\"https:\/\/ub-blog.meduniwien.ac.at\/blog\/?p=22161\">2014<\/a>, <a href=\"https:\/\/ub-blog.meduniwien.ac.at\/blog\/?p=25318\">2015<\/a>, <a href=\"https:\/\/ub-blog.meduniwien.ac.at\/blog\/?p=27227\">2016<\/a>, <a href=\"https:\/\/ub-blog.meduniwien.ac.at\/blog\/?p=32028\">2017<\/a><\/p>\n","protected":false},"excerpt":{"rendered":"<p>P U B L I K A T I O N E N BIBLIOTHEK: FORSCHUNG UND PRAXIS Bauer B, Aktuelle Entwicklungen an den \u00f6sterreichischen Bibliotheken 2016 Bibliothek: Forschung und Praxis 42 (2018), H. 1, 141\u2013153. doi: https:\/\/doi.org\/10.1515\/bfp-2018-0018 Bauer B, Capellaro C, Ferus A, Fessler G, Granat R, H\u00f6lbling L, Kaier C, Koren-Wilhelmer F, Kromp B, &hellip; <a href=\"https:\/\/ub.meduniwien.ac.at\/blog\/?p=33967\" class=\"more-link\"><span class=\"screen-reader-text\">Publikationen und Pr\u00e4sentationen von MitarbeiterInnen der UB MedUni Wien 2018<\/span> weiterlesen <span class=\"meta-nav\">&rarr;<\/span><\/a><\/p>\n","protected":false},"author":2,"featured_media":0,"comment_status":"open","ping_status":"open","sticky":false,"template":"","format":"standard","meta":{"ngg_post_thumbnail":0,"footnotes":""},"categories":[11,42],"tags":[2567,1437,2568,2569],"class_list":["post-33967","post","type-post","status-publish","format-standard","hentry","category-literaturhinweis","category-ub-med-uni-wien-intern","tag-praesentationen-2018","tag-praesentationen-von-mitarbeiterinnen-der-ub-meduni-wien","tag-publikationen-2018","tag-publikationenn-von-mitarbeiterinnen-der-ub-meduni-wien"],"views":910,"_links":{"self":[{"href":"https:\/\/ub.meduniwien.ac.at\/blog\/index.php?rest_route=\/wp\/v2\/posts\/33967","targetHints":{"allow":["GET"]}}],"collection":[{"href":"https:\/\/ub.meduniwien.ac.at\/blog\/index.php?rest_route=\/wp\/v2\/posts"}],"about":[{"href":"https:\/\/ub.meduniwien.ac.at\/blog\/index.php?rest_route=\/wp\/v2\/types\/post"}],"author":[{"embeddable":true,"href":"https:\/\/ub.meduniwien.ac.at\/blog\/index.php?rest_route=\/wp\/v2\/users\/2"}],"replies":[{"embeddable":true,"href":"https:\/\/ub.meduniwien.ac.at\/blog\/index.php?rest_route=%2Fwp%2Fv2%2Fcomments&post=33967"}],"version-history":[{"count":17,"href":"https:\/\/ub.meduniwien.ac.at\/blog\/index.php?rest_route=\/wp\/v2\/posts\/33967\/revisions"}],"predecessor-version":[{"id":36539,"href":"https:\/\/ub.meduniwien.ac.at\/blog\/index.php?rest_route=\/wp\/v2\/posts\/33967\/revisions\/36539"}],"wp:attachment":[{"href":"https:\/\/ub.meduniwien.ac.at\/blog\/index.php?rest_route=%2Fwp%2Fv2%2Fmedia&parent=33967"}],"wp:term":[{"taxonomy":"category","embeddable":true,"href":"https:\/\/ub.meduniwien.ac.at\/blog\/index.php?rest_route=%2Fwp%2Fv2%2Fcategories&post=33967"},{"taxonomy":"post_tag","embeddable":true,"href":"https:\/\/ub.meduniwien.ac.at\/blog\/index.php?rest_route=%2Fwp%2Fv2%2Ftags&post=33967"}],"curies":[{"name":"wp","href":"https:\/\/api.w.org\/{rel}","templated":true}]}}