{"id":33007,"date":"2019-03-12T12:10:58","date_gmt":"2019-03-12T11:10:58","guid":{"rendered":"https:\/\/ub-blog.meduniwien.ac.at\/blog\/?p=33007"},"modified":"2019-04-23T08:05:09","modified_gmt":"2019-04-23T07:05:09","slug":"oeffnungszeiten-ostern-2018-3-2-3-2-2-2","status":"publish","type":"post","link":"https:\/\/ub.meduniwien.ac.at\/blog\/?p=33007","title":{"rendered":"SPERRE der Zweigbibliothek f\u00fcr Geschichte der Medizin vom 15.04.-05.07.2019"},"content":{"rendered":"<h2><strong>Sperre der Zweigbibliothek f\u00fcr Geschichte der Medizin vom 15.04.-05.07.2019<\/strong><\/h2>\n<p>Aufgrund der Generalsanierung des Josephinums wird die Zweigbibliothek f\u00fcr Geschichte der Medizin\/W\u00e4hringer Stra\u00dfe 25, 1090 Wien, mit ihren \u00fcber 310.000 Bucheinheiten von<br \/>\n<strong>15.04.-05.07.2019<\/strong> aus ihren R\u00e4umlichkeiten ausgesiedelt &#8211; w\u00e4hrend dieser Zeit sind diese Best\u00e4nde <strong>NICHT ZUG\u00c4NGLICH!<\/strong><\/p>\n<p>B\u00fccher k\u00f6nnen noch bis Freitag, 13.04.2019, an diesem Standort zur\u00fcckgegeben werden.<br \/>\nAb Montag, 15.04.2019, k\u00f6nnen B\u00fccher aus dieser Bibliothek nur mehr am Standort der Universit\u00e4tsbibliothek der Medizinischen Universit\u00e4t Wien, W\u00e4hringer G\u00fcrtel 18-20, 1090 Wien, im AKH\/Eingangsebene 05 zur\u00fcckgegeben werden.<\/p>\n<p>Ein provisorisches Benutzungskonzept f\u00fcr die Best\u00e4nde der Zweigbibliothek f\u00fcr Geschichte der Medizin w\u00e4hrend der zweij\u00e4hrigen Generalsanierung des Josephinums wird im Juli 2019 bekannt gegeben. F\u00fcr Fragen wenden Sie sich in der Zwischenzeit bitte an: <a href=\"mailto:bibliothek@meduniwien.ac.at\">bibliothek@meduniwien.ac.at<\/a><\/p>\n","protected":false},"excerpt":{"rendered":"<p>Sperre der Zweigbibliothek f\u00fcr Geschichte der Medizin vom 15.04.-05.07.2019 Aufgrund der Generalsanierung des Josephinums wird die Zweigbibliothek f\u00fcr Geschichte der Medizin\/W\u00e4hringer Stra\u00dfe 25, 1090 Wien, mit ihren \u00fcber 310.000 Bucheinheiten von 15.04.-05.07.2019 aus ihren R\u00e4umlichkeiten ausgesiedelt &#8211; w\u00e4hrend dieser Zeit sind diese Best\u00e4nde NICHT ZUG\u00c4NGLICH! B\u00fccher k\u00f6nnen noch bis Freitag, 13.04.2019, an diesem Standort zur\u00fcckgegeben &hellip; <a href=\"https:\/\/ub.meduniwien.ac.at\/blog\/?p=33007\" class=\"more-link\"><span class=\"screen-reader-text\">SPERRE der Zweigbibliothek f\u00fcr Geschichte der Medizin vom 15.04.-05.07.2019<\/span> weiterlesen <span class=\"meta-nav\">&rarr;<\/span><\/a><\/p>\n","protected":false},"author":2,"featured_media":0,"comment_status":"open","ping_status":"open","sticky":false,"template":"","format":"standard","meta":{"ngg_post_thumbnail":0,"footnotes":""},"categories":[1,2,16,6],"tags":[1615,1961],"class_list":["post-33007","post","type-post","status-publish","format-standard","hentry","category-allgemeines","category-news","category-news1","category-offnungszeiten","tag-offnungszeiten","tag-ostern"],"views":10537,"_links":{"self":[{"href":"https:\/\/ub.meduniwien.ac.at\/blog\/index.php?rest_route=\/wp\/v2\/posts\/33007","targetHints":{"allow":["GET"]}}],"collection":[{"href":"https:\/\/ub.meduniwien.ac.at\/blog\/index.php?rest_route=\/wp\/v2\/posts"}],"about":[{"href":"https:\/\/ub.meduniwien.ac.at\/blog\/index.php?rest_route=\/wp\/v2\/types\/post"}],"author":[{"embeddable":true,"href":"https:\/\/ub.meduniwien.ac.at\/blog\/index.php?rest_route=\/wp\/v2\/users\/2"}],"replies":[{"embeddable":true,"href":"https:\/\/ub.meduniwien.ac.at\/blog\/index.php?rest_route=%2Fwp%2Fv2%2Fcomments&post=33007"}],"version-history":[{"count":3,"href":"https:\/\/ub.meduniwien.ac.at\/blog\/index.php?rest_route=\/wp\/v2\/posts\/33007\/revisions"}],"predecessor-version":[{"id":33013,"href":"https:\/\/ub.meduniwien.ac.at\/blog\/index.php?rest_route=\/wp\/v2\/posts\/33007\/revisions\/33013"}],"wp:attachment":[{"href":"https:\/\/ub.meduniwien.ac.at\/blog\/index.php?rest_route=%2Fwp%2Fv2%2Fmedia&parent=33007"}],"wp:term":[{"taxonomy":"category","embeddable":true,"href":"https:\/\/ub.meduniwien.ac.at\/blog\/index.php?rest_route=%2Fwp%2Fv2%2Fcategories&post=33007"},{"taxonomy":"post_tag","embeddable":true,"href":"https:\/\/ub.meduniwien.ac.at\/blog\/index.php?rest_route=%2Fwp%2Fv2%2Ftags&post=33007"}],"curies":[{"name":"wp","href":"https:\/\/api.w.org\/{rel}","templated":true}]}}