{"id":32926,"date":"2019-03-28T01:14:54","date_gmt":"2019-03-28T00:14:54","guid":{"rendered":"https:\/\/ub-blog.meduniwien.ac.at\/blog\/?p=32926"},"modified":"2019-04-09T16:58:55","modified_gmt":"2019-04-09T15:58:55","slug":"aus-den-medizinhistorischen-bestaenden-der-ub-meduni-wien-77-todesopfer-der-revolution-1848-comfort-richard-dissertatio-inauguralis-medico-pharmagologica-de-guajaco-theses-adnexae-defendentur-3-2-2-21","status":"publish","type":"post","link":"https:\/\/ub.meduniwien.ac.at\/blog\/?p=32926","title":{"rendered":"Zum 175. Todestag: Aus den medizinhistorischen Best\u00e4nden der Ub MedUni Wien [101]: Wirer, Franz von: Ischl und seine Heilanstalten. Ein Handbuch f\u00fcr Aerzte und Laien, welche diesen Kurort und seine Umgebung in heilst\u00e4ttiger oder pittoresker Beziehung zu kennen oder besuchen w\u00fcnschen. 1842"},"content":{"rendered":"<p><strong>Zum 175. Todestag: <\/strong><a href=\"https:\/\/ubsearch.meduniwien.ac.at\/primo-explore\/fulldisplay?docid=UMW_alma2126464740003344&amp;context=L&amp;vid=UMW&amp;lang=de_DE&amp;search_scope=UMW_all&amp;adaptor=Local%20Search%20Engine&amp;isFrbr=true&amp;tab=default_tab&amp;query=any,contains,franz%20von%20wirer&amp;sortby=rank&amp;mode=Basic\"><strong>Wirer, Franz von: Ischl und seine Heilanstalten. Ein Handbuch f\u00fcr Aerzte und Laien, welche diesen Kurort und seine Umgebung in heilst\u00e4ttiger oder pittoresker Beziehung zu kennen oder besuchen w\u00fcnschen. Wien: Verlag der Buchhandlung Pfautsch &amp; Companie 1842.<\/strong><\/a><\/p>\n<p><a href=\"https:\/\/ub-blog.meduniwien.ac.at\/blog\/wp-content\/uploads\/2016\/11\/Joseph_MHartl.jpg\"><img loading=\"lazy\" decoding=\"async\" class=\"alignnone wp-image-27055\" src=\"https:\/\/ub-blog.meduniwien.ac.at\/blog\/wp-content\/uploads\/2016\/11\/Joseph_MHartl.jpg\" alt=\"\" width=\"186\" height=\"56\" srcset=\"https:\/\/ub.meduniwien.ac.at\/blog\/wp-content\/uploads\/2016\/11\/Joseph_MHartl.jpg 400w, https:\/\/ub.meduniwien.ac.at\/blog\/wp-content\/uploads\/2016\/11\/Joseph_MHartl-300x92.jpg 300w\" sizes=\"auto, (max-width: 186px) 100vw, 186px\" \/><\/a><\/p>\n<p>[Zweigbibliothek f\u00fcr Geschichte der Medizin\/Josephinische Bibliothek, Sign.: JB-2796]<\/p>\n<p>Text: Harald Albrecht, BA<\/p>\n<p><a href=\"https:\/\/ub-blog.meduniwien.ac.at\/blog\/wp-content\/uploads\/2019\/03\/ABB-01_Portrait_Wirer-Franz.jpg\"><img loading=\"lazy\" decoding=\"async\" class=\"alignnone size-full wp-image-32933\" src=\"https:\/\/ub-blog.meduniwien.ac.at\/blog\/wp-content\/uploads\/2019\/03\/ABB-01_Portrait_Wirer-Franz.jpg\" alt=\"\" width=\"400\" height=\"525\" srcset=\"https:\/\/ub.meduniwien.ac.at\/blog\/wp-content\/uploads\/2019\/03\/ABB-01_Portrait_Wirer-Franz.jpg 400w, https:\/\/ub.meduniwien.ac.at\/blog\/wp-content\/uploads\/2019\/03\/ABB-01_Portrait_Wirer-Franz-229x300.jpg 229w\" sizes=\"auto, (max-width: 400px) 100vw, 400px\" \/><\/a><\/p>\n<p>Abb. 1&nbsp;&nbsp;&nbsp;&nbsp; Franz von Wirer, 1835 [Lithographie von Josef Kriehuber (1800-1876)]<\/p>\n<p>Franz von Wirer (*2.4.1771 Korneuburg, gest. 30.3.1844 Wien), dessen Todestag sich im M\u00e4rz 2019 zum 175 Mal j\u00e4hrt, war ein \u00f6sterreichischer Leibarzt von Kaiser Franz II.\/I. (1768-1835), Rektor der Universit\u00e4t Wien und gilt als Begr\u00fcnder der Solebadekur in Bad Ischl.<\/p>\n<p>Franz von Wirer war der Sohn eines Wundarztes und studierte an der Medizinischen Fakult\u00e4t der Universit\u00e4t Wien seit 1787 Medizin. Zu seinen wichtigsten Lehrern z\u00e4hlte Maximilian Stoll (1742-1787), der 1776 die Nachfolge <a href=\"https:\/\/ub-blog.meduniwien.ac.at\/blog\/?p=28513\">Anton de Haens<\/a> (1704-1776) als Leiter der Ersten medizinischen Klinik der Universit\u00e4t Wien angetreten hatte. Von Wirer trat schon w\u00e4hrend seines Studiums in ein Milit\u00e4rspital ein und wurde 1789 mit der Leitung eines Spitals in der Walachei beauftragt. Nach dem Frieden von Sistowa am 4. August 1791 im Russisch-\u00d6sterreichischen T\u00fcrkenkrieg wurde er mit der R\u00fcckf\u00fchrung s\u00e4mtlicher \u00f6sterreichischen Kriegsgefangenen aus Konstantinopel betraut. Danach diente er bis 1798 als Bataillonsarzt in der \u00f6sterreichischen Armee. Im Anschluss daran setzte er seine Studien an der 1785 gegr\u00fcndeten k.k. medizinisch-chirurgischen Josephs-Akademie fort, wo er 1799 zum Doktor der Chirurgie und 1800 zum Doktor der Medizin promoviert wurde. Von Wirer erlangte als konsultierender Arzt in Wien bald hohes Ansehen und z\u00e4hlte neben vielen hochgestellten Pers\u00f6nlichkeiten auch Mitglieder des Kaiserhauses zu seiner Klientel und wurde einer der Leib\u00e4rzte von Kaiser Franz I.<\/p>\n<p>Nachdem der ehemalige Milit\u00e4rarzt Josef G\u00f6tz (1774-1839), der als Salinenpysikus 1807 nach Bad Ischl gekommen war, seine therapeutischen Erfolge mit Soleb\u00e4dern publiziert hatte, wurde von Wirer auf ihn aufmerksam. Wirer hatte die Idee in Bad Ischl, das sich auch wegen seiner sch\u00f6nen Lage und guten Klimas, hervorragend dazu eignete, ein Solebad zu errichten. Er entwickelte dieses Vorhaben generalstabm\u00e4\u00dfig: einerseits lie\u00df er 1823 gemeinsam mit Josef G\u00f6tz die erste \u00f6sterreichische Solebadeanstalt und andere Kurzwecken dienende Institutionen errichten, andererseits k\u00fcmmerte er sich auch, eine Ganzheitstherapie propagierend, um gastronomische Infrastruktur \u2013 so holte er den Wiener Konditor Johann Zauner (1803-1868) nach Ischl. Erst durch Wirers Renommee gelang Ischl der Durchbruch als Kurbad, wobei seine Verbindungen ins Kaiserhaus besonders hilfreich waren. Der Ruf von Bad Ischl verbreitete sich in Windeseile in ganz Europa \u2013 schon im Gr\u00fcndungsjahr sollen \u00fcber 10.000 Kurg\u00e4ste nach Ischl gekommen sein. Neben dem \u201eWirerspital\u201c wurden ein Dampfbad und ein Schlammbad errichtet, der Kurpark er\u00f6ffnet, ein Theater gebaut. Bad Ischl entwickelte sich damit zu <em>dem<\/em> Treffpunkt der Wiener und internationalen Gesellschaft.<\/p>\n<p>1842 erschien von Wirers Werk \u00fcber die Bad Ischler Heilanstalten:<\/p>\n<p><a href=\"https:\/\/ubsearch.meduniwien.ac.at\/primo-explore\/fulldisplay?docid=UMW_alma2126464740003344&amp;context=L&amp;vid=UMW&amp;lang=de_DE&amp;search_scope=UMW_all&amp;adaptor=Local%20Search%20Engine&amp;isFrbr=true&amp;tab=default_tab&amp;query=any,contains,franz%20von%20wirer&amp;sortby=rank&amp;mode=Basic\">Wirer, Franz von: Ischl und seine Heilanstalten. Ein Handbuch f\u00fcr Aerzte und Laien, welche diesen Kurort und seine Umgebung in heilst\u00e4ttiger oder pittoresker Beziehung zu kennen oder besuchen w\u00fcnschen. Wien: Verlag der Buchhandlung Pfautsch &amp; Companie 1842.<\/a><\/p>\n<p><a href=\"https:\/\/ub-blog.meduniwien.ac.at\/blog\/wp-content\/uploads\/2019\/03\/ABB-02_JB-2796_Titelblatt.jpg\"><img loading=\"lazy\" decoding=\"async\" class=\"alignnone size-large wp-image-32934\" src=\"https:\/\/ub-blog.meduniwien.ac.at\/blog\/wp-content\/uploads\/2019\/03\/ABB-02_JB-2796_Titelblatt.jpg\" alt=\"\" width=\"450\" height=\"737\" srcset=\"https:\/\/ub.meduniwien.ac.at\/blog\/wp-content\/uploads\/2019\/03\/ABB-02_JB-2796_Titelblatt.jpg 450w, https:\/\/ub.meduniwien.ac.at\/blog\/wp-content\/uploads\/2019\/03\/ABB-02_JB-2796_Titelblatt-183x300.jpg 183w\" sizes=\"auto, (max-width: 450px) 100vw, 450px\" \/><\/a><\/p>\n<p>Abb. 2&nbsp;&nbsp;&nbsp; Titelblatt: Wirer: Ischl und seine Heilanstalten [\u2026]. Wien: 1842.<\/p>\n<p>Franz von Wirer geh\u00f6rte der Medizinischen Fakult\u00e4t der Universit\u00e4t Wien an und war 1836\/37 Rektor der Universit\u00e4t Wien. Er geh\u00f6rte zu den Mitinitiatoren und Gr\u00fcndungsmitgliedern der Gesellschaft der \u00c4rzte in Wien. Franz von Wirer starb hochangesehen am 30. M\u00e4rz 1844 in Wien und liegt in einem Ehrengrab am Wiener Zentralfriedhof begraben.<\/p>\n<p>Quellen:<\/p>\n<p>Wirer, Franz Ritter von Rettenbach, \u00f6sterr. Mediziner, Kurarzt, *1771 Korneuburg (Nieder\u00f6sterreich), +30.3.1844 Wien. In: Biographische Enzyklop\u00e4die deutschsprachiger Mediziner. Hrsg. von Dietrich von Engelhardt. Bd. 2. R-Z Register. M\u00fcnchen: K. G. Saur 2002. S. 688.<\/p>\n<p>Wirer, Franz W. Ritter von Rettenbach. In: Biographisches Lexikon der hervorragenden \u00c4rzte aller Zeiten und V\u00f6lker. 2. Auflage. F\u00fcnfter Band Sambucus-Zypern mit 64 Bildnissen. Berlin und Wien: Urban &amp; Schwarzenberg: 1934. S. 967-968.<\/p>\n<p><a href=\"https:\/\/ub-blog.meduniwien.ac.at\/blog\/?s=%22Aus+den+medizinhistorischen+Best%C3%A4nden+der+Ub+MedUni+Wien%22\">Alle Beitr\u00e4ge der VS-Blog-Serie: Aus den medizinhistorischen Best\u00e4nden der Ub MedUni Wien\u2013&gt;<\/a><\/p>\n","protected":false},"excerpt":{"rendered":"<p>Zum 175. Todestag: Wirer, Franz von: Ischl und seine Heilanstalten. Ein Handbuch f\u00fcr Aerzte und Laien, welche diesen Kurort und seine Umgebung in heilst\u00e4ttiger oder pittoresker Beziehung zu kennen oder besuchen w\u00fcnschen. Wien: Verlag der Buchhandlung Pfautsch &amp; Companie 1842. [Zweigbibliothek f\u00fcr Geschichte der Medizin\/Josephinische Bibliothek, Sign.: JB-2796] Text: Harald Albrecht, BA Abb. 1&nbsp;&nbsp;&nbsp;&nbsp; Franz &hellip; <a href=\"https:\/\/ub.meduniwien.ac.at\/blog\/?p=32926\" class=\"more-link\"><span class=\"screen-reader-text\">Zum 175. Todestag: Aus den medizinhistorischen Best\u00e4nden der Ub MedUni Wien [101]: Wirer, Franz von: Ischl und seine Heilanstalten. Ein Handbuch f\u00fcr Aerzte und Laien, welche diesen Kurort und seine Umgebung in heilst\u00e4ttiger oder pittoresker Beziehung zu kennen oder besuchen w\u00fcnschen. 1842<\/span> weiterlesen <span class=\"meta-nav\">&rarr;<\/span><\/a><\/p>\n","protected":false},"author":2,"featured_media":0,"comment_status":"open","ping_status":"open","sticky":false,"template":"","format":"standard","meta":{"ngg_post_thumbnail":0,"footnotes":""},"categories":[1388,11,5,1347,2,16,18,40],"tags":[1552,2475,2476,1502,2477,2478,2479,2480,44,2481,2404,2482,2208,2483,2484,2485,1973,409],"class_list":["post-32926","post","type-post","status-publish","format-standard","hentry","category-josephinische-bibliothek","category-literaturhinweis","category-medizingeschichte","category-medizinhistorische-bestaende-der-ub-meduni-wien","category-news","category-news1","category-news3","category-sammlungen","tag-anton-de-haen","tag-bad-ischl","tag-franz-von-wirer","tag-gesellschaft-der-aerzte-in-wien","tag-heilbaeder","tag-johann-zauner","tag-josef-goetz","tag-josef-kriehuber","tag-josephinum","tag-k-k-medizinisch-chirurgischen-josephs-akademie","tag-kaiser-franz-ii-i","tag-kurbaeder","tag-maximilian-stoll","tag-salinenpysikus","tag-solebadeanstalt","tag-solebadekur","tag-universitaet-wien","tag-wiener-medizinische-schule"],"views":4508,"_links":{"self":[{"href":"https:\/\/ub.meduniwien.ac.at\/blog\/index.php?rest_route=\/wp\/v2\/posts\/32926","targetHints":{"allow":["GET"]}}],"collection":[{"href":"https:\/\/ub.meduniwien.ac.at\/blog\/index.php?rest_route=\/wp\/v2\/posts"}],"about":[{"href":"https:\/\/ub.meduniwien.ac.at\/blog\/index.php?rest_route=\/wp\/v2\/types\/post"}],"author":[{"embeddable":true,"href":"https:\/\/ub.meduniwien.ac.at\/blog\/index.php?rest_route=\/wp\/v2\/users\/2"}],"replies":[{"embeddable":true,"href":"https:\/\/ub.meduniwien.ac.at\/blog\/index.php?rest_route=%2Fwp%2Fv2%2Fcomments&post=32926"}],"version-history":[{"count":6,"href":"https:\/\/ub.meduniwien.ac.at\/blog\/index.php?rest_route=\/wp\/v2\/posts\/32926\/revisions"}],"predecessor-version":[{"id":33043,"href":"https:\/\/ub.meduniwien.ac.at\/blog\/index.php?rest_route=\/wp\/v2\/posts\/32926\/revisions\/33043"}],"wp:attachment":[{"href":"https:\/\/ub.meduniwien.ac.at\/blog\/index.php?rest_route=%2Fwp%2Fv2%2Fmedia&parent=32926"}],"wp:term":[{"taxonomy":"category","embeddable":true,"href":"https:\/\/ub.meduniwien.ac.at\/blog\/index.php?rest_route=%2Fwp%2Fv2%2Fcategories&post=32926"},{"taxonomy":"post_tag","embeddable":true,"href":"https:\/\/ub.meduniwien.ac.at\/blog\/index.php?rest_route=%2Fwp%2Fv2%2Ftags&post=32926"}],"curies":[{"name":"wp","href":"https:\/\/api.w.org\/{rel}","templated":true}]}}