{"id":32679,"date":"2018-11-28T10:05:26","date_gmt":"2018-11-28T09:05:26","guid":{"rendered":"https:\/\/ub-blog.meduniwien.ac.at\/blog\/?p=32679"},"modified":"2019-02-28T10:53:01","modified_gmt":"2019-02-28T09:53:01","slug":"alfred-viktor-frisch-1890-1960-vertrieben-1938-147-2","status":"publish","type":"post","link":"https:\/\/ub.meduniwien.ac.at\/blog\/?p=32679","title":{"rendered":"Alfred Viktor FRISCH (1890-1960): Vertrieben 1938 [148]"},"content":{"rendered":"<p><strong>VERTRIEBEN 1938 [148]<\/strong> UPDATE<\/p>\n<p><strong>Frisch, Alfred Viktor (1890-1960)<\/strong><\/p>\n<ol>\n<li style=\"list-style-type: none;\">\n<ol>* 10.02.1890 Wien<\/ol>\n<\/li>\n<\/ol>\n<ol>\n<li style=\"list-style-type: none;\">\n<ol>gest. 17.05.1960 Wien<\/ol>\n<\/li>\n<\/ol>\n<ol>\n<li style=\"list-style-type: none;\">\n<ol>Privatdozent, Innere Medizin<\/ol>\n<\/li>\n<\/ol>\n<ol>\n<li style=\"list-style-type: none;\">\n<ol>1938 Assistentenstelle freiwillig zur\u00fcckgelegt, 1940 zum \u201eDozenten neuer Ordnung\u201c ernannt, 1942 Veniar legendi freiwillig zur\u00fcckgelegt, gleichzeitig entlassen (rass.),<\/ol>\n<\/li>\n<\/ol>\n<ol>\n<li style=\"list-style-type: none;\">\n<ol>1945 wieder eingestellt<\/ol>\n<\/li>\n<\/ol>\n<p>&nbsp;<\/p>\n<ol>[Quelle: K. M\u00fchlberger: Dokumentation Vertriebene Intelligenz 1938 (1993), S.22]<\/ol>\n<p><!--more--><\/p>\n<p><strong>Open Access-Nachtrag zu Alfred Viktor FRISCH<\/strong><\/p>\n<blockquote>\n<ul>\n<li><a href=\"http:\/\/www.meduniwien.ac.at\/homepage\/content\/allgemeine-informationen\/geschichte-der-medizinischen-universitaet-wien\/mahnmal-fuer-opfer-des-nationalsozialismus\/\">MedUniWien: Mahnmal f\u00fcr Opfer des Nationalsozialismus enth\u00fcllt<\/a>, in: <a href=\"http:\/\/www.meduniwien.ac.at\/\">Website der Medizinischen Universit\u00e4t Wien<\/a>, 13. M\u00e4rz 2008<\/li>\n<\/ul>\n<ul>\n<li><a href=\"http:\/\/www.wien.gv.at\/\">Wien.at<\/a> \u00fcber 8.2.1960: 70. Geburtstag von Alfred Viktor Frisch<\/li>\n<\/ul>\n<ul>\n<li><a href=\"http:\/\/gedenkbuch.univie.ac.at\/index.php?id=435&amp;no_cache=1&amp;person_single_id=34358&amp;person_name=Alfred Viktor FRISCH &amp;person_geburtstag_tag=not_selected&amp;person_geburtstag_monat=not_selected&amp;person_geburtstag_jahr=not_selected&amp;person_fakultaet=not_selected&amp;person_kategorie=not_selected&amp;person_volltextsuche=&amp;search_person.x=1&amp;result_page=1\">Alfred Viktor FRISCH<\/a> in <a href=\"http:\/\/gedenkbuch.univie.ac.at\/\">Gedenkbuch f\u00fcr die Opfer des Nationalsozialismus an der Universit\u00e4t Wien 1938<\/a><\/li>\n<\/ul>\n<ul>\n<li>Nachweis von Dokumenten zu Alfred Viktor FRISCH in der <strong>Handschriftensammlung der Medizinischen Universit\u00e4t Wien<\/strong>:<em>Frisch, Alfred Viktor (1890-1960) \u2013 Adressat<br \/>\nVersch. hs. u. mschr. Briefe privaten Inhaltes an Alfred Viktor Frisch sowie Mitgliedskarte der Deutschen Tuberkulose-Gesellschaft f\u00fcr das Gesch\u00e4ftsjahr 1927\/28.<br \/>\n4 Bl.<br \/>\n2.966<\/em><em>Frisch, Alfred Viktor (1890-1960) \u2013 Bericht \u2013 Tuberkuloseheilverfahren<br \/>\n1925 Sept. 19., M\u00fcnchen.<br \/>\nHs. Bericht an das Bundesministerium f\u00fcr Soziale Verwaltung \u00fcber Versuche mit dem Gersonschen Heilverfahren f\u00fcr Tuberkulose in M\u00fcnchen.<br \/>\n21 x 32; 4 Bl.<br \/>\nHS 2.959\/1<\/em><em>Frisch, A(lfred Viktor) (1890-1960) \u2013 Brief<br \/>\nMaschingeschriebener, handschriftlich unterzeichneter Brief an Adolf Kronfeld in Geldangelegenheiten des Vereins zur F\u00f6rderung des \u00c4rztlichen Fortbildungswesens an der Universit\u00e4t Wien, als dessen Kassier der Schreiber fungiert.<br \/>\n1936 Juni 10., Wien I., Helferstorferstra\u00dfe 4.<br \/>\n22,4 x 28,9; 1 Bl.<br \/>\nHS 4.194<\/em><em>Frisch, A(lfred Viktor) (1890-1960) \u2013 Brief<br \/>\n1937 Januar 13., Wien I., Helferstorferstra\u00dfe 4.<br \/>\nMaschingeschriebener und handschriftlich unterzeichneter Brief an Adolf Kronfeld hinsichtlich dessen Honorierung f\u00fcr \u00e4rztliche Fortbildungskurse.<br \/>\n22,4 x 28,4; 1 Bl.<br \/>\nHS 2.959\/2<\/em><\/p>\n<p><em>Frisch, Alfred V. (1890-1960)<br \/>\ns.: Gerson, Max.<br \/>\n3.233<\/em><\/p>\n<p><em>Frisch, Alfred Viktor (1890-1960)<br \/>\ns.: Kayser-Petersen, J. Emil.<br \/>\n224\/4-5<\/em><\/p>\n<p><em>Frisch, Alfred Viktor (1890-1960)<br \/>\ns.: Ortner, Norbert.<br \/>\n2960<\/em><\/p>\n<p><em>Frisch, Alfred V. (1890-1960)<br \/>\ns.: Sauerbruch, Ferdinand.<br \/>\n3.232<\/em><\/li>\n<\/ul>\n<\/blockquote>\n<p><strong>Feedback unserer Weblog-User, biographische Nachweise und Erg\u00e4nzungen zu Alfred Viktor FRISCH:<\/strong><\/p>\n<ol>\n<li style=\"list-style-type: none;\">\n<ol>\n<li>von Frisch, Alfred Viktor Ritter:<br \/>\nIn: K\u00fcrschners Deutscher Gelehrten-Kalender 1935.<br \/>\nSp. 362-363.<\/li>\n<\/ol>\n<\/li>\n<\/ol>\n<p>****************************************************<\/p>\n<ol>\n<li style=\"list-style-type: none;\">\n<ol>\n<li>vsb \/ Biographischer Eintrag Alfred Viktor FRISCH:<br \/>\nin: Dietrich von Engelhardt (Hrsg): Biographische Enzyklop\u00e4die deutschsprachiger Mediziner. Band 1. M\u00fcnchen: K.G. Saur, 2002. [Seite 197]<\/li>\n<\/ol>\n<\/li>\n<\/ol>\n<p>****************************************************<\/p>\n<ol>\n<li style=\"list-style-type: none;\">\n<ol>\n<li>vsb \/ Biographischer Eintrag Nr. 2955 &#8211; Frisch, Alfred Viktor Ritter von:<br \/>\nin: Handbuch \u00f6sterreichischer Autorinnen und Autoren j\u00fcdischer Herkunft 18. bis 20. Jahrhundert. Hrsg. von der \u00d6sterreichischen Nationalbibliothek. Band 1: A -I. M\u00fcnchen: K.G.Saur, 2002. [Seite 385]<\/li>\n<\/ol>\n<\/li>\n<\/ol>\n<p>****************************************************<\/p>\n<p>143 Biographien von Professoren und Dozenten, die nach dem 11. M\u00e4rz 1938 aus politischen und rassischen Gr\u00fcnden von der Medizinischen Fakult\u00e4t der Universit\u00e4t Wien vertrieben worden sind und die seit dem 11. M\u00e4rz 2008 im VAN SWIETEN blog vorgestellt wurden, beinhaltet die Dissertation von:<\/p>\n<blockquote><p>Judith Bauer-Merinsky: Die Auswirkungen der Annexion \u00d6sterreichs durch das Deutsche Reich auf die medizinische Fakult\u00e4t der Universit\u00e4t Wien im Jahre 1938: Biographien entlassener Professoren und Dozenten. Wien: Diss., 1980.<\/p><\/blockquote>\n<p>Es werden weitere 1938 bzw. in den Folgejahren aus politischen und rassischen Gr\u00fcnden von der Medizinischen Fakult\u00e4t der Universit\u00e4t Wien vertriebene Professoren und Dozenten im VAN SWIETEN blog vorgestellt.<\/p>\n<p>****************************************************<br \/>\n<a href=\"https:\/\/ub-blog.meduniwien.ac.at\/blog\/wp-content\/uploads\/2017\/09\/VanSwietenBlog_MHartl.gif\"><img loading=\"lazy\" decoding=\"async\" class=\"alignnone wp-image-28234\" src=\"https:\/\/ub-blog.meduniwien.ac.at\/blog\/wp-content\/uploads\/2017\/09\/VanSwietenBlog_MHartl.gif\" alt=\"Logo: MMag.Margrit Hartl\" height=\"56\" width=\"158\"><\/a><\/p>\n<p><a href=\"https:\/\/ub-blog.meduniwien.ac.at\/blog\/?p=29203\">Sonderblog-Serie Vertrieben 1938 \u2013 Biografien entlassener Professoren und Dozenten der Medizinischen Fakult\u00e4t der Universit\u00e4t Wien UPDATE<\/a><\/p>\n<p><iframe loading=\"lazy\" class=\"wp-embedded-content\" title=\"\u201eVertrieben 1938 \u2013 Biographien entlassener Professoren und Dozenten der Medizinischen Fakult\u00e4t der Universit\u00e4t Wien\u201c \u2014 VAN SWIETEN BLOG - Infos und News\" src=\"https:\/\/ub-blog.meduniwien.ac.at\/blog\/?p=772&amp;embed=true#?secret=m0ffjRAdWH\" marginwidth=\"0\" marginheight=\"0\" scrolling=\"no\" sandbox=\"allow-scripts\" data-secret=\"m0ffjRAdWH\" data-mce-fragment=\"1\" frameborder=\"0\" height=\"407\" width=\"474\"><\/iframe><\/p>\n<p><em>Projekt \u201eVertrieben 1938 \u2013 Biographien entlassener Mediziner*innen der Medizinischen Fakult\u00e4t der Universit\u00e4t Wien\u201c im Van Swieten Blog: Informationen der Universit\u00e4tsbibliothek der Medizinischen Universit\u00e4t Wien. \u2013<br \/>\nProjektteam: Mag. Bruno Bauer (Konzept), Harald Albrecht, Judith D\u00f6gl, Rudolf Gerdenits, MMag. Margrit Hartl, Dr. Brigitte Kranz, Mag. Ingeborg Leitner, Dr. Ruth Lotter, Dr. Walter Mentzel, Dr. Reinhard Mundsch\u00fctz, Mag. Michaela Zykan.<\/em><\/p>\n<p>Bitte zitieren als<br \/>\nVAN SWIETEN BLOG: Informationen der Universit\u00e4tsbibliothek der Med Uni Wien, Nr. 32679 Letzte Aktualisierung: 2018 11<br \/>\nOnline unter der URL: https:\/\/ub-blog.meduniwien.ac.at\/blog\/?p=32679<\/p>\n","protected":false},"excerpt":{"rendered":"<p>VERTRIEBEN 1938 [148] UPDATE Frisch, Alfred Viktor (1890-1960) * 10.02.1890 Wien gest. 17.05.1960 Wien Privatdozent, Innere Medizin 1938 Assistentenstelle freiwillig zur\u00fcckgelegt, 1940 zum \u201eDozenten neuer Ordnung\u201c ernannt, 1942 Veniar legendi freiwillig zur\u00fcckgelegt, gleichzeitig entlassen (rass.), 1945 wieder eingestellt &nbsp; [Quelle: K. M\u00fchlberger: Dokumentation Vertriebene Intelligenz 1938 (1993), S.22]<\/p>\n","protected":false},"author":2,"featured_media":0,"comment_status":"open","ping_status":"open","sticky":false,"template":"","format":"standard","meta":{"ngg_post_thumbnail":0,"footnotes":""},"categories":[2,23,32,41],"tags":[1099,952],"class_list":["post-32679","post","type-post","status-publish","format-standard","hentry","category-news","category-news-8","category-provenienzforschung","category-vertrieben-1938","tag-alfred-viktor-frisch-1890-1960","tag-sonderblogserie-vertrieben-1938"],"views":61209,"_links":{"self":[{"href":"https:\/\/ub.meduniwien.ac.at\/blog\/index.php?rest_route=\/wp\/v2\/posts\/32679","targetHints":{"allow":["GET"]}}],"collection":[{"href":"https:\/\/ub.meduniwien.ac.at\/blog\/index.php?rest_route=\/wp\/v2\/posts"}],"about":[{"href":"https:\/\/ub.meduniwien.ac.at\/blog\/index.php?rest_route=\/wp\/v2\/types\/post"}],"author":[{"embeddable":true,"href":"https:\/\/ub.meduniwien.ac.at\/blog\/index.php?rest_route=\/wp\/v2\/users\/2"}],"replies":[{"embeddable":true,"href":"https:\/\/ub.meduniwien.ac.at\/blog\/index.php?rest_route=%2Fwp%2Fv2%2Fcomments&post=32679"}],"version-history":[{"count":5,"href":"https:\/\/ub.meduniwien.ac.at\/blog\/index.php?rest_route=\/wp\/v2\/posts\/32679\/revisions"}],"predecessor-version":[{"id":32693,"href":"https:\/\/ub.meduniwien.ac.at\/blog\/index.php?rest_route=\/wp\/v2\/posts\/32679\/revisions\/32693"}],"wp:attachment":[{"href":"https:\/\/ub.meduniwien.ac.at\/blog\/index.php?rest_route=%2Fwp%2Fv2%2Fmedia&parent=32679"}],"wp:term":[{"taxonomy":"category","embeddable":true,"href":"https:\/\/ub.meduniwien.ac.at\/blog\/index.php?rest_route=%2Fwp%2Fv2%2Fcategories&post=32679"},{"taxonomy":"post_tag","embeddable":true,"href":"https:\/\/ub.meduniwien.ac.at\/blog\/index.php?rest_route=%2Fwp%2Fv2%2Ftags&post=32679"}],"curies":[{"name":"wp","href":"https:\/\/api.w.org\/{rel}","templated":true}]}}