{"id":32481,"date":"2018-10-11T09:52:26","date_gmt":"2018-10-11T08:52:26","guid":{"rendered":"https:\/\/ub-blog.meduniwien.ac.at\/blog\/?p=32481"},"modified":"2019-02-11T09:55:26","modified_gmt":"2019-02-11T08:55:26","slug":"richard-wiesner-1875-1954-vertrieben-1938-138-2","status":"publish","type":"post","link":"https:\/\/ub.meduniwien.ac.at\/blog\/?p=32481","title":{"rendered":"Richard WIESNER (1875-1954): Vertrieben 1938 [138]"},"content":{"rendered":"<p><strong>VERTRIEBEN 1938 [138]<\/strong> UPDATE<\/p>\n<p><strong>Richard WIESNER (1875-1954)<\/strong><\/p>\n<ol>\n<li style=\"list-style-type: none;\">\n<ol>30.05.1875 Wien<\/ol>\n<\/li>\n<\/ol>\n<ol>\n<li style=\"list-style-type: none;\">\n<ol>gest. 14.10.1954 Wien<\/ol>\n<\/li>\n<\/ol>\n<ol>1938 im Lehrk\u00f6rper der Medizinischen Fakult\u00e4t der Universit\u00e4t Wien, Fach: Pathologische Anatomie<\/ol>\n<p><a href=\"https:\/\/repositorium.meduniwien.ac.at\/obvumwhs\/download\/pdf\/2752432?originalFilename=true\">Biographische Informationen zu Richard WIESNER (PDF)<\/a> im Repositorium der Ub Med Uni Wien. &#8211; Auszug aus: <em>Judith Bauer-Merinsky: Die Auswirkungen der Annexion \u00d6sterreichs durch das Deutsche Reich auf die medizinische Fakult\u00e4t der Universit\u00e4t Wien im Jahre 1938: Biographien entlassener Professoren und Dozenten. Wien: Diss., 1980, S. 284-285. <\/em><br \/>\n<!--more--><br \/>\n<img decoding=\"async\" src=\"https:\/\/ub-blog.meduniwien.ac.at\/blog\/wp-content\/uploads\/2008\/07\/4631_1-richard-wiesner.jpg\" alt=\"Richard-Wiesner_M.Hartl.jpg\"><br \/>\nBildnachweis: Sammlungen der Medizinischen Universit\u00e4t Wien &#8211; Josephinum<\/p>\n<p><img decoding=\"async\" src=\"https:\/\/ub-blog.meduniwien.ac.at\/blog\/wp-content\/uploads\/2008\/02\/muster1_blau.jpg\" alt=\"Provenienz\"><\/p>\n<blockquote><p><strong>Open Access &#8211; Nachtrag zu Richard WIESNER<\/strong>:<\/p>\n<ul>\n<li><a href=\"http:\/\/www.meduniwien.ac.at\/homepage\/content\/allgemeine-informationen\/geschichte-der-medizinischen-universitaet-wien\/mahnmal-fuer-opfer-des-nationalsozialismus\">MedUniWien: Mahnmal f\u00fcr Opfer des Nationalsozialismus enth\u00fcllt<\/a>, in: <a href=\"http:\/\/www.meduniwien.ac.at\/\">Website der Medizinischen Universit\u00e4t Wien<\/a>, 13. M\u00e4rz 2008<\/li>\n<\/ul>\n<ul>\n<li>Nachweis von Dokumenten zu Richard WIESNER im <a href=\"http:\/\/www.ub.univie.ac.at\/archiv\/\">Universit\u00e4tsarchiv der Universit\u00e4t Wien<\/a>:<br \/>\n106.I Fotoarchiv &#8222;Universit\u00e4tsgeschichte&#8220; (Bestand)<br \/>\n106.I.1004 Wiesner, Richard (30.05.1875-14.10.1954; Pathologische Anatomie), 1937 (Bildnis\/Foto)<br \/>\n106.I Fotoarchiv &#8222;Universit\u00e4tsgeschichte&#8220; (Bestand)<br \/>\n106.I.1604 Wiesner, Richard Ritter von (30.05.1875-14.10.1954; Pathalogische Anatomie), s.d. (sine dato) (Bildnis\/Foto)<br \/>\n106.I Fotoarchiv &#8222;Universit\u00e4tsgeschichte&#8220; (Bestand)<br \/>\n106.I.2531 Wiesner, Richard Ritter von (30.05.1875-14.10.1954; Pathalogische Anatomie), s.d. (sine dato) (Bildnis\/Foto)<br \/>\nSenat S 304 Personalbl\u00e4tter, 19. Jh.-20. Jh. (Serie)<br \/>\n<a href=\"http:\/\/scopeq.cc.univie.ac.at\/query\/Detail.aspx?ID=211738\">Senat S 304.1392 Wiesner, Richard Ritter von (30.05.1875-14.10.1954; Pathologische Anatomie) (Dokument)<\/a><br \/>\nDeskriptoren: Eintr\u00e4ge: Wiesner, Richard Ritter von (30.05.1875-14.10.1954; Pathologische Anatomie) (30.05.1875-14.10.1954) (Person\\W)<\/li>\n<\/ul>\n<ul>\n<li>Dokumente zu Richard von WIESNER in der <a href=\"http:\/\/www.meduniwien.ac.at\/josephinum\/topmenu1\/das-josephinum\/handschriftensammlung\/\">Handschriftensammlung der Medizinischen Universit\u00e4t Wien<\/a>:<em>Wiesner, Richard von (1875-1954)<br \/>\ns.: Wenckebach, Karel Frederik \u2013 Niederl\u00e4ndische Lebensmittelaktion 1919\/20 \u2013 Briefe<br \/>\n3.584<\/em><em>Wiesner, (Richard) (1875-1954)<br \/>\ns.: HS 1.102<\/em><em>Wiesner, (Richard) (1875-1954)<br \/>\ns.: HS 1.101\/8<\/em><\/p>\n<p><em>WIESNER, Richard (1875-1954)<br \/>\ns.: Weninger, Josef: Brief 1946 Juli 24., Wein<br \/>\n1507<\/em><\/li>\n<\/ul>\n<ul>\n<li><a href=\"https:\/\/ubsearch.meduniwien.ac.at\/primo-explore\/search?query=any,contains,Richard%20WIESNER&amp;tab=default_tab&amp;search_scope=UMW_all&amp;vid=UMW&amp;lang=de_DE&amp;offset=0\">Literatur im Bibliothekskatalog der Ub Med Uni Wien<\/a><\/li>\n<\/ul>\n<\/blockquote>\n<p><strong>Feedback unserer Weblog-User, biographische Nachweise und Erg\u00e4nzungen zu Richard WIESNER<\/strong>:<\/p>\n<ol>\n<li style=\"list-style-type: none;\">\n<ol>\n<li>Richard WIESER in Verzeichnis &#8222;Medizinische Fakult\u00e4t&#8220; [Seite 18-36]:<br \/>\nin: Kurt M\u00fchlberger: Dokumentation Vertriebene Intelligenz 1938. Der Verlust geistiger und menschlicher Potenz an der Universit\u00e4t Wien von 1938 bis 1945. 2. verb. u. verm. Auflage. Wien: Archiv der Universit\u00e4t Wien, 1993. [Seite 36]<br \/>\n<em>Richard Wieser (1875 Wien &#8211; 1954 Wien)<br \/>\nAo. P., Pathologische Anatomie; 1938 &#8222;bis auf weiteres beurlaubt&#8220; (rass.), 1940 &#8222;ohne Entsch\u00e4digung&#8220; entlassen, 1945 wieder eingestellt.<\/em><\/li>\n<\/ol>\n<\/li>\n<\/ol>\n<p>***************************************************<\/p>\n<ol>\n<li style=\"list-style-type: none;\">\n<ol>\n<li>vsb \/ Biographischer Eintrag Richard WIESNER:<br \/>\nin: Isidor Fischer(Hg.): Biographisches Lexikon der hervorragenden \u00c4rzte der letzten f\u00fcnfzig Jahre. Zweiter Band. Berlin \/ Wien: Urban &amp; Schwarzenberg, 1933. [Seite 1684]<\/li>\n<\/ol>\n<\/li>\n<\/ol>\n<p>***************************************************<\/p>\n<ol>\n<li style=\"list-style-type: none;\">\n<ol>\n<li>vsb \/ Biographischer Eintrag Richard WIESNER:<br \/>\nin: K\u00fcrschners Deutscher Gelehrten-Kalender 1935, hg. von Dr. Gerhard L\u00fcdtke. F\u00fcnfte Ausgabe. Berlin und Leipzig: Walter de Gruyter &amp; Co. [Spalte 1535]<\/li>\n<\/ol>\n<\/li>\n<\/ol>\n<p>***************************************************<\/p>\n<ol>\n<li style=\"list-style-type: none;\">\n<ol>\n<li>vsb \/ Biographischer Eintrag Nr. 11391 &#8211; Wiesner, Richard. Ritter von:<br \/>\nin: Handbuch \u00f6sterreichischer Autorinnen und Autoren j\u00fcdischer Herkunft 18. bis 20. Jahrhundert. Hrsg. von der \u00d6sterreichischen Nationalbibliothek. Band 3: S -Z. M\u00fcnchen: K.G.Saur, 2002. [Seite 1479]<\/li>\n<\/ol>\n<\/li>\n<\/ol>\n<p>****************************************************<br \/>\n<a href=\"https:\/\/ub-blog.meduniwien.ac.at\/blog\/wp-content\/uploads\/2017\/09\/VanSwietenBlog_MHartl.gif\"><img loading=\"lazy\" decoding=\"async\" class=\"alignnone wp-image-28234\" src=\"https:\/\/ub-blog.meduniwien.ac.at\/blog\/wp-content\/uploads\/2017\/09\/VanSwietenBlog_MHartl.gif\" alt=\"Logo: MMag.Margrit Hartl\" width=\"158\" height=\"56\"><\/a><\/p>\n<p><a href=\"https:\/\/ub-blog.meduniwien.ac.at\/blog\/?p=29203\">Sonderblog-Serie Vertrieben 1938 \u2013 Biografien entlassener Professoren und Dozenten der Medizinischen Fakult\u00e4t der Universit\u00e4t Wien UPDATE<\/a><\/p>\n<p><iframe loading=\"lazy\" class=\"wp-embedded-content\" title=\"\u201eVertrieben 1938 \u2013 Biographien entlassener Professoren und Dozenten der Medizinischen Fakult\u00e4t der Universit\u00e4t Wien\u201c \u2014 VAN SWIETEN BLOG - Infos und News\" src=\"https:\/\/ub-blog.meduniwien.ac.at\/blog\/?p=772&amp;embed=true#?secret=m0ffjRAdWH\" marginwidth=\"0\" marginheight=\"0\" scrolling=\"no\" sandbox=\"allow-scripts\" data-secret=\"m0ffjRAdWH\" data-mce-fragment=\"1\" width=\"474\" frameborder=\"0\" height=\"407\"><\/iframe><\/p>\n<p><em>Projekt \u201eVertrieben 1938 \u2013 Biographien entlassener Mediziner*innen der Medizinischen Fakult\u00e4t der Universit\u00e4t Wien\u201c im Van Swieten Blog: Informationen der Universit\u00e4tsbibliothek der Medizinischen Universit\u00e4t Wien. \u2013<br \/>\nProjektteam: Mag. Bruno Bauer (Konzept), Harald Albrecht, Judith D\u00f6gl, Rudolf Gerdenits, MMag. Margrit Hartl, Dr. Brigitte Kranz, Mag. Ingeborg Leitner, Dr. Ruth Lotter, Dr. Walter Mentzel, Dr. Reinhard Mundsch\u00fctz, Mag. Michaela Zykan.<\/em><\/p>\n<p>Bitte zitieren als<br \/>\nVAN SWIETEN BLOG: Informationen der Universit\u00e4tsbibliothek der Med Uni Wien, Nr. 32481 Letzte Aktualisierung: 2018 10<br \/>\nOnline unter der URL: https:\/\/ub-blog.meduniwien.ac.at\/blog\/?p=32481<\/p>\n","protected":false},"excerpt":{"rendered":"<p>VERTRIEBEN 1938 [138] UPDATE Richard WIESNER (1875-1954) 30.05.1875 Wien gest. 14.10.1954 Wien 1938 im Lehrk\u00f6rper der Medizinischen Fakult\u00e4t der Universit\u00e4t Wien, Fach: Pathologische Anatomie Biographische Informationen zu Richard WIESNER (PDF) im Repositorium der Ub Med Uni Wien. &#8211; Auszug aus: Judith Bauer-Merinsky: Die Auswirkungen der Annexion \u00d6sterreichs durch das Deutsche Reich auf die medizinische Fakult\u00e4t &hellip; <a href=\"https:\/\/ub.meduniwien.ac.at\/blog\/?p=32481\" class=\"more-link\"><span class=\"screen-reader-text\">Richard WIESNER (1875-1954): Vertrieben 1938 [138]<\/span> weiterlesen <span class=\"meta-nav\">&rarr;<\/span><\/a><\/p>\n","protected":false},"author":2,"featured_media":0,"comment_status":"open","ping_status":"open","sticky":false,"template":"","format":"standard","meta":{"ngg_post_thumbnail":0,"footnotes":""},"categories":[5,2,23,41],"tags":[1090,952],"class_list":["post-32481","post","type-post","status-publish","format-standard","hentry","category-medizingeschichte","category-news","category-news-8","category-vertrieben-1938","tag-richard-wiesner-1875-1954","tag-sonderblogserie-vertrieben-1938"],"views":62173,"_links":{"self":[{"href":"https:\/\/ub.meduniwien.ac.at\/blog\/index.php?rest_route=\/wp\/v2\/posts\/32481","targetHints":{"allow":["GET"]}}],"collection":[{"href":"https:\/\/ub.meduniwien.ac.at\/blog\/index.php?rest_route=\/wp\/v2\/posts"}],"about":[{"href":"https:\/\/ub.meduniwien.ac.at\/blog\/index.php?rest_route=\/wp\/v2\/types\/post"}],"author":[{"embeddable":true,"href":"https:\/\/ub.meduniwien.ac.at\/blog\/index.php?rest_route=\/wp\/v2\/users\/2"}],"replies":[{"embeddable":true,"href":"https:\/\/ub.meduniwien.ac.at\/blog\/index.php?rest_route=%2Fwp%2Fv2%2Fcomments&post=32481"}],"version-history":[{"count":4,"href":"https:\/\/ub.meduniwien.ac.at\/blog\/index.php?rest_route=\/wp\/v2\/posts\/32481\/revisions"}],"predecessor-version":[{"id":32486,"href":"https:\/\/ub.meduniwien.ac.at\/blog\/index.php?rest_route=\/wp\/v2\/posts\/32481\/revisions\/32486"}],"wp:attachment":[{"href":"https:\/\/ub.meduniwien.ac.at\/blog\/index.php?rest_route=%2Fwp%2Fv2%2Fmedia&parent=32481"}],"wp:term":[{"taxonomy":"category","embeddable":true,"href":"https:\/\/ub.meduniwien.ac.at\/blog\/index.php?rest_route=%2Fwp%2Fv2%2Fcategories&post=32481"},{"taxonomy":"post_tag","embeddable":true,"href":"https:\/\/ub.meduniwien.ac.at\/blog\/index.php?rest_route=%2Fwp%2Fv2%2Ftags&post=32481"}],"curies":[{"name":"wp","href":"https:\/\/api.w.org\/{rel}","templated":true}]}}