{"id":32307,"date":"2018-10-04T12:43:00","date_gmt":"2018-10-04T11:43:00","guid":{"rendered":"https:\/\/ub-blog.meduniwien.ac.at\/blog\/?p=32307"},"modified":"2019-02-04T12:43:11","modified_gmt":"2019-02-04T11:43:11","slug":"paul-schilder-1896-vertrieben-1938-117-2","status":"publish","type":"post","link":"https:\/\/ub.meduniwien.ac.at\/blog\/?p=32307","title":{"rendered":"Paul SCHILDER (1896-1940): Vertrieben 1938 [117]"},"content":{"rendered":"<p><strong>VERTRIEBEN 1938 [117]<\/strong> UPDATE<\/p>\n<p><strong>Paul SCHILDER (1896-1940)<\/strong><\/p>\n<ol>\n<li style=\"list-style-type: none;\">\n<ol>* 15.02.1886 Wien<\/ol>\n<\/li>\n<\/ol>\n<ol>\n<li style=\"list-style-type: none;\">\n<ol>gest. 18.12.1940 New York<\/ol>\n<\/li>\n<\/ol>\n<ol>\n<li style=\"list-style-type: none;\">\n<ol>Vater: Ferdinand Schilder<\/ol>\n<\/li>\n<\/ol>\n<ol>\n<li style=\"list-style-type: none;\">\n<ol>Mutter: Bertha F\u00fcrth<\/ol>\n<\/li>\n<\/ol>\n<ol>1938 im Lehrk\u00f6rper der Medizinischen Fakult\u00e4t der Universit\u00e4t Wien, Fach: Psychiatrie und Neurologie<\/ol>\n<p><a href=\"https:\/\/repositorium.meduniwien.ac.at\/obvumwhs\/download\/pdf\/2752190?originalFilename=true\">Biographische Informationen zu Paul SCHILDER (PDF)<\/a> im Repositorium der Ub Med Uni Wien. &#8211; Auszug aus: <em>Judith Bauer-Merinsky: Die Auswirkungen der Annexion \u00d6sterreichs durch das Deutsche Reich auf die medizinische Fakult\u00e4t der Universit\u00e4t Wien im Jahre 1938: Biographien entlassener Professoren und Dozenten. Wien: Diss., 1980, S. 239-240. <\/em><br \/>\n<!--more--><br \/>\n<img decoding=\"async\" src=\"https:\/\/ub-blog.meduniwien.ac.at\/blog\/wp-content\/uploads\/2008\/07\/paul-schilder.jpg\" alt=\"Paul-Schilder_M.Hartl.jpg\"><br \/>\nBildnachweis: Sammlungen der Medizinischen Universit\u00e4t Wien &#8211; Josephinum<\/p>\n<p><img decoding=\"async\" src=\"https:\/\/ub-blog.meduniwien.ac.at\/blog\/wp-content\/uploads\/2008\/02\/muster1_blau.jpg\" alt=\"Provenienz\"><\/p>\n<blockquote><p><strong>Open Access &#8211; Nachtrag zu Paul SCHILDER<\/strong>:<\/p>\n<ul>\n<li><a href=\"http:\/\/www.meduniwien.ac.at\/homepage\/content\/allgemeine-informationen\/geschichte-der-medizinischen-universitaet-wien\/mahnmal-fuer-opfer-des-nationalsozialismus\/\">MedUniWien: Mahnmal f\u00fcr Opfer des Nationalsozialismus enth\u00fcllt<\/a>, in: <a href=\"http:\/\/www.meduniwien.ac.at\/\">Website der Medizinischen Universit\u00e4t Wien<\/a>, 13. M\u00e4rz 2008<\/li>\n<\/ul>\n<ul>\n<li><a href=\" http:\/\/gedenkbuch.univie.ac.at\/index.php?id=435&amp;no_cache=1&amp;person_single_id=34329&amp;person_name=schilder&amp;person_geburtstag_tag=not_selected&amp;person_geburtstag_monat=not_selected&amp;person_geburtstag_jahr=not_selected&amp;person_fakultaet=not_selected&amp;person_kategorie=not_selected&amp;person_volltextsuche=&amp;search_person.x=1&amp;result_page=1\">Paul SCHILDER<\/a> in <a href=\"http:\/\/gedenkbuch.univie.ac.at\/\">Gedenkbuch f\u00fcr die Opfer des Nationalsozialismus an der Universit\u00e4t Wien 1938<\/a><\/li>\n<\/ul>\n<ul>\n<li>Nachweis von Dokumenten zu Paul SCHILDER im <a href=\"http:\/\/www.ub.univie.ac.at\/archiv\/\">Universit\u00e4tsarchiv der Universit\u00e4t Wien<\/a>:<br \/>\nSenat S 304 Personalbl\u00e4tter, 19. Jh.-20. Jh. (Serie)<br \/>\n<a href=\"http:\/\/scopeq.cc.univie.ac.at\/query\/detail.aspx?ID=204287\">Senat S 304.1111 Schilder, Paul Ferdinand (15.02.1886-08.12.1940; Neurologie und Psychiatrie) (Dokument) <\/a><br \/>\nDeskriptoren: Eintr\u00e4ge: Schilder, Paul Ferdinand (15.02.1886-08.12.1940; Neurologie und Psychiatrie) (15.02.1886-08.12.1940) (Person\\S)<\/li>\n<\/ul>\n<ul>\n<li><a href=\"https:\/\/ubsearch.meduniwien.ac.at\/primo-explore\/search?query=any,contains,Paul%20SCHILDER&amp;tab=default_tab&amp;search_scope=UMW_all&amp;vid=UMW&amp;lang=de_DE&amp;offset=0\">Literatur im Bibliothekskatalog der Ub Med Uni Wien<\/a><\/li>\n<\/ul>\n<\/blockquote>\n<p><strong>Feedback unserer Weblog-User, biographische Nachweise und Erg\u00e4nzungen zu Paul SCHILDER<\/strong>:<\/p>\n<ol>\n<li style=\"list-style-type: none;\">\n<ol>\n<li>Paul SCHILDER in Verzeichnis &#8222;Medizinische Fakult\u00e4t&#8220; [Seite 18-36]:<br \/>\nin: Kurt M\u00fchlberger: Dokumentation Vertriebene Intelligenz 1938. Der Verlust geistiger und menschlicher Potenz an der Universit\u00e4t Wien von 1938 bis 1945. 2. verb. u. verm. Auflage. Wien: Archiv der Universit\u00e4t Wien, 1993. [Seite 32]<br \/>\n<em>Paul Schilder (1886 Wien &#8211; 1940 Neyw York)<br \/>\nPd. (ao. P.), Neurologie und Psychiatrie; 1938 Venia legendi widerrufen (rass.), seit 1932 in den USA<\/em><\/li>\n<\/ol>\n<\/li>\n<\/ol>\n<p>***************************************************<\/p>\n<ol>\n<li style=\"list-style-type: none;\">\n<ol>\n<li>vsb \/ Biographischer Eintrag Paul SCHILDER:<br \/>\nin: Isidor Fischer(Hg.): Biographisches Lexikon der hervorragenden \u00c4rzte der letzten f\u00fcnfzig Jahre. Zweiter Band. Berlin \/ Wien: Urban &amp; Schwarzenberg, 1933. [Seite 1385-1386]<\/li>\n<\/ol>\n<\/li>\n<\/ol>\n<p>***************************************************<\/p>\n<ol>\n<li style=\"list-style-type: none;\">\n<ol>\n<li>vsb \/ Biographischer Eintrag Paul SCHILDER:<br \/>\nin: K\u00fcrschners Deutscher Gelehrten-Kalender 1935, hg. von Dr. Gerhard L\u00fcdtke. F\u00fcnfte Ausgabe. Berlin und Leipzig: Walter de Gruyter &amp; Co. [Spalte 1192-1193]<\/li>\n<\/ol>\n<\/li>\n<\/ol>\n<p>***************************************************<\/p>\n<ol>\n<li style=\"list-style-type: none;\">\n<ol>\n<li>vsb \/ Biographischer Eintrag Paul SCHILDER:<br \/>\nin: Dietrich von Engelhardt (Hrsg): Biographische Enzyklop\u00e4die deutschsprachiger Mediziner. Band 2. M\u00fcnchen: K.G. Saur, 2002. [Seite 538]<\/li>\n<\/ol>\n<\/li>\n<\/ol>\n<p>***************************************************<\/p>\n<ol>\n<li style=\"list-style-type: none;\">\n<ol>\n<li>vsb \/ Biographischer Eintrag Nr. 9202 &#8211; Schilder, Paul Ferdinand:<br \/>\nin: Handbuch \u00f6sterreichischer Autorinnen und Autoren j\u00fcdischer Herkunft 18. bis 20. Jahrhundert. Hrsg. von der \u00d6sterreichischen Nationalbibliothek. Band 3: S -Z. M\u00fcnchen: K.G.Saur, 2002. [Seite 1202-1203]<\/li>\n<\/ol>\n<\/li>\n<\/ol>\n<p>****************************************************<br \/>\n<a href=\"https:\/\/ub-blog.meduniwien.ac.at\/blog\/wp-content\/uploads\/2017\/09\/VanSwietenBlog_MHartl.gif\"><img loading=\"lazy\" decoding=\"async\" class=\"alignnone wp-image-28234\" src=\"https:\/\/ub-blog.meduniwien.ac.at\/blog\/wp-content\/uploads\/2017\/09\/VanSwietenBlog_MHartl.gif\" alt=\"Logo: MMag.Margrit Hartl\" width=\"158\" height=\"56\"><\/a><\/p>\n<p><a href=\"https:\/\/ub-blog.meduniwien.ac.at\/blog\/?p=29203\">Sonderblog-Serie Vertrieben 1938 \u2013 Biografien entlassener Professoren und Dozenten der Medizinischen Fakult\u00e4t der Universit\u00e4t Wien UPDATE<\/a><\/p>\n<p><iframe loading=\"lazy\" class=\"wp-embedded-content\" title=\"\u201eVertrieben 1938 \u2013 Biographien entlassener Professoren und Dozenten der Medizinischen Fakult\u00e4t der Universit\u00e4t Wien\u201c \u2014 VAN SWIETEN BLOG - Infos und News\" src=\"https:\/\/ub-blog.meduniwien.ac.at\/blog\/?p=772&amp;embed=true#?secret=vwND9Q3Wph\" marginwidth=\"0\" marginheight=\"0\" scrolling=\"no\" sandbox=\"allow-scripts\" data-secret=\"vwND9Q3Wph\" data-mce-fragment=\"1\" width=\"474\" frameborder=\"0\" height=\"407\"><\/iframe><\/p>\n<p><em>Projekt \u201eVertrieben 1938 \u2013 Biographien entlassener Mediziner*innen der Medizinischen Fakult\u00e4t der Universit\u00e4t Wien\u201c im Van Swieten Blog: Informationen der Universit\u00e4tsbibliothek der Medizinischen Universit\u00e4t Wien. \u2013<br \/>\nProjektteam: Mag. Bruno Bauer (Konzept), Harald Albrecht, Judith D\u00f6gl, Rudolf Gerdenits, MMag. Margrit Hartl, Dr. Brigitte Kranz, Mag. Ingeborg Leitner, Dr. Ruth Lotter, Dr. Walter Mentzel, Dr. Reinhard Mundsch\u00fctz, Mag. Michaela Zykan.<\/em><\/p>\n<p>Bitte zitieren als<br \/>\nVAN SWIETEN BLOG: Informationen der Universit\u00e4tsbibliothek der Med Uni Wien, Nr. 32307 Letzte Aktualisierung: 2018 09<\/p>\n","protected":false},"excerpt":{"rendered":"<p>VERTRIEBEN 1938 [117] UPDATE Paul SCHILDER (1896-1940) * 15.02.1886 Wien gest. 18.12.1940 New York Vater: Ferdinand Schilder Mutter: Bertha F\u00fcrth 1938 im Lehrk\u00f6rper der Medizinischen Fakult\u00e4t der Universit\u00e4t Wien, Fach: Psychiatrie und Neurologie Biographische Informationen zu Paul SCHILDER (PDF) im Repositorium der Ub Med Uni Wien. &#8211; Auszug aus: Judith Bauer-Merinsky: Die Auswirkungen der Annexion &hellip; <a href=\"https:\/\/ub.meduniwien.ac.at\/blog\/?p=32307\" class=\"more-link\"><span class=\"screen-reader-text\">Paul SCHILDER (1896-1940): Vertrieben 1938 [117]<\/span> weiterlesen <span class=\"meta-nav\">&rarr;<\/span><\/a><\/p>\n","protected":false},"author":2,"featured_media":0,"comment_status":"open","ping_status":"open","sticky":false,"template":"","format":"standard","meta":{"ngg_post_thumbnail":0,"footnotes":""},"categories":[5,2,23,41],"tags":[1067,952],"class_list":["post-32307","post","type-post","status-publish","format-standard","hentry","category-medizingeschichte","category-news","category-news-8","category-vertrieben-1938","tag-paul-schilder-1896-1940","tag-sonderblogserie-vertrieben-1938"],"views":68021,"_links":{"self":[{"href":"https:\/\/ub.meduniwien.ac.at\/blog\/index.php?rest_route=\/wp\/v2\/posts\/32307","targetHints":{"allow":["GET"]}}],"collection":[{"href":"https:\/\/ub.meduniwien.ac.at\/blog\/index.php?rest_route=\/wp\/v2\/posts"}],"about":[{"href":"https:\/\/ub.meduniwien.ac.at\/blog\/index.php?rest_route=\/wp\/v2\/types\/post"}],"author":[{"embeddable":true,"href":"https:\/\/ub.meduniwien.ac.at\/blog\/index.php?rest_route=\/wp\/v2\/users\/2"}],"replies":[{"embeddable":true,"href":"https:\/\/ub.meduniwien.ac.at\/blog\/index.php?rest_route=%2Fwp%2Fv2%2Fcomments&post=32307"}],"version-history":[{"count":4,"href":"https:\/\/ub.meduniwien.ac.at\/blog\/index.php?rest_route=\/wp\/v2\/posts\/32307\/revisions"}],"predecessor-version":[{"id":32312,"href":"https:\/\/ub.meduniwien.ac.at\/blog\/index.php?rest_route=\/wp\/v2\/posts\/32307\/revisions\/32312"}],"wp:attachment":[{"href":"https:\/\/ub.meduniwien.ac.at\/blog\/index.php?rest_route=%2Fwp%2Fv2%2Fmedia&parent=32307"}],"wp:term":[{"taxonomy":"category","embeddable":true,"href":"https:\/\/ub.meduniwien.ac.at\/blog\/index.php?rest_route=%2Fwp%2Fv2%2Fcategories&post=32307"},{"taxonomy":"post_tag","embeddable":true,"href":"https:\/\/ub.meduniwien.ac.at\/blog\/index.php?rest_route=%2Fwp%2Fv2%2Ftags&post=32307"}],"curies":[{"name":"wp","href":"https:\/\/api.w.org\/{rel}","templated":true}]}}