{"id":31900,"date":"2018-09-07T12:51:08","date_gmt":"2018-09-07T11:51:08","guid":{"rendered":"https:\/\/ub-blog.meduniwien.ac.at\/blog\/?p=31900"},"modified":"2023-10-10T09:40:13","modified_gmt":"2023-10-10T08:40:13","slug":"albin-oppenheim-1875-1945-vertrieben-1938-85-2","status":"publish","type":"post","link":"https:\/\/ub.meduniwien.ac.at\/blog\/?p=31900","title":{"rendered":"Albin OPPENHEIM (1875-1945): Vertrieben 1938 [85]"},"content":{"rendered":"<p><strong>VERTRIEBEN 1938 [85]<\/strong> UPDATE<\/p>\n<p><strong>Albin OPPENHEIM (1875-1945)<\/strong><\/p>\n<ol>\n<li style=\"list-style-type: none;\">\n<ol>* 08.01.1875 Br\u00fcnn, M\u00e4hren<\/ol>\n<\/li>\n<\/ol>\n<ol>\n<li style=\"list-style-type: none;\">\n<ol>&nbsp; gest. 20.11.1945 Los Angeles, Kalifornien (USA)<\/ol>\n<\/li>\n<\/ol>\n<ol>\n<li style=\"list-style-type: none;\">\n<ol>Vater: Adolf Oppenheim<\/ol>\n<\/li>\n<\/ol>\n<ol>1938 im Lehrk\u00f6rper der Medizinischen Fakult\u00e4t der Universit\u00e4t Wien, Fach: Zahnheilkunde<\/ol>\n<p><a href=\"http:\/\/repositorium.meduniwien.ac.at\/obvumwhs\/download\/pdf\/2751843?originalFilename=true\">Biographische Informationen zu Albin OPPENHEIM (PDF)<\/a> im Repositorium der Ub Med Uni Wien. &#8211; Auszug aus: <em>Judith Bauer-Merinsky: Die Auswirkungen der Annexion \u00d6sterreichs durch das Deutsche Reich auf die medizinische Fakult\u00e4t der Universit\u00e4t Wien im Jahre 1938:Biographien entlassener Professoren und Dozenten. Wien: Diss., 1980, S. 175-177.<\/em><br \/>\n<!--more--><\/p>\n<p><img decoding=\"async\" src=\"https:\/\/ub-blog.meduniwien.ac.at\/blog\/wp-content\/uploads\/2008\/02\/muster1_blau.jpg\" alt=\"Provenienz\"><\/p>\n<blockquote><p><strong>Open Access &#8211; Nachtrag zu Albin OPPENHEIM<\/strong>:<\/p>\n<ul>\n<li>Allan G. Brodie and Frederick B. Noyes (1945) Albin Oppenheim 1875\u20131945, in: The Angle Orthodontist : July 1945, Vol. 15, No. 3, pp. 82-84.<\/li>\n<\/ul>\n<ul>\n<li><a href=\"http:\/\/www.findagrave.com\/cgi-bin\/fg.cgi?page=gr&amp;GRid=6459080\">Dr. Albin Oppenheim<\/a>, in: <a href=\"http:\/\/www.findagrave.com\/index.html\">Find A Grave<\/a><\/li>\n<\/ul>\n<ul>\n<li>MedUniWien: Mahnmal f\u00fcr Opfer des Nationalsozialismus enth\u00fcllt, in: Website der Medizinischen Universit\u00e4t Wien, 13. M\u00e4rz 2008<\/li>\n<\/ul>\n<ul>\n<li>Nachweis von Dokumenten zu Albin OPPENHEIM im <a href=\"https:\/\/bibliothek.univie.ac.at\/archiv\/\">Universit\u00e4tsarchiv der Universit\u00e4t Wien<\/a>:<br \/>\nSenat S 304 Personalbl\u00e4tter, 19. Jh.-20. Jh. (Serie)<br \/>\n<a href=\"http:\/\/scopeq.cc.univie.ac.at\/query\/detail.aspx?ID=161230\"> Senat S 304.908 Oppenheim, Albin (08.01.1875-20.11.1945; Zahnheilkunde) (Dokument) <\/a><br \/>\nDeskriptoren: Eintr\u00e4ge: Oppenheim, Albin (08.01.1875-20.11.1945; Zahnheilkunde) (08.01.1875-20.11.1945) (Person\\O)<\/li>\n<\/ul>\n<ul>\n<li><a href=\"https:\/\/ubsearch.meduniwien.ac.at\/primo-explore\/search?query=any,contains,Albin%20OPPENHEIM&amp;tab=default_tab&amp;search_scope=UMW_all&amp;vid=UMW&amp;lang=de_DE&amp;offset=0\">Literatur im Bibliothekskatalog der Ub Med Uni Wien<\/a><\/li>\n<\/ul>\n<\/blockquote>\n<p><strong>Feedback unserer Weblog-User, biographische Nachweise und Erg\u00e4nzungen zu Albin OPPENHEIM<\/strong>:<\/p>\n<ol>\n<li style=\"list-style-type: none;\">\n<ol>\n<li>Albin OPPENHEIM in Verzeichnis &#8222;Medizinische Fakult\u00e4t&#8220; [Seite 18-36]:<br \/>\nin: Kurt M\u00fchlberger: Dokumentation Vertriebene Intelligenz 1938. Der Verlust geistiger und menschlicher Potenz an der Universit\u00e4t Wien von 1938 bis 1945. 2. verb. u. verm. Auflage. Wien: Archiv der Universit\u00e4t Wien, 1993. [Seite 28]<br \/>\n<em>Albin Oppenheim (1875 Br\u00fcnn &#8211; 1945 Los Angeles)<br \/>\nPd. (ao. P.), Zahnheilkunde; 1938 Venia legendi widerrufen (rass.), 1938 emigriert in die Schweiz, 1939 nach Los Angeles (USA)<\/em><\/li>\n<\/ol>\n<\/li>\n<\/ol>\n<p>***************************************************<\/p>\n<ol>\n<li style=\"list-style-type: none;\">\n<ol>\n<li>vsb \/ Biographischer Eintrag Albin OPPENHEIM:<br \/>\nin: K\u00fcrschners Deutscher Gelehrten-Kalender 1935, hg. von Dr. Gerhard L\u00fcdtke. F\u00fcnfte Ausgabe. Berlin und Leipzig: Walter de Gruyter &amp; Co. [Spalte 990]<\/li>\n<\/ol>\n<\/li>\n<\/ol>\n<p>***************************************************<\/p>\n<ol>\n<li style=\"list-style-type: none;\">\n<ol>\n<li>vsb \/ Biographischer Eintrag Nr. 7611 &#8211; Oppenheim, Albin Josef (David Oppenheimer):<br \/>\nin: Handbuch \u00f6sterreichischer Autorinnen und Autoren j\u00fcdischer Herkunft 18. bis 20. Jahrhundert. Hrsg. von der \u00d6sterreichischen Nationalbibliothek. Band 2: J &#8211; R. M\u00fcnchen: K.G.Saur, 2002. [Seite 997]<\/li>\n<li>vsb \/ Biographischer Eintrag Nr. 7628 &#8211; Oppenheimer, Albin &#8211;&gt; 7611: Oppenheim, Albin Josef:<br \/>\nin: Handbuch \u00f6sterreichischer Autorinnen und Autoren j\u00fcdischer Herkunft 18. bis 20. Jahrhundert. Hrsg. von der \u00d6sterreichischen Nationalbibliothek. Band 2: J &#8211; R. M\u00fcnchen: K.G.Saur, 2002. [Seite 999]<\/li>\n<\/ol>\n<\/li>\n<\/ol>\n<p>****************************************************<\/p>\n<ol>\n<li style=\"list-style-type: none;\">\n<ol>\n<li style=\"list-style-type: none;\">\n<ol>\n<li>Hinweis auf Albin OPPENHEIM im Aufsatz von Reinhard M\u00fcller: &#8222;<a href=\"http:\/\/www.literaturepochen.at\/exil\/multimedia\/pdf\/exilantenlistereinhard.pdf\">Einige \u00f6sterreichische Fl\u00fcchtlinge in Gro\u00dfbritannien<\/a>&#8220;<br \/>\n<em>Albin OPPENHEIM (Br\u00fcnn \/ M\u00e4hren [Brno \/ Tschechien] 1875-Los Angeles \/ California 1945), Zahnarzt, Professor f\u00fcr Zahnheilkunde; 1939 Gro\u00dfbritannien, weiter USA<\/em><br \/>\nIn: 5. Wissenschaftler und Philosophen (Seite 64)<\/li>\n<\/ol>\n<\/li>\n<\/ol>\n<\/li>\n<\/ol>\n<p>****************************************************<br \/>\n<a href=\"https:\/\/ub-blog.meduniwien.ac.at\/blog\/wp-content\/uploads\/2017\/09\/VanSwietenBlog_MHartl.gif\"><img loading=\"lazy\" decoding=\"async\" class=\"alignnone wp-image-28234\" src=\"https:\/\/ub-blog.meduniwien.ac.at\/blog\/wp-content\/uploads\/2017\/09\/VanSwietenBlog_MHartl.gif\" alt=\"Logo: MMag.Margrit Hartl\" width=\"158\" height=\"56\"><\/a><\/p>\n<p><a href=\"https:\/\/ub-blog.meduniwien.ac.at\/blog\/?p=29203\">Sonderblog-Serie Vertrieben 1938 \u2013 Biografien entlassener Professoren und Dozenten der Medizinischen Fakult\u00e4t der Universit\u00e4t Wien UPDATE<\/a><\/p>\n<p>Bitte zitieren als<br \/>\nVAN SWIETEN BLOG: Informationen der Universit\u00e4tsbibliothek der Med Uni Wien, Nr.&nbsp;31900 Letzte Aktualisierung: 2018 02<br \/>\nOnline unter der URL: https:\/\/ub-blog.meduniwien.ac.at\/blog\/?p=31900<\/p>\n","protected":false},"excerpt":{"rendered":"<p>VERTRIEBEN 1938 [85] UPDATE Albin OPPENHEIM (1875-1945) * 08.01.1875 Br\u00fcnn, M\u00e4hren &nbsp; gest. 20.11.1945 Los Angeles, Kalifornien (USA) Vater: Adolf Oppenheim 1938 im Lehrk\u00f6rper der Medizinischen Fakult\u00e4t der Universit\u00e4t Wien, Fach: Zahnheilkunde Biographische Informationen zu Albin OPPENHEIM (PDF) im Repositorium der Ub Med Uni Wien. &#8211; Auszug aus: Judith Bauer-Merinsky: Die Auswirkungen der Annexion \u00d6sterreichs &hellip; <a href=\"https:\/\/ub.meduniwien.ac.at\/blog\/?p=31900\" class=\"more-link\"><span class=\"screen-reader-text\">Albin OPPENHEIM (1875-1945): Vertrieben 1938 [85]<\/span> weiterlesen <span class=\"meta-nav\">&rarr;<\/span><\/a><\/p>\n","protected":false},"author":2,"featured_media":0,"comment_status":"open","ping_status":"open","sticky":false,"template":"","format":"standard","meta":{"ngg_post_thumbnail":0,"footnotes":""},"categories":[5,23,41],"tags":[1034,952],"class_list":["post-31900","post","type-post","status-publish","format-standard","hentry","category-medizingeschichte","category-news-8","category-vertrieben-1938","tag-albin-oppenheim-1875-1945","tag-sonderblogserie-vertrieben-1938"],"views":75501,"_links":{"self":[{"href":"https:\/\/ub.meduniwien.ac.at\/blog\/index.php?rest_route=\/wp\/v2\/posts\/31900","targetHints":{"allow":["GET"]}}],"collection":[{"href":"https:\/\/ub.meduniwien.ac.at\/blog\/index.php?rest_route=\/wp\/v2\/posts"}],"about":[{"href":"https:\/\/ub.meduniwien.ac.at\/blog\/index.php?rest_route=\/wp\/v2\/types\/post"}],"author":[{"embeddable":true,"href":"https:\/\/ub.meduniwien.ac.at\/blog\/index.php?rest_route=\/wp\/v2\/users\/2"}],"replies":[{"embeddable":true,"href":"https:\/\/ub.meduniwien.ac.at\/blog\/index.php?rest_route=%2Fwp%2Fv2%2Fcomments&post=31900"}],"version-history":[{"count":4,"href":"https:\/\/ub.meduniwien.ac.at\/blog\/index.php?rest_route=\/wp\/v2\/posts\/31900\/revisions"}],"predecessor-version":[{"id":42245,"href":"https:\/\/ub.meduniwien.ac.at\/blog\/index.php?rest_route=\/wp\/v2\/posts\/31900\/revisions\/42245"}],"wp:attachment":[{"href":"https:\/\/ub.meduniwien.ac.at\/blog\/index.php?rest_route=%2Fwp%2Fv2%2Fmedia&parent=31900"}],"wp:term":[{"taxonomy":"category","embeddable":true,"href":"https:\/\/ub.meduniwien.ac.at\/blog\/index.php?rest_route=%2Fwp%2Fv2%2Fcategories&post=31900"},{"taxonomy":"post_tag","embeddable":true,"href":"https:\/\/ub.meduniwien.ac.at\/blog\/index.php?rest_route=%2Fwp%2Fv2%2Ftags&post=31900"}],"curies":[{"name":"wp","href":"https:\/\/api.w.org\/{rel}","templated":true}]}}