{"id":31756,"date":"2018-12-06T10:53:09","date_gmt":"2018-12-06T09:53:09","guid":{"rendered":"https:\/\/ub-blog.meduniwien.ac.at\/blog\/?p=31756"},"modified":"2018-12-20T21:58:00","modified_gmt":"2018-12-20T20:58:00","slug":"judith-huber-praktikum-an-der-ub-meduni-wien-2-2-2","status":"publish","type":"post","link":"https:\/\/ub.meduniwien.ac.at\/blog\/?p=31756","title":{"rendered":"Wieser Guido: Praktikum an der UB MedUni Wien (Okt-Nov. 2018)"},"content":{"rendered":"<p class=\"Normal\"><span class=\"Normal__Char\"><strong>Praktikum an der Bibliothek der Medizinischen Universit\u00e4t Wien<br \/>\n<\/strong><\/span>Ich f\u00fchrte im Rahmen einer beruflichen Rehabilitationsma\u00dfnahme ein Praktikum vom 15.10. bis 9.11.2018 in der Universit\u00e4tsbibliothek der Medizinischen Universit\u00e4t Wien durch. Meine T\u00e4tigkeiten dort umfassten Adjustierung, Einstellen und Ordnen von Druckmedien sowie Hilfe bei Entlehnung bzw. R\u00fccknahme von Medien.<\/p>\n<p>Erstere T\u00e4tigkeit bedeutet, dass die neu erworbenen B\u00fccher bzw. die Diplomarbeiten und Dissertationen eine Kette von Arbeitsschritten durchlaufen, bis sie in einen entlehnf\u00e4higen Zustand kommen (Einbau der Diebstahlssicherung, Anbringen von Klebeetiketten mit der Signatur, also dem Ordnungsbegriff, auf der Vorderseite und dem Buchr\u00fccken, \u00dcberkleben mit einer Schutzfolie). Die \u00fcbrigen T\u00e4tigkeiten sprechen f\u00fcr sich und bed\u00fcrfen keiner weiteren Erkl\u00e4rung.<\/p>\n<p>Die Arbeitssituation im Praktikum war durchaus mit einer im Berufsleben vergleichbar, jedenfalls war ein Tag im Praktikum in Bezug auf die Anforderungen realistischer und n\u00e4her am echten Berufsalltag dran als ein Kurstag in einer Rehama\u00dfnahme. Sowohl P\u00fcnktlichkeit als auch l\u00e4ngere Arbeitszeit stellten f\u00fcr mich nie ein Problem dar.<\/p>\n<p>Ich habe die Arbeit dort durchwegs gerne und mit Zufriedenheit erledigt. Damit meine ich aber nicht nur die T\u00e4tigkeit an sich, sondern auch die Tatsache, dass es keine St\u00f6rfaktoren gab, die mich an der Verrichtung der Arbeit gehindert haben (st\u00e4ndige Besprechungen, Lesen und Beantworten von eMails, F\u00fchren von Telefonaten etc.). Wenn man sich ganz der Erf\u00fcllung seiner Aufgaben widmen kann, kann man auch ein entsprechend gr\u00f6\u00dferes Pensum leisten.<\/p>\n<p>Guido Wieser&nbsp;<\/p>\n<p><strong>Weitere Berichte \u00fcber Praktika an der UB Med Uni Wien im Van Swieten Blog:<\/strong><\/p>\n<ul>\n<li>Carinna B\u00fcttner: <a href=\"https:\/\/ub-blog.meduniwien.ac.at\/blog\/?p=968\"><u><span style=\"color: #0066cc;\">Praktikum an der UB Med Uni Wien (Mai 2008)<\/span><\/u><\/a><\/li>\n<li>David Mitterhuber: <a href=\"https:\/\/ub-blog.meduniwien.ac.at\/blog\/?p=1096\"><u><span style=\"color: #0066cc;\">Praktikum an der UB Med Uni Wien (Juli 2008)<\/span><\/u><\/a><\/li>\n<li>Maria-Christina Maschat: <a href=\"https:\/\/ub-blog.meduniwien.ac.at\/blog\/?p=1922\"><u><span style=\"color: #0066cc;\">Praktikum an der UB Med Uni Wien (Juli 2009)<\/span><\/u><\/a><\/li>\n<li>Annemarie Grillenberger: <a href=\"https:\/\/ub-blog.meduniwien.ac.at\/blog\/?p=2140\"><u><span style=\"color: #0066cc;\">Praktikum an der UB der Med Uni Wien (August 2009)<\/span><\/u><\/a><\/li>\n<li>Elisabeth Hohla: <a href=\"https:\/\/ub-blog.meduniwien.ac.at\/blog\/?p=2255\"><u><span style=\"color: #0066cc;\">Praktikum an der UB der Med Uni Wien (August 2009)<\/span><\/u><\/a><\/li>\n<li>Z. Dobiasova, J. Pirnerova, K. Kieslingova:<a href=\"https:\/\/ub-blog.meduniwien.ac.at\/blog\/?p=5159\"><u><span style=\"color: #0066cc;\"> Praktikum at the University Library of MedUni Vienna (Mai 2010)<\/span><\/u><\/a><\/li>\n<li>Lidija Nikic: <a href=\"https:\/\/ub-blog.meduniwien.ac.at\/blog\/?p=6096\"><u><span style=\"color: #0066cc;\">Praktikum an der UB Med Uni Wien (Juli 2010)<\/span><\/u><\/a><\/li>\n<li>Marion Jaks: <a href=\"https:\/\/ub-blog.meduniwien.ac.at\/blog\/?p=6311\"><u><span style=\"color: #0066cc;\">Praktikum an der UB Med Uni Wien (August 2010)<\/span><\/u><\/a><\/li>\n<li>Jana Varteck\u00e1: <u><span style=\"color: #0066cc;\">Praktikum an der Ub Med Uni Wien (September 2010)<\/span><\/u><\/li>\n<li>Mag. Lukas Zach: <a href=\"https:\/\/ub-blog.meduniwien.ac.at\/blog\/?p=8255\"><u><span style=\"color: #0066cc;\">Praktikum an der Ub Med Uni Wien (Feber 2011)<\/span><\/u><\/a><\/li>\n<li>Brigitte Deimel: <u><span style=\"color: #0066cc;\">Praktikum an der Ub Med Uni Wien (Juli 2011)<\/span><\/u><\/li>\n<li>Stefan Pr\u00e4hauser: <a href=\"https:\/\/ub-blog.meduniwien.ac.at\/blog\/?p=9909\"><u><span style=\"color: #0066cc;\">Praktikum an der Ub Med Uni Wien (Oktober 2011)<\/span><\/u><\/a><\/li>\n<li>Carolin D\u00f6gl: <a href=\"https:\/\/ub-blog.meduniwien.ac.at\/blog\/?p=10187\"><u><span style=\"color: #0066cc;\">Berufspraktische Tage an der Ub Med Uni Wien (Feber 2012)<\/span><\/u><\/a><\/li>\n<li>Mag. Vera Brandtl: <a href=\"https:\/\/ub-blog.meduniwien.ac.at\/blog\/?p=12243\"><u><span style=\"color: #0066cc;\">Praktikum an der Ub Med Uni Wien (August 2012)<\/span><\/u><\/a><\/li>\n<li>Mag. Barbara Sanchez: <a href=\"https:\/\/ub-blog.meduniwien.ac.at\/blog\/?p=15413\"><u><span style=\"color: #0066cc;\">Praktikum an der Ub Med Uni Wien (M\u00e4rz 2013)<\/span><\/u><\/a><\/li>\n<li>Mag. Angelika Hofrichter, Mag. Elisabeth Potrusil: <a href=\"https:\/\/ub-blog.meduniwien.ac.at\/blog\/?p=16083\"><u><span style=\"color: #0066cc;\">Praktikum an der UB Med Uni Wien (1. Halbjahr 2014)<\/span><\/u><\/a><\/li>\n<li>Mag. Sabine Wallig: <a href=\"https:\/\/ub-blog.meduniwien.ac.at\/blog\/?p=17928\"><u><span style=\"color: #0066cc;\">Praktikum an der UB Med Uni Wien (M\u00e4rz 2014)<\/span><\/u><\/a><\/li>\n<li>Claudia Buchmayer: <a href=\"https:\/\/ub-blog.meduniwien.ac.at\/blog\/?p=15380\"><u><span style=\"color: #0066cc;\">Praktikum an der UB Med Uni Wien (Mai 2014)<\/span><\/u><\/a><\/li>\n<li>Nana Turk (Slowenien): <a href=\"https:\/\/ub-blog.meduniwien.ac.at\/blog\/?p=19371\"><u><span style=\"color: #0066cc;\">Praktikum im Rahmen des Erasmus-Programms an der UB MedUni Wien (Juni 2014)<\/span><\/u><\/a><\/li>\n<li>Mag. Ursula Ulrych: <a href=\"https:\/\/ub-blog.meduniwien.ac.at\/blog\/?p=20312\"><u><span style=\"color: #0066cc;\">Praktikum an der UB MedUni Wien (August 2014)<\/span><\/u><\/a><\/li>\n<li>Dr. Anthony Ross-Hellauer: <a href=\"https:\/\/ub-blog.meduniwien.ac.at\/blog\/?p=20728\"><u><span style=\"color: #0066cc;\">Internship at the University Library of the Medical University of Vienna (September 2014)<\/span><\/u><\/a><\/li>\n<li>Mario Klein:&nbsp; <a href=\"https:\/\/ub-blog.meduniwien.ac.at\/blog\/?p=20779\"><u><span style=\"color: #0066cc;\">Praktikum an der UB Med Uni Wien (Oktober 2014)<\/span><\/u><\/a><\/li>\n<li><a href=\"https:\/\/ub-blog.meduniwien.ac.at\/blog\/?p=22605\"><u><span style=\"color: #0066cc;\">Caroline Glawischnig: Praktikum an der UB Med Uni Wien (April 2015)<\/span><\/u><\/a><\/li>\n<li><a href=\"https:\/\/ub-blog.meduniwien.ac.at\/blog\/?p=23117\"><u><span style=\"color: #0066cc;\">Susanne Kainer: Praktikum an der UB Med Uni Wien (Mai 2015)<\/span><\/u><\/a><\/li>\n<li><a href=\"https:\/\/ub-blog.meduniwien.ac.at\/blog\/?p=23211\"><u><span style=\"color: #0066cc;\">Solvei Bischoff: Berufspraktische Tage an der Ub MedUni Wien <\/span><\/u><\/a><\/li>\n<li>Cian Scollard: <u><span style=\"color: #0066cc;\">Praktikum an der UB Med Uni Wien (August 2015)<\/span><\/u><\/li>\n<li>Kim-Sara Preis: <a href=\"https:\/\/ub-blog.meduniwien.ac.at\/blog\/?p=24588\"><u><span style=\"color: #0066cc;\">Praktikum an der UB Med Uni Wien (November 2015)<\/span><\/u><\/a><\/li>\n<li>Antigon Gjura: <a href=\"https:\/\/ub-blog.meduniwien.ac.at\/blog\/?p=24952\"><u><span style=\"color: #0066cc;\">Praktikum an der UB Med Uni Wien (November 2015)<\/span><\/u><\/a><\/li>\n<li>Denny Cheng : <a href=\"https:\/\/ub-blog.meduniwien.ac.at\/blog\/?p=25374\"><u><span style=\"color: #0066cc;\">Praktikum an der Ub MedUni Wien (Feber 2016)<\/span><\/u><\/a><\/li>\n<li>Susanne Zimmer:<a href=\"https:\/\/ub-blog.meduniwien.ac.at\/blog\/?p=25589\"><u><span style=\"color: #0066cc;\"> Praktikum an der Ub MedUni Wien (Feber 2016) <\/span><\/u><\/a><\/li>\n<li>Karin Sedlak:<a href=\"https:\/\/ub-blog.meduniwien.ac.at\/blog\/?p=26042\"><u><span style=\"color: #0066cc;\"> Praktikum an der Ub MedUni Wien (Feber 2016) <\/span><\/u><\/a><\/li>\n<li>Eva Haas:<a href=\"https:\/\/ub-blog.meduniwien.ac.at\/blog\/?p=26319\"><u><span style=\"color: #0066cc;\"> Praktikum an der Ub MedUni Wien (Juli 2016) <\/span><\/u><\/a><\/li>\n<li>Dorian Holzer: <a href=\"https:\/\/ub-blog.meduniwien.ac.at\/blog\/?p=26356\">Praktikum an der Ub MedUni Wien (August 2016)<\/a><\/li>\n<li><a href=\"https:\/\/ub-blog.meduniwien.ac.at\/blog\/?p=27089\">Sebastian Ehrentraud: Praktikum an der Ub MedUni Wien (November 2016)<\/a><\/li>\n<li><a href=\"https:\/\/ub-blog.meduniwien.ac.at\/blog\/?p=27700\">Lisa Gollubich: Praktikum an der Ub MedUni Wien (M\u00e4rz 2017)<\/a><\/li>\n<li>Katharina Chochole: Praktikum an der Ub MedUni Wien (Juli 2017)<\/li>\n<li><a href=\"https:\/\/ub-blog.meduniwien.ac.at\/blog\/?p=28111\"><span class=\"Normal__Char\">Judith Huber: Praktikum an der UB MedUni Wien (Juli 2017)<\/span><\/a><\/li>\n<li><a href=\"https:\/\/ub-blog.meduniwien.ac.at\/blog\/?p=28116&amp;preview_id=28116\"><span class=\"Normal__Char\">Marielle Weiss: Praktikum an der UB MedUni Wien (August 2017)<\/span><\/a><\/li>\n<li><a href=\"https:\/\/ub-blog.meduniwien.ac.at\/blog\/?p=31104\">Christina Orleth: Praktikum an der UB MedUni Wien (August 2018)<\/a><\/li>\n<\/ul>\n","protected":false},"excerpt":{"rendered":"<p>Praktikum an der Bibliothek der Medizinischen Universit\u00e4t Wien Ich f\u00fchrte im Rahmen einer beruflichen Rehabilitationsma\u00dfnahme ein Praktikum vom 15.10. bis 9.11.2018 in der Universit\u00e4tsbibliothek der Medizinischen Universit\u00e4t Wien durch. Meine T\u00e4tigkeiten dort umfassten Adjustierung, Einstellen und Ordnen von Druckmedien sowie Hilfe bei Entlehnung bzw. R\u00fccknahme von Medien. Erstere T\u00e4tigkeit bedeutet, dass die neu erworbenen B\u00fccher &hellip; <a href=\"https:\/\/ub.meduniwien.ac.at\/blog\/?p=31756\" class=\"more-link\"><span class=\"screen-reader-text\">Wieser Guido: Praktikum an der UB MedUni Wien (Okt-Nov. 2018)<\/span> weiterlesen <span class=\"meta-nav\">&rarr;<\/span><\/a><\/p>\n","protected":false},"author":2,"featured_media":0,"comment_status":"open","ping_status":"open","sticky":false,"template":"","format":"standard","meta":{"ngg_post_thumbnail":0,"footnotes":""},"categories":[24,2,16,46,42],"tags":[1623,254],"class_list":["post-31756","post","type-post","status-publish","format-standard","hentry","category-books-journals","category-news","category-news1","category-praktikum","category-ub-med-uni-wien-intern","tag-praktikum","tag-praktikum-an-der-ub-med-uni-wien"],"views":2700,"_links":{"self":[{"href":"https:\/\/ub.meduniwien.ac.at\/blog\/index.php?rest_route=\/wp\/v2\/posts\/31756","targetHints":{"allow":["GET"]}}],"collection":[{"href":"https:\/\/ub.meduniwien.ac.at\/blog\/index.php?rest_route=\/wp\/v2\/posts"}],"about":[{"href":"https:\/\/ub.meduniwien.ac.at\/blog\/index.php?rest_route=\/wp\/v2\/types\/post"}],"author":[{"embeddable":true,"href":"https:\/\/ub.meduniwien.ac.at\/blog\/index.php?rest_route=\/wp\/v2\/users\/2"}],"replies":[{"embeddable":true,"href":"https:\/\/ub.meduniwien.ac.at\/blog\/index.php?rest_route=%2Fwp%2Fv2%2Fcomments&post=31756"}],"version-history":[{"count":2,"href":"https:\/\/ub.meduniwien.ac.at\/blog\/index.php?rest_route=\/wp\/v2\/posts\/31756\/revisions"}],"predecessor-version":[{"id":31758,"href":"https:\/\/ub.meduniwien.ac.at\/blog\/index.php?rest_route=\/wp\/v2\/posts\/31756\/revisions\/31758"}],"wp:attachment":[{"href":"https:\/\/ub.meduniwien.ac.at\/blog\/index.php?rest_route=%2Fwp%2Fv2%2Fmedia&parent=31756"}],"wp:term":[{"taxonomy":"category","embeddable":true,"href":"https:\/\/ub.meduniwien.ac.at\/blog\/index.php?rest_route=%2Fwp%2Fv2%2Fcategories&post=31756"},{"taxonomy":"post_tag","embeddable":true,"href":"https:\/\/ub.meduniwien.ac.at\/blog\/index.php?rest_route=%2Fwp%2Fv2%2Ftags&post=31756"}],"curies":[{"name":"wp","href":"https:\/\/api.w.org\/{rel}","templated":true}]}}