{"id":31499,"date":"2018-11-12T02:40:01","date_gmt":"2018-11-12T01:40:01","guid":{"rendered":"https:\/\/ub-blog.meduniwien.ac.at\/blog\/?p=31499"},"modified":"2018-11-08T13:09:32","modified_gmt":"2018-11-08T12:09:32","slug":"1-weltkrieg-medizin-55-das-reservespital-nr-2-in-pardubitz-pardubice-in-boehmen-1914-1918-folge-8-9-aerztinnen-und-aerzte-2","status":"publish","type":"post","link":"https:\/\/ub.meduniwien.ac.at\/blog\/?p=31499","title":{"rendered":"&#8222;1. Weltkrieg &#038; Medizin&#8220; [56]: Das Reservespital Nr. 2 in PARDUBITZ \/ PARDUBICE  in B\u00f6hmen 1914 \u2013 1918, Folge 8.10 \u2013 \u00c4rztinnen und \u00c4rzte"},"content":{"rendered":"<p><strong>Das Reservespital Nr. 2 in PARDUBITZ \/ PARDUBICE&nbsp; in B\u00f6hmen 1914 \u2013 1918<\/strong><\/p>\n<p><strong>Folge 8.10 \u2013 \u00c4rztinnen und \u00c4rzte <\/strong><\/p>\n<p><strong>Die \u00c4rzte im Kriegsspital\/Reservespital Nr. 2 (1915-1918) <\/strong><\/p>\n<p><strong>S + SCH + ST<\/strong><\/p>\n<h1><strong>SAZAVSKY, Karl<\/strong><\/h1>\n<p>Er wurde 1886 in Br\u00fcnn\/Brno geboren, und studierte Medizin an der b\u00f6hmischen Universit\u00e4t in Prag, wo er am <strong>1. Juni 1911<\/strong> promovierte.<\/p>\n<p>In den folgenden Jahren bis Kriegsbeginn 1914 war er als <strong>praktischer Arzt in Br\u00fcnn<\/strong> t\u00e4tig. Ab <strong>J\u00e4nner 1917<\/strong> war er dem Kriegsspital\/Reservespital Nr. 2 in Pardubitz zugeteilt.<\/p>\n<h1><strong>SCHEIBER, Leo <\/strong><\/h1>\n<p>Geboren 1888 in Baja\/Ungarn <a href=\"https:\/\/de.wikipedia.org\/wiki\/Baja\"><strong><em>https:\/\/de.wikipedia.org\/wiki\/Baja<\/em><\/strong><\/a><\/p>\n<p>Er leistete vor dem Krieg seinen Pr\u00e4senzdienst im <strong>Garnisonsspital Nr. 19<\/strong> in Pressburg\/Bratislava\/Poszony und wurde Mitte 1913 zum Infanterieregiment Nr. 23 nach Baja in seine Geburtsstadt versetzt.<\/p>\n<p>Mit Kriegsbeginn 1914 wurde er dem 3. Armee-Etappenoberkommando in Galizien zugeteilt, wo er bis zu seiner Abkommandierung Ende September 1916 ins Kriegsspital\/Reservespital Nr. 2 nach Pardubitz verblieb. Am <strong>5. Februar 1918<\/strong> erfolgte seine Versetzung in den <strong>Ruhestand.<\/strong><\/p>\n<ol start=\"16\">\n<li>J\u00e4nner 1915 <strong>Ordensverleihung<\/strong><\/li>\n<\/ol>\n<p><a href=\"http:\/\/anno.onb.ac.at\/cgi-content\/anno?aid=pel&amp;datum=19150116&amp;seite=8&amp;zoom=33&amp;query=%22leo%2Bscheiber%22&amp;provider=P02&amp;ref=anno-search\"><strong><em>http:\/\/anno.onb.ac.at\/cgi-content\/anno?aid=pel&amp;datum=19150116&amp;seite=8&amp;zoom=33&amp;query=%22leo%2Bscheiber%22&amp;provider=P02&amp;ref=anno-search<\/em><\/strong><\/a><\/p>\n<h1><strong>SCHNEK, Maximilian <\/strong><\/h1>\n<p>Stabsarzt der Reserve Dr. Maximilian SCHNEK, geboren 1864 in Wien, war einger\u00fcckt vom 3. Mai 1916 bis 2. September 1917 und wurde dann ins Kriegsspital\/Reservespital Nr. 2 nach Pardubitz versetzt. Hier leitete er bis zum Kriegsende die I. Sektion. (<strong>siehe: \u201e1. Weltkrieg &amp; Medizin\u201c [36]: Das Reservespital Nr. 2 in Pardubitz \/ Pardubice in B\u00f6hmen 1914 \u2013 1918 (Teil 5.3<\/strong>).<\/p>\n<p>Nach dem Krieg war er in Wien als Arzt t\u00e4tig, wo er im <strong>November 1933<\/strong> verstarb.<\/p>\n<ol start=\"21\">\n<li>November 1933 <strong>Dr. Maximilian Schneck verstorben<\/strong><\/li>\n<\/ol>\n<p><a href=\"http:\/\/anno.onb.ac.at\/cgi-content\/anno?aid=aze&amp;datum=19331121&amp;seite=4&amp;zoom=33&amp;query=%22maximilian%2Bschneck%22&amp;provider=P03&amp;ref=anno-search\"><strong><em>http:\/\/anno.onb.ac.at\/cgi-content\/anno?aid=aze&amp;datum=19331121&amp;seite=4&amp;zoom=33&amp;query=%22maximilian%2Bschneck%22&amp;provider=P03&amp;ref=anno-search<\/em><\/strong><\/a><\/p>\n<h1><strong>SCHNEIDER, Nusin=Nathan<\/strong><\/h1>\n<p>Geboren in <strong>Zniesienie\/Lemberg<\/strong> 1873, arbeitete er ebenda vor dem Krieg als Internist <a href=\"https:\/\/de.wikipedia.org\/wiki\/Lwiw\"><strong><em>https:\/\/de.wikipedia.org\/wiki\/Lwiw<\/em><\/strong><\/a><\/p>\n<p>Vor den Russen nach Westen gefl\u00fcchtet, meldete er sich im <strong>September 1915<\/strong> zum \u00e4rztlichen Dienst im Kriegsspital\/Reservespital Nr. 2 in Pardubitz, wo er auch noch 1917 \u2013 nach der \u00dcbernahme des Spitals in die Heeresverwaltung \u2013 verblieb.<\/p>\n<h1><strong>SCHUCK, Maximilian<\/strong><\/h1>\n<p>Geboren 1864 in Wien, nahm er am Ersten Weltkrieg teil und war <strong>\u201eim Felde vom 3. Mai 1916 bis 2. September 1917\u201c<\/strong>. Hierauf wurde er ins Kriegsspital\/Reservespital Nr. 2 nach Pardubitz versetzt, wo er bis Kriegsende arbeitete.<\/p>\n<h1><strong>SCHWARZ, Alexander <\/strong><\/h1>\n<p>Er wurde in Prag (K\u00f6nigliche Weinberge) 1869 geboren.<\/p>\n<p>Nach seinem Medizinstudium nahm er die Stelle eines <strong>Distriktarztes<\/strong> in Wottitz (Votic, BH Sel\u010dan <a href=\"https:\/\/de.wikipedia.org\/wiki\/Bezirk_Sel%C4%8Dan\"><strong><em>https:\/\/de.wikipedia.org\/wiki\/Bezirk_Sel%C4%8Dan<\/em><\/strong><\/a>, an, wo er bis zum Kriegsausbruch 1914 verblieb<\/p>\n<p>1915 war er dem Reservespital Nr. 3 in Prag zugeteilt und wurde <strong>Anfang 1918<\/strong> in das Kriegsspital\/Reservespital Nr. 2 in Pardubitz versetzt, wo er in der 6. Abteilung\/Sektion arbeitete.<\/p>\n<ol start=\"13\">\n<li>Juli 1898 <strong>Danksagung<\/strong><\/li>\n<\/ol>\n<p><a href=\"http:\/\/anno.onb.ac.at\/cgi-content\/anno?aid=ptb&amp;datum=18980713&amp;query=%22dr+alexander+schwarz%22&amp;ref=anno-search&amp;seite=15\"><strong><em>http:\/\/anno.onb.ac.at\/cgi-content\/anno?aid=ptb&amp;datum=18980713&amp;query=%22dr+alexander+schwarz%22&amp;ref=anno-search&amp;seite=15<\/em><\/strong><\/a><\/p>\n<ol start=\"5\">\n<li>September 1915 <strong>im Reservespital Nr. 3 in Prag t\u00e4tig<\/strong><\/li>\n<\/ol>\n<p><a href=\"http:\/\/anno.onb.ac.at\/cgi-content\/anno?aid=ptb&amp;datum=19150905&amp;seite=9&amp;zoom=33&amp;query=%22alexander%2Bschwarz%22&amp;provider=P02&amp;ref=anno-search\"><strong><em>http:\/\/anno.onb.ac.at\/cgi-content\/anno?aid=ptb&amp;datum=19150905&amp;seite=9&amp;zoom=33&amp;query=%22alexander%2Bschwarz%22&amp;provider=P02&amp;ref=anno-search<\/em><\/strong><\/a><\/p>\n<h1><strong>SCHWARZBACH, Josef <\/strong><\/h1>\n<p>Er wurde 1882 in Haida\/Nordb\u00f6hmen <a href=\"https:\/\/de.wikipedia.org\/wiki\/Nov%C3%BD_Bor\"><strong><em>https:\/\/de.wikipedia.org\/wiki\/Nov%C3%BD_Bor<\/em><\/strong><\/a> geboren. Nach dem Medizinstudium in Prag und einer l\u00e4ngeren praktischen T\u00e4tigkeit am allgemeinen \u00f6ffentlichen Krankenhaus in seiner Geburtsstadt wurde er im Herbst 1914 hier zum <strong>provisorischen Primararzt<\/strong> ernannt.<\/p>\n<p>Aufgrund des immer gr\u00f6\u00dfer werdenden \u00c4rztemangels w\u00e4hrend des Krieges musste er schlie\u00dflich im <strong>August 1917<\/strong> zur <strong>Feldarmee nach Albanien<\/strong> einr\u00fccken. Hier wurde er einem <strong>Malariaspital (Feldspital Nr. 1012\/19. Korps)<\/strong> zugeteilt, bei dem er bis J\u00e4nner 1918 verblieb.<\/p>\n<p>Aufgrund einer schweren Erkrankung vom Milit\u00e4rdienst beurlaubt, wurde er zur weiteren Dienstleistung dem Kriegsspital\/Reservespital Nr. 2 in Pardubitz zugeteilt, wo er bis zum Ende des Krieges seinen Dienst versah.<\/p>\n<p>Nach Ende des Weltkrieges lie\u00df er sich in <strong>Salzburg<\/strong> nieder (seine Frau war geb\u00fcrtige Salzburgerin) und kaufte 1929 das sogenannte <strong>\u201eSchl\u00f6ssel am Stein\u201c<\/strong> (heute Diakonie-Zentrum <a href=\"https:\/\/austria-forum.org\/af\/AustriaWiki\/Diakonie-Zentrum_Salzburg\"><strong><em>https:\/\/austria-forum.org\/af\/AustriaWiki\/Diakonie-Zentrum_Salzburg<\/em><\/strong><\/a> &nbsp;in Salzburg-Stadt, wo er ein <strong>Sanatorium<\/strong> einrichtete.&nbsp;&nbsp;&nbsp;<\/p>\n<ol start=\"3\">\n<li>Oktober 1914 <strong>geheiratet<\/strong><\/li>\n<\/ol>\n<p><a href=\"http:\/\/anno.onb.ac.at\/cgi-content\/anno?aid=tpt&amp;datum=19141003&amp;seite=5&amp;zoom=33&amp;query=%22josef%2Bschwarzbach%22&amp;provider=P02&amp;ref=anno-search\"><strong><em>http:\/\/anno.onb.ac.at\/cgi-content\/anno?aid=tpt&amp;datum=19141003&amp;seite=5&amp;zoom=33&amp;query=%22josef%2Bschwarzbach%22&amp;provider=P02&amp;ref=anno-search<\/em><\/strong><\/a><\/p>\n<ol start=\"19\">\n<li>November 1914 <strong><em><u>zum provisorischen Primararzt in Haida ernannt<\/u><\/em><\/strong><\/li>\n<\/ol>\n<p><a href=\"http:\/\/anno.onb.ac.at\/cgi-content\/anno?aid=pab&amp;datum=19141119&amp;seite=4&amp;zoom=33&amp;query=%22josef%2Bschwarzbach%22&amp;provider=P02&amp;ref=anno-search\"><strong><em>http:\/\/anno.onb.ac.at\/cgi-content\/anno?aid=pab&amp;datum=19141119&amp;seite=4&amp;zoom=33&amp;query=%22josef%2Bschwarzbach%22&amp;provider=P02&amp;ref=anno-search<\/em><\/strong><\/a><\/p>\n<ol start=\"17\">\n<li>Februar 1916 <strong>Primararzt<\/strong><\/li>\n<\/ol>\n<p><a href=\"http:\/\/anno.onb.ac.at\/cgi-content\/anno?aid=ptb&amp;datum=19160217&amp;seite=4&amp;zoom=33&amp;query=%22josef%2Bschwarzbach%22&amp;provider=P02&amp;ref=anno-search\"><strong><em>http:\/\/anno.onb.ac.at\/cgi-content\/anno?aid=ptb&amp;datum=19160217&amp;seite=4&amp;zoom=33&amp;query=%22josef%2Bschwarzbach%22&amp;provider=P02&amp;ref=anno-search<\/em><\/strong><\/a><\/p>\n<ol start=\"11\">\n<li>August 1916 <strong>Ehrenzeichen verliehen<\/strong><\/li>\n<\/ol>\n<p><a href=\"http:\/\/anno.onb.ac.at\/cgi-content\/anno?aid=wrz&amp;datum=19160811&amp;seite=2&amp;zoom=33&amp;query=%22josef%2Bschwarzbach%22&amp;provider=P01&amp;ref=anno-search\"><strong><em>http:\/\/anno.onb.ac.at\/cgi-content\/anno?aid=wrz&amp;datum=19160811&amp;seite=2&amp;zoom=33&amp;query=%22josef%2Bschwarzbach%22&amp;provider=P01&amp;ref=anno-search<\/em><\/strong><\/a><\/p>\n<ol start=\"30\">\n<li>November 1931 <strong>Ein neues Sanatorium in Salzburg<\/strong><\/li>\n<\/ol>\n<p><a href=\"http:\/\/anno.onb.ac.at\/cgi-content\/anno?aid=svb&amp;datum=19311130&amp;query=%22josef+schwarzbach%22&amp;ref=anno-search&amp;seite=8\"><strong><em>http:\/\/anno.onb.ac.at\/cgi-content\/anno?aid=svb&amp;datum=19311130&amp;query=%22josef+schwarzbach%22&amp;ref=anno-search&amp;seite=8<br \/>\n<\/em><\/strong><\/a><br \/>\n<a href=\"https:\/\/ub-blog.meduniwien.ac.at\/blog\/wp-content\/uploads\/2018\/11\/SanatoriumSchwarzbach.jpg\"><img loading=\"lazy\" decoding=\"async\" class=\"alignnone size-full wp-image-31503\" src=\"https:\/\/ub-blog.meduniwien.ac.at\/blog\/wp-content\/uploads\/2018\/11\/SanatoriumSchwarzbach.jpg\" alt=\"\" width=\"350\" height=\"371\" srcset=\"https:\/\/ub.meduniwien.ac.at\/blog\/wp-content\/uploads\/2018\/11\/SanatoriumSchwarzbach.jpg 350w, https:\/\/ub.meduniwien.ac.at\/blog\/wp-content\/uploads\/2018\/11\/SanatoriumSchwarzbach-283x300.jpg 283w\" sizes=\"auto, (max-width: 350px) 100vw, 350px\" \/><\/a><\/p>\n<ol start=\"19\">\n<li>September 1932 <strong>Das Sanatorium Dr. Schwarzbach<\/strong><\/li>\n<\/ol>\n<p><a href=\"http:\/\/anno.onb.ac.at\/cgi-content\/anno?aid=sbw&amp;datum=19320919&amp;query=%22josef+schwarzbach%22&amp;ref=anno-search&amp;seite=5\"><strong><em>http:\/\/anno.onb.ac.at\/cgi-content\/anno?aid=sbw&amp;datum=19320919&amp;query=%22josef+schwarzbach%22&amp;ref=anno-search&amp;seite=5<\/em><\/strong><\/a><\/p>\n<p><a href=\"http:\/\/anno.onb.ac.at\/cgi-content\/anno?aid=sch&amp;datum=19320919&amp;query=%22josef+schwarzbach%22&amp;ref=anno-search&amp;seite=6\"><strong><em>http:\/\/anno.onb.ac.at\/cgi-content\/anno?aid=sch&amp;datum=19320919&amp;query=%22josef+schwarzbach%22&amp;ref=anno-search&amp;seite=6<\/em><\/strong><\/a><\/p>\n<ol start=\"29\">\n<li>September 1934 <strong>Danksagung<\/strong><\/li>\n<\/ol>\n<p><a href=\"http:\/\/anno.onb.ac.at\/cgi-content\/anno?aid=sch&amp;datum=19340929&amp;query=%22josef+schwarzbach%22&amp;ref=anno-search&amp;seite=10\"><strong><em>http:\/\/anno.onb.ac.at\/cgi-content\/anno?aid=sch&amp;datum=19340929&amp;query=%22josef+schwarzbach%22&amp;ref=anno-search&amp;seite=10<\/em><\/strong><\/a><\/p>\n<ol start=\"8\">\n<li>J\u00e4nner 1935 <strong>Insolvenzen \u2013 Ausgleich<\/strong><\/li>\n<\/ol>\n<p><a href=\"http:\/\/anno.onb.ac.at\/cgi-content\/anno?aid=svb&amp;datum=19350108&amp;query=%22josef+schwarzbach%22&amp;ref=anno-search&amp;seite=11\"><strong><em>http:\/\/anno.onb.ac.at\/cgi-content\/anno?aid=svb&amp;datum=19350108&amp;query=%22josef+schwarzbach%22&amp;ref=anno-search&amp;seite=11<\/em><\/strong><\/a><\/p>\n<ol start=\"2\">\n<li>April 1935 <strong>Aus dem Gerichtssaale \u2013 freigesprochen<\/strong><\/li>\n<\/ol>\n<p><a href=\"http:\/\/anno.onb.ac.at\/cgi-content\/anno?aid=sch&amp;datum=19350402&amp;query=%22josef+schwarzbach%22&amp;ref=anno-search&amp;seite=5\"><strong><em>http:\/\/anno.onb.ac.at\/cgi-content\/anno?aid=sch&amp;datum=19350402&amp;query=%22josef+schwarzbach%22&amp;ref=anno-search&amp;seite=5<\/em><\/strong><\/a><\/p>\n<ol start=\"20\">\n<li>Mai 1936 <strong>Das Sanatorium Schwarzbach<\/strong><\/li>\n<\/ol>\n<p><a href=\"http:\/\/anno.onb.ac.at\/cgi-content\/anno?aid=svb&amp;datum=19360520&amp;query=%22josef+schwarzbach%22&amp;ref=anno-search&amp;seite=6\"><strong><em>http:\/\/anno.onb.ac.at\/cgi-content\/anno?aid=svb&amp;datum=19360520&amp;query=%22josef+schwarzbach%22&amp;ref=anno-search&amp;seite=6<\/em><\/strong><\/a><\/p>\n<h1><strong>SEDIVEC (\u0160EDIVEC), Johann <\/strong><\/h1>\n<p>Er wurde 1877 in Senftenberg in B\u00f6hmen <a href=\"https:\/\/de.wikipedia.org\/wiki\/%C5%BDamberk\"><strong><em>https:\/\/de.wikipedia.org\/wiki\/%C5%BDamberk<\/em><\/strong><\/a>&nbsp; geboren.<\/p>\n<p>Nach Kriegsbeginn im Range eines Stabsarztes der Reserve zur Armee eingezogen, wurde er vom <strong>11. Oktober 1914 bis 15. September 1915<\/strong> am n\u00f6rdlichen Kriegsschauplatz eingesetzt (als Kommandant des <strong>Feldspitals 8\/15<\/strong>).<\/p>\n<p>Er erkrankte im Mai 1915 an <strong>\u201echronischer Blinddarmentz\u00fcndung\u201c<\/strong>, wurde daraufhin als <strong>\u201efelddienstuntauglich<\/strong>\u201c ins <strong>\u201eHinterland\u201c<\/strong> geschickt und schlie\u00dflich mit Dezember 1916 in den Ruhestand versetzt. Auf sein Ersuchen hin wurde er Mitte 1917 <strong>\u201eauf Mobilit\u00e4tsdauer aktiviert\u201c<\/strong> und zum Kriegsspital\/Reservespital Nr. 2 nach Pardubitz versetzt, wo er bis zum Kriegsende die <strong>Leitung der 5. Abteilung\/Sektion<\/strong> \u00fcbernahm.<\/p>\n<h1><strong>SEDLAK, Emanuel <\/strong><\/h1>\n<p>Geboren am 25. Dezember 1873 in Lub, Bezirk Klattau in B\u00f6hmen <a href=\"https:\/\/de.wikipedia.org\/wiki\/Klatovy\"><strong><em>https:\/\/de.wikipedia.org\/wiki\/Klatovy<\/em><\/strong><\/a>, wurde er am 22. Mai 1894 als <strong>\u201eeinj\u00e4hrig freiwilliger Mediziner auf Staatskosten\u201c<\/strong> zur k. u. k. Armee gemustert und studierte w\u00e4hrend der Ableistung seines Milit\u00e4rdienstes an der b\u00f6hmischen Universit\u00e4t in Prag Medizin. Hier wurde er am <strong>13. Mai 1899<\/strong> zum Doktor der gesamten Heilkunde promoviert.<\/p>\n<p><strong>Weitere Ausbildung nach dem Studium<\/strong>:<\/p>\n<p>An den <strong>Prager Universit\u00e4tskliniken<\/strong>:<\/p>\n<p>&#8211; \u00bd Jahr <strong>Ohrenheilkunde bei Professor Emilian Kaufmann<\/strong> (5.1.1852-7.7.1912)<\/p>\n<p>&#8211; \u00bd Jahr <strong>Hautkrankheiten bei Professor Viktor Janovsky<\/strong> (1847-1925)<\/p>\n<p>&#8211; 16 Monate <strong>Chirurgie bei Professor Karel Meydl<\/strong>&nbsp; <a href=\"http:\/\/www.biographien.ac.at\/oebl\/oebl_M\/Maydl_Karel_1853_1903.xml\"><strong><em>http:\/\/www.biographien.ac.at\/oebl\/oebl_M\/Maydl_Karel_1853_1903.xml<\/em><\/strong><\/a><\/p>\n<p>&#8211; 3 Monate <strong>Gyn\u00e4kologie bei Professor Karl Pawlik<\/strong>&nbsp; <a href=\"https:\/\/www.geschichtewiki.wien.gv.at\/Karl_Pawlik\"><strong><em>https:\/\/www.geschichtewiki.wien.gv.at\/Karl_Pawlik<\/em><\/strong><\/a><\/p>\n<p>&#8211; 6 Monate <strong>Augenheilkunde bei Professor Jan Deyl<\/strong> (1855-1924)<\/p>\n<p>Hierauf wechselte er nach Pardubitz, wo er 13 Monate als <strong>erster Sekundararzt<\/strong> im hiesigen allgemeinen Spital arbeitete. Nach Abschluss seiner Ausbildung lie\u00df er sich als <strong>praktischer Arzt in Pardubitz<\/strong> nieder.<\/p>\n<p><strong>T\u00e4tigkeit im 1. Weltkrieg als Landsturmregimentsarzt<\/strong>:<\/p>\n<p>Vom 27.7. 1914 bis 21. 9. 1914:<\/p>\n<p>Im <strong>Feldspital Nr. 5\/9<\/strong> eingeteilt als Arzt f\u00fcr Chirurgie, mitgemachte Gefechte: Gefechte bei Magierow.<\/p>\n<p>22.9.1914 bis 31.5.1916:<\/p>\n<p>Beim k. u. k. <strong>9. Korpskommando<\/strong> als zugeteilter Arzt beim Korps-San-Chef und Chefarzt der Korpskommandoabteilungen \u2013<\/p>\n<p><strong>Gefechte<\/strong>: Vormarsch von Szaszkowka gegen San, R\u00fcckzug \u00fcber Zmigrod, Krempna, Karpathen bis Ungarn.<\/p>\n<p>In Ungarn, Vormarsch \u00fcber Karpathen und Biecz, in Ropa Stellungskrieg am Dunajec.<\/p>\n<p>Durchbruchschlacht \u00fcber Tuchow, Rzeszow, Sieniawa, Bilgoroj, Lublin bis Adamow.<\/p>\n<p>Weiterer Vormarsch \u00fcber Lubartow, Lublin, Grubieszow gegen Cholm und Kowel, Eroberung von Luck, Stellungskrieg in Wolhynien bei Malin. Stellungskrieg nordwestlich Tarnopol an der mittleren Strypa.<\/p>\n<p><strong>Erkrankt<\/strong>: im Oktober 1915 im Feldspital 6\/9 in Ostrzyce mit fieberhaftem Bronchialkatarrh 7 Tage.&nbsp;<\/p>\n<p>Er suchte Ende Juli 1917 um seine <strong>Versetzung nach Pardubitz<\/strong> ins Kriegsspital\/Reservespital Nr. 2 an (zu dieser Zeit war er t\u00e4tig im <strong>Garnisonsspital Nr. 27 in Baden<\/strong>); mit der Begr\u00fcndung, dass er <strong>\u201e\u2026volle 35 Monate ununterbrochen bei der Armee im Felde diente und als praktischer Arzt seit 13 Jahren in Pardubitz etabliert bin.\u201c<\/strong>&nbsp;&nbsp;<\/p>\n<p>Hier war er dann bis <strong>Ende des Krieges<\/strong> eingeteilt in der 4. Abteilung\/Sektion.<\/p>\n<ol start=\"26\">\n<li>Juni 1917 <strong>Ritterkreuz des Franz-Joseph-Ordens mit der Kriegsdekoration verliehen bekommen<\/strong><\/li>\n<\/ol>\n<p><a href=\"http:\/\/anno.onb.ac.at\/cgi-content\/anno?aid=rpt&amp;datum=19170626&amp;seite=8&amp;zoom=33&amp;query=%22emanuel%2Bsedlak%22&amp;provider=P02&amp;ref=anno-search\"><strong><em>http:\/\/anno.onb.ac.at\/cgi-content\/anno?aid=rpt&amp;datum=19170626&amp;seite=8&amp;zoom=33&amp;query=%22emanuel%2Bsedlak%22&amp;provider=P02&amp;ref=anno-search<\/em><\/strong><\/a><\/p>\n<h1><strong>SIKL (\u0160IKL), Hermann <\/strong><\/h1>\n<p>Er wurde 1888 in Pilsen <a href=\"https:\/\/de.wikipedia.org\/wiki\/Pilsen\"><strong><em>https:\/\/de.wikipedia.org\/wiki\/Pilsen<\/em><\/strong><\/a> geboren. Er studierte an der b\u00f6hmischen Universit\u00e4t in Prag Medizin, wo er am <strong>11. Februar 1913<\/strong> promovierte.<\/p>\n<p>Nach der Promotion erhielt er an der b\u00f6hmischen Universit\u00e4t in Prag eine Assistentenstelle im <strong>Institut f\u00fcr pathologische Anatomie<\/strong>, wo er neben weiteren Studien im Fach Bakteriologie auch die Funktion eines <strong>anatomischen Prosektors<\/strong> innehatte.<\/p>\n<p>Im Krieg als <strong>Landsturmassistenzarzt<\/strong> zur Armee eingezogen wurde er dem Kriegsspital\/Reservespital Nr. 2 in Pardubitz als <strong>Prosektor vom 6. September 1916 bis Kriegsende zugeteilt<\/strong>.<\/p>\n<ol start=\"18\">\n<li>Februar 1931 <strong>Lungenkrebs \u2013 Krankheit der Joachimsthaler Bergarbeiter<\/strong><\/li>\n<\/ol>\n<p><a href=\"http:\/\/anno.onb.ac.at\/cgi-content\/anno?aid=ptb&amp;datum=19310218&amp;query=%22dr+sikl%22&amp;ref=anno-search&amp;seite=3\"><strong><em>http:\/\/anno.onb.ac.at\/cgi-content\/anno?aid=ptb&amp;datum=19310218&amp;query=%22dr+sikl%22&amp;ref=anno-search&amp;seite=3<\/em><\/strong><\/a><\/p>\n<ol start=\"16\">\n<li>September 1937 <strong>Einbalsamierung Masaryks<\/strong><\/li>\n<\/ol>\n<p><a href=\"http:\/\/anno.onb.ac.at\/cgi-content\/anno?aid=wst&amp;datum=19370916&amp;seite=6&amp;zoom=33&amp;query=%22dr%2Bschikl%22&amp;provider=P03&amp;ref=anno-search\"><strong><em>http:\/\/anno.onb.ac.at\/cgi-content\/anno?aid=wst&amp;datum=19370916&amp;seite=6&amp;zoom=33&amp;query=%22dr%2Bschikl%22&amp;provider=P03&amp;ref=anno-search<\/em><\/strong><\/a><\/p>\n<ol start=\"4\">\n<li>M\u00e4rz 1938 <strong>Die Radiumkrankheit von St. Joachimsthal<\/strong><\/li>\n<\/ol>\n<p><a href=\"http:\/\/anno.onb.ac.at\/cgi-content\/anno?aid=fst&amp;datum=19380304&amp;query=%22dr+sikl%22&amp;ref=anno-search&amp;seite=3\"><strong><em>http:\/\/anno.onb.ac.at\/cgi-content\/anno?aid=fst&amp;datum=19380304&amp;query=%22dr+sikl%22&amp;ref=anno-search&amp;seite=3<\/em><\/strong><\/a><\/p>\n<h1><strong>SKACELIK, Franz<\/strong><\/h1>\n<p>Geboren 1873. Er war vor dem Krieg <strong>Bezirksarzt in Rokitzan\/Rokycany<\/strong> &nbsp;&nbsp;<a href=\"https:\/\/de.wikipedia.org\/wiki\/Rokycany\"><strong><em>https:\/\/de.wikipedia.org\/wiki\/Rokycany<\/em><\/strong><\/a>.&nbsp;<\/p>\n<p>Nach Kriegsbeginn meldete er sich zum Dienst im Kriegsspital\/Reservespital Nr. 2 und wurde nach dessen \u00dcbernahme 1916 in die Heeresverwaltung weiter hier besch\u00e4ftigt.<\/p>\n<h1><strong>\u0160LESINGER, Josef<\/strong><\/h1>\n<p>Er war vor dem Krieg <strong>Stadtarzt<\/strong> in Chotieborsch\/Chot\u011bbo\u0159&nbsp; <strong><em><u><a href=\"https:\/\/de.wikipedia.org\/wiki\/Chot%C4%9Bbo%C5%99\">https:\/\/de.wikipedia.org\/wiki\/Chot%C4%9Bbo%C5%99<\/a><\/u><\/em><\/strong>.<\/p>\n<p>W\u00e4hrend des Krieges wurde er im Range eines Landsturmoberarztes dem Kriegsspital\/Reservespital Nr. 2 in Pardubitz zugeteilt, wo er in der <strong>4. Abteilung\/Sektion<\/strong> arbeitete.<\/p>\n<h1>SMR\u017d , Franz<\/h1>\n<p>Geboren 1888, war er heimatzust\u00e4ndig in <strong>Natscheradetz\/Na\u010deradec<\/strong> <a href=\"https:\/\/de.wikipedia.org\/wiki\/Na%C4%8Deradec\"><strong><em>https:\/\/de.wikipedia.org\/wiki\/Na%C4%8Deradec<\/em><\/strong><\/a>.<\/p>\n<p>Er wurde als H\u00f6rer an der <strong>b\u00f6hmischen Universit\u00e4t in Prag<\/strong> f\u00fcr das Fach Medizin eingeschrieben, wo er am <strong>7. Dezember 1914<\/strong> auch promovierte. Er meldete sich bald darauf zum Dienst im Kriegsspital\/Reservespital Nr. 2 in Pardubitz, wo er seit <strong>16. M\u00e4rz 1915 angestellt war<\/strong>.<\/p>\n<p>Nach \u00dcbernahme des Spitals in die Heeresverwaltung wurde er zur Dienstleistung <strong>\u201eins Feld\u201c<\/strong> nach <strong>Montenegro<\/strong> geschickt, wo er in einem Spital in <strong>Kola\u0161in<\/strong> <a href=\"https:\/\/de.wikipedia.org\/wiki\/Kola%C5%A1in\"><strong><em>https:\/\/de.wikipedia.org\/wiki\/Kola%C5%A1in<\/em><\/strong><\/a> arbeitete.<\/p>\n<h1><strong>\u0160NAJDR, Josef <\/strong><\/h1>\n<p>Vor dem Krieg war er als <strong>Sekundararzt<\/strong> im allgemeinen \u00f6ffentlichen Krankenhaus in <strong>Beneschau\/ Bene\u0161ov<\/strong> <a href=\"https:\/\/de.wikipedia.org\/wiki\/Bene%C5%A1ov\"><strong><em>https:\/\/de.wikipedia.org\/wiki\/Bene%C5%A1ov<\/em><\/strong><\/a> und sp\u00e4ter ab 1907 in <strong>\u0160kvorec<\/strong> als praktischer Arzt <a href=\"https:\/\/en.wikipedia.org\/wiki\/%C5%A0kvorec\"><strong><em>https:\/\/en.wikipedia.org\/wiki\/%C5%A0kvorec<\/em><\/strong><\/a> t\u00e4tig.<\/p>\n<p>Er ist im Range eines Landsturmregimentsarztes im Kriegsspital\/Reservespital Nr. 2 in Pardubitz im <strong>Jahr 1918<\/strong> zum Dienst eingeteilt gewesen.<\/p>\n<h1><strong>STREIT, Vinzenz <\/strong><\/h1>\n<p>Er wurde 1880 geboren in <strong>Jamnitz\/Jemnice<\/strong> in M\u00e4hren <a href=\"https:\/\/de.wikipedia.org\/wiki\/Jemnice\"><strong><em>https:\/\/de.wikipedia.org\/wiki\/Jemnice<\/em><\/strong><\/a>.<\/p>\n<p>Er studierte Medizin an der b\u00f6hmischen Universit\u00e4t in Prag und promovierte hier am <strong>27. April 1904<\/strong>.<\/p>\n<p>Anschlie\u00dfend als Sekundararzt am \u00f6ffentlichen Krankenhaus in Deutsch Brod t\u00e4tig, \u00fcbernahm er sp\u00e4ter die Stelle eines Distriktarztes in <strong>Holitz<\/strong> &nbsp;<strong><em><u><a href=\"https:\/\/de.wikipedia.org\/wiki\/Holice_v_%C4%8Cech%C3%A1ch\">https:\/\/de.wikipedia.org\/wiki\/Holice_v_%C4%8Cech%C3%A1ch<\/a><\/u><\/em><\/strong>.<\/p>\n<p>Nach Kriegsbeginn als <strong>Chirurg<\/strong> in mehreren Milit\u00e4rspit\u00e4lern im <strong>Hinterland<\/strong> eingesetzt, gelang ihm schlie\u00dflich nach mehreren Versuchen die Versetzung ins Kriegsspital\/Reservespital Nr. 2 nach Pardubitz. Hier arbeitete er <strong>bis zum Kriegsende<\/strong> als Chirurg in der 1. Abteilung\/Sektion.<\/p>\n<ol start=\"30\">\n<li>November 1911 <strong>provisorischer Distriktsarzt in Holitz<\/strong><\/li>\n<\/ol>\n<p><a href=\"http:\/\/anno.onb.ac.at\/cgi-content\/anno?aid=ptb&amp;datum=19111130&amp;seite=3&amp;zoom=33&amp;query=%22vinzenz%2Bstreit%22&amp;provider=P03&amp;ref=anno-search\"><strong><em>http:\/\/anno.onb.ac.at\/cgi-content\/anno?aid=ptb&amp;datum=19111130&amp;seite=3&amp;zoom=33&amp;query=%22vinzenz%2Bstreit%22&amp;provider=P03&amp;ref=anno-search<\/em><\/strong><\/a><\/p>\n<h1><strong>SVOBODA, Josef<\/strong><\/h1>\n<p>Geboren 1889, war er heimatzust\u00e4ndig in <strong>Neubyd\u017eow<\/strong>&nbsp;<\/p>\n<p><a href=\"https:\/\/de.wikipedia.org\/wiki\/Nov%C3%BD_Byd%C5%BEov\"><strong><em>https:\/\/de.wikipedia.org\/wiki\/Nov%C3%BD_Byd%C5%BEov<\/em><\/strong><\/a>.<\/p>\n<p>Er studierte Medizin an der b\u00f6hmischen Universit\u00e4t in Prag und war 1913 Sekundararzt im <strong>Bezirks-Hospital K\u00f6nigliche Weinberge\/Prag<\/strong>.<\/p>\n<p>Bei Kriegsbeginn als <strong>Sekund\u00e4rarzt im Bezirkskrankenhaus in Pardubitz<\/strong> angestellt, meldete er sich freiwillig zum Dienst im Kriegsspital\/Reservespital Nr. 2 in Pardubitz, wo er seit dem <strong>23. Februar 1915<\/strong> arbeitete. Er wurde nach \u00dcbernahme des Spitals in die Heeresverwaltung in der zweiten H\u00e4lfte 1916 <strong>entlassen<\/strong>, da &#8211; nach Auskunft des Milit\u00e4rkommandos Prag &#8211; <strong>\u201eder Betreffende ein eifriger Russophiler [Russenfreund] und Leibarzt des F\u00fcrsten Nikolai Nikolajewitsch &nbsp;<em><u><a href=\"https:\/\/de.wikipedia.org\/wiki\/Nikolai_Nikolajewitsch_Romanow_(1856%E2%80%931929)\">https:\/\/de.wikipedia.org\/wiki\/Nikolai_Nikolajewitsch_Romanow_(1856%E2%80%931929)<\/a><\/u><\/em> gewesen sein soll. Nach gepflogenen Erhebungen ist der Genannte mit Dr. MESANY (MESSANY) befreundet.\u201c<\/strong><\/p>\n<p><strong>Zu Dr. Franz Messany<\/strong>:<\/p>\n<ol start=\"14\">\n<li>November 1909 <strong>Prinz Alexander Taxis gest\u00fcrzt<\/strong><\/li>\n<\/ol>\n<p><a href=\"http:\/\/anno.onb.ac.at\/cgi-content\/anno?aid=ptb&amp;datum=19091114&amp;query=%22dr+mesany%22&amp;ref=anno-search&amp;seite=8\"><strong><em>http:\/\/anno.onb.ac.at\/cgi-content\/anno?aid=ptb&amp;datum=19091114&amp;query=%22dr+mesany%22&amp;ref=anno-search&amp;seite=8<\/em><\/strong><\/a><\/p>\n<ol start=\"27\">\n<li>Dezember 1909 <strong>Bei den Verletzten im Pardubitzer Spitale + Die Operation der Verletzten<\/strong><\/li>\n<\/ol>\n<p><a href=\"http:\/\/anno.onb.ac.at\/cgi-content\/anno?aid=pab&amp;datum=19091227&amp;query=%22dr+messany%22&amp;ref=anno-search&amp;seite=3\"><strong><em>http:\/\/anno.onb.ac.at\/cgi-content\/anno?aid=pab&amp;datum=19091227&amp;query=%22dr+messany%22&amp;ref=anno-search&amp;seite=3<\/em><\/strong><\/a><\/p>\n<ol start=\"30\">\n<li>Dezember 1909 <strong>Dr. Messany als Kl\u00e4ger (Dr. Swoboda erw\u00e4hnt)<\/strong><\/li>\n<\/ol>\n<p><a href=\"http:\/\/anno.onb.ac.at\/cgi-content\/anno?aid=ptb&amp;datum=19091230&amp;query=%22dr+messany%22&amp;ref=anno-search&amp;seite=32\"><strong><em>http:\/\/anno.onb.ac.at\/cgi-content\/anno?aid=ptb&amp;datum=19091230&amp;query=%22dr+messany%22&amp;ref=anno-search&amp;seite=32<\/em><\/strong><\/a><\/p>\n<ol start=\"19\">\n<li>J\u00e4nner 1910 <strong>Ein politischer Ehrenbeleidigungsproze\u00df<\/strong><\/li>\n<\/ol>\n<p><a href=\"http:\/\/anno.onb.ac.at\/cgi-content\/anno?aid=nzg&amp;datum=19100119&amp;query=%22dr+messany%22&amp;ref=anno-search&amp;seite=2\"><strong><em>http:\/\/anno.onb.ac.at\/cgi-content\/anno?aid=nzg&amp;datum=19100119&amp;query=%22dr+messany%22&amp;ref=anno-search&amp;seite=2<\/em><\/strong><\/a><\/p>\n<ol start=\"27\">\n<li>Februar 1911 <strong>Ein Bezirkskrankenhaus ohne \u00c4rzte<\/strong><\/li>\n<\/ol>\n<p><a href=\"http:\/\/anno.onb.ac.at\/cgi-content\/anno?aid=ptb&amp;datum=19110227&amp;query=%22dr+mesany%22&amp;ref=anno-search&amp;seite=2\"><strong><em>http:\/\/anno.onb.ac.at\/cgi-content\/anno?aid=ptb&amp;datum=19110227&amp;query=%22dr+mesany%22&amp;ref=anno-search&amp;seite=2<\/em><\/strong><\/a><\/p>\n<ol start=\"12\">\n<li>M\u00e4rz 1912 <strong>Ganz Europa lacht \u00fcber \u00d6sterreich<\/strong><\/li>\n<\/ol>\n<p><a href=\"http:\/\/anno.onb.ac.at\/cgi-content\/anno?aid=sch&amp;datum=19120312&amp;query=%22dr+mesany%22&amp;ref=anno-search&amp;seite=5\"><strong><em>http:\/\/anno.onb.ac.at\/cgi-content\/anno?aid=sch&amp;datum=19120312&amp;query=%22dr+mesany%22&amp;ref=anno-search&amp;seite=5<\/em><\/strong><\/a><\/p>\n<ol start=\"13\">\n<li>M\u00e4rz 1912 <strong><em><u>Die Post als Sittenkommission<\/u><\/em><\/strong><\/li>\n<\/ol>\n<p><a href=\"http:\/\/anno.onb.ac.at\/cgi-content\/anno?aid=mtb&amp;datum=19120313&amp;query=%22dr+mesany%22&amp;ref=anno-search&amp;seite=6\"><strong><em>http:\/\/anno.onb.ac.at\/cgi-content\/anno?aid=mtb&amp;datum=19120313&amp;query=%22dr+mesany%22&amp;ref=anno-search&amp;seite=6<\/em><\/strong><\/a><\/p>\n<h1><strong>SWIERZCHO, Anton <\/strong><\/h1>\n<p>Geboren 1863, war er heimatzust\u00e4ndig in <strong>Czernowitz<\/strong>&nbsp; <a href=\"https:\/\/de.wikipedia.org\/wiki\/Czernowitz\"><strong><em>https:\/\/de.wikipedia.org\/wiki\/Czernowitz<\/em><\/strong><\/a>.<\/p>\n<p>Er studierte Medizin an der medizinischen Fakult\u00e4t der Universit\u00e4t in <strong>Krakau<\/strong>, wo er am <strong>16. M\u00e4rz 1893<\/strong> promovierte. In den darauffolgenden 2 Jahren spezialisierte er sich in den F\u00e4chern <strong>Augen- und Ohrenheilkunde<\/strong> und \u00fcbernahm im Oktober 1895 eine Facharztstelle in Czernowitz. Sp\u00e4ter war er auch noch t\u00e4tig im \u201e<strong>israelitischen\u201c Spital in Czernowitz<\/strong>.<\/p>\n<p>Als russische Truppen im August 1914 zum ersten Mal Czernowitz besetzten, war Schwierzcho bereits nach Westen geflohen und kam in ein Fl\u00fcchtlingslager in B\u00f6hmen. Hier meldete er sich freiwillig zum <strong>Dienst<\/strong> im Kriegsspital\/Reservespital Nr. 2 in Pardubitz.<\/p>\n<p>Vom <strong>5. Oktober 1915 bis Mitte 1916<\/strong> arbeitete er als Augen- und Ohrenarzt im Spital.<\/p>\n<ol start=\"17\">\n<li>Oktober 1895 <strong>als Arzt in Czernowitz niedergelassen<\/strong><\/li>\n<\/ol>\n<p><a href=\"http:\/\/anno.onb.ac.at\/cgi-content\/anno?aid=bur&amp;datum=18951017&amp;seite=4&amp;zoom=33&amp;query=%22anton%2Bswierzcho%22&amp;provider=P02&amp;ref=anno-search\"><strong><em>http:\/\/anno.onb.ac.at\/cgi-content\/anno?aid=bur&amp;datum=18951017&amp;seite=4&amp;zoom=33&amp;query=%22anton%2Bswierzcho%22&amp;provider=P02&amp;ref=anno-search<\/em><\/strong><\/a><\/p>\n<ol start=\"7\">\n<li>April 1910 <strong>J\u00fcdisches Waisenhaus<\/strong><\/li>\n<\/ol>\n<p><a href=\"http:\/\/anno.onb.ac.at\/cgi-content\/anno?aid=bup&amp;datum=19100407&amp;seite=2&amp;zoom=33&amp;query=%22anton%2Bswierzcho%22&amp;provider=P03&amp;ref=anno-search\"><strong><em>http:\/\/anno.onb.ac.at\/cgi-content\/anno?aid=bup&amp;datum=19100407&amp;seite=2&amp;zoom=33&amp;query=%22anton%2Bswierzcho%22&amp;provider=P03&amp;ref=anno-search<\/em><\/strong><\/a><\/p>\n<h1><strong>SWIEZAWSKI, Leon <\/strong><\/h1>\n<p>Er wurde geboren 1870 in Krakau. Studierte hier auch Medizin an der medizinischen Fakult\u00e4t der Universit\u00e4t. Er diente <strong>1890<\/strong> im <strong>Garnisonspital Nr. 15 in Krakau<\/strong> und war vor dem Krieg praktischer Arzt im Gerichtsbezirk <strong>Pilzno<\/strong> <a href=\"https:\/\/de.wikipedia.org\/wiki\/Pilzno\"><strong><em>https:\/\/de.wikipedia.org\/wiki\/Pilzno<\/em><\/strong><\/a>.<\/p>\n<p>Ab dem <strong>10. J\u00e4nner 1915<\/strong> arbeitete er im Kriegsspital\/Reservespital Nr. in Pardubitz. Er wurde nach \u00dcbernahme des Spitals von der Heeresverwaltung Mitte 1916 nicht mehr zur Dienstleistung herangezogen.<\/p>\n<hr>\n<p>Text: Reinhard Mundsch\u00fctz<\/p>\n<p><a href=\"https:\/\/ub-blog.meduniwien.ac.at\/blog\/?cat=1153\">Alle Beitr\u00e4ge\u2013&gt; 1.Weltkrieg &amp;Medizin<\/a><\/p>\n","protected":false},"excerpt":{"rendered":"<p>Das Reservespital Nr. 2 in PARDUBITZ \/ PARDUBICE&nbsp; in B\u00f6hmen 1914 \u2013 1918 Folge 8.10 \u2013 \u00c4rztinnen und \u00c4rzte Die \u00c4rzte im Kriegsspital\/Reservespital Nr. 2 (1915-1918) S + SCH + ST SAZAVSKY, Karl Er wurde 1886 in Br\u00fcnn\/Brno geboren, und studierte Medizin an der b\u00f6hmischen Universit\u00e4t in Prag, wo er am 1. Juni 1911 promovierte. &hellip; <a href=\"https:\/\/ub.meduniwien.ac.at\/blog\/?p=31499\" class=\"more-link\"><span class=\"screen-reader-text\">&#8222;1. Weltkrieg &#038; Medizin&#8220; [56]: Das Reservespital Nr. 2 in PARDUBITZ \/ PARDUBICE  in B\u00f6hmen 1914 \u2013 1918, Folge 8.10 \u2013 \u00c4rztinnen und \u00c4rzte<\/span> weiterlesen <span class=\"meta-nav\">&rarr;<\/span><\/a><\/p>\n","protected":false},"author":2,"featured_media":0,"comment_status":"open","ping_status":"open","sticky":false,"template":"","format":"standard","meta":{"ngg_post_thumbnail":0,"footnotes":""},"categories":[1153,1,24,11,5,2,17],"tags":[1272,202,1169,1273,1848,1270,62,1278,1279,1269,1268,1274,1271,1724,1164,2265,2266,2268,2267,2269,2270,2271,2272,2273,2274,2275,2276,2277,2278,2279,2280,2281,2282,1276,1275],"class_list":["post-31499","post","type-post","status-publish","format-standard","hentry","category-1-weltkrieg-medizin","category-allgemeines","category-books-journals","category-literaturhinweis","category-medizingeschichte","category-news","category-news2","tag-1914-1918","tag-arzt","tag-erster-weltkrieg","tag-k-u-k-armee-reservespital-nr-2-boehmen","tag-karantena-lekar-first-world-war","tag-kriegsspital","tag-medizin","tag-military-healthcare","tag-military-hospital","tag-pardubice","tag-pardubitz","tag-prvni-svetova-valka","tag-quarantaene","tag-quarantine-physician","tag-sanitatswesen","tag-sazavsky-karl","tag-scheiber-leo","tag-schneider-nusinnathan","tag-schnek-maximilian","tag-schuck-maximilian","tag-schwarz-alexander","tag-schwarzbach-josef","tag-sedivec-sedivec-johann","tag-sedlak-emanuel","tag-sikl-sikl-hermann","tag-skacelik-franz","tag-slesinger-josef","tag-smrz-franz","tag-snajdr-josef","tag-streit-vinzenz","tag-svoboda-josef","tag-swierzcho-anton","tag-swiezawski-leon","tag-valecna-nemocnice","tag-vojenske-zdravotnictvi"],"views":3086,"_links":{"self":[{"href":"https:\/\/ub.meduniwien.ac.at\/blog\/index.php?rest_route=\/wp\/v2\/posts\/31499","targetHints":{"allow":["GET"]}}],"collection":[{"href":"https:\/\/ub.meduniwien.ac.at\/blog\/index.php?rest_route=\/wp\/v2\/posts"}],"about":[{"href":"https:\/\/ub.meduniwien.ac.at\/blog\/index.php?rest_route=\/wp\/v2\/types\/post"}],"author":[{"embeddable":true,"href":"https:\/\/ub.meduniwien.ac.at\/blog\/index.php?rest_route=\/wp\/v2\/users\/2"}],"replies":[{"embeddable":true,"href":"https:\/\/ub.meduniwien.ac.at\/blog\/index.php?rest_route=%2Fwp%2Fv2%2Fcomments&post=31499"}],"version-history":[{"count":5,"href":"https:\/\/ub.meduniwien.ac.at\/blog\/index.php?rest_route=\/wp\/v2\/posts\/31499\/revisions"}],"predecessor-version":[{"id":31505,"href":"https:\/\/ub.meduniwien.ac.at\/blog\/index.php?rest_route=\/wp\/v2\/posts\/31499\/revisions\/31505"}],"wp:attachment":[{"href":"https:\/\/ub.meduniwien.ac.at\/blog\/index.php?rest_route=%2Fwp%2Fv2%2Fmedia&parent=31499"}],"wp:term":[{"taxonomy":"category","embeddable":true,"href":"https:\/\/ub.meduniwien.ac.at\/blog\/index.php?rest_route=%2Fwp%2Fv2%2Fcategories&post=31499"},{"taxonomy":"post_tag","embeddable":true,"href":"https:\/\/ub.meduniwien.ac.at\/blog\/index.php?rest_route=%2Fwp%2Fv2%2Ftags&post=31499"}],"curies":[{"name":"wp","href":"https:\/\/api.w.org\/{rel}","templated":true}]}}