{"id":31397,"date":"2018-07-19T09:37:09","date_gmt":"2018-07-19T08:37:09","guid":{"rendered":"https:\/\/ub-blog.meduniwien.ac.at\/blog\/?p=31397"},"modified":"2018-10-19T09:37:19","modified_gmt":"2018-10-19T08:37:19","slug":"josef-lehner-1882-1938-vertrieben-1938-67-2","status":"publish","type":"post","link":"https:\/\/ub.meduniwien.ac.at\/blog\/?p=31397","title":{"rendered":"Josef LEHNER (1882-1938): Vertrieben 1938 [67]"},"content":{"rendered":"<p><strong>VERTRIEBEN 1938 [67]<\/strong> UPDATE<\/p>\n<p><strong>Josef LEHNER (1882-1938)<\/strong><\/p>\n<p>1938 im Lehrk\u00f6rper der Medizinischen Fakult\u00e4t der Universit\u00e4t Wien, Fach: Anatomie, Histologie und Embryologie (Histologisch-embryologisches Institut)<\/p>\n<p><a href=\"https:\/\/repositorium.meduniwien.ac.at\/obvumwhs\/download\/pdf\/2750708?originalFilename=true\">Biographische Informationen zu Josef LEHNER (PDF) <\/a>im Repositorium der Ub Med Uni Wien. &#8211; Auszug aus: <em>Judith Bauer-Merinsky: Die Auswirkungen der Annexion \u00d6sterreichs durch das Deutsche Reich auf die medizinische Fakult\u00e4t der Universit\u00e4t Wien im Jahre 1938:Biographien entlassener Professoren und Dozenten. Wien: Diss., 1980, S. 138.&nbsp; <\/em><br \/>\n<!--more--><\/p>\n<p><img decoding=\"async\" src=\"https:\/\/ub-blog.meduniwien.ac.at\/blog\/wp-content\/uploads\/2008\/02\/muster1_blau.jpg\" alt=\"Provenienz\"><\/p>\n<blockquote><p><strong>Open Access &#8211; Nachtrag zu Josef LEHNER<\/strong>:<\/p>\n<ul>\n<li><a href=\"https:\/\/www.meduniwien.ac.at\/web\/ueber-uns\/geschichte\/mahnmal-nationalsozialismus\/\">MedUniWien: Mahnmal f\u00fcr Opfer des Nationalsozialismus enth\u00fcllt,<\/a> in: <a href=\"http:\/\/www.meduniwien.ac.at\/\">Website der Medizinischen Universit\u00e4t Wien<\/a>, 13. M\u00e4rz 2008<\/li>\n<\/ul>\n<ul>\n<li>Nachweis von Dokumenten zu Josef LEHNER im <a href=\"http:\/\/www.ub.univie.ac.at\/archiv\/\">Universit\u00e4tsarchiv der Universit\u00e4t Wien<\/a>:<br \/>\nSenat S 304 Personalbl\u00e4tter, 19. Jh.-20. Jh. (Serie)<br \/>\n<a href=\"http:\/\/scopeq.cc.univie.ac.at\/query\/detail.aspx?ID=161047\">Senat S 304.725 Lehner, Josef (18.12.1882-30.05.1938; Histologie) (Dokument)<\/a><br \/>\nSenat S 305 Nekrologe, 1937 (ca.)-1988 (ca.) (Serie)<br \/>\n<a href=\"http:\/\/scopeq.cc.univie.ac.at\/query\/detail.aspx?ID=67221\">Senat S 305.21 Lehner, Josef, gestorben 30.5.1938, Nekrolog, k.A. (Akt)<\/a><br \/>\nDeskriptoren: Eintr\u00e4ge: Lehner, Josef (18.12.1882-30.05.1938; Histologie) (18.12.1882-30.05.1938) (Person\\L)<\/li>\n<\/ul>\n<ul>\n<li>Dokumente zu Josef LEHNER in der &lt;strong&#8220;&gt;Handschriftensammlung der Medizinischen Universit\u00e4t Wien:<em>Lehner, Josef (1882-1938) \u2013 Parte<br \/>\n1938 Mai 30., Wien. 18., Staudgasse 3.<br \/>\nParte f\u00fcr Josef Lehner.<br \/>\n29 x 24; 1 Bl.<br \/>\n1984<\/em><\/li>\n<\/ul>\n<ul>\n<li><a href=\"https:\/\/ubsearch.meduniwien.ac.at\/primo-explore\/search?institution=UMW&amp;vid=UMW&amp;tab=default_tab&amp;search_scope=UMW_all&amp;mode=Basic&amp;displayMode=full&amp;bulkSize=10&amp;highlight=true&amp;dum=true&amp;query=any,contains,Josef%20LEHNER&amp;displayField=all&amp;pcAvailabiltyMode=true&amp;sortby=rank&amp;lang=de_DE\">Literatur im Bibliothekskatalog der Ub Med Uni Wien<\/a><\/li>\n<\/ul>\n<\/blockquote>\n<p><strong>Feedback unserer Weblog-User, biographische Nachweise und Erg\u00e4nzungen zu Josef LEHNER<\/strong>:<\/p>\n<ol>\n<li>vsb \/ Biographischer Eintrag Josef LEHNER:<br \/>\nin: K\u00fcrschners Deutscher Gelehrten-Kalender 1935, hg. von Dr. Gerhard L\u00fcdtke. F\u00fcnfte Ausgabe. Berlin und Leipzig: Walter de Gruyter &amp; Co. [Spalte 792]<\/li>\n<\/ol>\n<p>****************************************************<br \/>\n<a href=\"https:\/\/ub-blog.meduniwien.ac.at\/blog\/wp-content\/uploads\/2017\/09\/VanSwietenBlog_MHartl.gif\"><img loading=\"lazy\" decoding=\"async\" class=\"alignnone wp-image-28234\" src=\"https:\/\/ub-blog.meduniwien.ac.at\/blog\/wp-content\/uploads\/2017\/09\/VanSwietenBlog_MHartl.gif\" alt=\"Logo: MMag.Margrit Hartl\" height=\"56\" width=\"158\"><\/a><\/p>\n<p><a href=\"https:\/\/ub-blog.meduniwien.ac.at\/blog\/?p=29203\">Sonderblog-Serie Vertrieben 1938 \u2013 Biografien entlassener Professoren und Dozenten der Medizinischen Fakult\u00e4t der Universit\u00e4t Wien UPDATE<\/a><\/p>\n<p>https:\/\/ub-blog.meduniwien.ac.at\/blog\/?p=772<\/p>\n<p><em>Projekt &#8222;Vertrieben 1938 &#8211; Biographien entlassener Mediziner*innen der Medizinischen Fakult\u00e4t der Universit\u00e4t Wien&#8220; im Van Swieten Blog: Informationen der Universit\u00e4tsbibliothek der Medizinischen Universit\u00e4t Wien. &#8211;<br \/>\nProjektteam: Mag. Bruno Bauer (Konzept), Harald Albrecht, Judith D\u00f6gl, Rudolf Gerdenits, MMag. Margrit Hartl, Dr. Brigitte Kranz, Mag. Ingeborg Leitner, Dr. Ruth Lotter, Dr. Walter Mentzel, Dr. Reinhard Mundsch\u00fctz, Mag. Michaela Zykan.<\/em><\/p>\n<p>Bitte zitieren als<br \/>\nVAN SWIETEN BLOG: Informationen der Universit\u00e4tsbibliothek der Med Uni Wien, Nr. 30397 Letzte Aktualisierung: 2018 02<br \/>\nOnline unter der URL: https:\/\/ub-blog.meduniwien.ac.at\/blog\/?p=30397<\/p>\n","protected":false},"excerpt":{"rendered":"<p>VERTRIEBEN 1938 [67] UPDATE Josef LEHNER (1882-1938) 1938 im Lehrk\u00f6rper der Medizinischen Fakult\u00e4t der Universit\u00e4t Wien, Fach: Anatomie, Histologie und Embryologie (Histologisch-embryologisches Institut) Biographische Informationen zu Josef LEHNER (PDF) im Repositorium der Ub Med Uni Wien. &#8211; Auszug aus: Judith Bauer-Merinsky: Die Auswirkungen der Annexion \u00d6sterreichs durch das Deutsche Reich auf die medizinische Fakult\u00e4t der &hellip; <a href=\"https:\/\/ub.meduniwien.ac.at\/blog\/?p=31397\" class=\"more-link\"><span class=\"screen-reader-text\">Josef LEHNER (1882-1938): Vertrieben 1938 [67]<\/span> weiterlesen <span class=\"meta-nav\">&rarr;<\/span><\/a><\/p>\n","protected":false},"author":2,"featured_media":0,"comment_status":"open","ping_status":"open","sticky":false,"template":"","format":"standard","meta":{"ngg_post_thumbnail":0,"footnotes":""},"categories":[5,23,41],"tags":[1015,952],"class_list":["post-31397","post","type-post","status-publish","format-standard","hentry","category-medizingeschichte","category-news-8","category-vertrieben-1938","tag-josef-lehner-1882-1938","tag-sonderblogserie-vertrieben-1938"],"views":76667,"_links":{"self":[{"href":"https:\/\/ub.meduniwien.ac.at\/blog\/index.php?rest_route=\/wp\/v2\/posts\/31397","targetHints":{"allow":["GET"]}}],"collection":[{"href":"https:\/\/ub.meduniwien.ac.at\/blog\/index.php?rest_route=\/wp\/v2\/posts"}],"about":[{"href":"https:\/\/ub.meduniwien.ac.at\/blog\/index.php?rest_route=\/wp\/v2\/types\/post"}],"author":[{"embeddable":true,"href":"https:\/\/ub.meduniwien.ac.at\/blog\/index.php?rest_route=\/wp\/v2\/users\/2"}],"replies":[{"embeddable":true,"href":"https:\/\/ub.meduniwien.ac.at\/blog\/index.php?rest_route=%2Fwp%2Fv2%2Fcomments&post=31397"}],"version-history":[{"count":6,"href":"https:\/\/ub.meduniwien.ac.at\/blog\/index.php?rest_route=\/wp\/v2\/posts\/31397\/revisions"}],"predecessor-version":[{"id":31403,"href":"https:\/\/ub.meduniwien.ac.at\/blog\/index.php?rest_route=\/wp\/v2\/posts\/31397\/revisions\/31403"}],"wp:attachment":[{"href":"https:\/\/ub.meduniwien.ac.at\/blog\/index.php?rest_route=%2Fwp%2Fv2%2Fmedia&parent=31397"}],"wp:term":[{"taxonomy":"category","embeddable":true,"href":"https:\/\/ub.meduniwien.ac.at\/blog\/index.php?rest_route=%2Fwp%2Fv2%2Fcategories&post=31397"},{"taxonomy":"post_tag","embeddable":true,"href":"https:\/\/ub.meduniwien.ac.at\/blog\/index.php?rest_route=%2Fwp%2Fv2%2Ftags&post=31397"}],"curies":[{"name":"wp","href":"https:\/\/api.w.org\/{rel}","templated":true}]}}