{"id":30234,"date":"2018-06-10T07:43:56","date_gmt":"2018-06-10T06:43:56","guid":{"rendered":"https:\/\/ub-blog.meduniwien.ac.at\/blog\/?p=30234"},"modified":"2018-09-10T07:44:24","modified_gmt":"2018-09-10T06:44:24","slug":"karl-glaessner-1876-1944-vertrieben-1938-37","status":"publish","type":"post","link":"https:\/\/ub.meduniwien.ac.at\/blog\/?p=30234","title":{"rendered":"Karl GLAESSNER (1876-1944): Vertrieben 1938 [37]"},"content":{"rendered":"<p><strong>VERTRIEBEN 1938 [37]<\/strong> UPDATE<\/p>\n<p><strong>Karl GLAESSNER (1876-1944)<\/strong><\/p>\n<ol>\n<li style=\"list-style-type: none;\">\n<ol>* 31.05.1876 Prag, B\u00f6hmen<\/ol>\n<ol>+ 26.02.1944 New York City, New York (USA)<\/ol>\n<\/li>\n<\/ol>\n<ol>1938 im Lehrk\u00f6rper der Medizinischen Fakult\u00e4t der Universit\u00e4t Wien, Fach: Innere Medizin<\/ol>\n<p><a href=\"https:\/\/repositorium.meduniwien.ac.at\/obvumwhs\/download\/pdf\/2750160?originalFilename=true\">Biographische Informationen zu Karl GLAESSNER (PDF)<\/a> im Repositorium der Ub Med Uni Wien. &#8211; Auszug aus: <em>Judith Bauer-Merinsky: Die Auswirkungen der Annexion \u00d6sterreichs durch das Deutsche Reich auf die medizinische Fakult\u00e4t der Universit\u00e4t Wien im Jahre 1938:Biographien entlassener Professoren und Dozenten. Wien: Diss., 1980, S. 74-75. &#8211; <\/em><br \/>\n<!--more--><br \/>\n<img decoding=\"async\" src=\"https:\/\/ub-blog.meduniwien.ac.at\/blog\/wp-content\/uploads\/2008\/03\/glaessner-karl_mhartl.jpg\" alt=\"Glaessner\"><br \/>\nBildnachweis: Sammlungen der Medizinischen Universit\u00e4t Wien &#8211; Josephinum, Bildersammlung<\/p>\n<p><img decoding=\"async\" src=\"https:\/\/ub-blog.meduniwien.ac.at\/blog\/wp-content\/uploads\/2008\/02\/muster1_blau.jpg\" alt=\"Provenienz\"><br \/>\n<strong>Open Access &#8211; Nachtrag zu Karl GLAESSNER<\/strong>:<\/p>\n<ul>\n<li><a href=\"https:\/\/www.meduniwien.ac.at\/web\/ueber-uns\/geschichte\/mahnmal-nationalsozialismus\/\">MedUniWien: Mahnmal f\u00fcr Opfer des Nationalsozialismus enth\u00fcllt,<\/a> in: <a href=\"http:\/\/www.meduniwien.ac.at\/\">Website der Medizinischen Universit\u00e4t Wien<\/a>, 13. M\u00e4rz 2008<\/li>\n<\/ul>\n<ul>\n<li><a href=\"http:\/\/gedenkbuch.univie.ac.at\/index.php?id=435&amp;person_name=glaessner+karl&amp;person_geburtstag_tag=not_selected&amp;person_geburtstag_monat=not_selected&amp;person_geburtstag_jahr=not_selected&amp;person_fakultaet=not_selected&amp;person_kategorie=not_selected&amp;person_volltextsuche=&amp;search_person.x=0&amp;search_person.y=0\">Karl GLAESSNER<\/a> in <a href=\"http:\/\/gedenkbuch.univie.ac.at\/\">Gedenkbuch f\u00fcr die Opfer des Nationalsozialismus an der Universit\u00e4t Wien 1938<\/a><\/li>\n<\/ul>\n<ul>\n<li><a href=\"http:\/\/www.europeana.eu\/portal\/record\/9200106\/EBC5FE98168E9C2AF0C6FC42957F3E009B128EDE.html\">Karl Gl\u00e4ssner: Curriculum Vitae<\/a>: Autobiographical information and CV for the new edition of &#8222;Biographisches Lexikon der hervorragenden \u00c4rzte&#8220;; The Waller Manuscript Collection, Uppsala University Library, in: <a href=\"http:\/\/www.europeana.eu\/portal\/\">Europeana<\/a><\/li>\n<\/ul>\n<ul>\n<li><a href=\"http:\/\/www.europeana.eu\/portal\/record\/9200106\/06C5DCD80EDF043277156BCD935B263DCD685C42.html\">Theodor Ziehen 1862-1950; Karl Glaessner 1876-1944 [Letter] 1907-11-11, Berlin<\/a>: Information that the author will support the application of a Dr Glaessner; The Waller Manuscript Collection, Uppsala University Library, in: <a href=\"http:\/\/www.europeana.eu\/portal\/\">Europeana<\/a><\/li>\n<\/ul>\n<ul>\n<li>Nachweis von Dokumenten zu Karl GLAESSNER im Universit\u00e4tsarchiv der Universit\u00e4t Wien:<br \/>\n<em>106.I Fotoarchiv &#8222;Universit\u00e4tsgeschichte&#8220; (Bestand)<br \/>\n106.I.1485 Glaessner, Karl (31.05.1876-05.1944; Innere Medizin), s.d. (sine dato) (Bildnis\/Foto)<br \/>\nSenat S 304 Personalbl\u00e4tter, 19. Jh.-20. Jh. (Serie)<br \/>\n<a href=\"http:\/\/scopeq.cc.univie.ac.at\/query\/detail.aspx?ID=129785\">Senat S 304.353 Glaessner, Karl (31.05.1876-05.1944; Innere Medizin), keine Angabe (Dokument)<\/a><br \/>\nDeskriptoren: Eintr\u00e4ge: Glaessner, Karl (31.05.1876-05.1944; Innere Medizin) (31.05.1876-05.1944) (Person\\G)<\/em><\/li>\n<\/ul>\n<ul>\n<li>Dokumente zu Karl GL\u00c4SSNER in der <strong>Handschriftensammlung der Medizinischen Universit\u00e4t Wien<\/strong>:<em>Gl\u00e4ssner, Karl (1876-1944) \u2013 Brief<br \/>\n1933 Januar 5., Wien, Rainer-Spital, I. Medizinische Abteilung.<br \/>\nMaschingeschriebener, handschriftlich unterzeichneter Brief als Begleitschreiben einer Arbeit seiner Assistenten Robert Messner und Alfons Virscher an Adolf Kronfeld zwecks Ver\u00f6ffentlichung in der &#8222;Wiener medizinischen Wochenschrift&#8220;.<br \/>\n21,2 x 33,5, 1 Bl.<br \/>\nHS 4198<\/em><\/li>\n<\/ul>\n<ul>\n<li><a href=\"http:\/\/www.oesta.gv.at\/\">\u00d6sterreichisches Staatsarchiv<\/a> (\u00d6stA), Archiv der Republik (AdR), Bundesministerium f\u00fcr Finanzen (BMF), Verm\u00f6gensverkehrsstelle (VVST), Verm\u00f6gensanmeldung (VA): <strong>Zl. 35270 Karl Glaessner <\/strong>:<br \/>\n<em><em>Verzeichnis \u00fcber das Verm\u00f6gen von Juden nach dem Stand vom 27. April 1938 des Hofrat Prof. Dr. Karl Glaessner, Facharzt, jetzt in Rhode St. Genese, Belgien, 13 Avenue Bousdael, fr\u00fcher VII. Alserstrasse 25[geboren am 31. Mai 1876; verheiratet mit Susanne Glaessner, geb. Walk].<br \/>\nRhode St. Genese, Belgien, am 30. Juli 1938, Hofrat Prof. Dr. Karl Glaessner<\/em><\/em>Bemerkungen: &#8222;Ich wurde als Primararzt des Franz Josefspital in Wien auf Grund des Erl. des Min. f. soz. Verw. Vom 8. April 1938, Zl. 27450 \u2013 Abt. 9\/38, mit 30. April 1938 in den Ruhestand versetzt, hatte daher am 27. April 1938 keinen Anspruche auf Aktivit\u00e4tsbezug mehr, zumal dieser f\u00fcr den Monat April schon ausbezahlt war.&#8220;<\/li>\n<\/ul>\n<ul>\n<li>Literatur im <a href=\"http:\/\/opac.meduniwien.ac.at\/F\/?func=find-b&amp;request=gl%C3%A4ssner&amp;find_code=WRD\">Bibliothekskatalog der Ub Med Uni Wien<\/a><\/li>\n<\/ul>\n<p><strong>Feedback unserer Weblog-User, biographische Nachweise und Erg\u00e4nzungen zu Karl GLAESSNER<\/strong>:<\/p>\n<ol>\n<li style=\"list-style-type: none;\">\n<ol>\n<li>Karl GLAESSNER in Verzeichnis &#8222;Medizinische Fakult\u00e4t&#8220; [Seite 18-36]:<br \/>\nin: Kurt M\u00fchlberger: Dokumentation Vertriebene Intelligenz 1938. Der Verlust geistiger und menschlicher Potenz an der Universit\u00e4t Wien von 1938 bis 1945. 2. verb. u. verm. Auflage. Wien: Archiv der Universit\u00e4t Wien, 1993. [Seite 22]<br \/>\n<em>Karl Glaessner (1876 Prag &#8211; 1944 New York)<br \/>\nPd. (ao. P.), Innere Medizin; 1938 Venia legendi widerrufen (rass.), 1938 (?) emigriert in die USA<\/em><\/li>\n<\/ol>\n<\/li>\n<\/ol>\n<p>***************************************************<\/p>\n<ol>\n<li style=\"list-style-type: none;\">\n<ol>\n<li>vsb \/ Biographischer Eintrag Karl GLAESSNER:<br \/>\nin: Isidor Fischer(Hg.): Biographisches Lexikon der hervorragenden \u00c4rzte der letzten f\u00fcnfzig Jahre. Erster Band. Berlin \/ Wien: Urban &amp; Schwarzenberg, 1932. [Seite 505]<\/li>\n<\/ol>\n<\/li>\n<\/ol>\n<p>***************************************************<\/p>\n<ol>\n<li style=\"list-style-type: none;\">\n<ol>\n<li>vsb \/ Biographischer Eintrag Karl GL\u00c4SSNER:<br \/>\nin: K\u00fcrschners Deutscher Gelehrten-Kalender 1935, hg. von Dr. Gerhard L\u00fcdtke. F\u00fcnfte Ausgabe. Berlin und Leipzig: Walter de Gruyter &amp; Co. [Spalte 404]<\/li>\n<\/ol>\n<\/li>\n<\/ol>\n<p>***************************************************<\/p>\n<ol>\n<li style=\"list-style-type: none;\">\n<ol>\n<li>vsb \/ Biographischer Eintrag Nr. 3218 &#8211; Gl\u00e4sner, Karl (Charles Glaessner):<br \/>\nin: Handbuch \u00f6sterreichischer Autorinnen und Autoren j\u00fcdischer Herkunft 18. bis 20. Jahrhundert. Hrsg. von der \u00d6sterreichischen Nationalbibliothek. Band 1: A &#8211; I. M\u00fcnchen: K.G.Saur, 2002. [Seite 419]<\/li>\n<\/ol>\n<\/li>\n<\/ol>\n<p>****************************************************<br \/>\n<a href=\"https:\/\/ub-blog.meduniwien.ac.at\/blog\/wp-content\/uploads\/2017\/09\/VanSwietenBlog_MHartl.gif\"><img loading=\"lazy\" decoding=\"async\" class=\"alignnone wp-image-28234\" src=\"https:\/\/ub-blog.meduniwien.ac.at\/blog\/wp-content\/uploads\/2017\/09\/VanSwietenBlog_MHartl.gif\" alt=\"Logo: MMag.Margrit Hartl\" height=\"56\" width=\"158\"><\/a><\/p>\n<p><a href=\"https:\/\/ub-blog.meduniwien.ac.at\/blog\/?p=29203\">Sonderblog-Serie Vertrieben 1938 \u2013 Biografien entlassener Professoren und Dozenten der Medizinischen Fakult\u00e4t der Universit\u00e4t Wien UPDATE<\/a><\/p>\n<p>https:\/\/ub-blog.meduniwien.ac.at\/blog\/?p=772<\/p>\n<p><em>Projekt &#8222;Vertrieben 1938 &#8211; Biographien entlassener Professoren und Dozenten der Medizinischen Fakult\u00e4t der Universit\u00e4t Wien&#8220; im Van Swieten Blog: Informationen der Universit\u00e4tsbibliothek der Medizinischen Universit\u00e4t Wien. &#8211; Projektteam: Mag. Bruno Bauer (Konzept), Harald Albrecht, Judith D\u00f6gl, Rudolf Gerdenits, MMag. Margrit Hartl, Dr. Brigitte Kranz, Mag. Ingeborg Leitner, Dr. Ruth Lotter, Dr. Walter Mentzel, Dr. Reinhard Mundsch\u00fctz, Mag. Michaela Zykan.<\/em><\/p>\n<p>Bitte zitieren als<br \/>\nVAN SWIETEN BLOG: Informationen der Universit\u00e4tsbibliothek der Med Uni Wien, Nr. 30234 Letzte Aktualisierung: 2018 04<br \/>\nOnline unter der URL: https:\/\/ub-blog.meduniwien.ac.at\/blog\/?p=30234<\/p>\n","protected":false},"excerpt":{"rendered":"<p>VERTRIEBEN 1938 [37] UPDATE Karl GLAESSNER (1876-1944) * 31.05.1876 Prag, B\u00f6hmen + 26.02.1944 New York City, New York (USA) 1938 im Lehrk\u00f6rper der Medizinischen Fakult\u00e4t der Universit\u00e4t Wien, Fach: Innere Medizin Biographische Informationen zu Karl GLAESSNER (PDF) im Repositorium der Ub Med Uni Wien. &#8211; Auszug aus: Judith Bauer-Merinsky: Die Auswirkungen der Annexion \u00d6sterreichs durch &hellip; <a href=\"https:\/\/ub.meduniwien.ac.at\/blog\/?p=30234\" class=\"more-link\"><span class=\"screen-reader-text\">Karl GLAESSNER (1876-1944): Vertrieben 1938 [37]<\/span> weiterlesen <span class=\"meta-nav\">&rarr;<\/span><\/a><\/p>\n","protected":false},"author":2,"featured_media":0,"comment_status":"open","ping_status":"open","sticky":false,"template":"","format":"standard","meta":{"ngg_post_thumbnail":0,"footnotes":""},"categories":[5,23,41],"tags":[984,952],"class_list":["post-30234","post","type-post","status-publish","format-standard","hentry","category-medizingeschichte","category-news-8","category-vertrieben-1938","tag-karl-glassner-1876-1944","tag-sonderblogserie-vertrieben-1938"],"views":74265,"_links":{"self":[{"href":"https:\/\/ub.meduniwien.ac.at\/blog\/index.php?rest_route=\/wp\/v2\/posts\/30234","targetHints":{"allow":["GET"]}}],"collection":[{"href":"https:\/\/ub.meduniwien.ac.at\/blog\/index.php?rest_route=\/wp\/v2\/posts"}],"about":[{"href":"https:\/\/ub.meduniwien.ac.at\/blog\/index.php?rest_route=\/wp\/v2\/types\/post"}],"author":[{"embeddable":true,"href":"https:\/\/ub.meduniwien.ac.at\/blog\/index.php?rest_route=\/wp\/v2\/users\/2"}],"replies":[{"embeddable":true,"href":"https:\/\/ub.meduniwien.ac.at\/blog\/index.php?rest_route=%2Fwp%2Fv2%2Fcomments&post=30234"}],"version-history":[{"count":6,"href":"https:\/\/ub.meduniwien.ac.at\/blog\/index.php?rest_route=\/wp\/v2\/posts\/30234\/revisions"}],"predecessor-version":[{"id":31014,"href":"https:\/\/ub.meduniwien.ac.at\/blog\/index.php?rest_route=\/wp\/v2\/posts\/30234\/revisions\/31014"}],"wp:attachment":[{"href":"https:\/\/ub.meduniwien.ac.at\/blog\/index.php?rest_route=%2Fwp%2Fv2%2Fmedia&parent=30234"}],"wp:term":[{"taxonomy":"category","embeddable":true,"href":"https:\/\/ub.meduniwien.ac.at\/blog\/index.php?rest_route=%2Fwp%2Fv2%2Fcategories&post=30234"},{"taxonomy":"post_tag","embeddable":true,"href":"https:\/\/ub.meduniwien.ac.at\/blog\/index.php?rest_route=%2Fwp%2Fv2%2Ftags&post=30234"}],"curies":[{"name":"wp","href":"https:\/\/api.w.org\/{rel}","templated":true}]}}