{"id":30198,"date":"2018-04-30T01:32:38","date_gmt":"2018-04-30T00:32:38","guid":{"rendered":"https:\/\/ub-blog.meduniwien.ac.at\/blog\/?p=30198"},"modified":"2018-12-03T09:27:14","modified_gmt":"2018-12-03T08:27:14","slug":"1-weltkrieg-medizin-54-das-reservespital-nr-2-in-pardubitz-pardubice-in-boehmen-1914-1918-folge-8-8-aerztinnen-und-aerzte","status":"publish","type":"post","link":"https:\/\/ub.meduniwien.ac.at\/blog\/?p=30198","title":{"rendered":"&#8222;1. Weltkrieg &#038; Medizin&#8220; [54]: Das Reservespital Nr. 2 in PARDUBITZ \/ PARDUBICE  in B\u00f6hmen 1914 \u2013 1918, Folge 8.8 \u2013 \u00c4rztinnen und \u00c4rzte"},"content":{"rendered":"<p><strong>Das Reservespital Nr. 2 in PARDUBITZ \/ PARDUBICE&nbsp; in B\u00f6hmen 1914 \u2013 1918<\/strong><\/p>\n<p><strong>Folge 8.8 \u2013 \u00c4rztinnen und \u00c4rzte <\/strong><\/p>\n<p><strong>Die \u00c4rzte im Kriegsspital\/Reservespital Nr. 2 (1915-1918)<\/strong><\/p>\n<p><strong>P<br \/>\n<\/strong><\/p>\n<h2><strong>PACHNER, Wilhelm<\/strong><\/h2>\n<p>Geboren 1838 war er vor dem Krieg heimatzust\u00e4ndig in Marienbad <a href=\"https:\/\/de.wikipedia.org\/wiki\/Marienbad\"><strong><em>https:\/\/de.wikipedia.org\/wiki\/Marienbad<\/em><\/strong><\/a>.<\/p>\n<p>Hier arbeitete er als <strong>Vertreter<\/strong> des Kurarztes Dr. Franz Perko (dieser promovierte 1893 an der deutschen Universit\u00e4t in Prag, arbeitete dann am gerichtsmedizinischen Institut ebenda, war praktischer Arzt in N\u00fcrschan <a href=\"https:\/\/de.wikipedia.org\/wiki\/N%C3%BD%C5%99any\"><strong><em>https:\/\/de.wikipedia.org\/wiki\/N%C3%BD%C5%99any<\/em><\/strong><\/a> bei Pilsen und Mitglied des Wiener medizinischen Doktorenkollegiums) im <strong>Hotel \u201eZum Kaiser von \u00d6sterreich\u201c<\/strong>.<\/p>\n<p>Nach Kriegsbeginn meldete er sich zum Dienst im Kriegsspital\/Reservespital Nr. 2 in Pardubitz, wo er vom <strong>30. August 1915 an bis zur \u00dcbernahme<\/strong> des Spitals in der zweiten H\u00e4lfte des Jahres 1916 durch die Heeresverwaltung arbeitete.<\/p>\n<p>Aufgrund seines hohen Alters wurde er von der k. u. k. Armee nicht mehr \u00fcbernommen.<\/p>\n<h2><strong>PAOLAZZI, Hektor\/Etore<\/strong><\/h2>\n<p>Geboren 1867 war er vor dem Krieg Gemeindearzt in Spormaggiore <a href=\"https:\/\/de.wikipedia.org\/wiki\/Spormaggiore\"><strong><em>https:\/\/de.wikipedia.org\/wiki\/Spormaggiore<\/em><\/strong><\/a>.<\/p>\n<p>Er war im Kriegsspital\/Reservespital Nr. 2 in Pardubitz&nbsp;<strong>seit M\u00e4rz 1918<\/strong><strong> bis zum Kriegsende<\/strong> t\u00e4tig.<\/p>\n<h2><strong>PAPPENHEIM, Martin Moritz<\/strong><\/h2>\n<p>Er wurde am 4. November 1881 in Pre\u00dfburg <a href=\"https:\/\/de.wikipedia.org\/wiki\/Bratislava\"><strong><em>https:\/\/de.wikipedia.org\/wiki\/Bratislava<\/em><\/strong><\/a> als Sohn eines Lehrers geboren. Von 1899 bis 1905 studierte er an der Universit\u00e4t Wien Medizin. Nach der Promotion war er <strong>1906\/07 Assistent an der Psychiatrischen Klinik in Prag<\/strong>, danach bis 1911 an der <strong>Psychiatrischen Klinik in Heidelberg<\/strong>.<\/p>\n<p>Im Ersten Weltkrieg im Range eines Regimentsarztes einger\u00fcckt betreute er <strong>als Gef\u00e4ngnispsychiater den Attent\u00e4ter von Sarajevo, Gavrilo Princip<\/strong> <a href=\"https:\/\/de.wikipedia.org\/wiki\/Gavrilo_Princip\"><strong><em>https:\/\/de.wikipedia.org\/wiki\/Gavrilo_Princip<\/em><\/strong><\/a><strong><em><u>.<\/u><\/em><\/strong><\/p>\n<p>1915 habilitierte er sich als <strong>Privatdozent an der Universit\u00e4t in Wien in den F\u00e4chern Neurologie und Psychiatrie<\/strong>.<\/p>\n<p>Vom September 1916 bis April 1917 leitete er als <strong>Chefarzt die neurologische Abteilung<\/strong> im Kriegsspital\/Reservespital Nr. 2 in Pardubitz.<\/p>\n<p>Im April 1917 wurde er nach Wien versetzt in die neugeschaffene <strong>neurologische Station des Kriegsspitals in Grinzing<\/strong>, vom 1. Juni 1917 bis Dezember 1918 war er <strong>Leiter<\/strong> der Nervenabteilung im Kriegsspital in Grinzing.<\/p>\n<p>Er war <strong>aktiver Sozialdemokrat<\/strong> und besuchte 1920\/21 die Sowjetunion. 1922 wurde Pappenheim <strong>Vorsteher der neurologischen Abteilung am Krankenhaus Lainz<\/strong> und 1924 au\u00dferordentlicher Professor f\u00fcr Neurologie und Psychiatrie der Universit\u00e4t Wien.<\/p>\n<p>Ab 1928 war er Mitglied der <strong>Wiener Psychoanalytischen Vereinigung<\/strong>, er geh\u00f6rte zum engeren Kreis um Sigmund Freud.<\/p>\n<p>Pappenheim kehrte 1934, nach dem Scheitern der Februaraufst\u00e4nde in \u00d6sterreich, auf Anraten von Freunden, von einer <strong>Pal\u00e4stinareise<\/strong> nicht mehr zur\u00fcck, sondern lie\u00df sich dort nieder.<\/p>\n<p>Zur Person siehe auch:<\/p>\n<p><a href=\"https:\/\/ub-blog.meduniwien.ac.at\/blog\/?tag=martin-pappenheim-1881-1943\"><strong><em>https:\/\/ub-blog.meduniwien.ac.at\/blog\/?tag=martin-pappenheim-1881-1943<\/em><\/strong><\/a><\/p>\n<p><strong><u>Publikationen \u2013 Auswahl B\u00fccher:<\/u><\/strong><\/p>\n<p><strong>Die Neurosen und Psychosen des Pubert\u00e4tsalters. Berlin<\/strong>. 1914<\/p>\n<p><a href=\"http:\/\/webapp.uibk.ac.at\/alo\/cat\/card.jsp?id=8578047&amp;pos=0&amp;phys\"><strong><em>http:\/\/webapp.uibk.ac.at\/alo\/cat\/card.jsp?id=8578047&amp;pos=0&amp;phys<\/em><\/strong><\/a><strong><em><u>=<\/u><\/em><\/strong><\/p>\n<p><strong>Die Lumbalpunktion &#8211; Anatomie, Physiologie, Technik, Untersuchungsmethoden, diagnostische und therapeutische Verwertung<\/strong>. Wien 1922<\/p>\n<p><strong>Gavrilo Princips Bekenntnisse &#8211; ein geschichtlicher Beitrag zur Vorgeschichte des Attentates von Sarajevo ; zwei Manuskripte Princips ; Aufzeichnungen seines Gef\u00e4ngnispsychiaters Dr. Pappenheim aus Gespr\u00e4chen von Feber bis Juni 1916 \u00fcber das Attentat, Princips Leben und seine politischen und sozialen Anschauungen<\/strong>. Wien 1926<\/p>\n<p><strong>Allgemeine Grundlagen der Reflexologie des Menschen &#8211; Leitfaden f\u00fcr das objektive Studium der Pers\u00f6nlichkeit. Hrsg von Bechterev, Vladimir Michailovi\u010d (1857-1927) und Pappenheim, Martin<\/strong>. Leipzig, Wien 1926<\/p>\n<p><a href=\"http:\/\/webapp.uibk.ac.at\/alo\/cat\/card.jsp?id=8622816&amp;pos=8&amp;phys\"><strong><em>http:\/\/webapp.uibk.ac.at\/alo\/cat\/card.jsp?id=8622816&amp;pos=8&amp;phys<\/em><\/strong><\/a><strong><em><u>=<\/u><\/em><\/strong><\/p>\n<p><strong>Neurosen und Psychosen der weiblichen Generationsphasen<\/strong>. Wien, Berlin 1930<\/p>\n<p><strong><u>Publikationen \u2013 Auswahl Artikel:<\/u><\/strong><\/p>\n<p>1916 <strong>\u00dcber Neurosen bei Kriegsgefangenen<\/strong><\/p>\n<p><a href=\"http:\/\/anno.onb.ac.at\/cgi-content\/anno-plus?aid=wmw&amp;datum=1916&amp;size=45&amp;page=711\"><strong><em>http:\/\/anno.onb.ac.at\/cgi-content\/anno-plus?aid=wmw&amp;datum=1916&amp;size=45&amp;page=711<\/em><\/strong><\/a><\/p>\n<p>1918 <strong>\u00dcber Kriegsneurosen bei t\u00fcrkischen Soldaten zusammen mit Victor Kraus <a href=\"https:\/\/ub-blog.meduniwien.ac.at\/blog\/wp-content\/uploads\/2018\/05\/Pappenheim.pdf\">PDF&#8211;&gt;<\/a><br \/>\n<\/strong><\/p>\n<p>1919 <strong>Die diagnostische und therapeutische Bedeutung der Lumbalpunktion<\/strong><\/p>\n<ol>\n<li>Teil<\/li>\n<\/ol>\n<p><a href=\"http:\/\/anno.onb.ac.at\/cgi-content\/anno-plus?aid=wmw&amp;datum=1919&amp;size=45&amp;page=560\"><strong><em>http:\/\/anno.onb.ac.at\/cgi-content\/anno-plus?aid=wmw&amp;datum=1919&amp;size=45&amp;page=560<\/em><\/strong><\/a><\/p>\n<ol start=\"2\">\n<li>Teil<\/li>\n<\/ol>\n<p><a href=\"http:\/\/anno.onb.ac.at\/cgi-content\/anno-plus?aid=wmw&amp;datum=1919&amp;size=45&amp;page=588\"><strong><em>http:\/\/anno.onb.ac.at\/cgi-content\/anno-plus?aid=wmw&amp;datum=1919&amp;size=45&amp;page=588<\/em><\/strong><\/a><\/p>\n<p>1919 <strong>Zur Frage der durch die Grippe verursachten Nervensch\u00e4digung mit Ber\u00fccksichtigung des Liquorbefundes<\/strong> (Wiener klinische Wochenschrift Nr. 15, 1919)<\/p>\n<p>1921 <strong>Klinische Beitr\u00e4ge zur Frage der Sensibilit\u00e4tsst\u00f6rung bei Oblongataherden, zusammen mit Karl Gross<\/strong> (Zeitschrift f\u00fcr die gesamte Neurologie und Psychiatrie, Band 63, 1921, S. 93ff.)<\/p>\n<p>1923 <strong>\u00dcber die Ver\u00e4nderungen des Liquor cerebrospinalis&nbsp; bei der nichtnerv\u00f6sen Lues und \u00fcber ihre prognostische Bedeutung<\/strong> (Archiv f\u00fcr Dermatologie und Syph Band 144, Heft 1)<\/p>\n<p>1923 <strong>Neueres \u00fcber Lumbalpunktion<\/strong> (Jahreskurse \u00e4rztliche Fortbildung, Jahrgang 1923, Maiheft)<\/p>\n<p>1925 <strong>Die Anwendung der Lumbalpunktion in der Oto- und Rhinologie<\/strong><\/p>\n<p><a href=\"http:\/\/anno.onb.ac.at\/cgi-content\/anno-plus?aid=wmw&amp;datum=1925&amp;size=45&amp;page=632\"><strong><em>http:\/\/anno.onb.ac.at\/cgi-content\/anno-plus?aid=wmw&amp;datum=1925&amp;size=45&amp;page=632<\/em><\/strong><\/a><\/p>\n<p>1926 <strong>Trigeminusneuralgie durch Druck der arteriosklerotisch ver\u00e4nderten Art. basilaris&nbsp;&nbsp; auf den Trigeminusstamm<\/strong><\/p>\n<p><a href=\"http:\/\/anno.onb.ac.at\/cgi-content\/anno-plus?aid=wmw&amp;datum=19260003&amp;query=((text:%22martin+pappenheim%22))&amp;ref=anno-search&amp;seite=88\"><strong><em>http:\/\/anno.onb.ac.at\/cgi-content\/anno-plus?aid=wmw&amp;datum=19260003&amp;query=((text:%22martin+pappenheim%22))&amp;ref=anno-search&amp;seite=88<\/em><\/strong><\/a><\/p>\n<p>1927 <strong>Zisternenpunktion oder Lumbalpunktion<\/strong><\/p>\n<p><a href=\"http:\/\/anno.onb.ac.at\/cgi-content\/anno-plus?aid=wmw&amp;datum=19270003&amp;query=((text:%22martin+pappenheim%22))&amp;ref=anno-search&amp;seite=1078\"><strong><em>http:\/\/anno.onb.ac.at\/cgi-content\/anno-plus?aid=wmw&amp;datum=19270003&amp;query=((text:%22martin+pappenheim%22))&amp;ref=anno-search&amp;seite=1078<\/em><\/strong><\/a><\/p>\n<p>1928 <strong>Syphilis und multiple Sklerose, zusammen mit Eugen Pollak<\/strong><\/p>\n<p><a href=\"http:\/\/anno.onb.ac.at\/cgi-content\/anno-plus?aid=wmw&amp;datum=19280003&amp;query=((text:%22martin+pappenheim%22))&amp;ref=anno-search&amp;seite=859\"><strong><em>http:\/\/anno.onb.ac.at\/cgi-content\/anno-plus?aid=wmw&amp;datum=19280003&amp;query=((text:%22martin+pappenheim%22))&amp;ref=anno-search&amp;seite=859<\/em><\/strong><\/a><\/p>\n<p>1929 <strong>Eunuchoidie und Zwergwuchs<\/strong><\/p>\n<p><a href=\"http:\/\/anno.onb.ac.at\/cgi-content\/anno-plus?aid=wmw&amp;datum=19290003&amp;query=((text:%22martin+pappenheim%22))&amp;ref=anno-search&amp;seite=220\"><strong><em>http:\/\/anno.onb.ac.at\/cgi-content\/anno-plus?aid=wmw&amp;datum=19290003&amp;query=((text:%22martin+pappenheim%22))&amp;ref=anno-search&amp;seite=220<\/em><\/strong><\/a><\/p>\n<p>1932 <strong>Die offene psychiatrische Krankenabteilung als Mittelpunkt der psychischen Hygiene<\/strong> (Wiener klinische Wochenschrift 1932, Nr.12)<\/p>\n<p>1932 <strong>Zur Frage des \u00dcbertritts von Wassermann-Reaginen aus dem Blut in den Liquor<\/strong><\/p>\n<p><a href=\"http:\/\/anno.onb.ac.at\/cgi-content\/anno-plus?aid=wmw&amp;datum=19320003&amp;query=((text:%22martin+pappenheim%22))&amp;ref=anno-search&amp;seite=334\"><strong><em>http:\/\/anno.onb.ac.at\/cgi-content\/anno-plus?aid=wmw&amp;datum=19320003&amp;query=((text:%22martin+pappenheim%22))&amp;ref=anno-search&amp;seite=334<\/em><\/strong><\/a><\/p>\n<p><strong><em><u>Pappenheim besch\u00e4ftigte sich im Krieg auch mit Kriegsneurosen und deren Behandlung<\/u><\/em><\/strong><\/p>\n<p>Dazu siehe:<\/p>\n<ol start=\"23\">\n<li>November 1918 <strong>Organisatorisches \u00fcber Kriegsneurosen und \u2013psychosen <\/strong><a href=\"http:\/\/anno.onb.ac.at\/cgi-content\/anno-plus?aid=wmw&amp;datum=1918&amp;page=925&amp;size=45&amp;qid=4IDOWRGFDNA33GSKDCOYKBMA0TVDM8\"><strong><em>http:\/\/anno.onb.ac.at\/cgi-content\/anno-plus?aid=wmw&amp;datum=1918&amp;page=925&amp;size=45&amp;qid=4IDOWRGFDNA33GSKDCOYKBMA0TVDM8<\/em><\/strong><\/a><\/li>\n<\/ol>\n<p>10, Mai 1919 <strong>Zur Behandlung der Kriegsneurosen von Artur Sch\u00fcller<\/strong><\/p>\n<p><a href=\"http:\/\/anno.onb.ac.at\/cgi-content\/anno-plus?aid=wmw&amp;datum=19190003&amp;query=((text:kriegsneurosen))&amp;ref=anno-search&amp;seite=497\"><strong><em>http:\/\/anno.onb.ac.at\/cgi-content\/anno-plus?aid=wmw&amp;datum=19190003&amp;query=((text:kriegsneurosen))&amp;ref=anno-search&amp;seite=497<\/em><\/strong><\/a><\/p>\n<ol start=\"14\">\n<li>Oktober 1920 <strong>Schwere Anschuldigungen gegen Professor Wagner-Jauregg und andere \u00c4rzte<\/strong><\/li>\n<\/ol>\n<p><a href=\"http:\/\/anno.onb.ac.at\/cgi-content\/anno?aid=nwj&amp;datum=19201014&amp;query=%22martin+pappenheim%22&amp;ref=anno-search&amp;seite=8\"><strong><em>http:\/\/anno.onb.ac.at\/cgi-content\/anno?aid=nwj&amp;datum=19201014&amp;query=%22martin+pappenheim%22&amp;ref=anno-search&amp;seite=8<\/em><\/strong><\/a><br \/>\nsiehe auch <strong><a href=\"https:\/\/ub-blog.meduniwien.ac.at\/blog\/wp-content\/uploads\/2018\/04\/Das-Reservespital-Nr.-2-in-PARDUBITZ_Oskar-Fischer.pdf\">Oskar Fischer &#8211;&gt;PDF<\/a><\/strong><\/p>\n<ol start=\"15\">\n<li>Oktober 1920 <strong>Professor Kornfeld \u00fcber die faradische Methode<\/strong><\/li>\n<\/ol>\n<p><a href=\"http:\/\/anno.onb.ac.at\/cgi-content\/anno?aid=nwg&amp;datum=19201015&amp;query=%22martin+pappenheim%22&amp;ref=anno-search&amp;seite=5\"><strong><em>http:\/\/anno.onb.ac.at\/cgi-content\/anno?aid=nwg&amp;datum=19201015&amp;query=%22martin+pappenheim%22&amp;ref=anno-search&amp;seite=5<\/em><\/strong><\/a><\/p>\n<ol start=\"15\">\n<li>Oktober 1920 <strong>Die Untersuchung gegen Professor Wagner-Jauregg<\/strong><\/li>\n<\/ol>\n<p><a href=\"http:\/\/anno.onb.ac.at\/cgi-content\/anno?aid=tpt&amp;datum=19201015&amp;query=%22kriegsneurosen%22&amp;ref=anno-search&amp;seite=5\"><strong><em>http:\/\/anno.onb.ac.at\/cgi-content\/anno?aid=tpt&amp;datum=19201015&amp;query=%22kriegsneurosen%22&amp;ref=anno-search&amp;seite=5<\/em><\/strong><\/a><\/p>\n<ol start=\"16\">\n<li>Oktober 1920 <strong>Die Verhandlung gegen Prof. Wagner-Jauregg<\/strong><\/li>\n<\/ol>\n<p><a href=\"http:\/\/anno.onb.ac.at\/cgi-content\/anno?aid=sch&amp;datum=19201016&amp;query=%22kriegsneurosen%22&amp;ref=anno-search&amp;seite=7\"><strong><em>http:\/\/anno.onb.ac.at\/cgi-content\/anno?aid=sch&amp;datum=19201016&amp;query=%22kriegsneurosen%22&amp;ref=anno-search&amp;seite=7<\/em><\/strong><\/a><\/p>\n<ol start=\"21\">\n<li>Oktober 1920 <strong>Die Behandlung der Kriegsnerv\u00f6sen<\/strong><\/li>\n<\/ol>\n<p><a href=\"http:\/\/anno.onb.ac.at\/cgi-content\/anno?aid=sbw&amp;datum=19201021&amp;seite=6&amp;zoom=33&amp;query=%22kriegsneurosen%22&amp;ref=anno-search\"><strong><em>http:\/\/anno.onb.ac.at\/cgi-content\/anno?aid=sbw&amp;datum=19201021&amp;seite=6&amp;zoom=33&amp;query=%22kriegsneurosen%22&amp;ref=anno-search<\/em><\/strong><\/a><\/p>\n<p>Komnacky, Christina:<strong> &#8222;Kriegszitterer&#8220; &#8211; Posttraumatische Belastungsst\u00f6rungen bei Soldaten im und nach dem Ersten Weltkrieg<\/strong><\/p>\n<p><a href=\"http:\/\/othes.univie.ac.at\/45735\/1\/48021.pdf\"><strong><em>http:\/\/othes.univie.ac.at\/45735\/1\/48021.pdf<\/em><\/strong><\/a><\/p>\n<p>siehe auch:<\/p>\n<p>Zucha, Rudolf O.: <strong>Kriegsneurosen: Konflikt Wagner-Jauregg vs. Sigmund Freud<\/strong><\/p>\n<p><a href=\"https:\/\/ppp.bsa.at\/sites\/default\/files\/ppp-kriegsneurosen_0.pdf\"><strong><em>https:\/\/ppp.bsa.at\/sites\/default\/files\/ppp-kriegsneurosen_0.pdf<\/em><\/strong><\/a><\/p>\n<p>1931 zu <strong>Princip<\/strong> siehe noch:<\/p>\n<p><a href=\"http:\/\/anno.onb.ac.at\/cgi-content\/anno?aid=dkb&amp;datum=19310630&amp;query=%22martin+pappenheim%22&amp;ref=anno-search&amp;seite=5\"><strong><em>http:\/\/anno.onb.ac.at\/cgi-content\/anno?aid=dkb&amp;datum=19310630&amp;query=%22martin+pappenheim%22&amp;ref=anno-search&amp;seite=5<\/em><\/strong><\/a><\/p>\n<h2><strong>PAUL, Ignaz<\/strong><\/h2>\n<p>Geboren 1888 war er heimatzust\u00e4ndig nach Wollein <a href=\"https:\/\/de.wikipedia.org\/wiki\/M%C4%9B%C5%99%C3%ADn\"><strong><em>https:\/\/de.wikipedia.org\/wiki\/M%C4%9B%C5%99%C3%ADn<\/em><\/strong><\/a>. Vor Kriegsbeginn vertrat er hier den praktischen Arzt.<\/p>\n<p>Seit <strong>16. M\u00e4rz 1915<\/strong> war er t\u00e4tig im Kriegsspital\/Reservespital Nr. 2 in Pardubitz. Kurz vor Kriegsende 1918 findet sich sein Name nicht mehr in der \u00c4rzteliste dieses Spitals.<\/p>\n<h2><strong>PLANANSKY, Josef<\/strong><\/h2>\n<p>Aus Senftenberg\/B\u00f6hmen <a href=\"https:\/\/de.wikipedia.org\/wiki\/%C5%BDamberk\"><strong><em>https:\/\/de.wikipedia.org\/wiki\/%C5%BDamberk<\/em><\/strong><\/a> stammend, war seit 1907 <strong>Distriktsarzt<\/strong> im Gerichtsbezirk Senftenberg <a href=\"https:\/\/de.wikipedia.org\/wiki\/Bezirk_Senftenberg\"><strong><em>https:\/\/de.wikipedia.org\/wiki\/Bezirk_Senftenberg<\/em><\/strong><\/a> t\u00e4tig.<\/p>\n<p>Im Range eines Regimentsarztes bei Kriegsbeginn zur Armee einberufen, wurde er dem Kriegsspital\/Reservespital Nr. 2 zur Dienstleistung in der <strong>6. Abteilung\/Sektion<\/strong> zugeteilt, gilt im Personalstandverzeichnis aus dem Jahr 1918 dieses Spitals als <strong>\u201eauf unbestimmte Zeit enthoben.\u201c<\/strong><\/p>\n<h2><strong>PLE\u0160INGER, Emil<\/strong><\/h2>\n<p>Geboren 1870 in Kasanice\/N\u00e4he Kuttenberg <a href=\"https:\/\/de.wikipedia.org\/wiki\/Kutn%C3%A1_Hora\"><strong><em>https:\/\/de.wikipedia.org\/wiki\/Kutn%C3%A1_Hora<\/em><\/strong><\/a> in B\u00f6hmen, studierte er an der b\u00f6hmischen Universit\u00e4t in Prag Medizin und promovierte hier am <strong>31. J\u00e4nner 1902<\/strong>.<\/p>\n<p>Bei <strong>Kriegsbeginn<\/strong> war er als Primararzt in der <strong>dermatologischen Abteilung des Spitals der Barmherzigen Br\u00fcder in Prag<\/strong> t\u00e4tig, daneben betrieb er auch eine Ordination in Prag.<\/p>\n<p>Am <strong>26. September 1917<\/strong> wurde er in das Kriegsspital\/Reservespital Nr. 2 nach Pardubitz zur Dienstleistung einberufen und wurde der <strong>7. Abteilung\/Sektion (das war das Offiziersspital)<\/strong> zugeteilt. Seinem Ansuchen um <strong>Versetzung<\/strong> nach Prag im M\u00e4rz 1918 wurde <strong>nicht<\/strong> stattgegeben.<\/p>\n<h2><strong>POLAK, Otto\/Ottokar<\/strong><\/h2>\n<p>Geboren 1869, war er heimatzust\u00e4ndig in Stelcoves bei Buschtiehrad <a href=\"https:\/\/de.wikipedia.org\/wiki\/Bu%C5%A1t%C4%9Bhrad\"><strong><em>https:\/\/de.wikipedia.org\/wiki\/Bu%C5%A1t%C4%9Bhrad<\/em><\/strong><\/a><\/p>\n<p>Vor dem Krieg war er von 1902 an Primararzt im <strong>Bezirkskrankenhaus B\u00f6hmisch Brod<\/strong> gewesen.<\/p>\n<p>Nach Kriegsbeginn meldete er sich zur Dienstleistung ins Kriegsspital\/Reservespital Nr. in Pardubitz und war hier seit <strong>30. Mai 1915 als Chirurg<\/strong> t\u00e4tig.<\/p>\n<p>Er verstarb 1947.<\/p>\n<p>\u00dcber seine <strong>T\u00e4tigkeit und seine Erfahrungen<\/strong> in dieser Zeit publizierte er mehrere Artikel (in <strong>tschechischer Sprache<\/strong>) in der Zeitschrift <strong>\u010casopis l\u00e9ka\u0159\u016f \u010desk\u00fdch:<\/strong><\/p>\n<p>&#8212; <strong>1916 Nr. 41<\/strong><\/p>\n<p>Prvn\u00edch 5000 propu\u0161t\u011bn\u00fdch voj\u00edn\u016f ve stanici pro ran\u011bn\u00e9 a nemocn\u00e9 v P. (Bar\u00e1kov\u00fd odd\u00edl.)<\/p>\n<p>&#8212; <strong>1917 Seite 493ff und Seite 536ff und Seite 578ff:<\/strong><\/p>\n<p>P\u0159ehled operativni &nbsp;\u010dinnosti v. c. a k. reservni nemocnici \u010dis. 2. v. P. I. odd\u011bl.&nbsp;<\/p>\n<h2><strong>PRA\u017dAK, Richard<\/strong><\/h2>\n<p>1887 geboren war er heimatzust\u00e4ndig im Bezirk <a href=\"http:\/\/www.google.at\/url?sa=t&amp;rct=j&amp;q=&amp;esrc=s&amp;source=web&amp;cd=2&amp;cad=rja&amp;uact=8&amp;ved=0ahUKEwj1sOPso5zaAhUSKywKHfvLCWkQFggvMAE&amp;url=http%3A%2F%2Fwww.xn--jdische-gemeinden-22b.de%2Findex.php%2Fgemeinden%2Fp-r%2F1636-reichenau-a-d-knieschna-boehmen&amp;usg=AOvVaw2Dw5VVJ_KmqxAEMqSEFr34\">Reichenau a. d. Knieschna <\/a><a href=\"https:\/\/de.wikipedia.org\/wiki\/Rychnov_nad_Kn%C4%9B%C5%BEnou\"><strong><em>https:\/\/de.wikipedia.org\/wiki\/Rychnov_nad_Kn%C4%9B%C5%BEnou<\/em><\/strong><\/a>.<\/p>\n<p>Er absolvierte sein Medizinstudium an der b\u00f6hmischen Universit\u00e4t in Prag, und lie\u00df sich nach dem Studium zum <strong>Bakteriologen<\/strong> ausbilden.<\/p>\n<p>Seit <strong>1. Juli 1915<\/strong> war er angestellt im Kriegsspital\/Reservespital Nr. 2 in Pardubitz, ab Ende <strong>J\u00e4nner 1917<\/strong> arbeitete er im <strong>Kriegsgefangenenlager Theresienstadt<\/strong><\/p>\n<p><a href=\"https:\/\/de.wikipedia.org\/wiki\/Terez%C3%ADn\"><strong><em>https:\/\/de.wikipedia.org\/wiki\/Terez%C3%ADn<\/em><\/strong><\/a>.<\/p>\n<h2><strong>PROKOP, Josef<\/strong><\/h2>\n<p>Geboren am 2. Februar 1870 in Trebnitz <a href=\"https:\/\/de.wikipedia.org\/wiki\/T%C5%99ebenice\"><strong><em>https:\/\/de.wikipedia.org\/wiki\/T%C5%99ebenice<\/em><\/strong><\/a> in B\u00f6hmen studierte er zehn Semester Medizin an der deutschen Universit\u00e4t in Prag und promovierte hier zum Doktor der gesamten Heilkunde am <strong>12. November 1897<\/strong>.<\/p>\n<p>Am 21. M\u00e4rz 1892 r\u00fcckte er als \u201eeinj\u00e4hrig freiwilliger Mediziner auf Staatskosten\u201c zum Infanterieregiment Nr. 92 ein. <strong>Nach Absolvierung seines Milit\u00e4rdienstes<\/strong> nahm er eine Stelle als praktischer Arzt in Eulau <a href=\"https:\/\/de.wikipedia.org\/wiki\/J%C3%ADlov%C3%A9_u_D%C4%9B%C4%8D%C3%ADna\"><strong><em>https:\/\/de.wikipedia.org\/wiki\/J%C3%ADlov%C3%A9_u_D%C4%9B%C4%8D%C3%ADna<\/em><\/strong><\/a> an.<\/p>\n<p><strong>&nbsp;<\/strong><strong>1914 \u2013 1918: <\/strong><\/p>\n<p>&#8212;&nbsp; <strong>vom&nbsp; 1. September 1915 bis 15. M\u00e4rz 1916:<\/strong><\/p>\n<p>&nbsp;&nbsp;&nbsp;&nbsp; Reservespital in Reichenberg<\/p>\n<p>&#8212; &nbsp;<strong>vom 15. M\u00e4rz 1916 bis 25. Juli 1916:<\/strong><\/p>\n<p>&nbsp;&nbsp;&nbsp;&nbsp; Garnisonsspital Nr. 1 in Wien als Sekundararzt in der 2. Krankenabteilung eingeteilt<\/p>\n<p>&#8212;&nbsp; <strong>25. Juli 1916 bis 31. Juli 1918:<\/strong><\/p>\n<p>&nbsp;&nbsp;&nbsp;&nbsp; Sanit\u00e4tskraftwagenkolonne Nr. 31<\/p>\n<p>&#8212; &nbsp;<strong>Ab 1. August 1918 bis Kriegsende im:<\/strong><\/p>\n<p>&nbsp;&nbsp; &nbsp;Kriegsspital\/Reservespital Nr. 2 in Pardubitz<\/p>\n<h2><strong>PROSCH, Alexander<\/strong><\/h2>\n<p>Geboren 1873 in Aussig <a href=\"https:\/\/de.wikipedia.org\/wiki\/%C3%9Ast%C3%AD_nad_Labem\"><strong><em>https:\/\/de.wikipedia.org\/wiki\/%C3%9Ast%C3%AD_nad_Labem<\/em><\/strong><\/a> arbeitete er nach seinem Medizinstudium als Assistent des Oto-Rhino-Laryngologen Otto Piffl <a href=\"https:\/\/de.wikipedia.org\/wiki\/Otto_Piffl\"><strong><em>https:\/\/de.wikipedia.org\/wiki\/Otto_Piffl<\/em><\/strong><\/a>. Danach bekam er eine Stelle im <strong>Allgemeinen Krankenhaus in Prag.<\/strong><\/p>\n<p>Am 25. J\u00e4nner 1908 wurde ihm die Leitung einer eigenen Abteilung f\u00fcr Ohren-, Nasen- und Kehlkopfkrankheiten im <strong>Stephanshospital in Reichenberg<\/strong> (= \u00f6ffentliches allgemeines Krankenhaus) mit 10 Betten \u00fcbertragen.<\/p>\n<p>Im 1. Weltkrieg war er von <strong>Mitte 1916 bis Anfang 1917<\/strong> im Kriegsspital\/Reservespital Nr. 2 in Pardubitz als Oto-Rhinologe und als Sektionskommandant t\u00e4tig.<\/p>\n<p>Seine <strong>letzte Station<\/strong> im Weltkrieg war das <strong>Reservespital in Reichenberg<\/strong>, dem er bis Kriegsende angeh\u00f6rte.<\/p>\n<p>Text: Reinhard Mundsch\u00fctz<\/p>\n<p><a href=\"https:\/\/ub-blog.meduniwien.ac.at\/blog\/?cat=1153\">Alle Beitr\u00e4ge\u2013&gt; 1.Weltkrieg &amp;Medizin<\/a><\/p>\n","protected":false},"excerpt":{"rendered":"<p>Das Reservespital Nr. 2 in PARDUBITZ \/ PARDUBICE&nbsp; in B\u00f6hmen 1914 \u2013 1918 Folge 8.8 \u2013 \u00c4rztinnen und \u00c4rzte Die \u00c4rzte im Kriegsspital\/Reservespital Nr. 2 (1915-1918) P PACHNER, Wilhelm Geboren 1838 war er vor dem Krieg heimatzust\u00e4ndig in Marienbad https:\/\/de.wikipedia.org\/wiki\/Marienbad. Hier arbeitete er als Vertreter des Kurarztes Dr. Franz Perko (dieser promovierte 1893 an der &hellip; <a href=\"https:\/\/ub.meduniwien.ac.at\/blog\/?p=30198\" class=\"more-link\"><span class=\"screen-reader-text\">&#8222;1. Weltkrieg &#038; Medizin&#8220; [54]: Das Reservespital Nr. 2 in PARDUBITZ \/ PARDUBICE  in B\u00f6hmen 1914 \u2013 1918, Folge 8.8 \u2013 \u00c4rztinnen und \u00c4rzte<\/span> weiterlesen <span class=\"meta-nav\">&rarr;<\/span><\/a><\/p>\n","protected":false},"author":2,"featured_media":0,"comment_status":"open","ping_status":"open","sticky":false,"template":"","format":"standard","meta":{"ngg_post_thumbnail":0,"footnotes":""},"categories":[1153,1,24,11,5,2,17],"tags":[1272,202,1169,1157,1162,1281,1270,1816,62,1278,1279,2021,2022,2023,1269,1268,2024,1817,2025,2026,2027,2028,2030,2031,1274,1271,1280,2032,2029,1164,1276,1275],"class_list":["post-30198","post","type-post","status-publish","format-standard","hentry","category-1-weltkrieg-medizin","category-allgemeines","category-books-journals","category-literaturhinweis","category-medizingeschichte","category-news","category-news2","tag-1914-1918","tag-arzt","tag-erster-weltkrieg","tag-first-world-war","tag-k-u-k-armee","tag-karantena","tag-kriegsspital","tag-lekar","tag-medizin","tag-military-healthcare","tag-military-hospital","tag-pachner-wilhelm","tag-paolazzi-hektoretore","tag-pappenheim-martin-moritz","tag-pardubice","tag-pardubitz","tag-paul-ignaz","tag-physician","tag-planansky-josef","tag-plesinger-emil","tag-polak-ottoottokar","tag-prazak","tag-prokop-josef","tag-prosch-alexander","tag-prvni-svetova-valka","tag-quarantaene","tag-quarantine","tag-reservespital-nr-2-boehmen","tag-richard","tag-sanitatswesen","tag-valecna-nemocnice","tag-vojenske-zdravotnictvi"],"views":4043,"_links":{"self":[{"href":"https:\/\/ub.meduniwien.ac.at\/blog\/index.php?rest_route=\/wp\/v2\/posts\/30198","targetHints":{"allow":["GET"]}}],"collection":[{"href":"https:\/\/ub.meduniwien.ac.at\/blog\/index.php?rest_route=\/wp\/v2\/posts"}],"about":[{"href":"https:\/\/ub.meduniwien.ac.at\/blog\/index.php?rest_route=\/wp\/v2\/types\/post"}],"author":[{"embeddable":true,"href":"https:\/\/ub.meduniwien.ac.at\/blog\/index.php?rest_route=\/wp\/v2\/users\/2"}],"replies":[{"embeddable":true,"href":"https:\/\/ub.meduniwien.ac.at\/blog\/index.php?rest_route=%2Fwp%2Fv2%2Fcomments&post=30198"}],"version-history":[{"count":9,"href":"https:\/\/ub.meduniwien.ac.at\/blog\/index.php?rest_route=\/wp\/v2\/posts\/30198\/revisions"}],"predecessor-version":[{"id":31680,"href":"https:\/\/ub.meduniwien.ac.at\/blog\/index.php?rest_route=\/wp\/v2\/posts\/30198\/revisions\/31680"}],"wp:attachment":[{"href":"https:\/\/ub.meduniwien.ac.at\/blog\/index.php?rest_route=%2Fwp%2Fv2%2Fmedia&parent=30198"}],"wp:term":[{"taxonomy":"category","embeddable":true,"href":"https:\/\/ub.meduniwien.ac.at\/blog\/index.php?rest_route=%2Fwp%2Fv2%2Fcategories&post=30198"},{"taxonomy":"post_tag","embeddable":true,"href":"https:\/\/ub.meduniwien.ac.at\/blog\/index.php?rest_route=%2Fwp%2Fv2%2Ftags&post=30198"}],"curies":[{"name":"wp","href":"https:\/\/api.w.org\/{rel}","templated":true}]}}